{"id":5207,"date":"2021-07-28T16:24:51","date_gmt":"2021-07-28T20:24:51","guid":{"rendered":"https:\/\/minutocerord.com\/?p=5207"},"modified":"2021-07-28T16:24:55","modified_gmt":"2021-07-28T20:24:55","slug":"muere-de-infarto-el-famoso-cantante-y-director-de-orquesta-johnny-ventura","status":"publish","type":"post","link":"https:\/\/minutocerord.com\/?p=5207","title":{"rendered":"Muere de infarto el famoso cantante y director de orquesta Johnny Ventura"},"content":{"rendered":"\n<p><strong>SANTO DOMINGO.-<\/strong>&nbsp; Falleci\u00f3 e un infarto Juan de Dios Ventura Soriano mejor conocido como Johnny Ventura.<\/p>\n\n\n\n<p>Su deceso se produjo en la sala de emergencias de la Cl\u00ednica Uni\u00f3n M\u00e9dica&nbsp; del Norte, en la ciudad de Santiago de los Caballeros, adonde fue llevado luego de que sintiera dolencias.&nbsp; &nbsp;El mismo fue confirmado por su hijo, Jandy Ventura.<\/p>\n\n\n\n<p>Trascendi\u00f3 que Ventura estaba es un restaurante de Santiago con el maestro Jochy S\u00e1nchez cuando empez\u00f3 a presentar problemas de salud. De inmediato, fue llevado a la cl\u00ednica Uni\u00f3n M\u00e9dica del Norte, donde recibi\u00f3 atenciones urgentes.<\/p>\n\n\n\n<p>Ventura&nbsp; fue el m\u00e1s popular merenguero de todos los tiempos.&nbsp; &nbsp; Tambi\u00e9n conocido como el \u00abCaballo Mayor\u00bb innov\u00f3 con su pegajoso ritmo acompa\u00f1ado de su grupo El Combo-Show.<\/p>\n\n\n\n<p>Fue diputado y tambi\u00e9n alcalde de Santo Domingo, con Peggy Cabral como vices\u00edndica, en el per\u00edodo 1998-2002, postulado en ambas ocasiones por el Partido Revolucionario Dominicano.<\/p>\n\n\n\n<div class=\"wp-block-image\"><figure class=\"aligncenter\"><img data-recalc-dims=\"1\" decoding=\"async\" loading=\"lazy\" src=\"https:\/\/i0.wp.com\/d2fzi53ct7ira4.cloudfront.net\/wp-content\/uploads\/2021\/07\/johnny-ventura-candidato-full-728x410.webp?resize=346%2C216&#038;ssl=1\" alt=\" <img decoding=\"async\" class='alignnone wp-image-1132056' src='https:\/\/admin.noticiassin.com\/wp-content\/uploads\/2021\/07\/johnny-ventura-03-800x500_c.webp' alt='' width=\"346\" height=\"216\" \"\/><\/figure><\/div>\n","protected":false},"excerpt":{"rendered":"<p>SANTO DOMINGO.-&nbsp; Falleci\u00f3 e un infarto Juan de Dios Ventura Soriano mejor conocido como Johnny Ventura. Su deceso se produjo en la sala de emergencias de la Cl\u00ednica Uni\u00f3n M\u00e9dica&nbsp; del Norte, en la ciudad de Santiago de los Caballeros, adonde fue llevado luego de que sintiera dolencias.&nbsp; &nbsp;El mismo fue confirmado por su hijo, [&hellip;]<\/p>\n","protected":false},"author":1,"featured_media":5208,"comment_status":"open","ping_status":"open","sticky":false,"template":"","format":"standard","meta":{"nf_dc_page":"","jetpack_post_was_ever_published":false,"_jetpack_newsletter_access":"","_jetpack_dont_email_post_to_subs":false,"_jetpack_newsletter_tier_id":0,"_jetpack_memberships_contains_paywalled_content":false,"_jetpack_memberships_contains_paid_content":false,"footnotes":"","jetpack_publicize_message":"","jetpack_publicize_feature_enabled":true,"jetpack_social_post_already_shared":false,"jetpack_social_options":{"image_generator_settings":{"template":"highway","default_image_id":0,"font":"","enabled":false},"version":2}},"categories":[68],"tags":[],"class_list":["post-5207","post","type-post","status-publish","format-standard","has-post-thumbnail","hentry","category-entretenimiento"],"yoast_head":"<!-- This site is optimized with the Yoast SEO plugin v27.5 - https:\/\/yoast.com\/product\/yoast-seo-wordpress\/ -->\n<title>Muere de infarto el famoso cantante y director de orquesta Johnny Ventura - Minuto Cero RD<\/title>\n<meta name=\"robots\" content=\"index, follow, max-snippet:-1, max-image-preview:large, max-video-preview:-1\" \/>\n<link rel=\"canonical\" href=\"http:\/\/minutocerord.com\/?p=5207\" \/>\n<meta property=\"og:locale\" content=\"es_ES\" \/>\n<meta property=\"og:type\" content=\"article\" \/>\n<meta property=\"og:title\" content=\"Muere de infarto el famoso cantante y director de orquesta Johnny Ventura - Minuto Cero RD\" \/>\n<meta property=\"og:description\" content=\"SANTO DOMINGO.-&nbsp; Falleci\u00f3 e un infarto Juan de Dios Ventura Soriano mejor conocido como Johnny Ventura. Su deceso se produjo en la sala de emergencias de la Cl\u00ednica Uni\u00f3n M\u00e9dica&nbsp; del Norte, en la ciudad de Santiago de los Caballeros, adonde fue llevado luego de que sintiera dolencias.&nbsp; &nbsp;El mismo fue confirmado por su hijo, [&hellip;]\" \/>\n<meta property=\"og:url\" content=\"http:\/\/minutocerord.com\/?p=5207\" \/>\n<meta property=\"og:site_name\" content=\"Minuto Cero RD\" \/>\n<meta property=\"article:publisher\" content=\"https:\/\/www.facebook.com\/Genofnotes\" \/>\n<meta property=\"article:author\" content=\"https:\/\/www.facebook.com\/Genofnotes\" \/>\n<meta property=\"article:published_time\" content=\"2021-07-28T20:24:51+00:00\" \/>\n<meta property=\"article:modified_time\" content=\"2021-07-28T20:24:55+00:00\" \/>\n<meta property=\"og:image\" content=\"https:\/\/i0.wp.com\/minutocerord.com\/wp-content\/uploads\/2021\/07\/el-nuevo-diario-johnny-ventura_11320911_20190227154557-780x405-1.jpg?fit=780%2C405\" \/>\n\t<meta property=\"og:image:width\" content=\"780\" \/>\n\t<meta property=\"og:image:height\" content=\"405\" \/>\n\t<meta property=\"og:image:type\" content=\"image\/jpeg\" \/>\n<meta name=\"author\" content=\"Genof\u00f3ntes Urb\u00e1ez\" \/>\n<meta name=\"twitter:card\" content=\"summary_large_image\" \/>\n<meta name=\"twitter:label1\" content=\"Written by\" \/>\n\t<meta name=\"twitter:data1\" content=\"Genof\u00f3ntes Urb\u00e1ez\" \/>\n\t<meta name=\"twitter:label2\" content=\"Est. reading time\" \/>\n\t<meta name=\"twitter:data2\" content=\"1 minuto\" \/>\n<script type=\"application\/ld+json\" class=\"yoast-schema-graph\">{\"@context\":\"https:\\\/\\\/schema.org\",\"@graph\":[{\"@type\":\"Article\",\"@id\":\"http:\\\/\\\/minutocerord.com\\\/?p=5207#article\",\"isPartOf\":{\"@id\":\"http:\\\/\\\/minutocerord.com\\\/?p=5207\"},\"author\":{\"name\":\"Genof\u00f3ntes Urb\u00e1ez\",\"@id\":\"https:\\\/\\\/minutocerord.com\\\/#\\\/schema\\\/person\\\/60b5372d60aaa0a5171fb6488be9aee6\"},\"headline\":\"Muere de infarto el famoso cantante y director de orquesta Johnny Ventura\",\"datePublished\":\"2021-07-28T20:24:51+00:00\",\"dateModified\":\"2021-07-28T20:24:55+00:00\",\"mainEntityOfPage\":{\"@id\":\"http:\\\/\\\/minutocerord.com\\\/?p=5207\"},\"wordCount\":179,\"commentCount\":0,\"publisher\":{\"@id\":\"https:\\\/\\\/minutocerord.com\\\/#\\\/schema\\\/person\\\/60b5372d60aaa0a5171fb6488be9aee6\"},\"image\":{\"@id\":\"http:\\\/\\\/minutocerord.com\\\/?p=5207#primaryimage\"},\"thumbnailUrl\":\"https:\\\/\\\/i0.wp.com\\\/minutocerord.com\\\/wp-content\\\/uploads\\\/2021\\\/07\\\/el-nuevo-diario-johnny-ventura_11320911_20190227154557-780x405-1.jpg?fit=780%2C405&ssl=1\",\"articleSection\":[\"Entretenimiento\"],\"inLanguage\":\"es-DO\",\"potentialAction\":[{\"@type\":\"CommentAction\",\"name\":\"Comment\",\"target\":[\"http:\\\/\\\/minutocerord.com\\\/?p=5207#respond\"]}]},{\"@type\":\"WebPage\",\"@id\":\"http:\\\/\\\/minutocerord.com\\\/?p=5207\",\"url\":\"http:\\\/\\\/minutocerord.com\\\/?p=5207\",\"name\":\"Muere de infarto el famoso cantante y director de orquesta Johnny Ventura - Minuto Cero RD\",\"isPartOf\":{\"@id\":\"https:\\\/\\\/minutocerord.com\\\/#website\"},\"primaryImageOfPage\":{\"@id\":\"http:\\\/\\\/minutocerord.com\\\/?p=5207#primaryimage\"},\"image\":{\"@id\":\"http:\\\/\\\/minutocerord.com\\\/?p=5207#primaryimage\"},\"thumbnailUrl\":\"https:\\\/\\\/i0.wp.com\\\/minutocerord.com\\\/wp-content\\\/uploads\\\/2021\\\/07\\\/el-nuevo-diario-johnny-ventura_11320911_20190227154557-780x405-1.jpg?fit=780%2C405&ssl=1\",\"datePublished\":\"2021-07-28T20:24:51+00:00\",\"dateModified\":\"2021-07-28T20:24:55+00:00\",\"breadcrumb\":{\"@id\":\"http:\\\/\\\/minutocerord.com\\\/?p=5207#breadcrumb\"},\"inLanguage\":\"es-DO\",\"potentialAction\":[{\"@type\":\"ReadAction\",\"target\":[\"http:\\\/\\\/minutocerord.com\\\/?p=5207\"]}]},{\"@type\":\"ImageObject\",\"inLanguage\":\"es-DO\",\"@id\":\"http:\\\/\\\/minutocerord.com\\\/?p=5207#primaryimage\",\"url\":\"https:\\\/\\\/i0.wp.com\\\/minutocerord.com\\\/wp-content\\\/uploads\\\/2021\\\/07\\\/el-nuevo-diario-johnny-ventura_11320911_20190227154557-780x405-1.jpg?fit=780%2C405&ssl=1\",\"contentUrl\":\"https:\\\/\\\/i0.wp.com\\\/minutocerord.com\\\/wp-content\\\/uploads\\\/2021\\\/07\\\/el-nuevo-diario-johnny-ventura_11320911_20190227154557-780x405-1.jpg?fit=780%2C405&ssl=1\",\"width\":780,\"height\":405},{\"@type\":\"BreadcrumbList\",\"@id\":\"http:\\\/\\\/minutocerord.com\\\/?p=5207#breadcrumb\",\"itemListElement\":[{\"@type\":\"ListItem\",\"position\":1,\"name\":\"Home\",\"item\":\"https:\\\/\\\/minutocerord.com\\\/\"},{\"@type\":\"ListItem\",\"position\":2,\"name\":\"Muere de infarto el famoso cantante y director de orquesta Johnny Ventura\"}]},{\"@type\":\"WebSite\",\"@id\":\"https:\\\/\\\/minutocerord.com\\\/#website\",\"url\":\"https:\\\/\\\/minutocerord.com\\\/\",\"name\":\"Minuto Cero RD\",\"description\":\"Periodismo serio y veraz\",\"publisher\":{\"@id\":\"https:\\\/\\\/minutocerord.com\\\/#\\\/schema\\\/person\\\/60b5372d60aaa0a5171fb6488be9aee6\"},\"potentialAction\":[{\"@type\":\"SearchAction\",\"target\":{\"@type\":\"EntryPoint\",\"urlTemplate\":\"https:\\\/\\\/minutocerord.com\\\/?s={search_term_string}\"},\"query-input\":{\"@type\":\"PropertyValueSpecification\",\"valueRequired\":true,\"valueName\":\"search_term_string\"}}],\"inLanguage\":\"es-DO\"},{\"@type\":[\"Person\",\"Organization\"],\"@id\":\"https:\\\/\\\/minutocerord.com\\\/#\\\/schema\\\/person\\\/60b5372d60aaa0a5171fb6488be9aee6\",\"name\":\"Genof\u00f3ntes Urb\u00e1ez\",\"image\":{\"@type\":\"ImageObject\",\"inLanguage\":\"es-DO\",\"@id\":\"https:\\\/\\\/secure.gravatar.com\\\/avatar\\\/a49ef3186a692098ac3e8a1612261e3ad70cf9e44553dff2929e67939a0ecb9d?s=96&d=identicon&r=g\",\"url\":\"https:\\\/\\\/secure.gravatar.com\\\/avatar\\\/a49ef3186a692098ac3e8a1612261e3ad70cf9e44553dff2929e67939a0ecb9d?s=96&d=identicon&r=g\",\"contentUrl\":\"https:\\\/\\\/secure.gravatar.com\\\/avatar\\\/a49ef3186a692098ac3e8a1612261e3ad70cf9e44553dff2929e67939a0ecb9d?s=96&d=identicon&r=g\",\"caption\":\"Genof\u00f3ntes Urb\u00e1ez\"},\"logo\":{\"@id\":\"https:\\\/\\\/secure.gravatar.com\\\/avatar\\\/a49ef3186a692098ac3e8a1612261e3ad70cf9e44553dff2929e67939a0ecb9d?s=96&d=identicon&r=g\"},\"description\":\"Periodista \\\/ Locutor\",\"sameAs\":[\"https:\\\/\\\/www.facebook.com\\\/Genofnotes\",\"https:\\\/\\\/www.instagram.com\\\/genofnotes\\\/\"]}]}<\/script>\n<!-- \/ Yoast SEO plugin. -->","yoast_head_json":{"title":"Muere de infarto el famoso cantante y director de orquesta Johnny Ventura - Minuto Cero RD","robots":{"index":"index","follow":"follow","max-snippet":"max-snippet:-1","max-image-preview":"max-image-preview:large","max-video-preview":"max-video-preview:-1"},"canonical":"http:\/\/minutocerord.com\/?p=5207","og_locale":"es_ES","og_type":"article","og_title":"Muere de infarto el famoso cantante y director de orquesta Johnny Ventura - Minuto Cero RD","og_description":"SANTO DOMINGO.-&nbsp; Falleci\u00f3 e un infarto Juan de Dios Ventura Soriano mejor conocido como Johnny Ventura. Su deceso se produjo en la sala de emergencias de la Cl\u00ednica Uni\u00f3n M\u00e9dica&nbsp; del Norte, en la ciudad de Santiago de los Caballeros, adonde fue llevado luego de que sintiera dolencias.&nbsp; &nbsp;El mismo fue confirmado por su hijo, [&hellip;]","og_url":"http:\/\/minutocerord.com\/?p=5207","og_site_name":"Minuto Cero RD","article_publisher":"https:\/\/www.facebook.com\/Genofnotes","article_author":"https:\/\/www.facebook.com\/Genofnotes","article_published_time":"2021-07-28T20:24:51+00:00","article_modified_time":"2021-07-28T20:24:55+00:00","og_image":[{"width":780,"height":405,"url":"https:\/\/i0.wp.com\/minutocerord.com\/wp-content\/uploads\/2021\/07\/el-nuevo-diario-johnny-ventura_11320911_20190227154557-780x405-1.jpg?fit=780%2C405","type":"image\/jpeg"}],"author":"Genof\u00f3ntes Urb\u00e1ez","twitter_card":"summary_large_image","twitter_misc":{"Written by":"Genof\u00f3ntes Urb\u00e1ez","Est. reading time":"1 minuto"},"schema":{"@context":"https:\/\/schema.org","@graph":[{"@type":"Article","@id":"http:\/\/minutocerord.com\/?p=5207#article","isPartOf":{"@id":"http:\/\/minutocerord.com\/?p=5207"},"author":{"name":"Genof\u00f3ntes Urb\u00e1ez","@id":"https:\/\/minutocerord.com\/#\/schema\/person\/60b5372d60aaa0a5171fb6488be9aee6"},"headline":"Muere de infarto el famoso cantante y director de orquesta Johnny Ventura","datePublished":"2021-07-28T20:24:51+00:00","dateModified":"2021-07-28T20:24:55+00:00","mainEntityOfPage":{"@id":"http:\/\/minutocerord.com\/?p=5207"},"wordCount":179,"commentCount":0,"publisher":{"@id":"https:\/\/minutocerord.com\/#\/schema\/person\/60b5372d60aaa0a5171fb6488be9aee6"},"image":{"@id":"http:\/\/minutocerord.com\/?p=5207#primaryimage"},"thumbnailUrl":"https:\/\/i0.wp.com\/minutocerord.com\/wp-content\/uploads\/2021\/07\/el-nuevo-diario-johnny-ventura_11320911_20190227154557-780x405-1.jpg?fit=780%2C405&ssl=1","articleSection":["Entretenimiento"],"inLanguage":"es-DO","potentialAction":[{"@type":"CommentAction","name":"Comment","target":["http:\/\/minutocerord.com\/?p=5207#respond"]}]},{"@type":"WebPage","@id":"http:\/\/minutocerord.com\/?p=5207","url":"http:\/\/minutocerord.com\/?p=5207","name":"Muere de infarto el famoso cantante y director de orquesta Johnny Ventura - Minuto Cero RD","isPartOf":{"@id":"https:\/\/minutocerord.com\/#website"},"primaryImageOfPage":{"@id":"http:\/\/minutocerord.com\/?p=5207#primaryimage"},"image":{"@id":"http:\/\/minutocerord.com\/?p=5207#primaryimage"},"thumbnailUrl":"https:\/\/i0.wp.com\/minutocerord.com\/wp-content\/uploads\/2021\/07\/el-nuevo-diario-johnny-ventura_11320911_20190227154557-780x405-1.jpg?fit=780%2C405&ssl=1","datePublished":"2021-07-28T20:24:51+00:00","dateModified":"2021-07-28T20:24:55+00:00","breadcrumb":{"@id":"http:\/\/minutocerord.com\/?p=5207#breadcrumb"},"inLanguage":"es-DO","potentialAction":[{"@type":"ReadAction","target":["http:\/\/minutocerord.com\/?p=5207"]}]},{"@type":"ImageObject","inLanguage":"es-DO","@id":"http:\/\/minutocerord.com\/?p=5207#primaryimage","url":"https:\/\/i0.wp.com\/minutocerord.com\/wp-content\/uploads\/2021\/07\/el-nuevo-diario-johnny-ventura_11320911_20190227154557-780x405-1.jpg?fit=780%2C405&ssl=1","contentUrl":"https:\/\/i0.wp.com\/minutocerord.com\/wp-content\/uploads\/2021\/07\/el-nuevo-diario-johnny-ventura_11320911_20190227154557-780x405-1.jpg?fit=780%2C405&ssl=1","width":780,"height":405},{"@type":"BreadcrumbList","@id":"http:\/\/minutocerord.com\/?p=5207#breadcrumb","itemListElement":[{"@type":"ListItem","position":1,"name":"Home","item":"https:\/\/minutocerord.com\/"},{"@type":"ListItem","position":2,"name":"Muere de infarto el famoso cantante y director de orquesta Johnny Ventura"}]},{"@type":"WebSite","@id":"https:\/\/minutocerord.com\/#website","url":"https:\/\/minutocerord.com\/","name":"Minuto Cero RD","description":"Periodismo serio y veraz","publisher":{"@id":"https:\/\/minutocerord.com\/#\/schema\/person\/60b5372d60aaa0a5171fb6488be9aee6"},"potentialAction":[{"@type":"SearchAction","target":{"@type":"EntryPoint","urlTemplate":"https:\/\/minutocerord.com\/?s={search_term_string}"},"query-input":{"@type":"PropertyValueSpecification","valueRequired":true,"valueName":"search_term_string"}}],"inLanguage":"es-DO"},{"@type":["Person","Organization"],"@id":"https:\/\/minutocerord.com\/#\/schema\/person\/60b5372d60aaa0a5171fb6488be9aee6","name":"Genof\u00f3ntes Urb\u00e1ez","image":{"@type":"ImageObject","inLanguage":"es-DO","@id":"https:\/\/secure.gravatar.com\/avatar\/a49ef3186a692098ac3e8a1612261e3ad70cf9e44553dff2929e67939a0ecb9d?s=96&d=identicon&r=g","url":"https:\/\/secure.gravatar.com\/avatar\/a49ef3186a692098ac3e8a1612261e3ad70cf9e44553dff2929e67939a0ecb9d?s=96&d=identicon&r=g","contentUrl":"https:\/\/secure.gravatar.com\/avatar\/a49ef3186a692098ac3e8a1612261e3ad70cf9e44553dff2929e67939a0ecb9d?s=96&d=identicon&r=g","caption":"Genof\u00f3ntes Urb\u00e1ez"},"logo":{"@id":"https:\/\/secure.gravatar.com\/avatar\/a49ef3186a692098ac3e8a1612261e3ad70cf9e44553dff2929e67939a0ecb9d?s=96&d=identicon&r=g"},"description":"Periodista \/ Locutor","sameAs":["https:\/\/www.facebook.com\/Genofnotes","https:\/\/www.instagram.com\/genofnotes\/"]}]}},"jetpack_publicize_connections":[],"jetpack_featured_media_url":"https:\/\/i0.wp.com\/minutocerord.com\/wp-content\/uploads\/2021\/07\/el-nuevo-diario-johnny-ventura_11320911_20190227154557-780x405-1.jpg?fit=780%2C405&ssl=1","jetpack-related-posts":[],"jetpack_sharing_enabled":true,"_links":{"self":[{"href":"https:\/\/minutocerord.com\/index.php?rest_route=\/wp\/v2\/posts\/5207","targetHints":{"allow":["GET"]}}],"collection":[{"href":"https:\/\/minutocerord.com\/index.php?rest_route=\/wp\/v2\/posts"}],"about":[{"href":"https:\/\/minutocerord.com\/index.php?rest_route=\/wp\/v2\/types\/post"}],"author":[{"embeddable":true,"href":"https:\/\/minutocerord.com\/index.php?rest_route=\/wp\/v2\/users\/1"}],"replies":[{"embeddable":true,"href":"https:\/\/minutocerord.com\/index.php?rest_route=%2Fwp%2Fv2%2Fcomments&post=5207"}],"version-history":[{"count":1,"href":"https:\/\/minutocerord.com\/index.php?rest_route=\/wp\/v2\/posts\/5207\/revisions"}],"predecessor-version":[{"id":5209,"href":"https:\/\/minutocerord.com\/index.php?rest_route=\/wp\/v2\/posts\/5207\/revisions\/5209"}],"wp:featuredmedia":[{"embeddable":true,"href":"https:\/\/minutocerord.com\/index.php?rest_route=\/wp\/v2\/media\/5208"}],"wp:attachment":[{"href":"https:\/\/minutocerord.com\/index.php?rest_route=%2Fwp%2Fv2%2Fmedia&parent=5207"}],"wp:term":[{"taxonomy":"category","embeddable":true,"href":"https:\/\/minutocerord.com\/index.php?rest_route=%2Fwp%2Fv2%2Fcategories&post=5207"},{"taxonomy":"post_tag","embeddable":true,"href":"https:\/\/minutocerord.com\/index.php?rest_route=%2Fwp%2Fv2%2Ftags&post=5207"}],"curies":[{"name":"wp","href":"https:\/\/api.w.org\/{rel}","templated":true}]}}