{"id":5210,"date":"2021-07-28T16:54:00","date_gmt":"2021-07-28T20:54:00","guid":{"rendered":"https:\/\/minutocerord.com\/?p=5210"},"modified":"2021-07-28T16:56:50","modified_gmt":"2021-07-28T20:56:50","slug":"historia-fallece-juan-de-dios-ventura-nuestro-insustituible-caballo-johnny-ventura","status":"publish","type":"post","link":"https:\/\/minutocerord.com\/?p=5210","title":{"rendered":"HISTORIA: Fallece Juan de Dios Ventura; nuestro insustituible &#8220;caballo&#8221; Johnny Ventura"},"content":{"rendered":"\n<p><strong>Juan de Dios Ventura Soriano:<\/strong> Naci\u00f3 el 8 de marzo de 1940 en la ciudad de Santo Domingo, Rep\u00fablica Dominicana y desde muy joven so\u00f1\u00f3 en convertirse en el mejor arquitecto del pa\u00eds sin sospechar que las limitaciones econ\u00f3micas que lo rodeaban, bloquear\u00edan su ingreso a la universidad.<\/p>\n\n\n\n<p>Decide entonces inscribirse en el Instituto Comercial Ercina Chevalier, para desde all\u00ed, hacer un Secretariado Comercial, consistente en mecanograf\u00eda, taquigraf\u00eda, contabilidad y archivo, es decir, una carrera corta que le permitiera luego, insertarse en el mercado laboral y producir dinero para as\u00ed poder continuar sus estudios universitarios.<\/p>\n\n\n\n<div class=\"wp-block-image\"><figure class=\"alignright\"><img decoding=\"async\" loading=\"lazy\" src=\"https:\/\/scontent-mia3-2.xx.fbcdn.net\/v\/t1.6435-9\/215763913_1616080501923760_5434398142342662037_n.jpg?_nc_cat=103&amp;ccb=1-3&amp;_nc_sid=8bfeb9&amp;_nc_ohc=PDZmXrVueLUAX_xGBCu&amp;_nc_ht=scontent-mia3-2.xx&amp;oh=021b042c0b1dd79fcd446f3e8b3c9602&amp;oe=61277C36\" alt=\"Puede ser una imagen de 1 persona\"\/><\/figure><\/div>\n\n\n\n<p>El destino le ten\u00eda preparada una extra\u00f1a jugada: en el instituto se realizaban actividades culturales y Johnny, con el fin de agradar a las muchachas del instituto participaba, fungiendo de cantante, bailar\u00edn, declamador y animador. Andr\u00e9s Araujo y Sergio Jim\u00e9nez, compa\u00f1eros de aula, le instaban a participar en los programas de aficionados de la \u00e9poca; m\u00e1s, como se resist\u00eda, lo llevaron enga\u00f1ado a la Voz de la Alegr\u00eda. Desafiado por ellos, ensayo, canto y gan\u00f3 el primer lugar. Esto ocurri\u00f3 una tarde del jueves 2 de junio de 1956. Desde aquel importante d\u00eda para el arte popular de la Rep\u00fablica Dominicana, han pasado 65 a\u00f1os.<\/p>\n\n\n\n<p>Johnny curs\u00f3 estudios de canto y m\u00fasica en la escuela de la Voz Dominicana, empresa radio-televisiva, de cuya escuela de locutores, llamada H\u00e9ctor J. D\u00edaz, egreso como profesional del micr\u00f3fono.<\/p>\n\n\n\n<p>Durante su vida art\u00edstica ha paseado su arte por diferentes pa\u00edses del mundo, entre ellos, Puerto Rico, Hait\u00ed, Aruba, Canad\u00e1, Jamaica; Venezuela, Curazao, Panam\u00e1, Colombia, Per\u00fa, Ecuador, Chile, Costa Rica, Guatemala, M\u00e9xico, Saint Croix, Saint Marteen, Saint Thomas, Martiniqu\u00e9s, Guadalupe, Vieques, T\u00f3rtola, Nassau, Nicaragua, El Salvador, Cuba. En Europa Casi todo el continente y en los Estados Unidos por casi todos los estados y ciudades que componen la uni\u00f3n americana.<\/p>\n\n\n\n<p>Form\u00f3 parte de la orquesta Su Majestad de Rondon Votau, junto a Carmen Severino y Nini Caffaro y luego de varias agrupaciones, entre la que contamos a La S\u00faper Orquesta San Jos\u00e9 que conduc\u00eda el maestro Papa Molina, en los \u00faltimos d\u00edas del a\u00f1o 1961, se une al grupo de Luis P\u00e9rez, con quien graba por primera vez en febrero del 1962. Johnny Ventura es compositor del 70% de la m\u00fasica que interpreta y es el arreglista de, por lo menos, el 80% de la m\u00fasica que ha grabado.<\/p>\n\n\n\n<p>El Combo Show de Johnny Ventura fue declarado en 9 ocasiones, como el Combo del A\u00f1o, por la prestigiosa revista norteamericana Record World, cuya \u00e1rea latina era conducida por el destacado periodista cubano Tomas Fondora; Johnny Ventura tiene en su haber m\u00e1s de 4,800 placas y reconocimientos otorgados por diferentes entidades p\u00fablicas y privadas del mundo.<\/p>\n\n\n\n<p>Ha recibido innumerables reconocimientos de varios gobiernos y alcald\u00edas del mundo, en donde fueron concedidas las llaves de las respectivas ciudades. En algunos pa\u00edses, en donde le cupo la gloria en ser el primer merenguero en llegar, fueron declarados d\u00edas en su honor.<\/p>\n\n\n\n<p>Su discograf\u00eda est\u00e1 compuesta por 105 producciones discogr\u00e1ficas, siendo el artista dominicano m\u00e1s prol\u00edfico en ese sentido, y cuyas grabaciones han sido premiadas con 28 discos de oro, 2 de platino adem\u00e1s un Grammy Latino en el 2004 y un Grammy a la Excelencia por su trayectoria en el 2006.<\/p>\n\n\n\n<div class=\"wp-block-image\"><figure class=\"alignleft\"><img decoding=\"async\" loading=\"lazy\" src=\"https:\/\/scontent-mia3-1.xx.fbcdn.net\/v\/t1.6435-9\/217392443_1616080485257095_4742307652620095640_n.jpg?_nc_cat=100&amp;ccb=1-3&amp;_nc_sid=8bfeb9&amp;_nc_ohc=82IM5FmdJ4QAX9E644E&amp;_nc_ht=scontent-mia3-1.xx&amp;oh=acd28d934a9d803cb617004cf4ef4f88&amp;oe=612571D9\" alt=\"Puede ser una imagen de 1 persona\"\/><\/figure><\/div>\n\n\n\n<p>En la ciudad de Miami, Johnny fue el Rey de la Calle 8 en el a\u00f1o 1987; en los carnavales de Barranquilla, Colombia, gan\u00f3 4 Congos de Oro y fue el primer artista Dominicano en conquistar la codiciada Antorcha de Plata que otorga el clamor popular del p\u00fablico que asiste al festival de Vi\u00f1as del Mar en Chile.<\/p>\n\n\n\n<p>En su pa\u00eds, ha ganado todos los premios que se otorgan a los artistas y forma parte de exclusivo grupo que han recibido El Soberano, que es el m\u00e1s alto galard\u00f3n que otorga la Asociaci\u00f3n de Cronista de Arte de la Rep\u00fablica Dominicana. Tambi\u00e9n fue galardonado por la ACE de New Cork.<\/p>\n\n\n\n<p>Adem\u00e1s fue condecorado por el congreso Dominicano, como el merenguero del Siglo, a principios de a\u00f1o 2000 fue tambi\u00e9n el primer artista dominicano en ser invitado a la toma de posesi\u00f3n de un presidente norteamericano en el 1974 cuando gan\u00f3 Jimmy Carter.<\/p>\n\n\n\n<p>Era abogado de profesi\u00f3n, graduado summa cum laude de la Universidad de la Tercera Edad, en Santo Domingo. Tiene m\u00e1s de 43 a\u00f1os activo en la pol\u00edtica de su pa\u00eds llegando a ocupar cargos tales como: diputado, vicealcalde, Alcalde y Embajador.<\/p>\n\n\n\n<p>Muchos lo consideran como El Padre del Merengue Moderno, otros lo llaman La Alegr\u00eda del Pa\u00eds, El Merenguero del Siglo, La Leyenda Viva del Merengue, La Industria Nacional de La Alegr\u00eda, El Caballo Mayor, El Se\u00f1or del Merengue o El Hijo del Pueblo este es nuestro Johnny Ventura.<\/p>\n\n\n\n<p>En 1965, ya con su orquesta, Ventura grab\u00f3 para el sello Fonograma los LP La Coquetona, La Resbalosa y El turun tun tun.<\/p>\n\n\n\n<p>En 1967 viaj\u00f3 a los Estados Unidos, se present\u00f3 tambi\u00e9n en Puerto Rico, Colombia, Curazao. Con los temas La Muerte de Mart\u00edn y Ah no, yo no s\u00e9 no, en la voz de Luis Mart\u00ed, el Combo Show alcanz\u00f3 su primer disco de oro.<\/p>\n\n\n\n<p>Ventura est\u00e1 casado desde hace treinta y dos a\u00f1os con Nelly Josefina Flores de Ventura, con quien ha procreado tres de sus siete hijos de los cuales Juan De Dios Ventura Flores Jandy Ventura &amp; Los Potros y Juan Jos\u00e9, tienen su propio proyecto musical Y Ana Yahaira la m\u00e1s peque\u00f1a canta en su orquesta y ayuda a su hermano Juan Jos\u00e9 con el manejo de la oficina Johnny Ventura &amp; Asociados en el cual \u201cEl Caballo\u201d ha servido de gu\u00eda y mentor a sus potros, agrupaci\u00f3n de la cual ellos son titulares y que por el cari\u00f1o y aceptaci\u00f3n la gente los est\u00e1 reconociendo como Los Potros del Caballo.<\/p>\n\n\n\n<p>Ventura era graduado de Derecho Internacional en la Universidad Dominicana de la Tercera Edad (UTE).<\/p>\n\n\n\n<p>En 2008 principio de a\u00f1o da un giro total a su vida y carrera, se convierte al cristianismo en una iglesia en Queens Nueva York El Centro Cristiano El Elyon, pastoreada por el Dr. Ricardo Reyes. Produjo varios temas dedicado a Dios, uno de esos temas &#8220;Te doy las Gracias&#8221; que se transmite por Radio Alerta Cristocentrica una estaci\u00f3n de radio cristiana en Nueva York.<\/p>\n\n\n\n<p>El 18 de junio de 2010 pone en circulaci\u00f3n una reedici\u00f3n del libro de su autor\u00eda &#8220;Un poco de m\u00ed&#8221;.<\/p>\n\n\n\n<p>El 30 de julio de 2011 Ana Yahira, la m\u00e1s peque\u00f1a de las hijas de Johnny Ventura, quien forma parte del coro de su orquesta y es parte de la direcci\u00f3n de la oficina Johnny Ventura y Asociados, contrajo nupcias con el joven presentador y productor de tv Julio Herrera quien produce el programa de tv Julio En La Calle, en una boda \u00edntima, en la que el Presidente de la Rep\u00fablica Dominicana Leonel Fern\u00e1ndez fue el padrino de la boda.<\/p>\n\n\n\n<p>Falleci\u00f3 en el d\u00eda de hoy, 28 de julio, en la cl\u00ednica Uni\u00f3n M\u00e9dica en Santiago, por un paro cardiorrespiratorio, a los 81 a\u00f1os!!<\/p>\n\n\n\n<p>Vaya con Dios maestro Ventura, que el se\u00f1or le tenga un buen espacio a su lado. Jam\u00e1s lo vamos a olvidar!!!!<\/p>\n\n\n\n<p>Hasta pronto CABALLO MAYOR!!!!&nbsp;<\/p>\n\n\n\n<p>H.D.G<\/p>\n\n\n\n<figure class=\"wp-block-image\"><img decoding=\"async\" loading=\"lazy\" src=\"https:\/\/scontent-mia3-2.xx.fbcdn.net\/v\/t1.6435-9\/219919137_1616080505257093_4214701588511541214_n.jpg?_nc_cat=107&amp;ccb=1-3&amp;_nc_sid=8bfeb9&amp;_nc_ohc=jKE1VmCVOM4AX-bDeEq&amp;_nc_ht=scontent-mia3-2.xx&amp;oh=11151ca94d550d21daf8d86fbe7d67a1&amp;oe=61294DDC\" alt=\"Puede ser una imagen de 3 personas y personas de pie\"\/><\/figure>\n","protected":false},"excerpt":{"rendered":"<p>Juan de Dios Ventura Soriano: Naci\u00f3 el 8 de marzo de 1940 en la ciudad de Santo Domingo, Rep\u00fablica Dominicana y desde muy joven so\u00f1\u00f3 en convertirse en el mejor arquitecto del pa\u00eds sin sospechar que las limitaciones econ\u00f3micas que lo rodeaban, bloquear\u00edan su ingreso a la universidad. Decide entonces inscribirse en el Instituto Comercial [&hellip;]<\/p>\n","protected":false},"author":1,"featured_media":5212,"comment_status":"open","ping_status":"open","sticky":false,"template":"","format":"standard","meta":{"nf_dc_page":"","jetpack_post_was_ever_published":false,"_jetpack_newsletter_access":"","_jetpack_dont_email_post_to_subs":false,"_jetpack_newsletter_tier_id":0,"_jetpack_memberships_contains_paywalled_content":false,"_jetpack_memberships_contains_paid_content":false,"footnotes":"","jetpack_publicize_message":"","jetpack_publicize_feature_enabled":true,"jetpack_social_post_already_shared":false,"jetpack_social_options":{"image_generator_settings":{"template":"highway","default_image_id":0,"font":"","enabled":false},"version":2}},"categories":[88],"tags":[],"class_list":["post-5210","post","type-post","status-publish","format-standard","has-post-thumbnail","hentry","category-historia"],"yoast_head":"<!-- This site is optimized with the Yoast SEO plugin v27.5 - https:\/\/yoast.com\/product\/yoast-seo-wordpress\/ -->\n<title>HISTORIA: Fallece Juan de Dios Ventura; nuestro insustituible &quot;caballo&quot; Johnny Ventura - Minuto Cero RD<\/title>\n<meta name=\"robots\" content=\"index, follow, max-snippet:-1, max-image-preview:large, max-video-preview:-1\" \/>\n<link rel=\"canonical\" href=\"http:\/\/minutocerord.com\/?p=5210\" \/>\n<meta property=\"og:locale\" content=\"es_ES\" \/>\n<meta property=\"og:type\" content=\"article\" \/>\n<meta property=\"og:title\" content=\"HISTORIA: Fallece Juan de Dios Ventura; nuestro insustituible &quot;caballo&quot; Johnny Ventura - Minuto Cero RD\" \/>\n<meta property=\"og:description\" content=\"Juan de Dios Ventura Soriano: Naci\u00f3 el 8 de marzo de 1940 en la ciudad de Santo Domingo, Rep\u00fablica Dominicana y desde muy joven so\u00f1\u00f3 en convertirse en el mejor arquitecto del pa\u00eds sin sospechar que las limitaciones econ\u00f3micas que lo rodeaban, bloquear\u00edan su ingreso a la universidad. Decide entonces inscribirse en el Instituto Comercial [&hellip;]\" \/>\n<meta property=\"og:url\" content=\"http:\/\/minutocerord.com\/?p=5210\" \/>\n<meta property=\"og:site_name\" content=\"Minuto Cero RD\" \/>\n<meta property=\"article:publisher\" content=\"https:\/\/www.facebook.com\/Genofnotes\" \/>\n<meta property=\"article:author\" content=\"https:\/\/www.facebook.com\/Genofnotes\" \/>\n<meta property=\"article:published_time\" content=\"2021-07-28T20:54:00+00:00\" \/>\n<meta property=\"article:modified_time\" content=\"2021-07-28T20:56:50+00:00\" \/>\n<meta property=\"og:image\" content=\"https:\/\/i0.wp.com\/minutocerord.com\/wp-content\/uploads\/2021\/07\/215870489_1616080525257091_6621657909333355031_n.jpg?fit=906%2C753\" \/>\n\t<meta property=\"og:image:width\" content=\"906\" \/>\n\t<meta property=\"og:image:height\" content=\"753\" \/>\n\t<meta property=\"og:image:type\" content=\"image\/jpeg\" \/>\n<meta name=\"author\" content=\"Genof\u00f3ntes Urb\u00e1ez\" \/>\n<meta name=\"twitter:card\" content=\"summary_large_image\" \/>\n<meta name=\"twitter:label1\" content=\"Written by\" \/>\n\t<meta name=\"twitter:data1\" content=\"Genof\u00f3ntes Urb\u00e1ez\" \/>\n\t<meta name=\"twitter:label2\" content=\"Est. reading time\" \/>\n\t<meta name=\"twitter:data2\" content=\"6 minutos\" \/>\n<script type=\"application\/ld+json\" class=\"yoast-schema-graph\">{\"@context\":\"https:\\\/\\\/schema.org\",\"@graph\":[{\"@type\":\"Article\",\"@id\":\"http:\\\/\\\/minutocerord.com\\\/?p=5210#article\",\"isPartOf\":{\"@id\":\"http:\\\/\\\/minutocerord.com\\\/?p=5210\"},\"author\":{\"name\":\"Genof\u00f3ntes Urb\u00e1ez\",\"@id\":\"https:\\\/\\\/minutocerord.com\\\/#\\\/schema\\\/person\\\/60b5372d60aaa0a5171fb6488be9aee6\"},\"headline\":\"HISTORIA: Fallece Juan de Dios Ventura; nuestro insustituible &#8220;caballo&#8221; Johnny Ventura\",\"datePublished\":\"2021-07-28T20:54:00+00:00\",\"dateModified\":\"2021-07-28T20:56:50+00:00\",\"mainEntityOfPage\":{\"@id\":\"http:\\\/\\\/minutocerord.com\\\/?p=5210\"},\"wordCount\":1265,\"commentCount\":0,\"publisher\":{\"@id\":\"https:\\\/\\\/minutocerord.com\\\/#\\\/schema\\\/person\\\/60b5372d60aaa0a5171fb6488be9aee6\"},\"image\":{\"@id\":\"http:\\\/\\\/minutocerord.com\\\/?p=5210#primaryimage\"},\"thumbnailUrl\":\"https:\\\/\\\/i0.wp.com\\\/minutocerord.com\\\/wp-content\\\/uploads\\\/2021\\\/07\\\/215870489_1616080525257091_6621657909333355031_n.jpg?fit=906%2C753&ssl=1\",\"articleSection\":[\"Historia\"],\"inLanguage\":\"es-DO\",\"potentialAction\":[{\"@type\":\"CommentAction\",\"name\":\"Comment\",\"target\":[\"http:\\\/\\\/minutocerord.com\\\/?p=5210#respond\"]}]},{\"@type\":\"WebPage\",\"@id\":\"http:\\\/\\\/minutocerord.com\\\/?p=5210\",\"url\":\"http:\\\/\\\/minutocerord.com\\\/?p=5210\",\"name\":\"HISTORIA: Fallece Juan de Dios Ventura; nuestro insustituible \\\"caballo\\\" Johnny Ventura - Minuto Cero RD\",\"isPartOf\":{\"@id\":\"https:\\\/\\\/minutocerord.com\\\/#website\"},\"primaryImageOfPage\":{\"@id\":\"http:\\\/\\\/minutocerord.com\\\/?p=5210#primaryimage\"},\"image\":{\"@id\":\"http:\\\/\\\/minutocerord.com\\\/?p=5210#primaryimage\"},\"thumbnailUrl\":\"https:\\\/\\\/i0.wp.com\\\/minutocerord.com\\\/wp-content\\\/uploads\\\/2021\\\/07\\\/215870489_1616080525257091_6621657909333355031_n.jpg?fit=906%2C753&ssl=1\",\"datePublished\":\"2021-07-28T20:54:00+00:00\",\"dateModified\":\"2021-07-28T20:56:50+00:00\",\"breadcrumb\":{\"@id\":\"http:\\\/\\\/minutocerord.com\\\/?p=5210#breadcrumb\"},\"inLanguage\":\"es-DO\",\"potentialAction\":[{\"@type\":\"ReadAction\",\"target\":[\"http:\\\/\\\/minutocerord.com\\\/?p=5210\"]}]},{\"@type\":\"ImageObject\",\"inLanguage\":\"es-DO\",\"@id\":\"http:\\\/\\\/minutocerord.com\\\/?p=5210#primaryimage\",\"url\":\"https:\\\/\\\/i0.wp.com\\\/minutocerord.com\\\/wp-content\\\/uploads\\\/2021\\\/07\\\/215870489_1616080525257091_6621657909333355031_n.jpg?fit=906%2C753&ssl=1\",\"contentUrl\":\"https:\\\/\\\/i0.wp.com\\\/minutocerord.com\\\/wp-content\\\/uploads\\\/2021\\\/07\\\/215870489_1616080525257091_6621657909333355031_n.jpg?fit=906%2C753&ssl=1\",\"width\":906,\"height\":753},{\"@type\":\"BreadcrumbList\",\"@id\":\"http:\\\/\\\/minutocerord.com\\\/?p=5210#breadcrumb\",\"itemListElement\":[{\"@type\":\"ListItem\",\"position\":1,\"name\":\"Home\",\"item\":\"https:\\\/\\\/minutocerord.com\\\/\"},{\"@type\":\"ListItem\",\"position\":2,\"name\":\"HISTORIA: Fallece Juan de Dios Ventura; nuestro insustituible &#8220;caballo&#8221; Johnny Ventura\"}]},{\"@type\":\"WebSite\",\"@id\":\"https:\\\/\\\/minutocerord.com\\\/#website\",\"url\":\"https:\\\/\\\/minutocerord.com\\\/\",\"name\":\"Minuto Cero RD\",\"description\":\"Periodismo serio y veraz\",\"publisher\":{\"@id\":\"https:\\\/\\\/minutocerord.com\\\/#\\\/schema\\\/person\\\/60b5372d60aaa0a5171fb6488be9aee6\"},\"potentialAction\":[{\"@type\":\"SearchAction\",\"target\":{\"@type\":\"EntryPoint\",\"urlTemplate\":\"https:\\\/\\\/minutocerord.com\\\/?s={search_term_string}\"},\"query-input\":{\"@type\":\"PropertyValueSpecification\",\"valueRequired\":true,\"valueName\":\"search_term_string\"}}],\"inLanguage\":\"es-DO\"},{\"@type\":[\"Person\",\"Organization\"],\"@id\":\"https:\\\/\\\/minutocerord.com\\\/#\\\/schema\\\/person\\\/60b5372d60aaa0a5171fb6488be9aee6\",\"name\":\"Genof\u00f3ntes Urb\u00e1ez\",\"image\":{\"@type\":\"ImageObject\",\"inLanguage\":\"es-DO\",\"@id\":\"https:\\\/\\\/secure.gravatar.com\\\/avatar\\\/a49ef3186a692098ac3e8a1612261e3ad70cf9e44553dff2929e67939a0ecb9d?s=96&d=identicon&r=g\",\"url\":\"https:\\\/\\\/secure.gravatar.com\\\/avatar\\\/a49ef3186a692098ac3e8a1612261e3ad70cf9e44553dff2929e67939a0ecb9d?s=96&d=identicon&r=g\",\"contentUrl\":\"https:\\\/\\\/secure.gravatar.com\\\/avatar\\\/a49ef3186a692098ac3e8a1612261e3ad70cf9e44553dff2929e67939a0ecb9d?s=96&d=identicon&r=g\",\"caption\":\"Genof\u00f3ntes Urb\u00e1ez\"},\"logo\":{\"@id\":\"https:\\\/\\\/secure.gravatar.com\\\/avatar\\\/a49ef3186a692098ac3e8a1612261e3ad70cf9e44553dff2929e67939a0ecb9d?s=96&d=identicon&r=g\"},\"description\":\"Periodista \\\/ Locutor\",\"sameAs\":[\"https:\\\/\\\/www.facebook.com\\\/Genofnotes\",\"https:\\\/\\\/www.instagram.com\\\/genofnotes\\\/\"]}]}<\/script>\n<!-- \/ Yoast SEO plugin. -->","yoast_head_json":{"title":"HISTORIA: Fallece Juan de Dios Ventura; nuestro insustituible \"caballo\" Johnny Ventura - Minuto Cero RD","robots":{"index":"index","follow":"follow","max-snippet":"max-snippet:-1","max-image-preview":"max-image-preview:large","max-video-preview":"max-video-preview:-1"},"canonical":"http:\/\/minutocerord.com\/?p=5210","og_locale":"es_ES","og_type":"article","og_title":"HISTORIA: Fallece Juan de Dios Ventura; nuestro insustituible \"caballo\" Johnny Ventura - Minuto Cero RD","og_description":"Juan de Dios Ventura Soriano: Naci\u00f3 el 8 de marzo de 1940 en la ciudad de Santo Domingo, Rep\u00fablica Dominicana y desde muy joven so\u00f1\u00f3 en convertirse en el mejor arquitecto del pa\u00eds sin sospechar que las limitaciones econ\u00f3micas que lo rodeaban, bloquear\u00edan su ingreso a la universidad. Decide entonces inscribirse en el Instituto Comercial [&hellip;]","og_url":"http:\/\/minutocerord.com\/?p=5210","og_site_name":"Minuto Cero RD","article_publisher":"https:\/\/www.facebook.com\/Genofnotes","article_author":"https:\/\/www.facebook.com\/Genofnotes","article_published_time":"2021-07-28T20:54:00+00:00","article_modified_time":"2021-07-28T20:56:50+00:00","og_image":[{"width":906,"height":753,"url":"https:\/\/i0.wp.com\/minutocerord.com\/wp-content\/uploads\/2021\/07\/215870489_1616080525257091_6621657909333355031_n.jpg?fit=906%2C753","type":"image\/jpeg"}],"author":"Genof\u00f3ntes Urb\u00e1ez","twitter_card":"summary_large_image","twitter_misc":{"Written by":"Genof\u00f3ntes Urb\u00e1ez","Est. reading time":"6 minutos"},"schema":{"@context":"https:\/\/schema.org","@graph":[{"@type":"Article","@id":"http:\/\/minutocerord.com\/?p=5210#article","isPartOf":{"@id":"http:\/\/minutocerord.com\/?p=5210"},"author":{"name":"Genof\u00f3ntes Urb\u00e1ez","@id":"https:\/\/minutocerord.com\/#\/schema\/person\/60b5372d60aaa0a5171fb6488be9aee6"},"headline":"HISTORIA: Fallece Juan de Dios Ventura; nuestro insustituible &#8220;caballo&#8221; Johnny Ventura","datePublished":"2021-07-28T20:54:00+00:00","dateModified":"2021-07-28T20:56:50+00:00","mainEntityOfPage":{"@id":"http:\/\/minutocerord.com\/?p=5210"},"wordCount":1265,"commentCount":0,"publisher":{"@id":"https:\/\/minutocerord.com\/#\/schema\/person\/60b5372d60aaa0a5171fb6488be9aee6"},"image":{"@id":"http:\/\/minutocerord.com\/?p=5210#primaryimage"},"thumbnailUrl":"https:\/\/i0.wp.com\/minutocerord.com\/wp-content\/uploads\/2021\/07\/215870489_1616080525257091_6621657909333355031_n.jpg?fit=906%2C753&ssl=1","articleSection":["Historia"],"inLanguage":"es-DO","potentialAction":[{"@type":"CommentAction","name":"Comment","target":["http:\/\/minutocerord.com\/?p=5210#respond"]}]},{"@type":"WebPage","@id":"http:\/\/minutocerord.com\/?p=5210","url":"http:\/\/minutocerord.com\/?p=5210","name":"HISTORIA: Fallece Juan de Dios Ventura; nuestro insustituible \"caballo\" Johnny Ventura - Minuto Cero RD","isPartOf":{"@id":"https:\/\/minutocerord.com\/#website"},"primaryImageOfPage":{"@id":"http:\/\/minutocerord.com\/?p=5210#primaryimage"},"image":{"@id":"http:\/\/minutocerord.com\/?p=5210#primaryimage"},"thumbnailUrl":"https:\/\/i0.wp.com\/minutocerord.com\/wp-content\/uploads\/2021\/07\/215870489_1616080525257091_6621657909333355031_n.jpg?fit=906%2C753&ssl=1","datePublished":"2021-07-28T20:54:00+00:00","dateModified":"2021-07-28T20:56:50+00:00","breadcrumb":{"@id":"http:\/\/minutocerord.com\/?p=5210#breadcrumb"},"inLanguage":"es-DO","potentialAction":[{"@type":"ReadAction","target":["http:\/\/minutocerord.com\/?p=5210"]}]},{"@type":"ImageObject","inLanguage":"es-DO","@id":"http:\/\/minutocerord.com\/?p=5210#primaryimage","url":"https:\/\/i0.wp.com\/minutocerord.com\/wp-content\/uploads\/2021\/07\/215870489_1616080525257091_6621657909333355031_n.jpg?fit=906%2C753&ssl=1","contentUrl":"https:\/\/i0.wp.com\/minutocerord.com\/wp-content\/uploads\/2021\/07\/215870489_1616080525257091_6621657909333355031_n.jpg?fit=906%2C753&ssl=1","width":906,"height":753},{"@type":"BreadcrumbList","@id":"http:\/\/minutocerord.com\/?p=5210#breadcrumb","itemListElement":[{"@type":"ListItem","position":1,"name":"Home","item":"https:\/\/minutocerord.com\/"},{"@type":"ListItem","position":2,"name":"HISTORIA: Fallece Juan de Dios Ventura; nuestro insustituible &#8220;caballo&#8221; Johnny Ventura"}]},{"@type":"WebSite","@id":"https:\/\/minutocerord.com\/#website","url":"https:\/\/minutocerord.com\/","name":"Minuto Cero RD","description":"Periodismo serio y veraz","publisher":{"@id":"https:\/\/minutocerord.com\/#\/schema\/person\/60b5372d60aaa0a5171fb6488be9aee6"},"potentialAction":[{"@type":"SearchAction","target":{"@type":"EntryPoint","urlTemplate":"https:\/\/minutocerord.com\/?s={search_term_string}"},"query-input":{"@type":"PropertyValueSpecification","valueRequired":true,"valueName":"search_term_string"}}],"inLanguage":"es-DO"},{"@type":["Person","Organization"],"@id":"https:\/\/minutocerord.com\/#\/schema\/person\/60b5372d60aaa0a5171fb6488be9aee6","name":"Genof\u00f3ntes Urb\u00e1ez","image":{"@type":"ImageObject","inLanguage":"es-DO","@id":"https:\/\/secure.gravatar.com\/avatar\/a49ef3186a692098ac3e8a1612261e3ad70cf9e44553dff2929e67939a0ecb9d?s=96&d=identicon&r=g","url":"https:\/\/secure.gravatar.com\/avatar\/a49ef3186a692098ac3e8a1612261e3ad70cf9e44553dff2929e67939a0ecb9d?s=96&d=identicon&r=g","contentUrl":"https:\/\/secure.gravatar.com\/avatar\/a49ef3186a692098ac3e8a1612261e3ad70cf9e44553dff2929e67939a0ecb9d?s=96&d=identicon&r=g","caption":"Genof\u00f3ntes Urb\u00e1ez"},"logo":{"@id":"https:\/\/secure.gravatar.com\/avatar\/a49ef3186a692098ac3e8a1612261e3ad70cf9e44553dff2929e67939a0ecb9d?s=96&d=identicon&r=g"},"description":"Periodista \/ Locutor","sameAs":["https:\/\/www.facebook.com\/Genofnotes","https:\/\/www.instagram.com\/genofnotes\/"]}]}},"jetpack_publicize_connections":[],"jetpack_featured_media_url":"https:\/\/i0.wp.com\/minutocerord.com\/wp-content\/uploads\/2021\/07\/215870489_1616080525257091_6621657909333355031_n.jpg?fit=906%2C753&ssl=1","jetpack-related-posts":[],"jetpack_sharing_enabled":true,"_links":{"self":[{"href":"https:\/\/minutocerord.com\/index.php?rest_route=\/wp\/v2\/posts\/5210","targetHints":{"allow":["GET"]}}],"collection":[{"href":"https:\/\/minutocerord.com\/index.php?rest_route=\/wp\/v2\/posts"}],"about":[{"href":"https:\/\/minutocerord.com\/index.php?rest_route=\/wp\/v2\/types\/post"}],"author":[{"embeddable":true,"href":"https:\/\/minutocerord.com\/index.php?rest_route=\/wp\/v2\/users\/1"}],"replies":[{"embeddable":true,"href":"https:\/\/minutocerord.com\/index.php?rest_route=%2Fwp%2Fv2%2Fcomments&post=5210"}],"version-history":[{"count":2,"href":"https:\/\/minutocerord.com\/index.php?rest_route=\/wp\/v2\/posts\/5210\/revisions"}],"predecessor-version":[{"id":5214,"href":"https:\/\/minutocerord.com\/index.php?rest_route=\/wp\/v2\/posts\/5210\/revisions\/5214"}],"wp:featuredmedia":[{"embeddable":true,"href":"https:\/\/minutocerord.com\/index.php?rest_route=\/wp\/v2\/media\/5212"}],"wp:attachment":[{"href":"https:\/\/minutocerord.com\/index.php?rest_route=%2Fwp%2Fv2%2Fmedia&parent=5210"}],"wp:term":[{"taxonomy":"category","embeddable":true,"href":"https:\/\/minutocerord.com\/index.php?rest_route=%2Fwp%2Fv2%2Fcategories&post=5210"},{"taxonomy":"post_tag","embeddable":true,"href":"https:\/\/minutocerord.com\/index.php?rest_route=%2Fwp%2Fv2%2Ftags&post=5210"}],"curies":[{"name":"wp","href":"https:\/\/api.w.org\/{rel}","templated":true}]}}