{"id":5215,"date":"2021-07-28T23:17:40","date_gmt":"2021-07-29T03:17:40","guid":{"rendered":"https:\/\/minutocerord.com\/?p=5215"},"modified":"2021-07-28T23:17:46","modified_gmt":"2021-07-29T03:17:46","slug":"declaran-3-dias-de-duelo-por-fallecimiento-de-johnny-ventura","status":"publish","type":"post","link":"https:\/\/minutocerord.com\/?p=5215","title":{"rendered":"Declaran 3 d\u00edas de duelo por fallecimiento de Johnny Ventura"},"content":{"rendered":"\n<p><strong>SANTO DOMINGO.-<\/strong> El Presidente Luis Abinader declar\u00f3 este mi\u00e9rcoles en la noche tres d\u00edas de duelo oficial en la Rep\u00fablica Dominicana por el fallecimiento del artista Johnny Ventura. En un decreto, el mandatario se\u00f1ala que esos d\u00edas ser\u00e1n los 29, 30 y 31 de julio. durante los cuales las banderas en los recintos p\u00fablicos deber\u00e1n ondear a media asta. Previamente, en un mensaje, el Jefe del Estado asegur\u00f3 que cada dominicano \u00absiente un gran dolor\u00bb ante la muerte repentina de Johnny Ventura.<\/p>\n\n\n\n<p>\u00abHoy la verdad que no es el mejor d\u00eda para todos los dominicanos, sentimos como que se nos fue algo de nosotros mismos y tengo que referirme antes de empezar este acto a mostrar mi p\u00e9same y mi gran dolor por la partida de Johnny Ventura\u00bb, dijo el gobernante antes de dar inicio a una actividad la tarde de hoy.<\/p>\n\n\n\n<p>El gobernante asegur\u00f3 que el artista era un icono, \u00abun maestro que nos hizo disfrutar a todos los dominicanos\u00bb, y que contagi\u00f3 al mundo entero con su talento, su humanidad y su caballerosidad.<\/p>\n\n\n\n<p>\u00abHoy cada dominicano siente un gran dolor, hoy cada uno de nosotros estamos de luto, pero seguros de que su legado art\u00edstico permanecer\u00e1 de generaci\u00f3n en generaci\u00f3n dejando ese sello dominicano en cada uno de nosotros\u00bb, afirm\u00f3.<\/p>\n\n\n\n<p>\u00abPor eso, que descanse en paz, que descanse en paz Caballo Mayor y muchas gracias por todo en nombre de todo el pa\u00eds\u00bb, dijo el jefe de Estado.<\/p>\n\n\n\n<p>Ventura falleci\u00f3 a los 81 a\u00f1os en una cl\u00ednica de la ciudad dominicana de Santiago (norte) tras sufrir un infarto al coraz\u00f3n, seg\u00fan informaron fuentes m\u00e9dicas.<\/p>\n\n\n\n<p>Los m\u00e9dicos del centro aseguraron que Ventura fue declarado muerto doce minutos despu\u00e9s de las tres de la tarde y que las causas del deceso fueron muerte s\u00fabita, probable infarto al miocardio, cardiopat\u00eda hipertensiva y cardiopat\u00eda isqu\u00e9mica.<\/p>\n\n\n\n<p>El laureado artista se mantuvo en los escenarios por 65 a\u00f1os y grab\u00f3 106 \u00e1lbumes.<\/p>\n\n\n\n<p>EFE<\/p>\n","protected":false},"excerpt":{"rendered":"<p>SANTO DOMINGO.- El Presidente Luis Abinader declar\u00f3 este mi\u00e9rcoles en la noche tres d\u00edas de duelo oficial en la Rep\u00fablica Dominicana por el fallecimiento del artista Johnny Ventura. En un decreto, el mandatario se\u00f1ala que esos d\u00edas ser\u00e1n los 29, 30 y 31 de julio. durante los cuales las banderas en los recintos p\u00fablicos deber\u00e1n [&hellip;]<\/p>\n","protected":false},"author":1,"featured_media":5216,"comment_status":"open","ping_status":"open","sticky":false,"template":"","format":"standard","meta":{"nf_dc_page":"","jetpack_post_was_ever_published":false,"_jetpack_newsletter_access":"","_jetpack_dont_email_post_to_subs":false,"_jetpack_newsletter_tier_id":0,"_jetpack_memberships_contains_paywalled_content":false,"_jetpack_memberships_contains_paid_content":false,"footnotes":"","jetpack_publicize_message":"","jetpack_publicize_feature_enabled":true,"jetpack_social_post_already_shared":false,"jetpack_social_options":{"image_generator_settings":{"template":"highway","default_image_id":0,"font":"","enabled":false},"version":2}},"categories":[65],"tags":[],"class_list":["post-5215","post","type-post","status-publish","format-standard","has-post-thumbnail","hentry","category-nacionales"],"yoast_head":"<!-- This site is optimized with the Yoast SEO plugin v27.4 - https:\/\/yoast.com\/product\/yoast-seo-wordpress\/ -->\n<title>Declaran 3 d\u00edas de duelo por fallecimiento de Johnny Ventura - Minuto Cero RD<\/title>\n<meta name=\"robots\" content=\"index, follow, max-snippet:-1, max-image-preview:large, max-video-preview:-1\" \/>\n<link rel=\"canonical\" href=\"http:\/\/minutocerord.com\/?p=5215\" \/>\n<meta property=\"og:locale\" content=\"es_ES\" \/>\n<meta property=\"og:type\" content=\"article\" \/>\n<meta property=\"og:title\" content=\"Declaran 3 d\u00edas de duelo por fallecimiento de Johnny Ventura - Minuto Cero RD\" \/>\n<meta property=\"og:description\" content=\"SANTO DOMINGO.- El Presidente Luis Abinader declar\u00f3 este mi\u00e9rcoles en la noche tres d\u00edas de duelo oficial en la Rep\u00fablica Dominicana por el fallecimiento del artista Johnny Ventura. En un decreto, el mandatario se\u00f1ala que esos d\u00edas ser\u00e1n los 29, 30 y 31 de julio. durante los cuales las banderas en los recintos p\u00fablicos deber\u00e1n [&hellip;]\" \/>\n<meta property=\"og:url\" content=\"http:\/\/minutocerord.com\/?p=5215\" \/>\n<meta property=\"og:site_name\" content=\"Minuto Cero RD\" \/>\n<meta property=\"article:publisher\" content=\"https:\/\/www.facebook.com\/Genofnotes\" \/>\n<meta property=\"article:author\" content=\"https:\/\/www.facebook.com\/Genofnotes\" \/>\n<meta property=\"article:published_time\" content=\"2021-07-29T03:17:40+00:00\" \/>\n<meta property=\"article:modified_time\" content=\"2021-07-29T03:17:46+00:00\" \/>\n<meta property=\"og:image\" content=\"https:\/\/i0.wp.com\/minutocerord.com\/wp-content\/uploads\/2021\/07\/Captura-1-1.png?fit=807%2C641\" \/>\n\t<meta property=\"og:image:width\" content=\"807\" \/>\n\t<meta property=\"og:image:height\" content=\"641\" \/>\n\t<meta property=\"og:image:type\" content=\"image\/png\" \/>\n<meta name=\"author\" content=\"Genof\u00f3ntes Urb\u00e1ez\" \/>\n<meta name=\"twitter:card\" content=\"summary_large_image\" \/>\n<meta name=\"twitter:label1\" content=\"Written by\" \/>\n\t<meta name=\"twitter:data1\" content=\"Genof\u00f3ntes Urb\u00e1ez\" \/>\n\t<meta name=\"twitter:label2\" content=\"Est. reading time\" \/>\n\t<meta name=\"twitter:data2\" content=\"2 minutos\" \/>\n<script type=\"application\/ld+json\" class=\"yoast-schema-graph\">{\"@context\":\"https:\\\/\\\/schema.org\",\"@graph\":[{\"@type\":\"Article\",\"@id\":\"http:\\\/\\\/minutocerord.com\\\/?p=5215#article\",\"isPartOf\":{\"@id\":\"http:\\\/\\\/minutocerord.com\\\/?p=5215\"},\"author\":{\"name\":\"Genof\u00f3ntes Urb\u00e1ez\",\"@id\":\"https:\\\/\\\/minutocerord.com\\\/#\\\/schema\\\/person\\\/60b5372d60aaa0a5171fb6488be9aee6\"},\"headline\":\"Declaran 3 d\u00edas de duelo por fallecimiento de Johnny Ventura\",\"datePublished\":\"2021-07-29T03:17:40+00:00\",\"dateModified\":\"2021-07-29T03:17:46+00:00\",\"mainEntityOfPage\":{\"@id\":\"http:\\\/\\\/minutocerord.com\\\/?p=5215\"},\"wordCount\":350,\"commentCount\":0,\"publisher\":{\"@id\":\"https:\\\/\\\/minutocerord.com\\\/#\\\/schema\\\/person\\\/60b5372d60aaa0a5171fb6488be9aee6\"},\"image\":{\"@id\":\"http:\\\/\\\/minutocerord.com\\\/?p=5215#primaryimage\"},\"thumbnailUrl\":\"https:\\\/\\\/i0.wp.com\\\/minutocerord.com\\\/wp-content\\\/uploads\\\/2021\\\/07\\\/Captura-1-1.png?fit=807%2C641&ssl=1\",\"articleSection\":[\"Nacionales\"],\"inLanguage\":\"es-DO\",\"potentialAction\":[{\"@type\":\"CommentAction\",\"name\":\"Comment\",\"target\":[\"http:\\\/\\\/minutocerord.com\\\/?p=5215#respond\"]}]},{\"@type\":\"WebPage\",\"@id\":\"http:\\\/\\\/minutocerord.com\\\/?p=5215\",\"url\":\"http:\\\/\\\/minutocerord.com\\\/?p=5215\",\"name\":\"Declaran 3 d\u00edas de duelo por fallecimiento de Johnny Ventura - Minuto Cero RD\",\"isPartOf\":{\"@id\":\"https:\\\/\\\/minutocerord.com\\\/#website\"},\"primaryImageOfPage\":{\"@id\":\"http:\\\/\\\/minutocerord.com\\\/?p=5215#primaryimage\"},\"image\":{\"@id\":\"http:\\\/\\\/minutocerord.com\\\/?p=5215#primaryimage\"},\"thumbnailUrl\":\"https:\\\/\\\/i0.wp.com\\\/minutocerord.com\\\/wp-content\\\/uploads\\\/2021\\\/07\\\/Captura-1-1.png?fit=807%2C641&ssl=1\",\"datePublished\":\"2021-07-29T03:17:40+00:00\",\"dateModified\":\"2021-07-29T03:17:46+00:00\",\"breadcrumb\":{\"@id\":\"http:\\\/\\\/minutocerord.com\\\/?p=5215#breadcrumb\"},\"inLanguage\":\"es-DO\",\"potentialAction\":[{\"@type\":\"ReadAction\",\"target\":[\"http:\\\/\\\/minutocerord.com\\\/?p=5215\"]}]},{\"@type\":\"ImageObject\",\"inLanguage\":\"es-DO\",\"@id\":\"http:\\\/\\\/minutocerord.com\\\/?p=5215#primaryimage\",\"url\":\"https:\\\/\\\/i0.wp.com\\\/minutocerord.com\\\/wp-content\\\/uploads\\\/2021\\\/07\\\/Captura-1-1.png?fit=807%2C641&ssl=1\",\"contentUrl\":\"https:\\\/\\\/i0.wp.com\\\/minutocerord.com\\\/wp-content\\\/uploads\\\/2021\\\/07\\\/Captura-1-1.png?fit=807%2C641&ssl=1\",\"width\":807,\"height\":641},{\"@type\":\"BreadcrumbList\",\"@id\":\"http:\\\/\\\/minutocerord.com\\\/?p=5215#breadcrumb\",\"itemListElement\":[{\"@type\":\"ListItem\",\"position\":1,\"name\":\"Home\",\"item\":\"https:\\\/\\\/minutocerord.com\\\/\"},{\"@type\":\"ListItem\",\"position\":2,\"name\":\"Declaran 3 d\u00edas de duelo por fallecimiento de Johnny Ventura\"}]},{\"@type\":\"WebSite\",\"@id\":\"https:\\\/\\\/minutocerord.com\\\/#website\",\"url\":\"https:\\\/\\\/minutocerord.com\\\/\",\"name\":\"Minuto Cero RD\",\"description\":\"Periodismo serio y veraz\",\"publisher\":{\"@id\":\"https:\\\/\\\/minutocerord.com\\\/#\\\/schema\\\/person\\\/60b5372d60aaa0a5171fb6488be9aee6\"},\"potentialAction\":[{\"@type\":\"SearchAction\",\"target\":{\"@type\":\"EntryPoint\",\"urlTemplate\":\"https:\\\/\\\/minutocerord.com\\\/?s={search_term_string}\"},\"query-input\":{\"@type\":\"PropertyValueSpecification\",\"valueRequired\":true,\"valueName\":\"search_term_string\"}}],\"inLanguage\":\"es-DO\"},{\"@type\":[\"Person\",\"Organization\"],\"@id\":\"https:\\\/\\\/minutocerord.com\\\/#\\\/schema\\\/person\\\/60b5372d60aaa0a5171fb6488be9aee6\",\"name\":\"Genof\u00f3ntes Urb\u00e1ez\",\"image\":{\"@type\":\"ImageObject\",\"inLanguage\":\"es-DO\",\"@id\":\"https:\\\/\\\/secure.gravatar.com\\\/avatar\\\/a49ef3186a692098ac3e8a1612261e3ad70cf9e44553dff2929e67939a0ecb9d?s=96&d=identicon&r=g\",\"url\":\"https:\\\/\\\/secure.gravatar.com\\\/avatar\\\/a49ef3186a692098ac3e8a1612261e3ad70cf9e44553dff2929e67939a0ecb9d?s=96&d=identicon&r=g\",\"contentUrl\":\"https:\\\/\\\/secure.gravatar.com\\\/avatar\\\/a49ef3186a692098ac3e8a1612261e3ad70cf9e44553dff2929e67939a0ecb9d?s=96&d=identicon&r=g\",\"caption\":\"Genof\u00f3ntes Urb\u00e1ez\"},\"logo\":{\"@id\":\"https:\\\/\\\/secure.gravatar.com\\\/avatar\\\/a49ef3186a692098ac3e8a1612261e3ad70cf9e44553dff2929e67939a0ecb9d?s=96&d=identicon&r=g\"},\"description\":\"Periodista \\\/ Locutor\",\"sameAs\":[\"https:\\\/\\\/www.facebook.com\\\/Genofnotes\",\"https:\\\/\\\/www.instagram.com\\\/genofnotes\\\/\"]}]}<\/script>\n<!-- \/ Yoast SEO plugin. -->","yoast_head_json":{"title":"Declaran 3 d\u00edas de duelo por fallecimiento de Johnny Ventura - Minuto Cero RD","robots":{"index":"index","follow":"follow","max-snippet":"max-snippet:-1","max-image-preview":"max-image-preview:large","max-video-preview":"max-video-preview:-1"},"canonical":"http:\/\/minutocerord.com\/?p=5215","og_locale":"es_ES","og_type":"article","og_title":"Declaran 3 d\u00edas de duelo por fallecimiento de Johnny Ventura - Minuto Cero RD","og_description":"SANTO DOMINGO.- El Presidente Luis Abinader declar\u00f3 este mi\u00e9rcoles en la noche tres d\u00edas de duelo oficial en la Rep\u00fablica Dominicana por el fallecimiento del artista Johnny Ventura. En un decreto, el mandatario se\u00f1ala que esos d\u00edas ser\u00e1n los 29, 30 y 31 de julio. durante los cuales las banderas en los recintos p\u00fablicos deber\u00e1n [&hellip;]","og_url":"http:\/\/minutocerord.com\/?p=5215","og_site_name":"Minuto Cero RD","article_publisher":"https:\/\/www.facebook.com\/Genofnotes","article_author":"https:\/\/www.facebook.com\/Genofnotes","article_published_time":"2021-07-29T03:17:40+00:00","article_modified_time":"2021-07-29T03:17:46+00:00","og_image":[{"width":807,"height":641,"url":"https:\/\/i0.wp.com\/minutocerord.com\/wp-content\/uploads\/2021\/07\/Captura-1-1.png?fit=807%2C641","type":"image\/png"}],"author":"Genof\u00f3ntes Urb\u00e1ez","twitter_card":"summary_large_image","twitter_misc":{"Written by":"Genof\u00f3ntes Urb\u00e1ez","Est. reading time":"2 minutos"},"schema":{"@context":"https:\/\/schema.org","@graph":[{"@type":"Article","@id":"http:\/\/minutocerord.com\/?p=5215#article","isPartOf":{"@id":"http:\/\/minutocerord.com\/?p=5215"},"author":{"name":"Genof\u00f3ntes Urb\u00e1ez","@id":"https:\/\/minutocerord.com\/#\/schema\/person\/60b5372d60aaa0a5171fb6488be9aee6"},"headline":"Declaran 3 d\u00edas de duelo por fallecimiento de Johnny Ventura","datePublished":"2021-07-29T03:17:40+00:00","dateModified":"2021-07-29T03:17:46+00:00","mainEntityOfPage":{"@id":"http:\/\/minutocerord.com\/?p=5215"},"wordCount":350,"commentCount":0,"publisher":{"@id":"https:\/\/minutocerord.com\/#\/schema\/person\/60b5372d60aaa0a5171fb6488be9aee6"},"image":{"@id":"http:\/\/minutocerord.com\/?p=5215#primaryimage"},"thumbnailUrl":"https:\/\/i0.wp.com\/minutocerord.com\/wp-content\/uploads\/2021\/07\/Captura-1-1.png?fit=807%2C641&ssl=1","articleSection":["Nacionales"],"inLanguage":"es-DO","potentialAction":[{"@type":"CommentAction","name":"Comment","target":["http:\/\/minutocerord.com\/?p=5215#respond"]}]},{"@type":"WebPage","@id":"http:\/\/minutocerord.com\/?p=5215","url":"http:\/\/minutocerord.com\/?p=5215","name":"Declaran 3 d\u00edas de duelo por fallecimiento de Johnny Ventura - Minuto Cero RD","isPartOf":{"@id":"https:\/\/minutocerord.com\/#website"},"primaryImageOfPage":{"@id":"http:\/\/minutocerord.com\/?p=5215#primaryimage"},"image":{"@id":"http:\/\/minutocerord.com\/?p=5215#primaryimage"},"thumbnailUrl":"https:\/\/i0.wp.com\/minutocerord.com\/wp-content\/uploads\/2021\/07\/Captura-1-1.png?fit=807%2C641&ssl=1","datePublished":"2021-07-29T03:17:40+00:00","dateModified":"2021-07-29T03:17:46+00:00","breadcrumb":{"@id":"http:\/\/minutocerord.com\/?p=5215#breadcrumb"},"inLanguage":"es-DO","potentialAction":[{"@type":"ReadAction","target":["http:\/\/minutocerord.com\/?p=5215"]}]},{"@type":"ImageObject","inLanguage":"es-DO","@id":"http:\/\/minutocerord.com\/?p=5215#primaryimage","url":"https:\/\/i0.wp.com\/minutocerord.com\/wp-content\/uploads\/2021\/07\/Captura-1-1.png?fit=807%2C641&ssl=1","contentUrl":"https:\/\/i0.wp.com\/minutocerord.com\/wp-content\/uploads\/2021\/07\/Captura-1-1.png?fit=807%2C641&ssl=1","width":807,"height":641},{"@type":"BreadcrumbList","@id":"http:\/\/minutocerord.com\/?p=5215#breadcrumb","itemListElement":[{"@type":"ListItem","position":1,"name":"Home","item":"https:\/\/minutocerord.com\/"},{"@type":"ListItem","position":2,"name":"Declaran 3 d\u00edas de duelo por fallecimiento de Johnny Ventura"}]},{"@type":"WebSite","@id":"https:\/\/minutocerord.com\/#website","url":"https:\/\/minutocerord.com\/","name":"Minuto Cero RD","description":"Periodismo serio y veraz","publisher":{"@id":"https:\/\/minutocerord.com\/#\/schema\/person\/60b5372d60aaa0a5171fb6488be9aee6"},"potentialAction":[{"@type":"SearchAction","target":{"@type":"EntryPoint","urlTemplate":"https:\/\/minutocerord.com\/?s={search_term_string}"},"query-input":{"@type":"PropertyValueSpecification","valueRequired":true,"valueName":"search_term_string"}}],"inLanguage":"es-DO"},{"@type":["Person","Organization"],"@id":"https:\/\/minutocerord.com\/#\/schema\/person\/60b5372d60aaa0a5171fb6488be9aee6","name":"Genof\u00f3ntes Urb\u00e1ez","image":{"@type":"ImageObject","inLanguage":"es-DO","@id":"https:\/\/secure.gravatar.com\/avatar\/a49ef3186a692098ac3e8a1612261e3ad70cf9e44553dff2929e67939a0ecb9d?s=96&d=identicon&r=g","url":"https:\/\/secure.gravatar.com\/avatar\/a49ef3186a692098ac3e8a1612261e3ad70cf9e44553dff2929e67939a0ecb9d?s=96&d=identicon&r=g","contentUrl":"https:\/\/secure.gravatar.com\/avatar\/a49ef3186a692098ac3e8a1612261e3ad70cf9e44553dff2929e67939a0ecb9d?s=96&d=identicon&r=g","caption":"Genof\u00f3ntes Urb\u00e1ez"},"logo":{"@id":"https:\/\/secure.gravatar.com\/avatar\/a49ef3186a692098ac3e8a1612261e3ad70cf9e44553dff2929e67939a0ecb9d?s=96&d=identicon&r=g"},"description":"Periodista \/ Locutor","sameAs":["https:\/\/www.facebook.com\/Genofnotes","https:\/\/www.instagram.com\/genofnotes\/"]}]}},"jetpack_publicize_connections":[],"jetpack_featured_media_url":"https:\/\/i0.wp.com\/minutocerord.com\/wp-content\/uploads\/2021\/07\/Captura-1-1.png?fit=807%2C641&ssl=1","jetpack-related-posts":[],"jetpack_sharing_enabled":true,"_links":{"self":[{"href":"https:\/\/minutocerord.com\/index.php?rest_route=\/wp\/v2\/posts\/5215","targetHints":{"allow":["GET"]}}],"collection":[{"href":"https:\/\/minutocerord.com\/index.php?rest_route=\/wp\/v2\/posts"}],"about":[{"href":"https:\/\/minutocerord.com\/index.php?rest_route=\/wp\/v2\/types\/post"}],"author":[{"embeddable":true,"href":"https:\/\/minutocerord.com\/index.php?rest_route=\/wp\/v2\/users\/1"}],"replies":[{"embeddable":true,"href":"https:\/\/minutocerord.com\/index.php?rest_route=%2Fwp%2Fv2%2Fcomments&post=5215"}],"version-history":[{"count":1,"href":"https:\/\/minutocerord.com\/index.php?rest_route=\/wp\/v2\/posts\/5215\/revisions"}],"predecessor-version":[{"id":5217,"href":"https:\/\/minutocerord.com\/index.php?rest_route=\/wp\/v2\/posts\/5215\/revisions\/5217"}],"wp:featuredmedia":[{"embeddable":true,"href":"https:\/\/minutocerord.com\/index.php?rest_route=\/wp\/v2\/media\/5216"}],"wp:attachment":[{"href":"https:\/\/minutocerord.com\/index.php?rest_route=%2Fwp%2Fv2%2Fmedia&parent=5215"}],"wp:term":[{"taxonomy":"category","embeddable":true,"href":"https:\/\/minutocerord.com\/index.php?rest_route=%2Fwp%2Fv2%2Fcategories&post=5215"},{"taxonomy":"post_tag","embeddable":true,"href":"https:\/\/minutocerord.com\/index.php?rest_route=%2Fwp%2Fv2%2Ftags&post=5215"}],"curies":[{"name":"wp","href":"https:\/\/api.w.org\/{rel}","templated":true}]}}