{"id":5236,"date":"2021-08-02T13:45:18","date_gmt":"2021-08-02T17:45:18","guid":{"rendered":"https:\/\/minutocerord.com\/?p=5236"},"modified":"2021-08-02T13:45:25","modified_gmt":"2021-08-02T17:45:25","slug":"multan-a-especuladores-de-productos-primera-necesidad-en-rd","status":"publish","type":"post","link":"https:\/\/minutocerord.com\/?p=5236","title":{"rendered":"Multan a \u00abespeculadores\u00bb de productos primera necesidad en RD"},"content":{"rendered":"\n<p><strong>SANTO DOMINGO.- <\/strong>\u00a0El Instituto Nacional de Protecci\u00f3n de los Derechos del Consumidor (Pro Consumidor) inform\u00f3 este domingo que comenz\u00f3 a sancionar con multas a comerciantes por incurrir en \u00abactos especulativos\u00bb con los precios de productos de la canasta familiar.<\/p>\n\n\n\n<p>Indic\u00f3 en nota de prensa que estas sanciones ser\u00e1n recurrentes mientras esos comercios est\u00e9n haciendo uso de esa pr\u00e1ctica \u00ababusiva\u00bb que afecta los intereses econ\u00f3micos de los consumidores.<\/p>\n\n\n\n<p>\u00abPro Consumidor no le dar\u00e1 la espalda a los sectores m\u00e1s despose\u00eddos del pueblo dominicano y todo aquel que sea sorprendido incurriendo en esta pr\u00e1ctica odiosa se le aplicar\u00e1n las sanciones m\u00e1s dr\u00e1sticas, permitidas en la ley 358-05 y el C\u00f3digo Penal\u00bb, destac\u00f3 la informaci\u00f3n.<\/p>\n\n\n\n<p>El ente gubernamental afirm\u00f3 que los expedientes han sido enviados al Ministerio P\u00fablico indicando los nombres de los comercios, as\u00ed como los nombres de sus propietarios para que se inicie el proceso de investigaci\u00f3n en procura de aplicar medidas punibles y un r\u00e9gimen de consecuencia.<\/p>\n\n\n\n<p>Pro Consumidor agreg\u00f3 que durante tres semanas realiz\u00f3 servicios y levantamientos de inteligencia, donde comprob\u00f3 que proveedores de bienes y servicios est\u00e1n tratando de obtener beneficios por encima de lo estipulado en detrimento de los consumidores.<\/p>\n\n\n\n<p>El organismo asegur\u00f3 que posee facultades establecidas en su normativa de jurisprudencia, adem\u00e1s de las decisiones sobre el particular que ha evacuado el Tribunal Constitucional que dicen cu\u00e1les son sus atribuciones.<\/p>\n","protected":false},"excerpt":{"rendered":"<p>SANTO DOMINGO.- \u00a0El Instituto Nacional de Protecci\u00f3n de los Derechos del Consumidor (Pro Consumidor) inform\u00f3 este domingo que comenz\u00f3 a sancionar con multas a comerciantes por incurrir en \u00abactos especulativos\u00bb con los precios de productos de la canasta familiar. Indic\u00f3 en nota de prensa que estas sanciones ser\u00e1n recurrentes mientras esos comercios est\u00e9n haciendo uso [&hellip;]<\/p>\n","protected":false},"author":1,"featured_media":5237,"comment_status":"open","ping_status":"open","sticky":false,"template":"","format":"standard","meta":{"nf_dc_page":"","jetpack_post_was_ever_published":false,"_jetpack_newsletter_access":"","_jetpack_dont_email_post_to_subs":false,"_jetpack_newsletter_tier_id":0,"_jetpack_memberships_contains_paywalled_content":false,"_jetpack_memberships_contains_paid_content":false,"footnotes":"","jetpack_publicize_message":"","jetpack_publicize_feature_enabled":true,"jetpack_social_post_already_shared":false,"jetpack_social_options":{"image_generator_settings":{"template":"highway","default_image_id":0,"font":"","enabled":false},"version":2}},"categories":[74],"tags":[],"class_list":["post-5236","post","type-post","status-publish","format-standard","has-post-thumbnail","hentry","category-economicas"],"yoast_head":"<!-- This site is optimized with the Yoast SEO plugin v27.5 - https:\/\/yoast.com\/product\/yoast-seo-wordpress\/ -->\n<title>Multan a \u00abespeculadores\u00bb de productos primera necesidad en RD - Minuto Cero RD<\/title>\n<meta name=\"robots\" content=\"index, follow, max-snippet:-1, max-image-preview:large, max-video-preview:-1\" \/>\n<link rel=\"canonical\" href=\"http:\/\/minutocerord.com\/?p=5236\" \/>\n<meta property=\"og:locale\" content=\"es_ES\" \/>\n<meta property=\"og:type\" content=\"article\" \/>\n<meta property=\"og:title\" content=\"Multan a \u00abespeculadores\u00bb de productos primera necesidad en RD - Minuto Cero RD\" \/>\n<meta property=\"og:description\" content=\"SANTO DOMINGO.- \u00a0El Instituto Nacional de Protecci\u00f3n de los Derechos del Consumidor (Pro Consumidor) inform\u00f3 este domingo que comenz\u00f3 a sancionar con multas a comerciantes por incurrir en \u00abactos especulativos\u00bb con los precios de productos de la canasta familiar. Indic\u00f3 en nota de prensa que estas sanciones ser\u00e1n recurrentes mientras esos comercios est\u00e9n haciendo uso [&hellip;]\" \/>\n<meta property=\"og:url\" content=\"http:\/\/minutocerord.com\/?p=5236\" \/>\n<meta property=\"og:site_name\" content=\"Minuto Cero RD\" \/>\n<meta property=\"article:publisher\" content=\"https:\/\/www.facebook.com\/Genofnotes\" \/>\n<meta property=\"article:author\" content=\"https:\/\/www.facebook.com\/Genofnotes\" \/>\n<meta property=\"article:published_time\" content=\"2021-08-02T17:45:18+00:00\" \/>\n<meta property=\"article:modified_time\" content=\"2021-08-02T17:45:25+00:00\" \/>\n<meta property=\"og:image\" content=\"https:\/\/i0.wp.com\/minutocerord.com\/wp-content\/uploads\/2021\/08\/Inspectura-de-Pro-Consumidor-durante-un-operativo..jpg?fit=768%2C461\" \/>\n\t<meta property=\"og:image:width\" content=\"768\" \/>\n\t<meta property=\"og:image:height\" content=\"461\" \/>\n\t<meta property=\"og:image:type\" content=\"image\/jpeg\" \/>\n<meta name=\"author\" content=\"Genof\u00f3ntes Urb\u00e1ez\" \/>\n<meta name=\"twitter:card\" content=\"summary_large_image\" \/>\n<meta name=\"twitter:label1\" content=\"Written by\" \/>\n\t<meta name=\"twitter:data1\" content=\"Genof\u00f3ntes Urb\u00e1ez\" \/>\n\t<meta name=\"twitter:label2\" content=\"Est. reading time\" \/>\n\t<meta name=\"twitter:data2\" content=\"1 minuto\" \/>\n<script type=\"application\/ld+json\" class=\"yoast-schema-graph\">{\"@context\":\"https:\\\/\\\/schema.org\",\"@graph\":[{\"@type\":\"Article\",\"@id\":\"http:\\\/\\\/minutocerord.com\\\/?p=5236#article\",\"isPartOf\":{\"@id\":\"http:\\\/\\\/minutocerord.com\\\/?p=5236\"},\"author\":{\"name\":\"Genof\u00f3ntes Urb\u00e1ez\",\"@id\":\"https:\\\/\\\/minutocerord.com\\\/#\\\/schema\\\/person\\\/60b5372d60aaa0a5171fb6488be9aee6\"},\"headline\":\"Multan a \u00abespeculadores\u00bb de productos primera necesidad en RD\",\"datePublished\":\"2021-08-02T17:45:18+00:00\",\"dateModified\":\"2021-08-02T17:45:25+00:00\",\"mainEntityOfPage\":{\"@id\":\"http:\\\/\\\/minutocerord.com\\\/?p=5236\"},\"wordCount\":253,\"commentCount\":0,\"publisher\":{\"@id\":\"https:\\\/\\\/minutocerord.com\\\/#\\\/schema\\\/person\\\/60b5372d60aaa0a5171fb6488be9aee6\"},\"image\":{\"@id\":\"http:\\\/\\\/minutocerord.com\\\/?p=5236#primaryimage\"},\"thumbnailUrl\":\"https:\\\/\\\/i0.wp.com\\\/minutocerord.com\\\/wp-content\\\/uploads\\\/2021\\\/08\\\/Inspectura-de-Pro-Consumidor-durante-un-operativo..jpg?fit=768%2C461&ssl=1\",\"articleSection\":[\"Econ\u00f3micas\"],\"inLanguage\":\"es-DO\",\"potentialAction\":[{\"@type\":\"CommentAction\",\"name\":\"Comment\",\"target\":[\"http:\\\/\\\/minutocerord.com\\\/?p=5236#respond\"]}]},{\"@type\":\"WebPage\",\"@id\":\"http:\\\/\\\/minutocerord.com\\\/?p=5236\",\"url\":\"http:\\\/\\\/minutocerord.com\\\/?p=5236\",\"name\":\"Multan a \u00abespeculadores\u00bb de productos primera necesidad en RD - Minuto Cero RD\",\"isPartOf\":{\"@id\":\"https:\\\/\\\/minutocerord.com\\\/#website\"},\"primaryImageOfPage\":{\"@id\":\"http:\\\/\\\/minutocerord.com\\\/?p=5236#primaryimage\"},\"image\":{\"@id\":\"http:\\\/\\\/minutocerord.com\\\/?p=5236#primaryimage\"},\"thumbnailUrl\":\"https:\\\/\\\/i0.wp.com\\\/minutocerord.com\\\/wp-content\\\/uploads\\\/2021\\\/08\\\/Inspectura-de-Pro-Consumidor-durante-un-operativo..jpg?fit=768%2C461&ssl=1\",\"datePublished\":\"2021-08-02T17:45:18+00:00\",\"dateModified\":\"2021-08-02T17:45:25+00:00\",\"breadcrumb\":{\"@id\":\"http:\\\/\\\/minutocerord.com\\\/?p=5236#breadcrumb\"},\"inLanguage\":\"es-DO\",\"potentialAction\":[{\"@type\":\"ReadAction\",\"target\":[\"http:\\\/\\\/minutocerord.com\\\/?p=5236\"]}]},{\"@type\":\"ImageObject\",\"inLanguage\":\"es-DO\",\"@id\":\"http:\\\/\\\/minutocerord.com\\\/?p=5236#primaryimage\",\"url\":\"https:\\\/\\\/i0.wp.com\\\/minutocerord.com\\\/wp-content\\\/uploads\\\/2021\\\/08\\\/Inspectura-de-Pro-Consumidor-durante-un-operativo..jpg?fit=768%2C461&ssl=1\",\"contentUrl\":\"https:\\\/\\\/i0.wp.com\\\/minutocerord.com\\\/wp-content\\\/uploads\\\/2021\\\/08\\\/Inspectura-de-Pro-Consumidor-durante-un-operativo..jpg?fit=768%2C461&ssl=1\",\"width\":768,\"height\":461},{\"@type\":\"BreadcrumbList\",\"@id\":\"http:\\\/\\\/minutocerord.com\\\/?p=5236#breadcrumb\",\"itemListElement\":[{\"@type\":\"ListItem\",\"position\":1,\"name\":\"Home\",\"item\":\"https:\\\/\\\/minutocerord.com\\\/\"},{\"@type\":\"ListItem\",\"position\":2,\"name\":\"Multan a \u00abespeculadores\u00bb de productos primera necesidad en RD\"}]},{\"@type\":\"WebSite\",\"@id\":\"https:\\\/\\\/minutocerord.com\\\/#website\",\"url\":\"https:\\\/\\\/minutocerord.com\\\/\",\"name\":\"Minuto Cero RD\",\"description\":\"Periodismo serio y veraz\",\"publisher\":{\"@id\":\"https:\\\/\\\/minutocerord.com\\\/#\\\/schema\\\/person\\\/60b5372d60aaa0a5171fb6488be9aee6\"},\"potentialAction\":[{\"@type\":\"SearchAction\",\"target\":{\"@type\":\"EntryPoint\",\"urlTemplate\":\"https:\\\/\\\/minutocerord.com\\\/?s={search_term_string}\"},\"query-input\":{\"@type\":\"PropertyValueSpecification\",\"valueRequired\":true,\"valueName\":\"search_term_string\"}}],\"inLanguage\":\"es-DO\"},{\"@type\":[\"Person\",\"Organization\"],\"@id\":\"https:\\\/\\\/minutocerord.com\\\/#\\\/schema\\\/person\\\/60b5372d60aaa0a5171fb6488be9aee6\",\"name\":\"Genof\u00f3ntes Urb\u00e1ez\",\"image\":{\"@type\":\"ImageObject\",\"inLanguage\":\"es-DO\",\"@id\":\"https:\\\/\\\/secure.gravatar.com\\\/avatar\\\/a49ef3186a692098ac3e8a1612261e3ad70cf9e44553dff2929e67939a0ecb9d?s=96&d=identicon&r=g\",\"url\":\"https:\\\/\\\/secure.gravatar.com\\\/avatar\\\/a49ef3186a692098ac3e8a1612261e3ad70cf9e44553dff2929e67939a0ecb9d?s=96&d=identicon&r=g\",\"contentUrl\":\"https:\\\/\\\/secure.gravatar.com\\\/avatar\\\/a49ef3186a692098ac3e8a1612261e3ad70cf9e44553dff2929e67939a0ecb9d?s=96&d=identicon&r=g\",\"caption\":\"Genof\u00f3ntes Urb\u00e1ez\"},\"logo\":{\"@id\":\"https:\\\/\\\/secure.gravatar.com\\\/avatar\\\/a49ef3186a692098ac3e8a1612261e3ad70cf9e44553dff2929e67939a0ecb9d?s=96&d=identicon&r=g\"},\"description\":\"Periodista \\\/ Locutor\",\"sameAs\":[\"https:\\\/\\\/www.facebook.com\\\/Genofnotes\",\"https:\\\/\\\/www.instagram.com\\\/genofnotes\\\/\"]}]}<\/script>\n<!-- \/ Yoast SEO plugin. -->","yoast_head_json":{"title":"Multan a \u00abespeculadores\u00bb de productos primera necesidad en RD - Minuto Cero RD","robots":{"index":"index","follow":"follow","max-snippet":"max-snippet:-1","max-image-preview":"max-image-preview:large","max-video-preview":"max-video-preview:-1"},"canonical":"http:\/\/minutocerord.com\/?p=5236","og_locale":"es_ES","og_type":"article","og_title":"Multan a \u00abespeculadores\u00bb de productos primera necesidad en RD - Minuto Cero RD","og_description":"SANTO DOMINGO.- \u00a0El Instituto Nacional de Protecci\u00f3n de los Derechos del Consumidor (Pro Consumidor) inform\u00f3 este domingo que comenz\u00f3 a sancionar con multas a comerciantes por incurrir en \u00abactos especulativos\u00bb con los precios de productos de la canasta familiar. Indic\u00f3 en nota de prensa que estas sanciones ser\u00e1n recurrentes mientras esos comercios est\u00e9n haciendo uso [&hellip;]","og_url":"http:\/\/minutocerord.com\/?p=5236","og_site_name":"Minuto Cero RD","article_publisher":"https:\/\/www.facebook.com\/Genofnotes","article_author":"https:\/\/www.facebook.com\/Genofnotes","article_published_time":"2021-08-02T17:45:18+00:00","article_modified_time":"2021-08-02T17:45:25+00:00","og_image":[{"width":768,"height":461,"url":"https:\/\/i0.wp.com\/minutocerord.com\/wp-content\/uploads\/2021\/08\/Inspectura-de-Pro-Consumidor-durante-un-operativo..jpg?fit=768%2C461","type":"image\/jpeg"}],"author":"Genof\u00f3ntes Urb\u00e1ez","twitter_card":"summary_large_image","twitter_misc":{"Written by":"Genof\u00f3ntes Urb\u00e1ez","Est. reading time":"1 minuto"},"schema":{"@context":"https:\/\/schema.org","@graph":[{"@type":"Article","@id":"http:\/\/minutocerord.com\/?p=5236#article","isPartOf":{"@id":"http:\/\/minutocerord.com\/?p=5236"},"author":{"name":"Genof\u00f3ntes Urb\u00e1ez","@id":"https:\/\/minutocerord.com\/#\/schema\/person\/60b5372d60aaa0a5171fb6488be9aee6"},"headline":"Multan a \u00abespeculadores\u00bb de productos primera necesidad en RD","datePublished":"2021-08-02T17:45:18+00:00","dateModified":"2021-08-02T17:45:25+00:00","mainEntityOfPage":{"@id":"http:\/\/minutocerord.com\/?p=5236"},"wordCount":253,"commentCount":0,"publisher":{"@id":"https:\/\/minutocerord.com\/#\/schema\/person\/60b5372d60aaa0a5171fb6488be9aee6"},"image":{"@id":"http:\/\/minutocerord.com\/?p=5236#primaryimage"},"thumbnailUrl":"https:\/\/i0.wp.com\/minutocerord.com\/wp-content\/uploads\/2021\/08\/Inspectura-de-Pro-Consumidor-durante-un-operativo..jpg?fit=768%2C461&ssl=1","articleSection":["Econ\u00f3micas"],"inLanguage":"es-DO","potentialAction":[{"@type":"CommentAction","name":"Comment","target":["http:\/\/minutocerord.com\/?p=5236#respond"]}]},{"@type":"WebPage","@id":"http:\/\/minutocerord.com\/?p=5236","url":"http:\/\/minutocerord.com\/?p=5236","name":"Multan a \u00abespeculadores\u00bb de productos primera necesidad en RD - Minuto Cero RD","isPartOf":{"@id":"https:\/\/minutocerord.com\/#website"},"primaryImageOfPage":{"@id":"http:\/\/minutocerord.com\/?p=5236#primaryimage"},"image":{"@id":"http:\/\/minutocerord.com\/?p=5236#primaryimage"},"thumbnailUrl":"https:\/\/i0.wp.com\/minutocerord.com\/wp-content\/uploads\/2021\/08\/Inspectura-de-Pro-Consumidor-durante-un-operativo..jpg?fit=768%2C461&ssl=1","datePublished":"2021-08-02T17:45:18+00:00","dateModified":"2021-08-02T17:45:25+00:00","breadcrumb":{"@id":"http:\/\/minutocerord.com\/?p=5236#breadcrumb"},"inLanguage":"es-DO","potentialAction":[{"@type":"ReadAction","target":["http:\/\/minutocerord.com\/?p=5236"]}]},{"@type":"ImageObject","inLanguage":"es-DO","@id":"http:\/\/minutocerord.com\/?p=5236#primaryimage","url":"https:\/\/i0.wp.com\/minutocerord.com\/wp-content\/uploads\/2021\/08\/Inspectura-de-Pro-Consumidor-durante-un-operativo..jpg?fit=768%2C461&ssl=1","contentUrl":"https:\/\/i0.wp.com\/minutocerord.com\/wp-content\/uploads\/2021\/08\/Inspectura-de-Pro-Consumidor-durante-un-operativo..jpg?fit=768%2C461&ssl=1","width":768,"height":461},{"@type":"BreadcrumbList","@id":"http:\/\/minutocerord.com\/?p=5236#breadcrumb","itemListElement":[{"@type":"ListItem","position":1,"name":"Home","item":"https:\/\/minutocerord.com\/"},{"@type":"ListItem","position":2,"name":"Multan a \u00abespeculadores\u00bb de productos primera necesidad en RD"}]},{"@type":"WebSite","@id":"https:\/\/minutocerord.com\/#website","url":"https:\/\/minutocerord.com\/","name":"Minuto Cero RD","description":"Periodismo serio y veraz","publisher":{"@id":"https:\/\/minutocerord.com\/#\/schema\/person\/60b5372d60aaa0a5171fb6488be9aee6"},"potentialAction":[{"@type":"SearchAction","target":{"@type":"EntryPoint","urlTemplate":"https:\/\/minutocerord.com\/?s={search_term_string}"},"query-input":{"@type":"PropertyValueSpecification","valueRequired":true,"valueName":"search_term_string"}}],"inLanguage":"es-DO"},{"@type":["Person","Organization"],"@id":"https:\/\/minutocerord.com\/#\/schema\/person\/60b5372d60aaa0a5171fb6488be9aee6","name":"Genof\u00f3ntes Urb\u00e1ez","image":{"@type":"ImageObject","inLanguage":"es-DO","@id":"https:\/\/secure.gravatar.com\/avatar\/a49ef3186a692098ac3e8a1612261e3ad70cf9e44553dff2929e67939a0ecb9d?s=96&d=identicon&r=g","url":"https:\/\/secure.gravatar.com\/avatar\/a49ef3186a692098ac3e8a1612261e3ad70cf9e44553dff2929e67939a0ecb9d?s=96&d=identicon&r=g","contentUrl":"https:\/\/secure.gravatar.com\/avatar\/a49ef3186a692098ac3e8a1612261e3ad70cf9e44553dff2929e67939a0ecb9d?s=96&d=identicon&r=g","caption":"Genof\u00f3ntes Urb\u00e1ez"},"logo":{"@id":"https:\/\/secure.gravatar.com\/avatar\/a49ef3186a692098ac3e8a1612261e3ad70cf9e44553dff2929e67939a0ecb9d?s=96&d=identicon&r=g"},"description":"Periodista \/ Locutor","sameAs":["https:\/\/www.facebook.com\/Genofnotes","https:\/\/www.instagram.com\/genofnotes\/"]}]}},"jetpack_publicize_connections":[],"jetpack_featured_media_url":"https:\/\/i0.wp.com\/minutocerord.com\/wp-content\/uploads\/2021\/08\/Inspectura-de-Pro-Consumidor-durante-un-operativo..jpg?fit=768%2C461&ssl=1","jetpack-related-posts":[],"jetpack_sharing_enabled":true,"_links":{"self":[{"href":"https:\/\/minutocerord.com\/index.php?rest_route=\/wp\/v2\/posts\/5236","targetHints":{"allow":["GET"]}}],"collection":[{"href":"https:\/\/minutocerord.com\/index.php?rest_route=\/wp\/v2\/posts"}],"about":[{"href":"https:\/\/minutocerord.com\/index.php?rest_route=\/wp\/v2\/types\/post"}],"author":[{"embeddable":true,"href":"https:\/\/minutocerord.com\/index.php?rest_route=\/wp\/v2\/users\/1"}],"replies":[{"embeddable":true,"href":"https:\/\/minutocerord.com\/index.php?rest_route=%2Fwp%2Fv2%2Fcomments&post=5236"}],"version-history":[{"count":1,"href":"https:\/\/minutocerord.com\/index.php?rest_route=\/wp\/v2\/posts\/5236\/revisions"}],"predecessor-version":[{"id":5238,"href":"https:\/\/minutocerord.com\/index.php?rest_route=\/wp\/v2\/posts\/5236\/revisions\/5238"}],"wp:featuredmedia":[{"embeddable":true,"href":"https:\/\/minutocerord.com\/index.php?rest_route=\/wp\/v2\/media\/5237"}],"wp:attachment":[{"href":"https:\/\/minutocerord.com\/index.php?rest_route=%2Fwp%2Fv2%2Fmedia&parent=5236"}],"wp:term":[{"taxonomy":"category","embeddable":true,"href":"https:\/\/minutocerord.com\/index.php?rest_route=%2Fwp%2Fv2%2Fcategories&post=5236"},{"taxonomy":"post_tag","embeddable":true,"href":"https:\/\/minutocerord.com\/index.php?rest_route=%2Fwp%2Fv2%2Ftags&post=5236"}],"curies":[{"name":"wp","href":"https:\/\/api.w.org\/{rel}","templated":true}]}}