{"id":5239,"date":"2021-08-02T14:02:31","date_gmt":"2021-08-02T18:02:31","guid":{"rendered":"https:\/\/minutocerord.com\/?p=5239"},"modified":"2021-08-02T14:02:37","modified_gmt":"2021-08-02T18:02:37","slug":"gobierno-pagara-al-precio-actual-del-mercado-cerdos-sean-sacrificados","status":"publish","type":"post","link":"https:\/\/minutocerord.com\/?p=5239","title":{"rendered":"Gobierno pagar\u00e1 al precio actual del mercado cerdos sean sacrificados"},"content":{"rendered":"\n<p><strong>COTUI. \u2013<\/strong> La Comisi\u00f3n Oficial para el Control y Erradicaci\u00f3n de Brotes de la Peste Porcina Africana inform\u00f3 que el Gobierno pagar\u00e1 al precio actual del mercado los cerdos que sean sacrificados en esta demarcaci\u00f3n, a fin de que los productores no sean afectados econ\u00f3micamente.<\/p>\n\n\n\n<p>Los pagos se realizar\u00e1n a trav\u00e9s del Banco Agr\u00edcola en un plazo de 12 a 15 d\u00edas.<\/p>\n\n\n\n<p>Un equipo encabezado por un m\u00e9dico veterinario del Departamento de Sanidad Animal del Ministerio de Agricultura, un perito del Banco Agr\u00edcola, auxiliar, obreros y miembros de la seguridad nacional visitar\u00e1n cada zona a intervenir para garantizar que los porcicultores reciban toda la ayuda del Gobierno ante el brote de la PPA.<\/p>\n\n\n\n<p>Acatando las recomendaciones de organismos internacionales para erradicar la peligrosa enfermedad, que provoca la muerte de los cerdos en casi el cien por ciento de los casos, las autoridades gubernamentales, agropecuarias, castrenses y de socorro solicitaron el apoyo de los porcicultores para evitar la propagaci\u00f3n del virus hacia otros puntos del pa\u00eds.<\/p>\n\n\n\n<p>La PPA no tiene cura, ni existen vacunas para prevenirla y es altamente contagiosa, por lo que se establece el sacrificio de los animales en los focos de contagio detectados para evitar la propagaci\u00f3n.<\/p>\n\n\n\n<p>Este domingo fueron identificados cuatro importantes focos en Cevicos, Fantino, Villa la Mata y Quita Sue\u00f1o, en donde se intervienen unos 14,135 porcinos criados en traspatio sin ning\u00fan registro de control sanitario, que podr\u00edan estar afectados.<\/p>\n\n\n\n<p>Las labores de contingencia contin\u00faan desarroll\u00e1ndose en toda la provincia, y de manera preventiva en las localidades cercanas.<\/p>\n","protected":false},"excerpt":{"rendered":"<p>COTUI. \u2013 La Comisi\u00f3n Oficial para el Control y Erradicaci\u00f3n de Brotes de la Peste Porcina Africana inform\u00f3 que el Gobierno pagar\u00e1 al precio actual del mercado los cerdos que sean sacrificados en esta demarcaci\u00f3n, a fin de que los productores no sean afectados econ\u00f3micamente. Los pagos se realizar\u00e1n a trav\u00e9s del Banco Agr\u00edcola en [&hellip;]<\/p>\n","protected":false},"author":1,"featured_media":5240,"comment_status":"open","ping_status":"open","sticky":false,"template":"","format":"standard","meta":{"nf_dc_page":"","jetpack_post_was_ever_published":false,"_jetpack_newsletter_access":"","_jetpack_dont_email_post_to_subs":false,"_jetpack_newsletter_tier_id":0,"_jetpack_memberships_contains_paywalled_content":false,"_jetpack_memberships_contains_paid_content":false,"footnotes":"","jetpack_publicize_message":"","jetpack_publicize_feature_enabled":true,"jetpack_social_post_already_shared":false,"jetpack_social_options":{"image_generator_settings":{"template":"highway","default_image_id":0,"font":"","enabled":false},"version":2}},"categories":[74],"tags":[],"class_list":["post-5239","post","type-post","status-publish","format-standard","has-post-thumbnail","hentry","category-economicas"],"yoast_head":"<!-- This site is optimized with the Yoast SEO plugin v27.5 - https:\/\/yoast.com\/product\/yoast-seo-wordpress\/ -->\n<title>Gobierno pagar\u00e1 al precio actual del mercado cerdos sean sacrificados - Minuto Cero RD<\/title>\n<meta name=\"robots\" content=\"index, follow, max-snippet:-1, max-image-preview:large, max-video-preview:-1\" \/>\n<link rel=\"canonical\" href=\"http:\/\/minutocerord.com\/?p=5239\" \/>\n<meta property=\"og:locale\" content=\"es_ES\" \/>\n<meta property=\"og:type\" content=\"article\" \/>\n<meta property=\"og:title\" content=\"Gobierno pagar\u00e1 al precio actual del mercado cerdos sean sacrificados - Minuto Cero RD\" \/>\n<meta property=\"og:description\" content=\"COTUI. \u2013 La Comisi\u00f3n Oficial para el Control y Erradicaci\u00f3n de Brotes de la Peste Porcina Africana inform\u00f3 que el Gobierno pagar\u00e1 al precio actual del mercado los cerdos que sean sacrificados en esta demarcaci\u00f3n, a fin de que los productores no sean afectados econ\u00f3micamente. Los pagos se realizar\u00e1n a trav\u00e9s del Banco Agr\u00edcola en [&hellip;]\" \/>\n<meta property=\"og:url\" content=\"http:\/\/minutocerord.com\/?p=5239\" \/>\n<meta property=\"og:site_name\" content=\"Minuto Cero RD\" \/>\n<meta property=\"article:publisher\" content=\"https:\/\/www.facebook.com\/Genofnotes\" \/>\n<meta property=\"article:author\" content=\"https:\/\/www.facebook.com\/Genofnotes\" \/>\n<meta property=\"article:published_time\" content=\"2021-08-02T18:02:31+00:00\" \/>\n<meta property=\"article:modified_time\" content=\"2021-08-02T18:02:37+00:00\" \/>\n<meta property=\"og:image\" content=\"https:\/\/i0.wp.com\/minutocerord.com\/wp-content\/uploads\/2021\/08\/sacri.jpg?fit=619%2C362\" \/>\n\t<meta property=\"og:image:width\" content=\"619\" \/>\n\t<meta property=\"og:image:height\" content=\"362\" \/>\n\t<meta property=\"og:image:type\" content=\"image\/jpeg\" \/>\n<meta name=\"author\" content=\"Genof\u00f3ntes Urb\u00e1ez\" \/>\n<meta name=\"twitter:card\" content=\"summary_large_image\" \/>\n<meta name=\"twitter:label1\" content=\"Written by\" \/>\n\t<meta name=\"twitter:data1\" content=\"Genof\u00f3ntes Urb\u00e1ez\" \/>\n\t<meta name=\"twitter:label2\" content=\"Est. reading time\" \/>\n\t<meta name=\"twitter:data2\" content=\"2 minutos\" \/>\n<script type=\"application\/ld+json\" class=\"yoast-schema-graph\">{\"@context\":\"https:\\\/\\\/schema.org\",\"@graph\":[{\"@type\":\"Article\",\"@id\":\"http:\\\/\\\/minutocerord.com\\\/?p=5239#article\",\"isPartOf\":{\"@id\":\"http:\\\/\\\/minutocerord.com\\\/?p=5239\"},\"author\":{\"name\":\"Genof\u00f3ntes Urb\u00e1ez\",\"@id\":\"https:\\\/\\\/minutocerord.com\\\/#\\\/schema\\\/person\\\/60b5372d60aaa0a5171fb6488be9aee6\"},\"headline\":\"Gobierno pagar\u00e1 al precio actual del mercado cerdos sean sacrificados\",\"datePublished\":\"2021-08-02T18:02:31+00:00\",\"dateModified\":\"2021-08-02T18:02:37+00:00\",\"mainEntityOfPage\":{\"@id\":\"http:\\\/\\\/minutocerord.com\\\/?p=5239\"},\"wordCount\":278,\"commentCount\":0,\"publisher\":{\"@id\":\"https:\\\/\\\/minutocerord.com\\\/#\\\/schema\\\/person\\\/60b5372d60aaa0a5171fb6488be9aee6\"},\"image\":{\"@id\":\"http:\\\/\\\/minutocerord.com\\\/?p=5239#primaryimage\"},\"thumbnailUrl\":\"https:\\\/\\\/i0.wp.com\\\/minutocerord.com\\\/wp-content\\\/uploads\\\/2021\\\/08\\\/sacri.jpg?fit=619%2C362&ssl=1\",\"articleSection\":[\"Econ\u00f3micas\"],\"inLanguage\":\"es-DO\",\"potentialAction\":[{\"@type\":\"CommentAction\",\"name\":\"Comment\",\"target\":[\"http:\\\/\\\/minutocerord.com\\\/?p=5239#respond\"]}]},{\"@type\":\"WebPage\",\"@id\":\"http:\\\/\\\/minutocerord.com\\\/?p=5239\",\"url\":\"http:\\\/\\\/minutocerord.com\\\/?p=5239\",\"name\":\"Gobierno pagar\u00e1 al precio actual del mercado cerdos sean sacrificados - Minuto Cero RD\",\"isPartOf\":{\"@id\":\"https:\\\/\\\/minutocerord.com\\\/#website\"},\"primaryImageOfPage\":{\"@id\":\"http:\\\/\\\/minutocerord.com\\\/?p=5239#primaryimage\"},\"image\":{\"@id\":\"http:\\\/\\\/minutocerord.com\\\/?p=5239#primaryimage\"},\"thumbnailUrl\":\"https:\\\/\\\/i0.wp.com\\\/minutocerord.com\\\/wp-content\\\/uploads\\\/2021\\\/08\\\/sacri.jpg?fit=619%2C362&ssl=1\",\"datePublished\":\"2021-08-02T18:02:31+00:00\",\"dateModified\":\"2021-08-02T18:02:37+00:00\",\"breadcrumb\":{\"@id\":\"http:\\\/\\\/minutocerord.com\\\/?p=5239#breadcrumb\"},\"inLanguage\":\"es-DO\",\"potentialAction\":[{\"@type\":\"ReadAction\",\"target\":[\"http:\\\/\\\/minutocerord.com\\\/?p=5239\"]}]},{\"@type\":\"ImageObject\",\"inLanguage\":\"es-DO\",\"@id\":\"http:\\\/\\\/minutocerord.com\\\/?p=5239#primaryimage\",\"url\":\"https:\\\/\\\/i0.wp.com\\\/minutocerord.com\\\/wp-content\\\/uploads\\\/2021\\\/08\\\/sacri.jpg?fit=619%2C362&ssl=1\",\"contentUrl\":\"https:\\\/\\\/i0.wp.com\\\/minutocerord.com\\\/wp-content\\\/uploads\\\/2021\\\/08\\\/sacri.jpg?fit=619%2C362&ssl=1\",\"width\":619,\"height\":362},{\"@type\":\"BreadcrumbList\",\"@id\":\"http:\\\/\\\/minutocerord.com\\\/?p=5239#breadcrumb\",\"itemListElement\":[{\"@type\":\"ListItem\",\"position\":1,\"name\":\"Home\",\"item\":\"https:\\\/\\\/minutocerord.com\\\/\"},{\"@type\":\"ListItem\",\"position\":2,\"name\":\"Gobierno pagar\u00e1 al precio actual del mercado cerdos sean sacrificados\"}]},{\"@type\":\"WebSite\",\"@id\":\"https:\\\/\\\/minutocerord.com\\\/#website\",\"url\":\"https:\\\/\\\/minutocerord.com\\\/\",\"name\":\"Minuto Cero RD\",\"description\":\"Periodismo serio y veraz\",\"publisher\":{\"@id\":\"https:\\\/\\\/minutocerord.com\\\/#\\\/schema\\\/person\\\/60b5372d60aaa0a5171fb6488be9aee6\"},\"potentialAction\":[{\"@type\":\"SearchAction\",\"target\":{\"@type\":\"EntryPoint\",\"urlTemplate\":\"https:\\\/\\\/minutocerord.com\\\/?s={search_term_string}\"},\"query-input\":{\"@type\":\"PropertyValueSpecification\",\"valueRequired\":true,\"valueName\":\"search_term_string\"}}],\"inLanguage\":\"es-DO\"},{\"@type\":[\"Person\",\"Organization\"],\"@id\":\"https:\\\/\\\/minutocerord.com\\\/#\\\/schema\\\/person\\\/60b5372d60aaa0a5171fb6488be9aee6\",\"name\":\"Genof\u00f3ntes Urb\u00e1ez\",\"image\":{\"@type\":\"ImageObject\",\"inLanguage\":\"es-DO\",\"@id\":\"https:\\\/\\\/secure.gravatar.com\\\/avatar\\\/a49ef3186a692098ac3e8a1612261e3ad70cf9e44553dff2929e67939a0ecb9d?s=96&d=identicon&r=g\",\"url\":\"https:\\\/\\\/secure.gravatar.com\\\/avatar\\\/a49ef3186a692098ac3e8a1612261e3ad70cf9e44553dff2929e67939a0ecb9d?s=96&d=identicon&r=g\",\"contentUrl\":\"https:\\\/\\\/secure.gravatar.com\\\/avatar\\\/a49ef3186a692098ac3e8a1612261e3ad70cf9e44553dff2929e67939a0ecb9d?s=96&d=identicon&r=g\",\"caption\":\"Genof\u00f3ntes Urb\u00e1ez\"},\"logo\":{\"@id\":\"https:\\\/\\\/secure.gravatar.com\\\/avatar\\\/a49ef3186a692098ac3e8a1612261e3ad70cf9e44553dff2929e67939a0ecb9d?s=96&d=identicon&r=g\"},\"description\":\"Periodista \\\/ Locutor\",\"sameAs\":[\"https:\\\/\\\/www.facebook.com\\\/Genofnotes\",\"https:\\\/\\\/www.instagram.com\\\/genofnotes\\\/\"]}]}<\/script>\n<!-- \/ Yoast SEO plugin. -->","yoast_head_json":{"title":"Gobierno pagar\u00e1 al precio actual del mercado cerdos sean sacrificados - Minuto Cero RD","robots":{"index":"index","follow":"follow","max-snippet":"max-snippet:-1","max-image-preview":"max-image-preview:large","max-video-preview":"max-video-preview:-1"},"canonical":"http:\/\/minutocerord.com\/?p=5239","og_locale":"es_ES","og_type":"article","og_title":"Gobierno pagar\u00e1 al precio actual del mercado cerdos sean sacrificados - Minuto Cero RD","og_description":"COTUI. \u2013 La Comisi\u00f3n Oficial para el Control y Erradicaci\u00f3n de Brotes de la Peste Porcina Africana inform\u00f3 que el Gobierno pagar\u00e1 al precio actual del mercado los cerdos que sean sacrificados en esta demarcaci\u00f3n, a fin de que los productores no sean afectados econ\u00f3micamente. Los pagos se realizar\u00e1n a trav\u00e9s del Banco Agr\u00edcola en [&hellip;]","og_url":"http:\/\/minutocerord.com\/?p=5239","og_site_name":"Minuto Cero RD","article_publisher":"https:\/\/www.facebook.com\/Genofnotes","article_author":"https:\/\/www.facebook.com\/Genofnotes","article_published_time":"2021-08-02T18:02:31+00:00","article_modified_time":"2021-08-02T18:02:37+00:00","og_image":[{"width":619,"height":362,"url":"https:\/\/i0.wp.com\/minutocerord.com\/wp-content\/uploads\/2021\/08\/sacri.jpg?fit=619%2C362","type":"image\/jpeg"}],"author":"Genof\u00f3ntes Urb\u00e1ez","twitter_card":"summary_large_image","twitter_misc":{"Written by":"Genof\u00f3ntes Urb\u00e1ez","Est. reading time":"2 minutos"},"schema":{"@context":"https:\/\/schema.org","@graph":[{"@type":"Article","@id":"http:\/\/minutocerord.com\/?p=5239#article","isPartOf":{"@id":"http:\/\/minutocerord.com\/?p=5239"},"author":{"name":"Genof\u00f3ntes Urb\u00e1ez","@id":"https:\/\/minutocerord.com\/#\/schema\/person\/60b5372d60aaa0a5171fb6488be9aee6"},"headline":"Gobierno pagar\u00e1 al precio actual del mercado cerdos sean sacrificados","datePublished":"2021-08-02T18:02:31+00:00","dateModified":"2021-08-02T18:02:37+00:00","mainEntityOfPage":{"@id":"http:\/\/minutocerord.com\/?p=5239"},"wordCount":278,"commentCount":0,"publisher":{"@id":"https:\/\/minutocerord.com\/#\/schema\/person\/60b5372d60aaa0a5171fb6488be9aee6"},"image":{"@id":"http:\/\/minutocerord.com\/?p=5239#primaryimage"},"thumbnailUrl":"https:\/\/i0.wp.com\/minutocerord.com\/wp-content\/uploads\/2021\/08\/sacri.jpg?fit=619%2C362&ssl=1","articleSection":["Econ\u00f3micas"],"inLanguage":"es-DO","potentialAction":[{"@type":"CommentAction","name":"Comment","target":["http:\/\/minutocerord.com\/?p=5239#respond"]}]},{"@type":"WebPage","@id":"http:\/\/minutocerord.com\/?p=5239","url":"http:\/\/minutocerord.com\/?p=5239","name":"Gobierno pagar\u00e1 al precio actual del mercado cerdos sean sacrificados - Minuto Cero RD","isPartOf":{"@id":"https:\/\/minutocerord.com\/#website"},"primaryImageOfPage":{"@id":"http:\/\/minutocerord.com\/?p=5239#primaryimage"},"image":{"@id":"http:\/\/minutocerord.com\/?p=5239#primaryimage"},"thumbnailUrl":"https:\/\/i0.wp.com\/minutocerord.com\/wp-content\/uploads\/2021\/08\/sacri.jpg?fit=619%2C362&ssl=1","datePublished":"2021-08-02T18:02:31+00:00","dateModified":"2021-08-02T18:02:37+00:00","breadcrumb":{"@id":"http:\/\/minutocerord.com\/?p=5239#breadcrumb"},"inLanguage":"es-DO","potentialAction":[{"@type":"ReadAction","target":["http:\/\/minutocerord.com\/?p=5239"]}]},{"@type":"ImageObject","inLanguage":"es-DO","@id":"http:\/\/minutocerord.com\/?p=5239#primaryimage","url":"https:\/\/i0.wp.com\/minutocerord.com\/wp-content\/uploads\/2021\/08\/sacri.jpg?fit=619%2C362&ssl=1","contentUrl":"https:\/\/i0.wp.com\/minutocerord.com\/wp-content\/uploads\/2021\/08\/sacri.jpg?fit=619%2C362&ssl=1","width":619,"height":362},{"@type":"BreadcrumbList","@id":"http:\/\/minutocerord.com\/?p=5239#breadcrumb","itemListElement":[{"@type":"ListItem","position":1,"name":"Home","item":"https:\/\/minutocerord.com\/"},{"@type":"ListItem","position":2,"name":"Gobierno pagar\u00e1 al precio actual del mercado cerdos sean sacrificados"}]},{"@type":"WebSite","@id":"https:\/\/minutocerord.com\/#website","url":"https:\/\/minutocerord.com\/","name":"Minuto Cero RD","description":"Periodismo serio y veraz","publisher":{"@id":"https:\/\/minutocerord.com\/#\/schema\/person\/60b5372d60aaa0a5171fb6488be9aee6"},"potentialAction":[{"@type":"SearchAction","target":{"@type":"EntryPoint","urlTemplate":"https:\/\/minutocerord.com\/?s={search_term_string}"},"query-input":{"@type":"PropertyValueSpecification","valueRequired":true,"valueName":"search_term_string"}}],"inLanguage":"es-DO"},{"@type":["Person","Organization"],"@id":"https:\/\/minutocerord.com\/#\/schema\/person\/60b5372d60aaa0a5171fb6488be9aee6","name":"Genof\u00f3ntes Urb\u00e1ez","image":{"@type":"ImageObject","inLanguage":"es-DO","@id":"https:\/\/secure.gravatar.com\/avatar\/a49ef3186a692098ac3e8a1612261e3ad70cf9e44553dff2929e67939a0ecb9d?s=96&d=identicon&r=g","url":"https:\/\/secure.gravatar.com\/avatar\/a49ef3186a692098ac3e8a1612261e3ad70cf9e44553dff2929e67939a0ecb9d?s=96&d=identicon&r=g","contentUrl":"https:\/\/secure.gravatar.com\/avatar\/a49ef3186a692098ac3e8a1612261e3ad70cf9e44553dff2929e67939a0ecb9d?s=96&d=identicon&r=g","caption":"Genof\u00f3ntes Urb\u00e1ez"},"logo":{"@id":"https:\/\/secure.gravatar.com\/avatar\/a49ef3186a692098ac3e8a1612261e3ad70cf9e44553dff2929e67939a0ecb9d?s=96&d=identicon&r=g"},"description":"Periodista \/ Locutor","sameAs":["https:\/\/www.facebook.com\/Genofnotes","https:\/\/www.instagram.com\/genofnotes\/"]}]}},"jetpack_publicize_connections":[],"jetpack_featured_media_url":"https:\/\/i0.wp.com\/minutocerord.com\/wp-content\/uploads\/2021\/08\/sacri.jpg?fit=619%2C362&ssl=1","jetpack-related-posts":[],"jetpack_sharing_enabled":true,"_links":{"self":[{"href":"https:\/\/minutocerord.com\/index.php?rest_route=\/wp\/v2\/posts\/5239","targetHints":{"allow":["GET"]}}],"collection":[{"href":"https:\/\/minutocerord.com\/index.php?rest_route=\/wp\/v2\/posts"}],"about":[{"href":"https:\/\/minutocerord.com\/index.php?rest_route=\/wp\/v2\/types\/post"}],"author":[{"embeddable":true,"href":"https:\/\/minutocerord.com\/index.php?rest_route=\/wp\/v2\/users\/1"}],"replies":[{"embeddable":true,"href":"https:\/\/minutocerord.com\/index.php?rest_route=%2Fwp%2Fv2%2Fcomments&post=5239"}],"version-history":[{"count":1,"href":"https:\/\/minutocerord.com\/index.php?rest_route=\/wp\/v2\/posts\/5239\/revisions"}],"predecessor-version":[{"id":5241,"href":"https:\/\/minutocerord.com\/index.php?rest_route=\/wp\/v2\/posts\/5239\/revisions\/5241"}],"wp:featuredmedia":[{"embeddable":true,"href":"https:\/\/minutocerord.com\/index.php?rest_route=\/wp\/v2\/media\/5240"}],"wp:attachment":[{"href":"https:\/\/minutocerord.com\/index.php?rest_route=%2Fwp%2Fv2%2Fmedia&parent=5239"}],"wp:term":[{"taxonomy":"category","embeddable":true,"href":"https:\/\/minutocerord.com\/index.php?rest_route=%2Fwp%2Fv2%2Fcategories&post=5239"},{"taxonomy":"post_tag","embeddable":true,"href":"https:\/\/minutocerord.com\/index.php?rest_route=%2Fwp%2Fv2%2Ftags&post=5239"}],"curies":[{"name":"wp","href":"https:\/\/api.w.org\/{rel}","templated":true}]}}