{"id":5245,"date":"2021-08-02T14:07:27","date_gmt":"2021-08-02T18:07:27","guid":{"rendered":"https:\/\/minutocerord.com\/?p=5245"},"modified":"2021-08-02T14:08:15","modified_gmt":"2021-08-02T18:08:15","slug":"detectan-peste-porcina-africana-en-11-de-las-32-provincias-de-r-dominicana","status":"publish","type":"post","link":"https:\/\/minutocerord.com\/?p=5245","title":{"rendered":"Detectan peste porcina africana en 11 de las 32 provincias de R. Dominicana"},"content":{"rendered":"\n<p><strong>SANTO DOMINGO.-<\/strong> La peste porcina africana ha sido detectada en once de las 32 provincias del pa\u00eds, revel\u00f3 este lunes el ministro de Agricultura, Limbert Cruz.<\/p>\n\n\n\n<p>Hasta el momento solo se hab\u00eda confirmado la enfermedad en S\u00e1nchez Ram\u00edrez y Montecristi, pero ya est\u00e1 presente en otras nueve demarcaciones, entre ellas el Distrito Nacional, indic\u00f3 Cruz en rueda de prensa.<\/p>\n\n\n\n<p>Dijo que tras los nuevos resultados, la Comisi\u00f3n Oficial para el Control y Erradicaci\u00f3n de brotes de la Peste Porcina Africana activ\u00f3 inmediatamente en esos lugares el protocolo para el aislamiento del virus.<\/p>\n\n\n\n<p>La comisi\u00f3n dispuso el pasado viernes el sacrificio de 17.000 cerdos en la provincia S\u00e1nchez Ram\u00edrez, con el prop\u00f3sito de enfrentar la enfermedad que afecta a esos animales.<\/p>\n\n\n\n<p>Por otro lado, Agricultura inform\u00f3 este lunes que Estados Unidos, la FAO, el Instituto Interamericano de Cooperaci\u00f3n para la Agricultura (IICA) y el Organismo Internacional Regional de Sanidad Agropecuaria (Oirsa) est\u00e1n brindando apoyo t\u00e9cnico y econ\u00f3mico para contrarrestar la situaci\u00f3n.<\/p>\n\n\n\n<p>\u00abEl Gobierno dominicano est\u00e1 aplicando todas las recomendaciones que norman los organismos internacionales para contener el avance de la peste porcina implementando las regulaciones que nos manda la situaci\u00f3n sanitaria existente\u00bb, agreg\u00f3 Cruz.<\/p>\n","protected":false},"excerpt":{"rendered":"<p>SANTO DOMINGO.- La peste porcina africana ha sido detectada en once de las 32 provincias del pa\u00eds, revel\u00f3 este lunes el ministro de Agricultura, Limbert Cruz. Hasta el momento solo se hab\u00eda confirmado la enfermedad en S\u00e1nchez Ram\u00edrez y Montecristi, pero ya est\u00e1 presente en otras nueve demarcaciones, entre ellas el Distrito Nacional, indic\u00f3 Cruz [&hellip;]<\/p>\n","protected":false},"author":1,"featured_media":5247,"comment_status":"open","ping_status":"open","sticky":false,"template":"","format":"standard","meta":{"nf_dc_page":"","jetpack_post_was_ever_published":false,"_jetpack_newsletter_access":"","_jetpack_dont_email_post_to_subs":false,"_jetpack_newsletter_tier_id":0,"_jetpack_memberships_contains_paywalled_content":false,"_jetpack_memberships_contains_paid_content":false,"footnotes":"","jetpack_publicize_message":"","jetpack_publicize_feature_enabled":true,"jetpack_social_post_already_shared":false,"jetpack_social_options":{"image_generator_settings":{"template":"highway","default_image_id":0,"font":"","enabled":false},"version":2}},"categories":[91],"tags":[],"class_list":["post-5245","post","type-post","status-publish","format-standard","has-post-thumbnail","hentry","category-provincia"],"yoast_head":"<!-- This site is optimized with the Yoast SEO plugin v27.4 - https:\/\/yoast.com\/product\/yoast-seo-wordpress\/ -->\n<title>Detectan peste porcina africana en 11 de las 32 provincias de R. Dominicana - Minuto Cero RD<\/title>\n<meta name=\"robots\" content=\"index, follow, max-snippet:-1, max-image-preview:large, max-video-preview:-1\" \/>\n<link rel=\"canonical\" href=\"http:\/\/minutocerord.com\/?p=5245\" \/>\n<meta property=\"og:locale\" content=\"es_ES\" \/>\n<meta property=\"og:type\" content=\"article\" \/>\n<meta property=\"og:title\" content=\"Detectan peste porcina africana en 11 de las 32 provincias de R. Dominicana - Minuto Cero RD\" \/>\n<meta property=\"og:description\" content=\"SANTO DOMINGO.- La peste porcina africana ha sido detectada en once de las 32 provincias del pa\u00eds, revel\u00f3 este lunes el ministro de Agricultura, Limbert Cruz. Hasta el momento solo se hab\u00eda confirmado la enfermedad en S\u00e1nchez Ram\u00edrez y Montecristi, pero ya est\u00e1 presente en otras nueve demarcaciones, entre ellas el Distrito Nacional, indic\u00f3 Cruz [&hellip;]\" \/>\n<meta property=\"og:url\" content=\"http:\/\/minutocerord.com\/?p=5245\" \/>\n<meta property=\"og:site_name\" content=\"Minuto Cero RD\" \/>\n<meta property=\"article:publisher\" content=\"https:\/\/www.facebook.com\/Genofnotes\" \/>\n<meta property=\"article:author\" content=\"https:\/\/www.facebook.com\/Genofnotes\" \/>\n<meta property=\"article:published_time\" content=\"2021-08-02T18:07:27+00:00\" \/>\n<meta property=\"article:modified_time\" content=\"2021-08-02T18:08:15+00:00\" \/>\n<meta property=\"og:image\" content=\"https:\/\/i0.wp.com\/minutocerord.com\/wp-content\/uploads\/2021\/08\/cerdos.jpg?fit=525%2C290\" \/>\n\t<meta property=\"og:image:width\" content=\"525\" \/>\n\t<meta property=\"og:image:height\" content=\"290\" \/>\n\t<meta property=\"og:image:type\" content=\"image\/jpeg\" \/>\n<meta name=\"author\" content=\"Genof\u00f3ntes Urb\u00e1ez\" \/>\n<meta name=\"twitter:card\" content=\"summary_large_image\" \/>\n<meta name=\"twitter:label1\" content=\"Written by\" \/>\n\t<meta name=\"twitter:data1\" content=\"Genof\u00f3ntes Urb\u00e1ez\" \/>\n\t<meta name=\"twitter:label2\" content=\"Est. reading time\" \/>\n\t<meta name=\"twitter:data2\" content=\"1 minuto\" \/>\n<script type=\"application\/ld+json\" class=\"yoast-schema-graph\">{\"@context\":\"https:\\\/\\\/schema.org\",\"@graph\":[{\"@type\":\"Article\",\"@id\":\"http:\\\/\\\/minutocerord.com\\\/?p=5245#article\",\"isPartOf\":{\"@id\":\"http:\\\/\\\/minutocerord.com\\\/?p=5245\"},\"author\":{\"name\":\"Genof\u00f3ntes Urb\u00e1ez\",\"@id\":\"https:\\\/\\\/minutocerord.com\\\/#\\\/schema\\\/person\\\/60b5372d60aaa0a5171fb6488be9aee6\"},\"headline\":\"Detectan peste porcina africana en 11 de las 32 provincias de R. Dominicana\",\"datePublished\":\"2021-08-02T18:07:27+00:00\",\"dateModified\":\"2021-08-02T18:08:15+00:00\",\"mainEntityOfPage\":{\"@id\":\"http:\\\/\\\/minutocerord.com\\\/?p=5245\"},\"wordCount\":219,\"commentCount\":0,\"publisher\":{\"@id\":\"https:\\\/\\\/minutocerord.com\\\/#\\\/schema\\\/person\\\/60b5372d60aaa0a5171fb6488be9aee6\"},\"image\":{\"@id\":\"http:\\\/\\\/minutocerord.com\\\/?p=5245#primaryimage\"},\"thumbnailUrl\":\"https:\\\/\\\/i0.wp.com\\\/minutocerord.com\\\/wp-content\\\/uploads\\\/2021\\\/08\\\/cerdos.jpg?fit=525%2C290&ssl=1\",\"articleSection\":[\"Provincia\"],\"inLanguage\":\"es-DO\",\"potentialAction\":[{\"@type\":\"CommentAction\",\"name\":\"Comment\",\"target\":[\"http:\\\/\\\/minutocerord.com\\\/?p=5245#respond\"]}]},{\"@type\":\"WebPage\",\"@id\":\"http:\\\/\\\/minutocerord.com\\\/?p=5245\",\"url\":\"http:\\\/\\\/minutocerord.com\\\/?p=5245\",\"name\":\"Detectan peste porcina africana en 11 de las 32 provincias de R. Dominicana - Minuto Cero RD\",\"isPartOf\":{\"@id\":\"https:\\\/\\\/minutocerord.com\\\/#website\"},\"primaryImageOfPage\":{\"@id\":\"http:\\\/\\\/minutocerord.com\\\/?p=5245#primaryimage\"},\"image\":{\"@id\":\"http:\\\/\\\/minutocerord.com\\\/?p=5245#primaryimage\"},\"thumbnailUrl\":\"https:\\\/\\\/i0.wp.com\\\/minutocerord.com\\\/wp-content\\\/uploads\\\/2021\\\/08\\\/cerdos.jpg?fit=525%2C290&ssl=1\",\"datePublished\":\"2021-08-02T18:07:27+00:00\",\"dateModified\":\"2021-08-02T18:08:15+00:00\",\"breadcrumb\":{\"@id\":\"http:\\\/\\\/minutocerord.com\\\/?p=5245#breadcrumb\"},\"inLanguage\":\"es-DO\",\"potentialAction\":[{\"@type\":\"ReadAction\",\"target\":[\"http:\\\/\\\/minutocerord.com\\\/?p=5245\"]}]},{\"@type\":\"ImageObject\",\"inLanguage\":\"es-DO\",\"@id\":\"http:\\\/\\\/minutocerord.com\\\/?p=5245#primaryimage\",\"url\":\"https:\\\/\\\/i0.wp.com\\\/minutocerord.com\\\/wp-content\\\/uploads\\\/2021\\\/08\\\/cerdos.jpg?fit=525%2C290&ssl=1\",\"contentUrl\":\"https:\\\/\\\/i0.wp.com\\\/minutocerord.com\\\/wp-content\\\/uploads\\\/2021\\\/08\\\/cerdos.jpg?fit=525%2C290&ssl=1\",\"width\":525,\"height\":290},{\"@type\":\"BreadcrumbList\",\"@id\":\"http:\\\/\\\/minutocerord.com\\\/?p=5245#breadcrumb\",\"itemListElement\":[{\"@type\":\"ListItem\",\"position\":1,\"name\":\"Home\",\"item\":\"https:\\\/\\\/minutocerord.com\\\/\"},{\"@type\":\"ListItem\",\"position\":2,\"name\":\"Detectan peste porcina africana en 11 de las 32 provincias de R. Dominicana\"}]},{\"@type\":\"WebSite\",\"@id\":\"https:\\\/\\\/minutocerord.com\\\/#website\",\"url\":\"https:\\\/\\\/minutocerord.com\\\/\",\"name\":\"Minuto Cero RD\",\"description\":\"Periodismo serio y veraz\",\"publisher\":{\"@id\":\"https:\\\/\\\/minutocerord.com\\\/#\\\/schema\\\/person\\\/60b5372d60aaa0a5171fb6488be9aee6\"},\"potentialAction\":[{\"@type\":\"SearchAction\",\"target\":{\"@type\":\"EntryPoint\",\"urlTemplate\":\"https:\\\/\\\/minutocerord.com\\\/?s={search_term_string}\"},\"query-input\":{\"@type\":\"PropertyValueSpecification\",\"valueRequired\":true,\"valueName\":\"search_term_string\"}}],\"inLanguage\":\"es-DO\"},{\"@type\":[\"Person\",\"Organization\"],\"@id\":\"https:\\\/\\\/minutocerord.com\\\/#\\\/schema\\\/person\\\/60b5372d60aaa0a5171fb6488be9aee6\",\"name\":\"Genof\u00f3ntes Urb\u00e1ez\",\"image\":{\"@type\":\"ImageObject\",\"inLanguage\":\"es-DO\",\"@id\":\"https:\\\/\\\/secure.gravatar.com\\\/avatar\\\/a49ef3186a692098ac3e8a1612261e3ad70cf9e44553dff2929e67939a0ecb9d?s=96&d=identicon&r=g\",\"url\":\"https:\\\/\\\/secure.gravatar.com\\\/avatar\\\/a49ef3186a692098ac3e8a1612261e3ad70cf9e44553dff2929e67939a0ecb9d?s=96&d=identicon&r=g\",\"contentUrl\":\"https:\\\/\\\/secure.gravatar.com\\\/avatar\\\/a49ef3186a692098ac3e8a1612261e3ad70cf9e44553dff2929e67939a0ecb9d?s=96&d=identicon&r=g\",\"caption\":\"Genof\u00f3ntes Urb\u00e1ez\"},\"logo\":{\"@id\":\"https:\\\/\\\/secure.gravatar.com\\\/avatar\\\/a49ef3186a692098ac3e8a1612261e3ad70cf9e44553dff2929e67939a0ecb9d?s=96&d=identicon&r=g\"},\"description\":\"Periodista \\\/ Locutor\",\"sameAs\":[\"https:\\\/\\\/www.facebook.com\\\/Genofnotes\",\"https:\\\/\\\/www.instagram.com\\\/genofnotes\\\/\"]}]}<\/script>\n<!-- \/ Yoast SEO plugin. -->","yoast_head_json":{"title":"Detectan peste porcina africana en 11 de las 32 provincias de R. Dominicana - Minuto Cero RD","robots":{"index":"index","follow":"follow","max-snippet":"max-snippet:-1","max-image-preview":"max-image-preview:large","max-video-preview":"max-video-preview:-1"},"canonical":"http:\/\/minutocerord.com\/?p=5245","og_locale":"es_ES","og_type":"article","og_title":"Detectan peste porcina africana en 11 de las 32 provincias de R. Dominicana - Minuto Cero RD","og_description":"SANTO DOMINGO.- La peste porcina africana ha sido detectada en once de las 32 provincias del pa\u00eds, revel\u00f3 este lunes el ministro de Agricultura, Limbert Cruz. Hasta el momento solo se hab\u00eda confirmado la enfermedad en S\u00e1nchez Ram\u00edrez y Montecristi, pero ya est\u00e1 presente en otras nueve demarcaciones, entre ellas el Distrito Nacional, indic\u00f3 Cruz [&hellip;]","og_url":"http:\/\/minutocerord.com\/?p=5245","og_site_name":"Minuto Cero RD","article_publisher":"https:\/\/www.facebook.com\/Genofnotes","article_author":"https:\/\/www.facebook.com\/Genofnotes","article_published_time":"2021-08-02T18:07:27+00:00","article_modified_time":"2021-08-02T18:08:15+00:00","og_image":[{"width":525,"height":290,"url":"https:\/\/i0.wp.com\/minutocerord.com\/wp-content\/uploads\/2021\/08\/cerdos.jpg?fit=525%2C290","type":"image\/jpeg"}],"author":"Genof\u00f3ntes Urb\u00e1ez","twitter_card":"summary_large_image","twitter_misc":{"Written by":"Genof\u00f3ntes Urb\u00e1ez","Est. reading time":"1 minuto"},"schema":{"@context":"https:\/\/schema.org","@graph":[{"@type":"Article","@id":"http:\/\/minutocerord.com\/?p=5245#article","isPartOf":{"@id":"http:\/\/minutocerord.com\/?p=5245"},"author":{"name":"Genof\u00f3ntes Urb\u00e1ez","@id":"https:\/\/minutocerord.com\/#\/schema\/person\/60b5372d60aaa0a5171fb6488be9aee6"},"headline":"Detectan peste porcina africana en 11 de las 32 provincias de R. Dominicana","datePublished":"2021-08-02T18:07:27+00:00","dateModified":"2021-08-02T18:08:15+00:00","mainEntityOfPage":{"@id":"http:\/\/minutocerord.com\/?p=5245"},"wordCount":219,"commentCount":0,"publisher":{"@id":"https:\/\/minutocerord.com\/#\/schema\/person\/60b5372d60aaa0a5171fb6488be9aee6"},"image":{"@id":"http:\/\/minutocerord.com\/?p=5245#primaryimage"},"thumbnailUrl":"https:\/\/i0.wp.com\/minutocerord.com\/wp-content\/uploads\/2021\/08\/cerdos.jpg?fit=525%2C290&ssl=1","articleSection":["Provincia"],"inLanguage":"es-DO","potentialAction":[{"@type":"CommentAction","name":"Comment","target":["http:\/\/minutocerord.com\/?p=5245#respond"]}]},{"@type":"WebPage","@id":"http:\/\/minutocerord.com\/?p=5245","url":"http:\/\/minutocerord.com\/?p=5245","name":"Detectan peste porcina africana en 11 de las 32 provincias de R. Dominicana - Minuto Cero RD","isPartOf":{"@id":"https:\/\/minutocerord.com\/#website"},"primaryImageOfPage":{"@id":"http:\/\/minutocerord.com\/?p=5245#primaryimage"},"image":{"@id":"http:\/\/minutocerord.com\/?p=5245#primaryimage"},"thumbnailUrl":"https:\/\/i0.wp.com\/minutocerord.com\/wp-content\/uploads\/2021\/08\/cerdos.jpg?fit=525%2C290&ssl=1","datePublished":"2021-08-02T18:07:27+00:00","dateModified":"2021-08-02T18:08:15+00:00","breadcrumb":{"@id":"http:\/\/minutocerord.com\/?p=5245#breadcrumb"},"inLanguage":"es-DO","potentialAction":[{"@type":"ReadAction","target":["http:\/\/minutocerord.com\/?p=5245"]}]},{"@type":"ImageObject","inLanguage":"es-DO","@id":"http:\/\/minutocerord.com\/?p=5245#primaryimage","url":"https:\/\/i0.wp.com\/minutocerord.com\/wp-content\/uploads\/2021\/08\/cerdos.jpg?fit=525%2C290&ssl=1","contentUrl":"https:\/\/i0.wp.com\/minutocerord.com\/wp-content\/uploads\/2021\/08\/cerdos.jpg?fit=525%2C290&ssl=1","width":525,"height":290},{"@type":"BreadcrumbList","@id":"http:\/\/minutocerord.com\/?p=5245#breadcrumb","itemListElement":[{"@type":"ListItem","position":1,"name":"Home","item":"https:\/\/minutocerord.com\/"},{"@type":"ListItem","position":2,"name":"Detectan peste porcina africana en 11 de las 32 provincias de R. Dominicana"}]},{"@type":"WebSite","@id":"https:\/\/minutocerord.com\/#website","url":"https:\/\/minutocerord.com\/","name":"Minuto Cero RD","description":"Periodismo serio y veraz","publisher":{"@id":"https:\/\/minutocerord.com\/#\/schema\/person\/60b5372d60aaa0a5171fb6488be9aee6"},"potentialAction":[{"@type":"SearchAction","target":{"@type":"EntryPoint","urlTemplate":"https:\/\/minutocerord.com\/?s={search_term_string}"},"query-input":{"@type":"PropertyValueSpecification","valueRequired":true,"valueName":"search_term_string"}}],"inLanguage":"es-DO"},{"@type":["Person","Organization"],"@id":"https:\/\/minutocerord.com\/#\/schema\/person\/60b5372d60aaa0a5171fb6488be9aee6","name":"Genof\u00f3ntes Urb\u00e1ez","image":{"@type":"ImageObject","inLanguage":"es-DO","@id":"https:\/\/secure.gravatar.com\/avatar\/a49ef3186a692098ac3e8a1612261e3ad70cf9e44553dff2929e67939a0ecb9d?s=96&d=identicon&r=g","url":"https:\/\/secure.gravatar.com\/avatar\/a49ef3186a692098ac3e8a1612261e3ad70cf9e44553dff2929e67939a0ecb9d?s=96&d=identicon&r=g","contentUrl":"https:\/\/secure.gravatar.com\/avatar\/a49ef3186a692098ac3e8a1612261e3ad70cf9e44553dff2929e67939a0ecb9d?s=96&d=identicon&r=g","caption":"Genof\u00f3ntes Urb\u00e1ez"},"logo":{"@id":"https:\/\/secure.gravatar.com\/avatar\/a49ef3186a692098ac3e8a1612261e3ad70cf9e44553dff2929e67939a0ecb9d?s=96&d=identicon&r=g"},"description":"Periodista \/ Locutor","sameAs":["https:\/\/www.facebook.com\/Genofnotes","https:\/\/www.instagram.com\/genofnotes\/"]}]}},"jetpack_publicize_connections":[],"jetpack_featured_media_url":"https:\/\/i0.wp.com\/minutocerord.com\/wp-content\/uploads\/2021\/08\/cerdos.jpg?fit=525%2C290&ssl=1","jetpack-related-posts":[],"jetpack_sharing_enabled":true,"_links":{"self":[{"href":"https:\/\/minutocerord.com\/index.php?rest_route=\/wp\/v2\/posts\/5245","targetHints":{"allow":["GET"]}}],"collection":[{"href":"https:\/\/minutocerord.com\/index.php?rest_route=\/wp\/v2\/posts"}],"about":[{"href":"https:\/\/minutocerord.com\/index.php?rest_route=\/wp\/v2\/types\/post"}],"author":[{"embeddable":true,"href":"https:\/\/minutocerord.com\/index.php?rest_route=\/wp\/v2\/users\/1"}],"replies":[{"embeddable":true,"href":"https:\/\/minutocerord.com\/index.php?rest_route=%2Fwp%2Fv2%2Fcomments&post=5245"}],"version-history":[{"count":1,"href":"https:\/\/minutocerord.com\/index.php?rest_route=\/wp\/v2\/posts\/5245\/revisions"}],"predecessor-version":[{"id":5248,"href":"https:\/\/minutocerord.com\/index.php?rest_route=\/wp\/v2\/posts\/5245\/revisions\/5248"}],"wp:featuredmedia":[{"embeddable":true,"href":"https:\/\/minutocerord.com\/index.php?rest_route=\/wp\/v2\/media\/5247"}],"wp:attachment":[{"href":"https:\/\/minutocerord.com\/index.php?rest_route=%2Fwp%2Fv2%2Fmedia&parent=5245"}],"wp:term":[{"taxonomy":"category","embeddable":true,"href":"https:\/\/minutocerord.com\/index.php?rest_route=%2Fwp%2Fv2%2Fcategories&post=5245"},{"taxonomy":"post_tag","embeddable":true,"href":"https:\/\/minutocerord.com\/index.php?rest_route=%2Fwp%2Fv2%2Ftags&post=5245"}],"curies":[{"name":"wp","href":"https:\/\/api.w.org\/{rel}","templated":true}]}}