{"id":5252,"date":"2021-08-03T13:36:44","date_gmt":"2021-08-03T17:36:44","guid":{"rendered":"https:\/\/minutocerord.com\/?p=5252"},"modified":"2021-08-03T13:36:55","modified_gmt":"2021-08-03T17:36:55","slug":"donni-santana-recurre-otra-vez-para-que-anulen-su-condena-de-20-anos-prision","status":"publish","type":"post","link":"https:\/\/minutocerord.com\/?p=5252","title":{"rendered":"Donni Santana recurre otra vez para que anulen su condena de 20 a\u00f1os prisi\u00f3n"},"content":{"rendered":"\n<p><strong>\u00a0Santo Domingo.-<\/strong>El exfuncionario Donni Santana, condenado a 20 a\u00f1os de prisi\u00f3n por incesto, recurri\u00f3 nueva vez ante un tribunal en busca de que anulen la sentencia que se le impuso en noviembre del 2019.<\/p>\n\n\n\n<p>A trav\u00e9s de sus abogados, Santana interpuso un recurso de casaci\u00f3n ante la Segunda Sala de la Suprema Corte de Justicia, cuya audiencia est\u00e1 prevista para conocerse hoy.<\/p>\n\n\n\n<p>Fue condenado en noviembre del 2019 tras ser encontrado culpable de abusar sexualmente a su hijastra adolescente durante varios a\u00f1os.<\/p>\n\n\n\n<p>En esa ocasi\u00f3n, el exfuncionario indic\u00f3 que no hab\u00eda pruebas para ser encarcelado e insisti\u00f3 en que ninguno de los testigos presentados por el Ministerio P\u00fablico lo acusan de violaci\u00f3n.<a><\/a><\/p>\n\n\n\n<p>\u201cSin embargo, me acusan de violaci\u00f3n cuando la misma ni\u00f1a ha dicho que en ning\u00fan momento yo la he violado, que en ning\u00fan momento ella ha escrito ninguna carta\u201d, expres\u00f3 el exembajador del Consejo Nacional de Frontera en ese entonces, cuando era sacado de la sala de audiencias.<\/p>\n\n\n\n<p>No conforme con la decisi\u00f3n del el Segundo Tribunal Colegiado del Distrito Nacional, que lo sentenci\u00f3 a prisi\u00f3n en el Centro de Correcci\u00f3n y Rehabilitaci\u00f3n de San Pedro de Macor\u00eds, en febrero del 2020 Santana apel\u00f3 para que fuera anulada,<\/p>\n\n\n\n<p>Sin embargo, en diciembre de ese mismo a\u00f1o, la Segunda Sala de la Corte de Apelaci\u00f3n del Distrito Nacional le rechaz\u00f3 el recurso y le confirm\u00f3 la sentencia de 20 a\u00f1os de c\u00e1rcel.<\/p>\n\n\n\n<p>Ante esto, el condenado recurri\u00f3 en casaci\u00f3n en busca de que se anule. Hoy, tambi\u00e9n, los jueces de la Suprema conocer\u00e1n un recurso de casaci\u00f3n en cuanto al aspecto civil que interpuso la represente legal de la v\u00edctima, menor de edad.<\/p>\n","protected":false},"excerpt":{"rendered":"<p>\u00a0Santo Domingo.-El exfuncionario Donni Santana, condenado a 20 a\u00f1os de prisi\u00f3n por incesto, recurri\u00f3 nueva vez ante un tribunal en busca de que anulen la sentencia que se le impuso en noviembre del 2019. A trav\u00e9s de sus abogados, Santana interpuso un recurso de casaci\u00f3n ante la Segunda Sala de la Suprema Corte de Justicia, [&hellip;]<\/p>\n","protected":false},"author":1,"featured_media":5253,"comment_status":"open","ping_status":"open","sticky":false,"template":"","format":"standard","meta":{"nf_dc_page":"","jetpack_post_was_ever_published":false,"_jetpack_newsletter_access":"","_jetpack_dont_email_post_to_subs":false,"_jetpack_newsletter_tier_id":0,"_jetpack_memberships_contains_paywalled_content":false,"_jetpack_memberships_contains_paid_content":false,"footnotes":"","jetpack_publicize_message":"","jetpack_publicize_feature_enabled":true,"jetpack_social_post_already_shared":false,"jetpack_social_options":{"image_generator_settings":{"template":"highway","default_image_id":0,"font":"","enabled":false},"version":2}},"categories":[93],"tags":[],"class_list":["post-5252","post","type-post","status-publish","format-standard","has-post-thumbnail","hentry","category-justicia"],"yoast_head":"<!-- This site is optimized with the Yoast SEO plugin v27.4 - https:\/\/yoast.com\/product\/yoast-seo-wordpress\/ -->\n<title>Donni Santana recurre otra vez para que anulen su condena de 20 a\u00f1os prisi\u00f3n - Minuto Cero RD<\/title>\n<meta name=\"robots\" content=\"index, follow, max-snippet:-1, max-image-preview:large, max-video-preview:-1\" \/>\n<link rel=\"canonical\" href=\"http:\/\/minutocerord.com\/?p=5252\" \/>\n<meta property=\"og:locale\" content=\"es_ES\" \/>\n<meta property=\"og:type\" content=\"article\" \/>\n<meta property=\"og:title\" content=\"Donni Santana recurre otra vez para que anulen su condena de 20 a\u00f1os prisi\u00f3n - Minuto Cero RD\" \/>\n<meta property=\"og:description\" content=\"\u00a0Santo Domingo.-El exfuncionario Donni Santana, condenado a 20 a\u00f1os de prisi\u00f3n por incesto, recurri\u00f3 nueva vez ante un tribunal en busca de que anulen la sentencia que se le impuso en noviembre del 2019. A trav\u00e9s de sus abogados, Santana interpuso un recurso de casaci\u00f3n ante la Segunda Sala de la Suprema Corte de Justicia, [&hellip;]\" \/>\n<meta property=\"og:url\" content=\"http:\/\/minutocerord.com\/?p=5252\" \/>\n<meta property=\"og:site_name\" content=\"Minuto Cero RD\" \/>\n<meta property=\"article:publisher\" content=\"https:\/\/www.facebook.com\/Genofnotes\" \/>\n<meta property=\"article:author\" content=\"https:\/\/www.facebook.com\/Genofnotes\" \/>\n<meta property=\"article:published_time\" content=\"2021-08-03T17:36:44+00:00\" \/>\n<meta property=\"article:modified_time\" content=\"2021-08-03T17:36:55+00:00\" \/>\n<meta property=\"og:image\" content=\"https:\/\/i0.wp.com\/minutocerord.com\/wp-content\/uploads\/2021\/08\/202103091511441.jpeg?fit=680%2C453\" \/>\n\t<meta property=\"og:image:width\" content=\"680\" \/>\n\t<meta property=\"og:image:height\" content=\"453\" \/>\n\t<meta property=\"og:image:type\" content=\"image\/jpeg\" \/>\n<meta name=\"author\" content=\"Genof\u00f3ntes Urb\u00e1ez\" \/>\n<meta name=\"twitter:card\" content=\"summary_large_image\" \/>\n<meta name=\"twitter:label1\" content=\"Written by\" \/>\n\t<meta name=\"twitter:data1\" content=\"Genof\u00f3ntes Urb\u00e1ez\" \/>\n\t<meta name=\"twitter:label2\" content=\"Est. reading time\" \/>\n\t<meta name=\"twitter:data2\" content=\"2 minutos\" \/>\n<script type=\"application\/ld+json\" class=\"yoast-schema-graph\">{\"@context\":\"https:\\\/\\\/schema.org\",\"@graph\":[{\"@type\":\"Article\",\"@id\":\"http:\\\/\\\/minutocerord.com\\\/?p=5252#article\",\"isPartOf\":{\"@id\":\"http:\\\/\\\/minutocerord.com\\\/?p=5252\"},\"author\":{\"name\":\"Genof\u00f3ntes Urb\u00e1ez\",\"@id\":\"https:\\\/\\\/minutocerord.com\\\/#\\\/schema\\\/person\\\/60b5372d60aaa0a5171fb6488be9aee6\"},\"headline\":\"Donni Santana recurre otra vez para que anulen su condena de 20 a\u00f1os prisi\u00f3n\",\"datePublished\":\"2021-08-03T17:36:44+00:00\",\"dateModified\":\"2021-08-03T17:36:55+00:00\",\"mainEntityOfPage\":{\"@id\":\"http:\\\/\\\/minutocerord.com\\\/?p=5252\"},\"wordCount\":312,\"commentCount\":0,\"publisher\":{\"@id\":\"https:\\\/\\\/minutocerord.com\\\/#\\\/schema\\\/person\\\/60b5372d60aaa0a5171fb6488be9aee6\"},\"image\":{\"@id\":\"http:\\\/\\\/minutocerord.com\\\/?p=5252#primaryimage\"},\"thumbnailUrl\":\"https:\\\/\\\/i0.wp.com\\\/minutocerord.com\\\/wp-content\\\/uploads\\\/2021\\\/08\\\/202103091511441.jpeg?fit=680%2C453&ssl=1\",\"articleSection\":[\"Justicia\"],\"inLanguage\":\"es-DO\",\"potentialAction\":[{\"@type\":\"CommentAction\",\"name\":\"Comment\",\"target\":[\"http:\\\/\\\/minutocerord.com\\\/?p=5252#respond\"]}]},{\"@type\":\"WebPage\",\"@id\":\"http:\\\/\\\/minutocerord.com\\\/?p=5252\",\"url\":\"http:\\\/\\\/minutocerord.com\\\/?p=5252\",\"name\":\"Donni Santana recurre otra vez para que anulen su condena de 20 a\u00f1os prisi\u00f3n - Minuto Cero RD\",\"isPartOf\":{\"@id\":\"https:\\\/\\\/minutocerord.com\\\/#website\"},\"primaryImageOfPage\":{\"@id\":\"http:\\\/\\\/minutocerord.com\\\/?p=5252#primaryimage\"},\"image\":{\"@id\":\"http:\\\/\\\/minutocerord.com\\\/?p=5252#primaryimage\"},\"thumbnailUrl\":\"https:\\\/\\\/i0.wp.com\\\/minutocerord.com\\\/wp-content\\\/uploads\\\/2021\\\/08\\\/202103091511441.jpeg?fit=680%2C453&ssl=1\",\"datePublished\":\"2021-08-03T17:36:44+00:00\",\"dateModified\":\"2021-08-03T17:36:55+00:00\",\"breadcrumb\":{\"@id\":\"http:\\\/\\\/minutocerord.com\\\/?p=5252#breadcrumb\"},\"inLanguage\":\"es-DO\",\"potentialAction\":[{\"@type\":\"ReadAction\",\"target\":[\"http:\\\/\\\/minutocerord.com\\\/?p=5252\"]}]},{\"@type\":\"ImageObject\",\"inLanguage\":\"es-DO\",\"@id\":\"http:\\\/\\\/minutocerord.com\\\/?p=5252#primaryimage\",\"url\":\"https:\\\/\\\/i0.wp.com\\\/minutocerord.com\\\/wp-content\\\/uploads\\\/2021\\\/08\\\/202103091511441.jpeg?fit=680%2C453&ssl=1\",\"contentUrl\":\"https:\\\/\\\/i0.wp.com\\\/minutocerord.com\\\/wp-content\\\/uploads\\\/2021\\\/08\\\/202103091511441.jpeg?fit=680%2C453&ssl=1\",\"width\":680,\"height\":453},{\"@type\":\"BreadcrumbList\",\"@id\":\"http:\\\/\\\/minutocerord.com\\\/?p=5252#breadcrumb\",\"itemListElement\":[{\"@type\":\"ListItem\",\"position\":1,\"name\":\"Home\",\"item\":\"https:\\\/\\\/minutocerord.com\\\/\"},{\"@type\":\"ListItem\",\"position\":2,\"name\":\"Donni Santana recurre otra vez para que anulen su condena de 20 a\u00f1os prisi\u00f3n\"}]},{\"@type\":\"WebSite\",\"@id\":\"https:\\\/\\\/minutocerord.com\\\/#website\",\"url\":\"https:\\\/\\\/minutocerord.com\\\/\",\"name\":\"Minuto Cero RD\",\"description\":\"Periodismo serio y veraz\",\"publisher\":{\"@id\":\"https:\\\/\\\/minutocerord.com\\\/#\\\/schema\\\/person\\\/60b5372d60aaa0a5171fb6488be9aee6\"},\"potentialAction\":[{\"@type\":\"SearchAction\",\"target\":{\"@type\":\"EntryPoint\",\"urlTemplate\":\"https:\\\/\\\/minutocerord.com\\\/?s={search_term_string}\"},\"query-input\":{\"@type\":\"PropertyValueSpecification\",\"valueRequired\":true,\"valueName\":\"search_term_string\"}}],\"inLanguage\":\"es-DO\"},{\"@type\":[\"Person\",\"Organization\"],\"@id\":\"https:\\\/\\\/minutocerord.com\\\/#\\\/schema\\\/person\\\/60b5372d60aaa0a5171fb6488be9aee6\",\"name\":\"Genof\u00f3ntes Urb\u00e1ez\",\"image\":{\"@type\":\"ImageObject\",\"inLanguage\":\"es-DO\",\"@id\":\"https:\\\/\\\/secure.gravatar.com\\\/avatar\\\/a49ef3186a692098ac3e8a1612261e3ad70cf9e44553dff2929e67939a0ecb9d?s=96&d=identicon&r=g\",\"url\":\"https:\\\/\\\/secure.gravatar.com\\\/avatar\\\/a49ef3186a692098ac3e8a1612261e3ad70cf9e44553dff2929e67939a0ecb9d?s=96&d=identicon&r=g\",\"contentUrl\":\"https:\\\/\\\/secure.gravatar.com\\\/avatar\\\/a49ef3186a692098ac3e8a1612261e3ad70cf9e44553dff2929e67939a0ecb9d?s=96&d=identicon&r=g\",\"caption\":\"Genof\u00f3ntes Urb\u00e1ez\"},\"logo\":{\"@id\":\"https:\\\/\\\/secure.gravatar.com\\\/avatar\\\/a49ef3186a692098ac3e8a1612261e3ad70cf9e44553dff2929e67939a0ecb9d?s=96&d=identicon&r=g\"},\"description\":\"Periodista \\\/ Locutor\",\"sameAs\":[\"https:\\\/\\\/www.facebook.com\\\/Genofnotes\",\"https:\\\/\\\/www.instagram.com\\\/genofnotes\\\/\"]}]}<\/script>\n<!-- \/ Yoast SEO plugin. -->","yoast_head_json":{"title":"Donni Santana recurre otra vez para que anulen su condena de 20 a\u00f1os prisi\u00f3n - Minuto Cero RD","robots":{"index":"index","follow":"follow","max-snippet":"max-snippet:-1","max-image-preview":"max-image-preview:large","max-video-preview":"max-video-preview:-1"},"canonical":"http:\/\/minutocerord.com\/?p=5252","og_locale":"es_ES","og_type":"article","og_title":"Donni Santana recurre otra vez para que anulen su condena de 20 a\u00f1os prisi\u00f3n - Minuto Cero RD","og_description":"\u00a0Santo Domingo.-El exfuncionario Donni Santana, condenado a 20 a\u00f1os de prisi\u00f3n por incesto, recurri\u00f3 nueva vez ante un tribunal en busca de que anulen la sentencia que se le impuso en noviembre del 2019. A trav\u00e9s de sus abogados, Santana interpuso un recurso de casaci\u00f3n ante la Segunda Sala de la Suprema Corte de Justicia, [&hellip;]","og_url":"http:\/\/minutocerord.com\/?p=5252","og_site_name":"Minuto Cero RD","article_publisher":"https:\/\/www.facebook.com\/Genofnotes","article_author":"https:\/\/www.facebook.com\/Genofnotes","article_published_time":"2021-08-03T17:36:44+00:00","article_modified_time":"2021-08-03T17:36:55+00:00","og_image":[{"width":680,"height":453,"url":"https:\/\/i0.wp.com\/minutocerord.com\/wp-content\/uploads\/2021\/08\/202103091511441.jpeg?fit=680%2C453","type":"image\/jpeg"}],"author":"Genof\u00f3ntes Urb\u00e1ez","twitter_card":"summary_large_image","twitter_misc":{"Written by":"Genof\u00f3ntes Urb\u00e1ez","Est. reading time":"2 minutos"},"schema":{"@context":"https:\/\/schema.org","@graph":[{"@type":"Article","@id":"http:\/\/minutocerord.com\/?p=5252#article","isPartOf":{"@id":"http:\/\/minutocerord.com\/?p=5252"},"author":{"name":"Genof\u00f3ntes Urb\u00e1ez","@id":"https:\/\/minutocerord.com\/#\/schema\/person\/60b5372d60aaa0a5171fb6488be9aee6"},"headline":"Donni Santana recurre otra vez para que anulen su condena de 20 a\u00f1os prisi\u00f3n","datePublished":"2021-08-03T17:36:44+00:00","dateModified":"2021-08-03T17:36:55+00:00","mainEntityOfPage":{"@id":"http:\/\/minutocerord.com\/?p=5252"},"wordCount":312,"commentCount":0,"publisher":{"@id":"https:\/\/minutocerord.com\/#\/schema\/person\/60b5372d60aaa0a5171fb6488be9aee6"},"image":{"@id":"http:\/\/minutocerord.com\/?p=5252#primaryimage"},"thumbnailUrl":"https:\/\/i0.wp.com\/minutocerord.com\/wp-content\/uploads\/2021\/08\/202103091511441.jpeg?fit=680%2C453&ssl=1","articleSection":["Justicia"],"inLanguage":"es-DO","potentialAction":[{"@type":"CommentAction","name":"Comment","target":["http:\/\/minutocerord.com\/?p=5252#respond"]}]},{"@type":"WebPage","@id":"http:\/\/minutocerord.com\/?p=5252","url":"http:\/\/minutocerord.com\/?p=5252","name":"Donni Santana recurre otra vez para que anulen su condena de 20 a\u00f1os prisi\u00f3n - Minuto Cero RD","isPartOf":{"@id":"https:\/\/minutocerord.com\/#website"},"primaryImageOfPage":{"@id":"http:\/\/minutocerord.com\/?p=5252#primaryimage"},"image":{"@id":"http:\/\/minutocerord.com\/?p=5252#primaryimage"},"thumbnailUrl":"https:\/\/i0.wp.com\/minutocerord.com\/wp-content\/uploads\/2021\/08\/202103091511441.jpeg?fit=680%2C453&ssl=1","datePublished":"2021-08-03T17:36:44+00:00","dateModified":"2021-08-03T17:36:55+00:00","breadcrumb":{"@id":"http:\/\/minutocerord.com\/?p=5252#breadcrumb"},"inLanguage":"es-DO","potentialAction":[{"@type":"ReadAction","target":["http:\/\/minutocerord.com\/?p=5252"]}]},{"@type":"ImageObject","inLanguage":"es-DO","@id":"http:\/\/minutocerord.com\/?p=5252#primaryimage","url":"https:\/\/i0.wp.com\/minutocerord.com\/wp-content\/uploads\/2021\/08\/202103091511441.jpeg?fit=680%2C453&ssl=1","contentUrl":"https:\/\/i0.wp.com\/minutocerord.com\/wp-content\/uploads\/2021\/08\/202103091511441.jpeg?fit=680%2C453&ssl=1","width":680,"height":453},{"@type":"BreadcrumbList","@id":"http:\/\/minutocerord.com\/?p=5252#breadcrumb","itemListElement":[{"@type":"ListItem","position":1,"name":"Home","item":"https:\/\/minutocerord.com\/"},{"@type":"ListItem","position":2,"name":"Donni Santana recurre otra vez para que anulen su condena de 20 a\u00f1os prisi\u00f3n"}]},{"@type":"WebSite","@id":"https:\/\/minutocerord.com\/#website","url":"https:\/\/minutocerord.com\/","name":"Minuto Cero RD","description":"Periodismo serio y veraz","publisher":{"@id":"https:\/\/minutocerord.com\/#\/schema\/person\/60b5372d60aaa0a5171fb6488be9aee6"},"potentialAction":[{"@type":"SearchAction","target":{"@type":"EntryPoint","urlTemplate":"https:\/\/minutocerord.com\/?s={search_term_string}"},"query-input":{"@type":"PropertyValueSpecification","valueRequired":true,"valueName":"search_term_string"}}],"inLanguage":"es-DO"},{"@type":["Person","Organization"],"@id":"https:\/\/minutocerord.com\/#\/schema\/person\/60b5372d60aaa0a5171fb6488be9aee6","name":"Genof\u00f3ntes Urb\u00e1ez","image":{"@type":"ImageObject","inLanguage":"es-DO","@id":"https:\/\/secure.gravatar.com\/avatar\/a49ef3186a692098ac3e8a1612261e3ad70cf9e44553dff2929e67939a0ecb9d?s=96&d=identicon&r=g","url":"https:\/\/secure.gravatar.com\/avatar\/a49ef3186a692098ac3e8a1612261e3ad70cf9e44553dff2929e67939a0ecb9d?s=96&d=identicon&r=g","contentUrl":"https:\/\/secure.gravatar.com\/avatar\/a49ef3186a692098ac3e8a1612261e3ad70cf9e44553dff2929e67939a0ecb9d?s=96&d=identicon&r=g","caption":"Genof\u00f3ntes Urb\u00e1ez"},"logo":{"@id":"https:\/\/secure.gravatar.com\/avatar\/a49ef3186a692098ac3e8a1612261e3ad70cf9e44553dff2929e67939a0ecb9d?s=96&d=identicon&r=g"},"description":"Periodista \/ Locutor","sameAs":["https:\/\/www.facebook.com\/Genofnotes","https:\/\/www.instagram.com\/genofnotes\/"]}]}},"jetpack_publicize_connections":[],"jetpack_featured_media_url":"https:\/\/i0.wp.com\/minutocerord.com\/wp-content\/uploads\/2021\/08\/202103091511441.jpeg?fit=680%2C453&ssl=1","jetpack-related-posts":[],"jetpack_sharing_enabled":true,"_links":{"self":[{"href":"https:\/\/minutocerord.com\/index.php?rest_route=\/wp\/v2\/posts\/5252","targetHints":{"allow":["GET"]}}],"collection":[{"href":"https:\/\/minutocerord.com\/index.php?rest_route=\/wp\/v2\/posts"}],"about":[{"href":"https:\/\/minutocerord.com\/index.php?rest_route=\/wp\/v2\/types\/post"}],"author":[{"embeddable":true,"href":"https:\/\/minutocerord.com\/index.php?rest_route=\/wp\/v2\/users\/1"}],"replies":[{"embeddable":true,"href":"https:\/\/minutocerord.com\/index.php?rest_route=%2Fwp%2Fv2%2Fcomments&post=5252"}],"version-history":[{"count":1,"href":"https:\/\/minutocerord.com\/index.php?rest_route=\/wp\/v2\/posts\/5252\/revisions"}],"predecessor-version":[{"id":5254,"href":"https:\/\/minutocerord.com\/index.php?rest_route=\/wp\/v2\/posts\/5252\/revisions\/5254"}],"wp:featuredmedia":[{"embeddable":true,"href":"https:\/\/minutocerord.com\/index.php?rest_route=\/wp\/v2\/media\/5253"}],"wp:attachment":[{"href":"https:\/\/minutocerord.com\/index.php?rest_route=%2Fwp%2Fv2%2Fmedia&parent=5252"}],"wp:term":[{"taxonomy":"category","embeddable":true,"href":"https:\/\/minutocerord.com\/index.php?rest_route=%2Fwp%2Fv2%2Fcategories&post=5252"},{"taxonomy":"post_tag","embeddable":true,"href":"https:\/\/minutocerord.com\/index.php?rest_route=%2Fwp%2Fv2%2Ftags&post=5252"}],"curies":[{"name":"wp","href":"https:\/\/api.w.org\/{rel}","templated":true}]}}