{"id":5262,"date":"2021-08-04T00:39:07","date_gmt":"2021-08-04T04:39:07","guid":{"rendered":"https:\/\/minutocerord.com\/?p=5262"},"modified":"2021-08-04T00:39:20","modified_gmt":"2021-08-04T04:39:20","slug":"la-altagracia-y-el-distrito-nacional-quedaran-libres-del-toque-de-queda","status":"publish","type":"post","link":"https:\/\/minutocerord.com\/?p=5262","title":{"rendered":"La Altagracia y el Distrito Nacional quedar\u00e1n libres del toque de queda"},"content":{"rendered":"\n<p><strong>Santo Domingo.-<\/strong> El Poder Ejecutivo dispuso dejar sin efecto el horario de toque de queda en la provincia La Altagracia y el Distrito Nacional, luego de que en esas demarcaciones m\u00e1s del 70 % de sus poblaciones han recibido las dos dosis contra la covid-19.<\/p>\n\n\n\n<p>Un decreto emitido hoy por el presidente Luis Abinader libera a las dos provincias del toque de queda a partir del lunes 9 de este agosto, pero mantiene la obligaci\u00f3n del uso obligatorio de mascarillas en lugares p\u00fablicas y privados de uso p\u00fablico.<\/p>\n\n\n\n<p>El toque de queda impuesto en el resto del pa\u00eds es de 11.00 de la noche a 5 de la ma\u00f1ana, todos los d\u00edas, con dos horas de libre circulaci\u00f3n con el prop\u00f3sito de que las personas regresen a sus hogares.<\/p>\n\n\n\n<p>La Altagracia registra el 82,6 % de sus habitantes con dos aplicaciones de la vacuna, mientras que la capital ha vacunado con dos dosis al 77,1 % de su poblaci\u00f3n.<\/p>\n\n\n\n<p>En el Distrito Nacional y La Altagracia se proh\u00edbe la venta y consumo de alcohol en lugares p\u00fablicos y privados de uso p\u00fablico entre las 12.00 de la noche y las 5.00 de la ma\u00f1ana.<\/p>\n\n\n\n<p>Asimismo, se requieren de \u00abpermisos especiales\u00bb para la celebraci\u00f3n de actividades que impliquen aglomeraci\u00f3n, sin importar el lugar de que se trate.<\/p>\n\n\n\n<p>Estos permisos los otorgar\u00e1n las autoridades del \u00absector correspondiente, en coordinaci\u00f3n con el Ministerio de Salud P\u00fablica.<\/p>\n\n\n\n<p>Adem\u00e1s, los establecimientos p\u00fablicos y privados de uso p\u00fablico solo podr\u00e1n acoger hasta el 75 % de su capacidad total, \u00absiempre en cumplimiento de los protocolos sanitarios vigentes\u00bb.<\/p>\n\n\n\n<p>El decreto establece que los espacios abiertos al aire libre, como parques y malecones, podr\u00e1n ser utilizados por las personas en cumplimiento de los protocolos sanitarios vigentes.<\/p>\n","protected":false},"excerpt":{"rendered":"<p>Santo Domingo.- El Poder Ejecutivo dispuso dejar sin efecto el horario de toque de queda en la provincia La Altagracia y el Distrito Nacional, luego de que en esas demarcaciones m\u00e1s del 70 % de sus poblaciones han recibido las dos dosis contra la covid-19. Un decreto emitido hoy por el presidente Luis Abinader libera [&hellip;]<\/p>\n","protected":false},"author":1,"featured_media":5263,"comment_status":"open","ping_status":"open","sticky":false,"template":"","format":"standard","meta":{"nf_dc_page":"","jetpack_post_was_ever_published":false,"_jetpack_newsletter_access":"","_jetpack_dont_email_post_to_subs":false,"_jetpack_newsletter_tier_id":0,"_jetpack_memberships_contains_paywalled_content":false,"_jetpack_memberships_contains_paid_content":false,"footnotes":"","jetpack_publicize_message":"","jetpack_publicize_feature_enabled":true,"jetpack_social_post_already_shared":false,"jetpack_social_options":{"image_generator_settings":{"template":"highway","default_image_id":0,"font":"","enabled":false},"version":2}},"categories":[65],"tags":[],"class_list":["post-5262","post","type-post","status-publish","format-standard","has-post-thumbnail","hentry","category-nacionales"],"yoast_head":"<!-- This site is optimized with the Yoast SEO plugin v27.4 - https:\/\/yoast.com\/product\/yoast-seo-wordpress\/ -->\n<title>La Altagracia y el Distrito Nacional quedar\u00e1n libres del toque de queda - Minuto Cero RD<\/title>\n<meta name=\"robots\" content=\"index, follow, max-snippet:-1, max-image-preview:large, max-video-preview:-1\" \/>\n<link rel=\"canonical\" href=\"http:\/\/minutocerord.com\/?p=5262\" \/>\n<meta property=\"og:locale\" content=\"es_ES\" \/>\n<meta property=\"og:type\" content=\"article\" \/>\n<meta property=\"og:title\" content=\"La Altagracia y el Distrito Nacional quedar\u00e1n libres del toque de queda - Minuto Cero RD\" \/>\n<meta property=\"og:description\" content=\"Santo Domingo.- El Poder Ejecutivo dispuso dejar sin efecto el horario de toque de queda en la provincia La Altagracia y el Distrito Nacional, luego de que en esas demarcaciones m\u00e1s del 70 % de sus poblaciones han recibido las dos dosis contra la covid-19. Un decreto emitido hoy por el presidente Luis Abinader libera [&hellip;]\" \/>\n<meta property=\"og:url\" content=\"http:\/\/minutocerord.com\/?p=5262\" \/>\n<meta property=\"og:site_name\" content=\"Minuto Cero RD\" \/>\n<meta property=\"article:publisher\" content=\"https:\/\/www.facebook.com\/Genofnotes\" \/>\n<meta property=\"article:author\" content=\"https:\/\/www.facebook.com\/Genofnotes\" \/>\n<meta property=\"article:published_time\" content=\"2021-08-04T04:39:07+00:00\" \/>\n<meta property=\"article:modified_time\" content=\"2021-08-04T04:39:20+00:00\" \/>\n<meta property=\"og:image\" content=\"https:\/\/i0.wp.com\/minutocerord.com\/wp-content\/uploads\/2021\/08\/ffc32c4d-toque-de-queda-25-dic-5fe60027a5835-60e902ea283cc.gif?fit=736%2C466\" \/>\n\t<meta property=\"og:image:width\" content=\"736\" \/>\n\t<meta property=\"og:image:height\" content=\"466\" \/>\n\t<meta property=\"og:image:type\" content=\"image\/gif\" \/>\n<meta name=\"author\" content=\"Genof\u00f3ntes Urb\u00e1ez\" \/>\n<meta name=\"twitter:card\" content=\"summary_large_image\" \/>\n<meta name=\"twitter:label1\" content=\"Written by\" \/>\n\t<meta name=\"twitter:data1\" content=\"Genof\u00f3ntes Urb\u00e1ez\" \/>\n\t<meta name=\"twitter:label2\" content=\"Est. reading time\" \/>\n\t<meta name=\"twitter:data2\" content=\"2 minutos\" \/>\n<script type=\"application\/ld+json\" class=\"yoast-schema-graph\">{\"@context\":\"https:\\\/\\\/schema.org\",\"@graph\":[{\"@type\":\"Article\",\"@id\":\"http:\\\/\\\/minutocerord.com\\\/?p=5262#article\",\"isPartOf\":{\"@id\":\"http:\\\/\\\/minutocerord.com\\\/?p=5262\"},\"author\":{\"name\":\"Genof\u00f3ntes Urb\u00e1ez\",\"@id\":\"https:\\\/\\\/minutocerord.com\\\/#\\\/schema\\\/person\\\/60b5372d60aaa0a5171fb6488be9aee6\"},\"headline\":\"La Altagracia y el Distrito Nacional quedar\u00e1n libres del toque de queda\",\"datePublished\":\"2021-08-04T04:39:07+00:00\",\"dateModified\":\"2021-08-04T04:39:20+00:00\",\"mainEntityOfPage\":{\"@id\":\"http:\\\/\\\/minutocerord.com\\\/?p=5262\"},\"wordCount\":313,\"commentCount\":0,\"publisher\":{\"@id\":\"https:\\\/\\\/minutocerord.com\\\/#\\\/schema\\\/person\\\/60b5372d60aaa0a5171fb6488be9aee6\"},\"image\":{\"@id\":\"http:\\\/\\\/minutocerord.com\\\/?p=5262#primaryimage\"},\"thumbnailUrl\":\"https:\\\/\\\/i0.wp.com\\\/minutocerord.com\\\/wp-content\\\/uploads\\\/2021\\\/08\\\/ffc32c4d-toque-de-queda-25-dic-5fe60027a5835-60e902ea283cc.gif?fit=736%2C466&ssl=1\",\"articleSection\":[\"Nacionales\"],\"inLanguage\":\"es-DO\",\"potentialAction\":[{\"@type\":\"CommentAction\",\"name\":\"Comment\",\"target\":[\"http:\\\/\\\/minutocerord.com\\\/?p=5262#respond\"]}]},{\"@type\":\"WebPage\",\"@id\":\"http:\\\/\\\/minutocerord.com\\\/?p=5262\",\"url\":\"http:\\\/\\\/minutocerord.com\\\/?p=5262\",\"name\":\"La Altagracia y el Distrito Nacional quedar\u00e1n libres del toque de queda - Minuto Cero RD\",\"isPartOf\":{\"@id\":\"https:\\\/\\\/minutocerord.com\\\/#website\"},\"primaryImageOfPage\":{\"@id\":\"http:\\\/\\\/minutocerord.com\\\/?p=5262#primaryimage\"},\"image\":{\"@id\":\"http:\\\/\\\/minutocerord.com\\\/?p=5262#primaryimage\"},\"thumbnailUrl\":\"https:\\\/\\\/i0.wp.com\\\/minutocerord.com\\\/wp-content\\\/uploads\\\/2021\\\/08\\\/ffc32c4d-toque-de-queda-25-dic-5fe60027a5835-60e902ea283cc.gif?fit=736%2C466&ssl=1\",\"datePublished\":\"2021-08-04T04:39:07+00:00\",\"dateModified\":\"2021-08-04T04:39:20+00:00\",\"breadcrumb\":{\"@id\":\"http:\\\/\\\/minutocerord.com\\\/?p=5262#breadcrumb\"},\"inLanguage\":\"es-DO\",\"potentialAction\":[{\"@type\":\"ReadAction\",\"target\":[\"http:\\\/\\\/minutocerord.com\\\/?p=5262\"]}]},{\"@type\":\"ImageObject\",\"inLanguage\":\"es-DO\",\"@id\":\"http:\\\/\\\/minutocerord.com\\\/?p=5262#primaryimage\",\"url\":\"https:\\\/\\\/i0.wp.com\\\/minutocerord.com\\\/wp-content\\\/uploads\\\/2021\\\/08\\\/ffc32c4d-toque-de-queda-25-dic-5fe60027a5835-60e902ea283cc.gif?fit=736%2C466&ssl=1\",\"contentUrl\":\"https:\\\/\\\/i0.wp.com\\\/minutocerord.com\\\/wp-content\\\/uploads\\\/2021\\\/08\\\/ffc32c4d-toque-de-queda-25-dic-5fe60027a5835-60e902ea283cc.gif?fit=736%2C466&ssl=1\",\"width\":736,\"height\":466},{\"@type\":\"BreadcrumbList\",\"@id\":\"http:\\\/\\\/minutocerord.com\\\/?p=5262#breadcrumb\",\"itemListElement\":[{\"@type\":\"ListItem\",\"position\":1,\"name\":\"Home\",\"item\":\"https:\\\/\\\/minutocerord.com\\\/\"},{\"@type\":\"ListItem\",\"position\":2,\"name\":\"La Altagracia y el Distrito Nacional quedar\u00e1n libres del toque de queda\"}]},{\"@type\":\"WebSite\",\"@id\":\"https:\\\/\\\/minutocerord.com\\\/#website\",\"url\":\"https:\\\/\\\/minutocerord.com\\\/\",\"name\":\"Minuto Cero RD\",\"description\":\"Periodismo serio y veraz\",\"publisher\":{\"@id\":\"https:\\\/\\\/minutocerord.com\\\/#\\\/schema\\\/person\\\/60b5372d60aaa0a5171fb6488be9aee6\"},\"potentialAction\":[{\"@type\":\"SearchAction\",\"target\":{\"@type\":\"EntryPoint\",\"urlTemplate\":\"https:\\\/\\\/minutocerord.com\\\/?s={search_term_string}\"},\"query-input\":{\"@type\":\"PropertyValueSpecification\",\"valueRequired\":true,\"valueName\":\"search_term_string\"}}],\"inLanguage\":\"es-DO\"},{\"@type\":[\"Person\",\"Organization\"],\"@id\":\"https:\\\/\\\/minutocerord.com\\\/#\\\/schema\\\/person\\\/60b5372d60aaa0a5171fb6488be9aee6\",\"name\":\"Genof\u00f3ntes Urb\u00e1ez\",\"image\":{\"@type\":\"ImageObject\",\"inLanguage\":\"es-DO\",\"@id\":\"https:\\\/\\\/secure.gravatar.com\\\/avatar\\\/a49ef3186a692098ac3e8a1612261e3ad70cf9e44553dff2929e67939a0ecb9d?s=96&d=identicon&r=g\",\"url\":\"https:\\\/\\\/secure.gravatar.com\\\/avatar\\\/a49ef3186a692098ac3e8a1612261e3ad70cf9e44553dff2929e67939a0ecb9d?s=96&d=identicon&r=g\",\"contentUrl\":\"https:\\\/\\\/secure.gravatar.com\\\/avatar\\\/a49ef3186a692098ac3e8a1612261e3ad70cf9e44553dff2929e67939a0ecb9d?s=96&d=identicon&r=g\",\"caption\":\"Genof\u00f3ntes Urb\u00e1ez\"},\"logo\":{\"@id\":\"https:\\\/\\\/secure.gravatar.com\\\/avatar\\\/a49ef3186a692098ac3e8a1612261e3ad70cf9e44553dff2929e67939a0ecb9d?s=96&d=identicon&r=g\"},\"description\":\"Periodista \\\/ Locutor\",\"sameAs\":[\"https:\\\/\\\/www.facebook.com\\\/Genofnotes\",\"https:\\\/\\\/www.instagram.com\\\/genofnotes\\\/\"]}]}<\/script>\n<!-- \/ Yoast SEO plugin. -->","yoast_head_json":{"title":"La Altagracia y el Distrito Nacional quedar\u00e1n libres del toque de queda - Minuto Cero RD","robots":{"index":"index","follow":"follow","max-snippet":"max-snippet:-1","max-image-preview":"max-image-preview:large","max-video-preview":"max-video-preview:-1"},"canonical":"http:\/\/minutocerord.com\/?p=5262","og_locale":"es_ES","og_type":"article","og_title":"La Altagracia y el Distrito Nacional quedar\u00e1n libres del toque de queda - Minuto Cero RD","og_description":"Santo Domingo.- El Poder Ejecutivo dispuso dejar sin efecto el horario de toque de queda en la provincia La Altagracia y el Distrito Nacional, luego de que en esas demarcaciones m\u00e1s del 70 % de sus poblaciones han recibido las dos dosis contra la covid-19. Un decreto emitido hoy por el presidente Luis Abinader libera [&hellip;]","og_url":"http:\/\/minutocerord.com\/?p=5262","og_site_name":"Minuto Cero RD","article_publisher":"https:\/\/www.facebook.com\/Genofnotes","article_author":"https:\/\/www.facebook.com\/Genofnotes","article_published_time":"2021-08-04T04:39:07+00:00","article_modified_time":"2021-08-04T04:39:20+00:00","og_image":[{"width":736,"height":466,"url":"https:\/\/i0.wp.com\/minutocerord.com\/wp-content\/uploads\/2021\/08\/ffc32c4d-toque-de-queda-25-dic-5fe60027a5835-60e902ea283cc.gif?fit=736%2C466","type":"image\/gif"}],"author":"Genof\u00f3ntes Urb\u00e1ez","twitter_card":"summary_large_image","twitter_misc":{"Written by":"Genof\u00f3ntes Urb\u00e1ez","Est. reading time":"2 minutos"},"schema":{"@context":"https:\/\/schema.org","@graph":[{"@type":"Article","@id":"http:\/\/minutocerord.com\/?p=5262#article","isPartOf":{"@id":"http:\/\/minutocerord.com\/?p=5262"},"author":{"name":"Genof\u00f3ntes Urb\u00e1ez","@id":"https:\/\/minutocerord.com\/#\/schema\/person\/60b5372d60aaa0a5171fb6488be9aee6"},"headline":"La Altagracia y el Distrito Nacional quedar\u00e1n libres del toque de queda","datePublished":"2021-08-04T04:39:07+00:00","dateModified":"2021-08-04T04:39:20+00:00","mainEntityOfPage":{"@id":"http:\/\/minutocerord.com\/?p=5262"},"wordCount":313,"commentCount":0,"publisher":{"@id":"https:\/\/minutocerord.com\/#\/schema\/person\/60b5372d60aaa0a5171fb6488be9aee6"},"image":{"@id":"http:\/\/minutocerord.com\/?p=5262#primaryimage"},"thumbnailUrl":"https:\/\/i0.wp.com\/minutocerord.com\/wp-content\/uploads\/2021\/08\/ffc32c4d-toque-de-queda-25-dic-5fe60027a5835-60e902ea283cc.gif?fit=736%2C466&ssl=1","articleSection":["Nacionales"],"inLanguage":"es-DO","potentialAction":[{"@type":"CommentAction","name":"Comment","target":["http:\/\/minutocerord.com\/?p=5262#respond"]}]},{"@type":"WebPage","@id":"http:\/\/minutocerord.com\/?p=5262","url":"http:\/\/minutocerord.com\/?p=5262","name":"La Altagracia y el Distrito Nacional quedar\u00e1n libres del toque de queda - Minuto Cero RD","isPartOf":{"@id":"https:\/\/minutocerord.com\/#website"},"primaryImageOfPage":{"@id":"http:\/\/minutocerord.com\/?p=5262#primaryimage"},"image":{"@id":"http:\/\/minutocerord.com\/?p=5262#primaryimage"},"thumbnailUrl":"https:\/\/i0.wp.com\/minutocerord.com\/wp-content\/uploads\/2021\/08\/ffc32c4d-toque-de-queda-25-dic-5fe60027a5835-60e902ea283cc.gif?fit=736%2C466&ssl=1","datePublished":"2021-08-04T04:39:07+00:00","dateModified":"2021-08-04T04:39:20+00:00","breadcrumb":{"@id":"http:\/\/minutocerord.com\/?p=5262#breadcrumb"},"inLanguage":"es-DO","potentialAction":[{"@type":"ReadAction","target":["http:\/\/minutocerord.com\/?p=5262"]}]},{"@type":"ImageObject","inLanguage":"es-DO","@id":"http:\/\/minutocerord.com\/?p=5262#primaryimage","url":"https:\/\/i0.wp.com\/minutocerord.com\/wp-content\/uploads\/2021\/08\/ffc32c4d-toque-de-queda-25-dic-5fe60027a5835-60e902ea283cc.gif?fit=736%2C466&ssl=1","contentUrl":"https:\/\/i0.wp.com\/minutocerord.com\/wp-content\/uploads\/2021\/08\/ffc32c4d-toque-de-queda-25-dic-5fe60027a5835-60e902ea283cc.gif?fit=736%2C466&ssl=1","width":736,"height":466},{"@type":"BreadcrumbList","@id":"http:\/\/minutocerord.com\/?p=5262#breadcrumb","itemListElement":[{"@type":"ListItem","position":1,"name":"Home","item":"https:\/\/minutocerord.com\/"},{"@type":"ListItem","position":2,"name":"La Altagracia y el Distrito Nacional quedar\u00e1n libres del toque de queda"}]},{"@type":"WebSite","@id":"https:\/\/minutocerord.com\/#website","url":"https:\/\/minutocerord.com\/","name":"Minuto Cero RD","description":"Periodismo serio y veraz","publisher":{"@id":"https:\/\/minutocerord.com\/#\/schema\/person\/60b5372d60aaa0a5171fb6488be9aee6"},"potentialAction":[{"@type":"SearchAction","target":{"@type":"EntryPoint","urlTemplate":"https:\/\/minutocerord.com\/?s={search_term_string}"},"query-input":{"@type":"PropertyValueSpecification","valueRequired":true,"valueName":"search_term_string"}}],"inLanguage":"es-DO"},{"@type":["Person","Organization"],"@id":"https:\/\/minutocerord.com\/#\/schema\/person\/60b5372d60aaa0a5171fb6488be9aee6","name":"Genof\u00f3ntes Urb\u00e1ez","image":{"@type":"ImageObject","inLanguage":"es-DO","@id":"https:\/\/secure.gravatar.com\/avatar\/a49ef3186a692098ac3e8a1612261e3ad70cf9e44553dff2929e67939a0ecb9d?s=96&d=identicon&r=g","url":"https:\/\/secure.gravatar.com\/avatar\/a49ef3186a692098ac3e8a1612261e3ad70cf9e44553dff2929e67939a0ecb9d?s=96&d=identicon&r=g","contentUrl":"https:\/\/secure.gravatar.com\/avatar\/a49ef3186a692098ac3e8a1612261e3ad70cf9e44553dff2929e67939a0ecb9d?s=96&d=identicon&r=g","caption":"Genof\u00f3ntes Urb\u00e1ez"},"logo":{"@id":"https:\/\/secure.gravatar.com\/avatar\/a49ef3186a692098ac3e8a1612261e3ad70cf9e44553dff2929e67939a0ecb9d?s=96&d=identicon&r=g"},"description":"Periodista \/ Locutor","sameAs":["https:\/\/www.facebook.com\/Genofnotes","https:\/\/www.instagram.com\/genofnotes\/"]}]}},"jetpack_publicize_connections":[],"jetpack_featured_media_url":"https:\/\/i0.wp.com\/minutocerord.com\/wp-content\/uploads\/2021\/08\/ffc32c4d-toque-de-queda-25-dic-5fe60027a5835-60e902ea283cc.gif?fit=736%2C466&ssl=1","jetpack-related-posts":[],"jetpack_sharing_enabled":true,"_links":{"self":[{"href":"https:\/\/minutocerord.com\/index.php?rest_route=\/wp\/v2\/posts\/5262","targetHints":{"allow":["GET"]}}],"collection":[{"href":"https:\/\/minutocerord.com\/index.php?rest_route=\/wp\/v2\/posts"}],"about":[{"href":"https:\/\/minutocerord.com\/index.php?rest_route=\/wp\/v2\/types\/post"}],"author":[{"embeddable":true,"href":"https:\/\/minutocerord.com\/index.php?rest_route=\/wp\/v2\/users\/1"}],"replies":[{"embeddable":true,"href":"https:\/\/minutocerord.com\/index.php?rest_route=%2Fwp%2Fv2%2Fcomments&post=5262"}],"version-history":[{"count":1,"href":"https:\/\/minutocerord.com\/index.php?rest_route=\/wp\/v2\/posts\/5262\/revisions"}],"predecessor-version":[{"id":5264,"href":"https:\/\/minutocerord.com\/index.php?rest_route=\/wp\/v2\/posts\/5262\/revisions\/5264"}],"wp:featuredmedia":[{"embeddable":true,"href":"https:\/\/minutocerord.com\/index.php?rest_route=\/wp\/v2\/media\/5263"}],"wp:attachment":[{"href":"https:\/\/minutocerord.com\/index.php?rest_route=%2Fwp%2Fv2%2Fmedia&parent=5262"}],"wp:term":[{"taxonomy":"category","embeddable":true,"href":"https:\/\/minutocerord.com\/index.php?rest_route=%2Fwp%2Fv2%2Fcategories&post=5262"},{"taxonomy":"post_tag","embeddable":true,"href":"https:\/\/minutocerord.com\/index.php?rest_route=%2Fwp%2Fv2%2Ftags&post=5262"}],"curies":[{"name":"wp","href":"https:\/\/api.w.org\/{rel}","templated":true}]}}