{"id":5268,"date":"2021-08-09T17:02:21","date_gmt":"2021-08-09T21:02:21","guid":{"rendered":"https:\/\/minutocerord.com\/?p=5268"},"modified":"2021-08-09T17:02:32","modified_gmt":"2021-08-09T21:02:32","slug":"depresion-tropical-generaria-lluvias-e-inundaciones-en-rd-desde-miercoles","status":"publish","type":"post","link":"https:\/\/minutocerord.com\/?p=5268","title":{"rendered":"Depresi\u00f3n tropical generar\u00eda lluvias e inundaciones en RD desde mi\u00e9rcoles"},"content":{"rendered":"\n<p><strong>MIAMI.-<\/strong> Una depresi\u00f3n tropical generar\u00eda lluvias y posibles inundaciones en Rep\u00fablica Dominicana, las Antillas Menores, Islas V\u00edrgenes y Puerto Rico.<\/p>\n\n\n\n<p>El Centro Nacional de Huracanes (NHC) de Estados Unidos inform\u00f3 que las probabilidades de que el sistema se convierta en tormenta con nombre son de un 80%.<\/p>\n\n\n\n<p>Los pron\u00f3sticos indican que el sistema alcanzar\u00eda porciones de las Antillas Menores este lunes en la noche, luego se mover\u00eda cerca del Islas V\u00edrgenes y Puerto Rico el martes y estar\u00eda cerca de Rep\u00fablica Dominicana y Hait\u00ed a mediados de semana.<\/p>\n\n\n\n<p>Seg\u00fan el NHC, son probables lluvias fuertes e inundaciones en las Islas de Sotavento, Islas V\u00edrgenes y Puerto Rico.<\/p>\n\n\n\n<p>ACTIVIDAD NOTORIA EN EL ATLANTICO<\/p>\n\n\n\n<p>La Administraci\u00f3n Nacional de Oc\u00e9anos y Atm\u00f3sfera de EEUU (NOAA) dio a conocer en d\u00edas recientes su pron\u00f3stico actualizado para la actual temporada, seg\u00fan el cual en el Atl\u00e1ntico se registrar\u00e1 una actividad por encima del promedio.<\/p>\n\n\n\n<p>Indic\u00f3 que este a\u00f1o se pueden registrar entre 15 y 21 tormentas con nombre, de las cuales entre 7 y 10 podr\u00edan llegar a la categor\u00eda de hurac\u00e1n, y de ellas de 3 a 5 pueden ser mayores, esto es de categor\u00eda 3, 4 \u00f3 5 en la escala Saffir-Simpson.<\/p>\n\n\n\n<p>Cerca de alcanzar el ecuador de la actual temporada de huracanes en el Atl\u00e1ntico, que comenz\u00f3 de forma oficial el 1 de junio, la cuenta hasta la fecha es de cinco tormentas tropicales: Ana, Bill, Claudette, Danny y Elsa, la \u00faltima de las cuales se convirti\u00f3 a comienzos de julio en el primer hurac\u00e1n de este a\u00f1o.<\/p>\n","protected":false},"excerpt":{"rendered":"<p>MIAMI.- Una depresi\u00f3n tropical generar\u00eda lluvias y posibles inundaciones en Rep\u00fablica Dominicana, las Antillas Menores, Islas V\u00edrgenes y Puerto Rico. El Centro Nacional de Huracanes (NHC) de Estados Unidos inform\u00f3 que las probabilidades de que el sistema se convierta en tormenta con nombre son de un 80%. Los pron\u00f3sticos indican que el sistema alcanzar\u00eda porciones [&hellip;]<\/p>\n","protected":false},"author":1,"featured_media":5269,"comment_status":"open","ping_status":"open","sticky":false,"template":"","format":"standard","meta":{"nf_dc_page":"","jetpack_post_was_ever_published":false,"_jetpack_newsletter_access":"","_jetpack_dont_email_post_to_subs":false,"_jetpack_newsletter_tier_id":0,"_jetpack_memberships_contains_paywalled_content":false,"_jetpack_memberships_contains_paid_content":false,"footnotes":"","jetpack_publicize_message":"","jetpack_publicize_feature_enabled":true,"jetpack_social_post_already_shared":false,"jetpack_social_options":{"image_generator_settings":{"template":"highway","default_image_id":0,"font":"","enabled":false},"version":2}},"categories":[87],"tags":[],"class_list":["post-5268","post","type-post","status-publish","format-standard","has-post-thumbnail","hentry","category-el-clima"],"yoast_head":"<!-- This site is optimized with the Yoast SEO plugin v27.4 - https:\/\/yoast.com\/product\/yoast-seo-wordpress\/ -->\n<title>Depresi\u00f3n tropical generar\u00eda lluvias e inundaciones en RD desde mi\u00e9rcoles - Minuto Cero RD<\/title>\n<meta name=\"robots\" content=\"index, follow, max-snippet:-1, max-image-preview:large, max-video-preview:-1\" \/>\n<link rel=\"canonical\" href=\"https:\/\/minutocerord.com\/?p=5268\" \/>\n<meta property=\"og:locale\" content=\"es_ES\" \/>\n<meta property=\"og:type\" content=\"article\" \/>\n<meta property=\"og:title\" content=\"Depresi\u00f3n tropical generar\u00eda lluvias e inundaciones en RD desde mi\u00e9rcoles - Minuto Cero RD\" \/>\n<meta property=\"og:description\" content=\"MIAMI.- Una depresi\u00f3n tropical generar\u00eda lluvias y posibles inundaciones en Rep\u00fablica Dominicana, las Antillas Menores, Islas V\u00edrgenes y Puerto Rico. El Centro Nacional de Huracanes (NHC) de Estados Unidos inform\u00f3 que las probabilidades de que el sistema se convierta en tormenta con nombre son de un 80%. Los pron\u00f3sticos indican que el sistema alcanzar\u00eda porciones [&hellip;]\" \/>\n<meta property=\"og:url\" content=\"https:\/\/minutocerord.com\/?p=5268\" \/>\n<meta property=\"og:site_name\" content=\"Minuto Cero RD\" \/>\n<meta property=\"article:publisher\" content=\"https:\/\/www.facebook.com\/Genofnotes\" \/>\n<meta property=\"article:author\" content=\"https:\/\/www.facebook.com\/Genofnotes\" \/>\n<meta property=\"article:published_time\" content=\"2021-08-09T21:02:21+00:00\" \/>\n<meta property=\"article:modified_time\" content=\"2021-08-09T21:02:32+00:00\" \/>\n<meta property=\"og:image\" content=\"https:\/\/i0.wp.com\/minutocerord.com\/wp-content\/uploads\/2021\/08\/a-1.jpg?fit=695%2C362&ssl=1\" \/>\n\t<meta property=\"og:image:width\" content=\"695\" \/>\n\t<meta property=\"og:image:height\" content=\"362\" \/>\n\t<meta property=\"og:image:type\" content=\"image\/jpeg\" \/>\n<meta name=\"author\" content=\"Genof\u00f3ntes Urb\u00e1ez\" \/>\n<meta name=\"twitter:card\" content=\"summary_large_image\" \/>\n<meta name=\"twitter:label1\" content=\"Written by\" \/>\n\t<meta name=\"twitter:data1\" content=\"Genof\u00f3ntes Urb\u00e1ez\" \/>\n\t<meta name=\"twitter:label2\" content=\"Est. reading time\" \/>\n\t<meta name=\"twitter:data2\" content=\"2 minutos\" \/>\n<script type=\"application\/ld+json\" class=\"yoast-schema-graph\">{\"@context\":\"https:\\\/\\\/schema.org\",\"@graph\":[{\"@type\":\"Article\",\"@id\":\"https:\\\/\\\/minutocerord.com\\\/?p=5268#article\",\"isPartOf\":{\"@id\":\"https:\\\/\\\/minutocerord.com\\\/?p=5268\"},\"author\":{\"name\":\"Genof\u00f3ntes Urb\u00e1ez\",\"@id\":\"https:\\\/\\\/minutocerord.com\\\/#\\\/schema\\\/person\\\/60b5372d60aaa0a5171fb6488be9aee6\"},\"headline\":\"Depresi\u00f3n tropical generar\u00eda lluvias e inundaciones en RD desde mi\u00e9rcoles\",\"datePublished\":\"2021-08-09T21:02:21+00:00\",\"dateModified\":\"2021-08-09T21:02:32+00:00\",\"mainEntityOfPage\":{\"@id\":\"https:\\\/\\\/minutocerord.com\\\/?p=5268\"},\"wordCount\":285,\"commentCount\":0,\"publisher\":{\"@id\":\"https:\\\/\\\/minutocerord.com\\\/#\\\/schema\\\/person\\\/60b5372d60aaa0a5171fb6488be9aee6\"},\"image\":{\"@id\":\"https:\\\/\\\/minutocerord.com\\\/?p=5268#primaryimage\"},\"thumbnailUrl\":\"https:\\\/\\\/i0.wp.com\\\/minutocerord.com\\\/wp-content\\\/uploads\\\/2021\\\/08\\\/a-1.jpg?fit=695%2C362&ssl=1\",\"articleSection\":[\"El clima\"],\"inLanguage\":\"es-DO\",\"potentialAction\":[{\"@type\":\"CommentAction\",\"name\":\"Comment\",\"target\":[\"https:\\\/\\\/minutocerord.com\\\/?p=5268#respond\"]}]},{\"@type\":\"WebPage\",\"@id\":\"https:\\\/\\\/minutocerord.com\\\/?p=5268\",\"url\":\"https:\\\/\\\/minutocerord.com\\\/?p=5268\",\"name\":\"Depresi\u00f3n tropical generar\u00eda lluvias e inundaciones en RD desde mi\u00e9rcoles - Minuto Cero RD\",\"isPartOf\":{\"@id\":\"https:\\\/\\\/minutocerord.com\\\/#website\"},\"primaryImageOfPage\":{\"@id\":\"https:\\\/\\\/minutocerord.com\\\/?p=5268#primaryimage\"},\"image\":{\"@id\":\"https:\\\/\\\/minutocerord.com\\\/?p=5268#primaryimage\"},\"thumbnailUrl\":\"https:\\\/\\\/i0.wp.com\\\/minutocerord.com\\\/wp-content\\\/uploads\\\/2021\\\/08\\\/a-1.jpg?fit=695%2C362&ssl=1\",\"datePublished\":\"2021-08-09T21:02:21+00:00\",\"dateModified\":\"2021-08-09T21:02:32+00:00\",\"breadcrumb\":{\"@id\":\"https:\\\/\\\/minutocerord.com\\\/?p=5268#breadcrumb\"},\"inLanguage\":\"es-DO\",\"potentialAction\":[{\"@type\":\"ReadAction\",\"target\":[\"https:\\\/\\\/minutocerord.com\\\/?p=5268\"]}]},{\"@type\":\"ImageObject\",\"inLanguage\":\"es-DO\",\"@id\":\"https:\\\/\\\/minutocerord.com\\\/?p=5268#primaryimage\",\"url\":\"https:\\\/\\\/i0.wp.com\\\/minutocerord.com\\\/wp-content\\\/uploads\\\/2021\\\/08\\\/a-1.jpg?fit=695%2C362&ssl=1\",\"contentUrl\":\"https:\\\/\\\/i0.wp.com\\\/minutocerord.com\\\/wp-content\\\/uploads\\\/2021\\\/08\\\/a-1.jpg?fit=695%2C362&ssl=1\",\"width\":695,\"height\":362},{\"@type\":\"BreadcrumbList\",\"@id\":\"https:\\\/\\\/minutocerord.com\\\/?p=5268#breadcrumb\",\"itemListElement\":[{\"@type\":\"ListItem\",\"position\":1,\"name\":\"Home\",\"item\":\"https:\\\/\\\/minutocerord.com\\\/\"},{\"@type\":\"ListItem\",\"position\":2,\"name\":\"Depresi\u00f3n tropical generar\u00eda lluvias e inundaciones en RD desde mi\u00e9rcoles\"}]},{\"@type\":\"WebSite\",\"@id\":\"https:\\\/\\\/minutocerord.com\\\/#website\",\"url\":\"https:\\\/\\\/minutocerord.com\\\/\",\"name\":\"Minuto Cero RD\",\"description\":\"Periodismo serio y veraz\",\"publisher\":{\"@id\":\"https:\\\/\\\/minutocerord.com\\\/#\\\/schema\\\/person\\\/60b5372d60aaa0a5171fb6488be9aee6\"},\"potentialAction\":[{\"@type\":\"SearchAction\",\"target\":{\"@type\":\"EntryPoint\",\"urlTemplate\":\"https:\\\/\\\/minutocerord.com\\\/?s={search_term_string}\"},\"query-input\":{\"@type\":\"PropertyValueSpecification\",\"valueRequired\":true,\"valueName\":\"search_term_string\"}}],\"inLanguage\":\"es-DO\"},{\"@type\":[\"Person\",\"Organization\"],\"@id\":\"https:\\\/\\\/minutocerord.com\\\/#\\\/schema\\\/person\\\/60b5372d60aaa0a5171fb6488be9aee6\",\"name\":\"Genof\u00f3ntes Urb\u00e1ez\",\"image\":{\"@type\":\"ImageObject\",\"inLanguage\":\"es-DO\",\"@id\":\"https:\\\/\\\/secure.gravatar.com\\\/avatar\\\/a49ef3186a692098ac3e8a1612261e3ad70cf9e44553dff2929e67939a0ecb9d?s=96&d=identicon&r=g\",\"url\":\"https:\\\/\\\/secure.gravatar.com\\\/avatar\\\/a49ef3186a692098ac3e8a1612261e3ad70cf9e44553dff2929e67939a0ecb9d?s=96&d=identicon&r=g\",\"contentUrl\":\"https:\\\/\\\/secure.gravatar.com\\\/avatar\\\/a49ef3186a692098ac3e8a1612261e3ad70cf9e44553dff2929e67939a0ecb9d?s=96&d=identicon&r=g\",\"caption\":\"Genof\u00f3ntes Urb\u00e1ez\"},\"logo\":{\"@id\":\"https:\\\/\\\/secure.gravatar.com\\\/avatar\\\/a49ef3186a692098ac3e8a1612261e3ad70cf9e44553dff2929e67939a0ecb9d?s=96&d=identicon&r=g\"},\"description\":\"Periodista \\\/ Locutor\",\"sameAs\":[\"https:\\\/\\\/www.facebook.com\\\/Genofnotes\",\"https:\\\/\\\/www.instagram.com\\\/genofnotes\\\/\"]}]}<\/script>\n<!-- \/ Yoast SEO plugin. -->","yoast_head_json":{"title":"Depresi\u00f3n tropical generar\u00eda lluvias e inundaciones en RD desde mi\u00e9rcoles - Minuto Cero RD","robots":{"index":"index","follow":"follow","max-snippet":"max-snippet:-1","max-image-preview":"max-image-preview:large","max-video-preview":"max-video-preview:-1"},"canonical":"https:\/\/minutocerord.com\/?p=5268","og_locale":"es_ES","og_type":"article","og_title":"Depresi\u00f3n tropical generar\u00eda lluvias e inundaciones en RD desde mi\u00e9rcoles - Minuto Cero RD","og_description":"MIAMI.- Una depresi\u00f3n tropical generar\u00eda lluvias y posibles inundaciones en Rep\u00fablica Dominicana, las Antillas Menores, Islas V\u00edrgenes y Puerto Rico. El Centro Nacional de Huracanes (NHC) de Estados Unidos inform\u00f3 que las probabilidades de que el sistema se convierta en tormenta con nombre son de un 80%. Los pron\u00f3sticos indican que el sistema alcanzar\u00eda porciones [&hellip;]","og_url":"https:\/\/minutocerord.com\/?p=5268","og_site_name":"Minuto Cero RD","article_publisher":"https:\/\/www.facebook.com\/Genofnotes","article_author":"https:\/\/www.facebook.com\/Genofnotes","article_published_time":"2021-08-09T21:02:21+00:00","article_modified_time":"2021-08-09T21:02:32+00:00","og_image":[{"width":695,"height":362,"url":"https:\/\/i0.wp.com\/minutocerord.com\/wp-content\/uploads\/2021\/08\/a-1.jpg?fit=695%2C362&ssl=1","type":"image\/jpeg"}],"author":"Genof\u00f3ntes Urb\u00e1ez","twitter_card":"summary_large_image","twitter_misc":{"Written by":"Genof\u00f3ntes Urb\u00e1ez","Est. reading time":"2 minutos"},"schema":{"@context":"https:\/\/schema.org","@graph":[{"@type":"Article","@id":"https:\/\/minutocerord.com\/?p=5268#article","isPartOf":{"@id":"https:\/\/minutocerord.com\/?p=5268"},"author":{"name":"Genof\u00f3ntes Urb\u00e1ez","@id":"https:\/\/minutocerord.com\/#\/schema\/person\/60b5372d60aaa0a5171fb6488be9aee6"},"headline":"Depresi\u00f3n tropical generar\u00eda lluvias e inundaciones en RD desde mi\u00e9rcoles","datePublished":"2021-08-09T21:02:21+00:00","dateModified":"2021-08-09T21:02:32+00:00","mainEntityOfPage":{"@id":"https:\/\/minutocerord.com\/?p=5268"},"wordCount":285,"commentCount":0,"publisher":{"@id":"https:\/\/minutocerord.com\/#\/schema\/person\/60b5372d60aaa0a5171fb6488be9aee6"},"image":{"@id":"https:\/\/minutocerord.com\/?p=5268#primaryimage"},"thumbnailUrl":"https:\/\/i0.wp.com\/minutocerord.com\/wp-content\/uploads\/2021\/08\/a-1.jpg?fit=695%2C362&ssl=1","articleSection":["El clima"],"inLanguage":"es-DO","potentialAction":[{"@type":"CommentAction","name":"Comment","target":["https:\/\/minutocerord.com\/?p=5268#respond"]}]},{"@type":"WebPage","@id":"https:\/\/minutocerord.com\/?p=5268","url":"https:\/\/minutocerord.com\/?p=5268","name":"Depresi\u00f3n tropical generar\u00eda lluvias e inundaciones en RD desde mi\u00e9rcoles - Minuto Cero RD","isPartOf":{"@id":"https:\/\/minutocerord.com\/#website"},"primaryImageOfPage":{"@id":"https:\/\/minutocerord.com\/?p=5268#primaryimage"},"image":{"@id":"https:\/\/minutocerord.com\/?p=5268#primaryimage"},"thumbnailUrl":"https:\/\/i0.wp.com\/minutocerord.com\/wp-content\/uploads\/2021\/08\/a-1.jpg?fit=695%2C362&ssl=1","datePublished":"2021-08-09T21:02:21+00:00","dateModified":"2021-08-09T21:02:32+00:00","breadcrumb":{"@id":"https:\/\/minutocerord.com\/?p=5268#breadcrumb"},"inLanguage":"es-DO","potentialAction":[{"@type":"ReadAction","target":["https:\/\/minutocerord.com\/?p=5268"]}]},{"@type":"ImageObject","inLanguage":"es-DO","@id":"https:\/\/minutocerord.com\/?p=5268#primaryimage","url":"https:\/\/i0.wp.com\/minutocerord.com\/wp-content\/uploads\/2021\/08\/a-1.jpg?fit=695%2C362&ssl=1","contentUrl":"https:\/\/i0.wp.com\/minutocerord.com\/wp-content\/uploads\/2021\/08\/a-1.jpg?fit=695%2C362&ssl=1","width":695,"height":362},{"@type":"BreadcrumbList","@id":"https:\/\/minutocerord.com\/?p=5268#breadcrumb","itemListElement":[{"@type":"ListItem","position":1,"name":"Home","item":"https:\/\/minutocerord.com\/"},{"@type":"ListItem","position":2,"name":"Depresi\u00f3n tropical generar\u00eda lluvias e inundaciones en RD desde mi\u00e9rcoles"}]},{"@type":"WebSite","@id":"https:\/\/minutocerord.com\/#website","url":"https:\/\/minutocerord.com\/","name":"Minuto Cero RD","description":"Periodismo serio y veraz","publisher":{"@id":"https:\/\/minutocerord.com\/#\/schema\/person\/60b5372d60aaa0a5171fb6488be9aee6"},"potentialAction":[{"@type":"SearchAction","target":{"@type":"EntryPoint","urlTemplate":"https:\/\/minutocerord.com\/?s={search_term_string}"},"query-input":{"@type":"PropertyValueSpecification","valueRequired":true,"valueName":"search_term_string"}}],"inLanguage":"es-DO"},{"@type":["Person","Organization"],"@id":"https:\/\/minutocerord.com\/#\/schema\/person\/60b5372d60aaa0a5171fb6488be9aee6","name":"Genof\u00f3ntes Urb\u00e1ez","image":{"@type":"ImageObject","inLanguage":"es-DO","@id":"https:\/\/secure.gravatar.com\/avatar\/a49ef3186a692098ac3e8a1612261e3ad70cf9e44553dff2929e67939a0ecb9d?s=96&d=identicon&r=g","url":"https:\/\/secure.gravatar.com\/avatar\/a49ef3186a692098ac3e8a1612261e3ad70cf9e44553dff2929e67939a0ecb9d?s=96&d=identicon&r=g","contentUrl":"https:\/\/secure.gravatar.com\/avatar\/a49ef3186a692098ac3e8a1612261e3ad70cf9e44553dff2929e67939a0ecb9d?s=96&d=identicon&r=g","caption":"Genof\u00f3ntes Urb\u00e1ez"},"logo":{"@id":"https:\/\/secure.gravatar.com\/avatar\/a49ef3186a692098ac3e8a1612261e3ad70cf9e44553dff2929e67939a0ecb9d?s=96&d=identicon&r=g"},"description":"Periodista \/ Locutor","sameAs":["https:\/\/www.facebook.com\/Genofnotes","https:\/\/www.instagram.com\/genofnotes\/"]}]}},"jetpack_publicize_connections":[],"jetpack_featured_media_url":"https:\/\/i0.wp.com\/minutocerord.com\/wp-content\/uploads\/2021\/08\/a-1.jpg?fit=695%2C362&ssl=1","jetpack-related-posts":[],"jetpack_sharing_enabled":true,"_links":{"self":[{"href":"https:\/\/minutocerord.com\/index.php?rest_route=\/wp\/v2\/posts\/5268","targetHints":{"allow":["GET"]}}],"collection":[{"href":"https:\/\/minutocerord.com\/index.php?rest_route=\/wp\/v2\/posts"}],"about":[{"href":"https:\/\/minutocerord.com\/index.php?rest_route=\/wp\/v2\/types\/post"}],"author":[{"embeddable":true,"href":"https:\/\/minutocerord.com\/index.php?rest_route=\/wp\/v2\/users\/1"}],"replies":[{"embeddable":true,"href":"https:\/\/minutocerord.com\/index.php?rest_route=%2Fwp%2Fv2%2Fcomments&post=5268"}],"version-history":[{"count":1,"href":"https:\/\/minutocerord.com\/index.php?rest_route=\/wp\/v2\/posts\/5268\/revisions"}],"predecessor-version":[{"id":5270,"href":"https:\/\/minutocerord.com\/index.php?rest_route=\/wp\/v2\/posts\/5268\/revisions\/5270"}],"wp:featuredmedia":[{"embeddable":true,"href":"https:\/\/minutocerord.com\/index.php?rest_route=\/wp\/v2\/media\/5269"}],"wp:attachment":[{"href":"https:\/\/minutocerord.com\/index.php?rest_route=%2Fwp%2Fv2%2Fmedia&parent=5268"}],"wp:term":[{"taxonomy":"category","embeddable":true,"href":"https:\/\/minutocerord.com\/index.php?rest_route=%2Fwp%2Fv2%2Fcategories&post=5268"},{"taxonomy":"post_tag","embeddable":true,"href":"https:\/\/minutocerord.com\/index.php?rest_route=%2Fwp%2Fv2%2Ftags&post=5268"}],"curies":[{"name":"wp","href":"https:\/\/api.w.org\/{rel}","templated":true}]}}