{"id":5274,"date":"2021-08-09T17:07:19","date_gmt":"2021-08-09T21:07:19","guid":{"rendered":"https:\/\/minutocerord.com\/?p=5274"},"modified":"2021-08-09T17:07:30","modified_gmt":"2021-08-09T21:07:30","slug":"los-precios-de-la-comida-vuelven-a-dispararse","status":"publish","type":"post","link":"https:\/\/minutocerord.com\/?p=5274","title":{"rendered":"Los precios de la comida vuelven a dispararse"},"content":{"rendered":"\n<p><strong>Santo Domingo, RD.-<\/strong> A pesar de que la inflaci\u00f3n en Rep\u00fablica Dominicana ha comenzado a descender despu\u00e9s de experimentar su pico m\u00e1s alto en mayo, con 10.48% respecto al mismo mes del 2020, todav\u00eda varios alimentos que tienen mucha demanda en la canasta b\u00e1sica contin\u00faan subiendo de precio.\u00a0<\/p>\n\n\n\n<p>Entre ellos se encuentran el pollo fresco, que en julio pasado subi\u00f3 1.90 % y se ubic\u00f3 entre los productos que m\u00e1s contribuyeron al alza de 0.91 % registrada en el \u00edndice de precios del grupo alimentos y bebidas no alcoh\u00f3licas, seg\u00fan consta en el informe de la variaci\u00f3n mensual del \u00edndice de precios al consumidor (IPC) del Banco Central (BCRD) correspondente al mes pasado.&nbsp;<\/p>\n\n\n\n<p>\u201cEl pollo subi\u00f3 mucho, mucho, mucho bastante. En la pollera lo est\u00e1n vendiendo a RD$65\u201d, se quej\u00f3 un colmadero que ayer vend\u00eda la libra a RD$80.&nbsp;<\/p>\n\n\n\n<p>Con \u00e9l coincidieron comerciantes consultados ayer durante un recorrido por algunos mercados del Distrito Nacional y Santo Domingo.&nbsp;<a><\/a><\/p>\n\n\n\n<p>\u201cEst\u00e1 subiendo todo, el pollo est\u00e1 a RD$75, est\u00e1 dif\u00edcil las cosa\u201d, expres\u00f3 Juan de Dios, quien comercia esta carne en el sector Villas Agr\u00edcolas.&nbsp;<\/p>\n\n\n\n<p>Juan considera que el pollo est\u00e1 escaseando porque antes sol\u00eda comprar 100 unidades diario y actualmente solo le venden unos 25, supuestamente por la falta de insumos, seg\u00fan le dicen los granjeros. Indic\u00f3, no obstante, que aunque el pollo ha subido de precio se est\u00e1 vendiendo como de costumbre. El Sistema Dominicano de Informaci\u00f3n de Precios (SDIP) registra la libra de pollo procesado a un m\u00e1ximo de RD$79 en los supermercados y a RD$75 en los mercados.&nbsp;&nbsp;<\/p>\n\n\n\n<p>Aumento de la demanda&nbsp;<\/p>\n\n\n\n<p>Ante la presencia de la peste porcina africana (PPA) en el pa\u00eds la demanda de pollo se ha incrementado porque, aunque esta enfermedad no afecta a los humanos, el consumo de cerdo ha disminuido.&nbsp;<\/p>\n\n\n\n<p>Ha sido tan alta la demanda que algunos supermercados comenzaron a limitar la cantidad de pollo que pod\u00edan comprar sus clientes.&nbsp; Ante esta situaci\u00f3n la semana pasada List\u00edn Diario propuso a trav\u00e9s de un editorial que el Gobierno ofrezca un apoyo excepcional a los avicultores para que puedan mantener la producci\u00f3n y satisfacer la demanda para controlar el alza de los precios.&nbsp;<\/p>\n\n\n\n<p>&nbsp; Aunque varias veces se intent\u00f3 obtener la opini\u00f3n del ministro de Agricultura, Limber Cruz, sobre esta propuesta no fue posible. Solo se nos indic\u00f3 que hoy antes del mediod\u00eda el Ministro emitir\u00e1 una declaraci\u00f3n p\u00fablica al respecto.&nbsp;<\/p>\n\n\n\n<p>Otros productos han subido&nbsp;&nbsp;<\/p>\n\n\n\n<p>Al incremento del pollo en el pa\u00eds, se suman otros productos alimenticios de consumo diario como el ajo, la cebolla y el aceite, los cuales han presentado alzas significativas en estas \u00faltimas semanas en los diferentes mercados de la capital.&nbsp;<\/p>\n\n\n\n<p>Durante un recorrido por el mercado de la avenida Duarte y el Merca Santo Domingo, amas de casa y comerciantes del lugar expresaron sus preocupaciones ante la variaci\u00f3n de precios de estos productos de la canasta b\u00e1sica familiar.&nbsp;<\/p>\n\n\n\n<p>\u201cEl ajo ha subido a RD$145, la cebolla var\u00eda desde RD$30 la libra, dependiendo la calidad y cantidad\u201d, expres\u00f3 Ricardo, quien es comerciante de vegetales en el Merca.&nbsp;<\/p>\n\n\n\n<p>Emilio Garc\u00eda, otro de los comerciantes de la zona, se\u00f1al\u00f3 que el ajo lo est\u00e1 ofreciendo a RD$160, mientras que hace unos meses la libra estaba hasta a RD$90.&nbsp;<\/p>\n\n\n\n<p>Asimismo, indic\u00f3 que actualmente en el referido mercado la libra de cebolla se est\u00e1 a comercializando a RD$35 y que antes costaba hasta RD$20.&nbsp;<\/p>\n\n\n\n<p>El informe del Banco Central indica que en julio el pan sobado subi\u00f3 9.09%, el pan de agua 7.54 %. Algunos derivados del cerdo, como la chuleta ahumada y el salami registraron alzas de 1.49 % y 3.19 %, respectivamente.&nbsp;<\/p>\n\n\n\n<p>Quejas de amas de casa<\/p>\n\n\n\n<p>De igual manera, algunas amas de casas encuestadas manifestaron que debido al alza que presentan muchos de los principales productos alimenticios han tenido que sustituir uno que otro alimento por otros m\u00e1s econ\u00f3micos.&nbsp;<\/p>\n\n\n\n<p>Marisela expres\u00f3 que debido al alza en el precio del pollo ha tenido que dejar de comerlo por unos d\u00edas y prefiere comer vegetales para de esta forma ahorrar m\u00e1s. \u201cYo compro vegetales aqu\u00ed en el Merca y lo juntamos con otra compa\u00f1a\u201d, opin\u00f3. Asimismo, Adriana Rivas, otra de las amas de casa encuestadas, explic\u00f3 que gasta m\u00e1s de RD$500 diario para hacer un almuerzo para su familia de cinco miembros.&nbsp;<\/p>\n\n\n\n<p>DATOS<\/p>\n\n\n\n<p>Siete meses<\/p>\n\n\n\n<p>Otros consumidores, como Patricia, optan por comprar carne de res porque considera el cerdo no es apto y el pollo est\u00e1 caro.<\/p>\n\n\n\n<p>Inflaci\u00f3n acumulada<\/p>\n\n\n\n<p>En t\u00e9rminos generales, al cierre de julio la inflaci\u00f3n se ubic\u00f3 en 7.88 % y el porcentaje acumulado de los primeros siete meses del a\u00f1o (enero-julio) fue 4.57 %, seg\u00fan el informe del Banco Central (BCRD).<\/p>\n","protected":false},"excerpt":{"rendered":"<p>Santo Domingo, RD.- A pesar de que la inflaci\u00f3n en Rep\u00fablica Dominicana ha comenzado a descender despu\u00e9s de experimentar su pico m\u00e1s alto en mayo, con 10.48% respecto al mismo mes del 2020, todav\u00eda varios alimentos que tienen mucha demanda en la canasta b\u00e1sica contin\u00faan subiendo de precio.\u00a0 Entre ellos se encuentran el pollo fresco, [&hellip;]<\/p>\n","protected":false},"author":1,"featured_media":5275,"comment_status":"open","ping_status":"open","sticky":false,"template":"","format":"standard","meta":{"nf_dc_page":"","jetpack_post_was_ever_published":false,"_jetpack_newsletter_access":"","_jetpack_dont_email_post_to_subs":false,"_jetpack_newsletter_tier_id":0,"_jetpack_memberships_contains_paywalled_content":false,"_jetpack_memberships_contains_paid_content":false,"footnotes":"","jetpack_publicize_message":"","jetpack_publicize_feature_enabled":true,"jetpack_social_post_already_shared":false,"jetpack_social_options":{"image_generator_settings":{"template":"highway","default_image_id":0,"font":"","enabled":false},"version":2}},"categories":[74],"tags":[],"class_list":["post-5274","post","type-post","status-publish","format-standard","has-post-thumbnail","hentry","category-economicas"],"yoast_head":"<!-- This site is optimized with the Yoast SEO plugin v27.5 - https:\/\/yoast.com\/product\/yoast-seo-wordpress\/ -->\n<title>Los precios de la comida vuelven a dispararse - Minuto Cero RD<\/title>\n<meta name=\"robots\" content=\"index, follow, max-snippet:-1, max-image-preview:large, max-video-preview:-1\" \/>\n<link rel=\"canonical\" href=\"http:\/\/minutocerord.com\/?p=5274\" \/>\n<meta property=\"og:locale\" content=\"es_ES\" \/>\n<meta property=\"og:type\" content=\"article\" \/>\n<meta property=\"og:title\" content=\"Los precios de la comida vuelven a dispararse - Minuto Cero RD\" \/>\n<meta property=\"og:description\" content=\"Santo Domingo, RD.- A pesar de que la inflaci\u00f3n en Rep\u00fablica Dominicana ha comenzado a descender despu\u00e9s de experimentar su pico m\u00e1s alto en mayo, con 10.48% respecto al mismo mes del 2020, todav\u00eda varios alimentos que tienen mucha demanda en la canasta b\u00e1sica contin\u00faan subiendo de precio.\u00a0 Entre ellos se encuentran el pollo fresco, [&hellip;]\" \/>\n<meta property=\"og:url\" content=\"http:\/\/minutocerord.com\/?p=5274\" \/>\n<meta property=\"og:site_name\" content=\"Minuto Cero RD\" \/>\n<meta property=\"article:publisher\" content=\"https:\/\/www.facebook.com\/Genofnotes\" \/>\n<meta property=\"article:author\" content=\"https:\/\/www.facebook.com\/Genofnotes\" \/>\n<meta property=\"article:published_time\" content=\"2021-08-09T21:07:19+00:00\" \/>\n<meta property=\"article:modified_time\" content=\"2021-08-09T21:07:30+00:00\" \/>\n<meta property=\"og:image\" content=\"https:\/\/i0.wp.com\/minutocerord.com\/wp-content\/uploads\/2021\/08\/los-precios-de-la-comida-vuelven-a-dispararse.jpeg?fit=680%2C325\" \/>\n\t<meta property=\"og:image:width\" content=\"680\" \/>\n\t<meta property=\"og:image:height\" content=\"325\" \/>\n\t<meta property=\"og:image:type\" content=\"image\/jpeg\" \/>\n<meta name=\"author\" content=\"Genof\u00f3ntes Urb\u00e1ez\" \/>\n<meta name=\"twitter:card\" content=\"summary_large_image\" \/>\n<meta name=\"twitter:label1\" content=\"Written by\" \/>\n\t<meta name=\"twitter:data1\" content=\"Genof\u00f3ntes Urb\u00e1ez\" \/>\n\t<meta name=\"twitter:label2\" content=\"Est. reading time\" \/>\n\t<meta name=\"twitter:data2\" content=\"4 minutos\" \/>\n<script type=\"application\/ld+json\" class=\"yoast-schema-graph\">{\"@context\":\"https:\\\/\\\/schema.org\",\"@graph\":[{\"@type\":\"Article\",\"@id\":\"http:\\\/\\\/minutocerord.com\\\/?p=5274#article\",\"isPartOf\":{\"@id\":\"http:\\\/\\\/minutocerord.com\\\/?p=5274\"},\"author\":{\"name\":\"Genof\u00f3ntes Urb\u00e1ez\",\"@id\":\"https:\\\/\\\/minutocerord.com\\\/#\\\/schema\\\/person\\\/60b5372d60aaa0a5171fb6488be9aee6\"},\"headline\":\"Los precios de la comida vuelven a dispararse\",\"datePublished\":\"2021-08-09T21:07:19+00:00\",\"dateModified\":\"2021-08-09T21:07:30+00:00\",\"mainEntityOfPage\":{\"@id\":\"http:\\\/\\\/minutocerord.com\\\/?p=5274\"},\"wordCount\":829,\"commentCount\":0,\"publisher\":{\"@id\":\"https:\\\/\\\/minutocerord.com\\\/#\\\/schema\\\/person\\\/60b5372d60aaa0a5171fb6488be9aee6\"},\"image\":{\"@id\":\"http:\\\/\\\/minutocerord.com\\\/?p=5274#primaryimage\"},\"thumbnailUrl\":\"https:\\\/\\\/i0.wp.com\\\/minutocerord.com\\\/wp-content\\\/uploads\\\/2021\\\/08\\\/los-precios-de-la-comida-vuelven-a-dispararse.jpeg?fit=680%2C325&ssl=1\",\"articleSection\":[\"Econ\u00f3micas\"],\"inLanguage\":\"es-DO\",\"potentialAction\":[{\"@type\":\"CommentAction\",\"name\":\"Comment\",\"target\":[\"http:\\\/\\\/minutocerord.com\\\/?p=5274#respond\"]}]},{\"@type\":\"WebPage\",\"@id\":\"http:\\\/\\\/minutocerord.com\\\/?p=5274\",\"url\":\"http:\\\/\\\/minutocerord.com\\\/?p=5274\",\"name\":\"Los precios de la comida vuelven a dispararse - Minuto Cero RD\",\"isPartOf\":{\"@id\":\"https:\\\/\\\/minutocerord.com\\\/#website\"},\"primaryImageOfPage\":{\"@id\":\"http:\\\/\\\/minutocerord.com\\\/?p=5274#primaryimage\"},\"image\":{\"@id\":\"http:\\\/\\\/minutocerord.com\\\/?p=5274#primaryimage\"},\"thumbnailUrl\":\"https:\\\/\\\/i0.wp.com\\\/minutocerord.com\\\/wp-content\\\/uploads\\\/2021\\\/08\\\/los-precios-de-la-comida-vuelven-a-dispararse.jpeg?fit=680%2C325&ssl=1\",\"datePublished\":\"2021-08-09T21:07:19+00:00\",\"dateModified\":\"2021-08-09T21:07:30+00:00\",\"breadcrumb\":{\"@id\":\"http:\\\/\\\/minutocerord.com\\\/?p=5274#breadcrumb\"},\"inLanguage\":\"es-DO\",\"potentialAction\":[{\"@type\":\"ReadAction\",\"target\":[\"http:\\\/\\\/minutocerord.com\\\/?p=5274\"]}]},{\"@type\":\"ImageObject\",\"inLanguage\":\"es-DO\",\"@id\":\"http:\\\/\\\/minutocerord.com\\\/?p=5274#primaryimage\",\"url\":\"https:\\\/\\\/i0.wp.com\\\/minutocerord.com\\\/wp-content\\\/uploads\\\/2021\\\/08\\\/los-precios-de-la-comida-vuelven-a-dispararse.jpeg?fit=680%2C325&ssl=1\",\"contentUrl\":\"https:\\\/\\\/i0.wp.com\\\/minutocerord.com\\\/wp-content\\\/uploads\\\/2021\\\/08\\\/los-precios-de-la-comida-vuelven-a-dispararse.jpeg?fit=680%2C325&ssl=1\",\"width\":680,\"height\":325},{\"@type\":\"BreadcrumbList\",\"@id\":\"http:\\\/\\\/minutocerord.com\\\/?p=5274#breadcrumb\",\"itemListElement\":[{\"@type\":\"ListItem\",\"position\":1,\"name\":\"Home\",\"item\":\"https:\\\/\\\/minutocerord.com\\\/\"},{\"@type\":\"ListItem\",\"position\":2,\"name\":\"Los precios de la comida vuelven a dispararse\"}]},{\"@type\":\"WebSite\",\"@id\":\"https:\\\/\\\/minutocerord.com\\\/#website\",\"url\":\"https:\\\/\\\/minutocerord.com\\\/\",\"name\":\"Minuto Cero RD\",\"description\":\"Periodismo serio y veraz\",\"publisher\":{\"@id\":\"https:\\\/\\\/minutocerord.com\\\/#\\\/schema\\\/person\\\/60b5372d60aaa0a5171fb6488be9aee6\"},\"potentialAction\":[{\"@type\":\"SearchAction\",\"target\":{\"@type\":\"EntryPoint\",\"urlTemplate\":\"https:\\\/\\\/minutocerord.com\\\/?s={search_term_string}\"},\"query-input\":{\"@type\":\"PropertyValueSpecification\",\"valueRequired\":true,\"valueName\":\"search_term_string\"}}],\"inLanguage\":\"es-DO\"},{\"@type\":[\"Person\",\"Organization\"],\"@id\":\"https:\\\/\\\/minutocerord.com\\\/#\\\/schema\\\/person\\\/60b5372d60aaa0a5171fb6488be9aee6\",\"name\":\"Genof\u00f3ntes Urb\u00e1ez\",\"image\":{\"@type\":\"ImageObject\",\"inLanguage\":\"es-DO\",\"@id\":\"https:\\\/\\\/secure.gravatar.com\\\/avatar\\\/a49ef3186a692098ac3e8a1612261e3ad70cf9e44553dff2929e67939a0ecb9d?s=96&d=identicon&r=g\",\"url\":\"https:\\\/\\\/secure.gravatar.com\\\/avatar\\\/a49ef3186a692098ac3e8a1612261e3ad70cf9e44553dff2929e67939a0ecb9d?s=96&d=identicon&r=g\",\"contentUrl\":\"https:\\\/\\\/secure.gravatar.com\\\/avatar\\\/a49ef3186a692098ac3e8a1612261e3ad70cf9e44553dff2929e67939a0ecb9d?s=96&d=identicon&r=g\",\"caption\":\"Genof\u00f3ntes Urb\u00e1ez\"},\"logo\":{\"@id\":\"https:\\\/\\\/secure.gravatar.com\\\/avatar\\\/a49ef3186a692098ac3e8a1612261e3ad70cf9e44553dff2929e67939a0ecb9d?s=96&d=identicon&r=g\"},\"description\":\"Periodista \\\/ Locutor\",\"sameAs\":[\"https:\\\/\\\/www.facebook.com\\\/Genofnotes\",\"https:\\\/\\\/www.instagram.com\\\/genofnotes\\\/\"]}]}<\/script>\n<!-- \/ Yoast SEO plugin. -->","yoast_head_json":{"title":"Los precios de la comida vuelven a dispararse - Minuto Cero RD","robots":{"index":"index","follow":"follow","max-snippet":"max-snippet:-1","max-image-preview":"max-image-preview:large","max-video-preview":"max-video-preview:-1"},"canonical":"http:\/\/minutocerord.com\/?p=5274","og_locale":"es_ES","og_type":"article","og_title":"Los precios de la comida vuelven a dispararse - Minuto Cero RD","og_description":"Santo Domingo, RD.- A pesar de que la inflaci\u00f3n en Rep\u00fablica Dominicana ha comenzado a descender despu\u00e9s de experimentar su pico m\u00e1s alto en mayo, con 10.48% respecto al mismo mes del 2020, todav\u00eda varios alimentos que tienen mucha demanda en la canasta b\u00e1sica contin\u00faan subiendo de precio.\u00a0 Entre ellos se encuentran el pollo fresco, [&hellip;]","og_url":"http:\/\/minutocerord.com\/?p=5274","og_site_name":"Minuto Cero RD","article_publisher":"https:\/\/www.facebook.com\/Genofnotes","article_author":"https:\/\/www.facebook.com\/Genofnotes","article_published_time":"2021-08-09T21:07:19+00:00","article_modified_time":"2021-08-09T21:07:30+00:00","og_image":[{"width":680,"height":325,"url":"https:\/\/i0.wp.com\/minutocerord.com\/wp-content\/uploads\/2021\/08\/los-precios-de-la-comida-vuelven-a-dispararse.jpeg?fit=680%2C325","type":"image\/jpeg"}],"author":"Genof\u00f3ntes Urb\u00e1ez","twitter_card":"summary_large_image","twitter_misc":{"Written by":"Genof\u00f3ntes Urb\u00e1ez","Est. reading time":"4 minutos"},"schema":{"@context":"https:\/\/schema.org","@graph":[{"@type":"Article","@id":"http:\/\/minutocerord.com\/?p=5274#article","isPartOf":{"@id":"http:\/\/minutocerord.com\/?p=5274"},"author":{"name":"Genof\u00f3ntes Urb\u00e1ez","@id":"https:\/\/minutocerord.com\/#\/schema\/person\/60b5372d60aaa0a5171fb6488be9aee6"},"headline":"Los precios de la comida vuelven a dispararse","datePublished":"2021-08-09T21:07:19+00:00","dateModified":"2021-08-09T21:07:30+00:00","mainEntityOfPage":{"@id":"http:\/\/minutocerord.com\/?p=5274"},"wordCount":829,"commentCount":0,"publisher":{"@id":"https:\/\/minutocerord.com\/#\/schema\/person\/60b5372d60aaa0a5171fb6488be9aee6"},"image":{"@id":"http:\/\/minutocerord.com\/?p=5274#primaryimage"},"thumbnailUrl":"https:\/\/i0.wp.com\/minutocerord.com\/wp-content\/uploads\/2021\/08\/los-precios-de-la-comida-vuelven-a-dispararse.jpeg?fit=680%2C325&ssl=1","articleSection":["Econ\u00f3micas"],"inLanguage":"es-DO","potentialAction":[{"@type":"CommentAction","name":"Comment","target":["http:\/\/minutocerord.com\/?p=5274#respond"]}]},{"@type":"WebPage","@id":"http:\/\/minutocerord.com\/?p=5274","url":"http:\/\/minutocerord.com\/?p=5274","name":"Los precios de la comida vuelven a dispararse - Minuto Cero RD","isPartOf":{"@id":"https:\/\/minutocerord.com\/#website"},"primaryImageOfPage":{"@id":"http:\/\/minutocerord.com\/?p=5274#primaryimage"},"image":{"@id":"http:\/\/minutocerord.com\/?p=5274#primaryimage"},"thumbnailUrl":"https:\/\/i0.wp.com\/minutocerord.com\/wp-content\/uploads\/2021\/08\/los-precios-de-la-comida-vuelven-a-dispararse.jpeg?fit=680%2C325&ssl=1","datePublished":"2021-08-09T21:07:19+00:00","dateModified":"2021-08-09T21:07:30+00:00","breadcrumb":{"@id":"http:\/\/minutocerord.com\/?p=5274#breadcrumb"},"inLanguage":"es-DO","potentialAction":[{"@type":"ReadAction","target":["http:\/\/minutocerord.com\/?p=5274"]}]},{"@type":"ImageObject","inLanguage":"es-DO","@id":"http:\/\/minutocerord.com\/?p=5274#primaryimage","url":"https:\/\/i0.wp.com\/minutocerord.com\/wp-content\/uploads\/2021\/08\/los-precios-de-la-comida-vuelven-a-dispararse.jpeg?fit=680%2C325&ssl=1","contentUrl":"https:\/\/i0.wp.com\/minutocerord.com\/wp-content\/uploads\/2021\/08\/los-precios-de-la-comida-vuelven-a-dispararse.jpeg?fit=680%2C325&ssl=1","width":680,"height":325},{"@type":"BreadcrumbList","@id":"http:\/\/minutocerord.com\/?p=5274#breadcrumb","itemListElement":[{"@type":"ListItem","position":1,"name":"Home","item":"https:\/\/minutocerord.com\/"},{"@type":"ListItem","position":2,"name":"Los precios de la comida vuelven a dispararse"}]},{"@type":"WebSite","@id":"https:\/\/minutocerord.com\/#website","url":"https:\/\/minutocerord.com\/","name":"Minuto Cero RD","description":"Periodismo serio y veraz","publisher":{"@id":"https:\/\/minutocerord.com\/#\/schema\/person\/60b5372d60aaa0a5171fb6488be9aee6"},"potentialAction":[{"@type":"SearchAction","target":{"@type":"EntryPoint","urlTemplate":"https:\/\/minutocerord.com\/?s={search_term_string}"},"query-input":{"@type":"PropertyValueSpecification","valueRequired":true,"valueName":"search_term_string"}}],"inLanguage":"es-DO"},{"@type":["Person","Organization"],"@id":"https:\/\/minutocerord.com\/#\/schema\/person\/60b5372d60aaa0a5171fb6488be9aee6","name":"Genof\u00f3ntes Urb\u00e1ez","image":{"@type":"ImageObject","inLanguage":"es-DO","@id":"https:\/\/secure.gravatar.com\/avatar\/a49ef3186a692098ac3e8a1612261e3ad70cf9e44553dff2929e67939a0ecb9d?s=96&d=identicon&r=g","url":"https:\/\/secure.gravatar.com\/avatar\/a49ef3186a692098ac3e8a1612261e3ad70cf9e44553dff2929e67939a0ecb9d?s=96&d=identicon&r=g","contentUrl":"https:\/\/secure.gravatar.com\/avatar\/a49ef3186a692098ac3e8a1612261e3ad70cf9e44553dff2929e67939a0ecb9d?s=96&d=identicon&r=g","caption":"Genof\u00f3ntes Urb\u00e1ez"},"logo":{"@id":"https:\/\/secure.gravatar.com\/avatar\/a49ef3186a692098ac3e8a1612261e3ad70cf9e44553dff2929e67939a0ecb9d?s=96&d=identicon&r=g"},"description":"Periodista \/ Locutor","sameAs":["https:\/\/www.facebook.com\/Genofnotes","https:\/\/www.instagram.com\/genofnotes\/"]}]}},"jetpack_publicize_connections":[],"jetpack_featured_media_url":"https:\/\/i0.wp.com\/minutocerord.com\/wp-content\/uploads\/2021\/08\/los-precios-de-la-comida-vuelven-a-dispararse.jpeg?fit=680%2C325&ssl=1","jetpack-related-posts":[],"jetpack_sharing_enabled":true,"_links":{"self":[{"href":"https:\/\/minutocerord.com\/index.php?rest_route=\/wp\/v2\/posts\/5274","targetHints":{"allow":["GET"]}}],"collection":[{"href":"https:\/\/minutocerord.com\/index.php?rest_route=\/wp\/v2\/posts"}],"about":[{"href":"https:\/\/minutocerord.com\/index.php?rest_route=\/wp\/v2\/types\/post"}],"author":[{"embeddable":true,"href":"https:\/\/minutocerord.com\/index.php?rest_route=\/wp\/v2\/users\/1"}],"replies":[{"embeddable":true,"href":"https:\/\/minutocerord.com\/index.php?rest_route=%2Fwp%2Fv2%2Fcomments&post=5274"}],"version-history":[{"count":1,"href":"https:\/\/minutocerord.com\/index.php?rest_route=\/wp\/v2\/posts\/5274\/revisions"}],"predecessor-version":[{"id":5276,"href":"https:\/\/minutocerord.com\/index.php?rest_route=\/wp\/v2\/posts\/5274\/revisions\/5276"}],"wp:featuredmedia":[{"embeddable":true,"href":"https:\/\/minutocerord.com\/index.php?rest_route=\/wp\/v2\/media\/5275"}],"wp:attachment":[{"href":"https:\/\/minutocerord.com\/index.php?rest_route=%2Fwp%2Fv2%2Fmedia&parent=5274"}],"wp:term":[{"taxonomy":"category","embeddable":true,"href":"https:\/\/minutocerord.com\/index.php?rest_route=%2Fwp%2Fv2%2Fcategories&post=5274"},{"taxonomy":"post_tag","embeddable":true,"href":"https:\/\/minutocerord.com\/index.php?rest_route=%2Fwp%2Fv2%2Ftags&post=5274"}],"curies":[{"name":"wp","href":"https:\/\/api.w.org\/{rel}","templated":true}]}}