{"id":5277,"date":"2021-08-09T17:08:58","date_gmt":"2021-08-09T21:08:58","guid":{"rendered":"https:\/\/minutocerord.com\/?p=5277"},"modified":"2021-08-09T17:55:57","modified_gmt":"2021-08-09T21:55:57","slug":"pld-censura-que-el-gobierno-importe-pollos-en-vez-de-producirlos-en-el-pais","status":"publish","type":"post","link":"https:\/\/minutocerord.com\/?p=5277","title":{"rendered":"PLD censura que el Gobierno importe pollos en vez de producirlos en el pa\u00eds"},"content":{"rendered":"\n<p><strong>SANTO DOMINGO.-<\/strong> El Partido de la Liberaci\u00f3n Dominicana (PLD) censur\u00f3 que el Gobierno proceda a importar carne de pollos, cuando desde abril era previsible que ante la presencia de la fiebre porcina africana, su consumo iba a incrementarse.<\/p>\n\n\n\n<p>El titular de la Secretar\u00eda de Asuntos Agropecuarios del PLD, Adriano S\u00e1nchez Roa, dijo que el argumento del Ministro de Agricultura, al anunciar la importaci\u00f3n, es muy d\u00e9bil, debido a que no es verdad que el aumento del consumo sea por la apertura, en raz\u00f3n de que todav\u00eda el pa\u00eds no tiene la cantidad de turista del 2019 y las ventas hacia Hait\u00ed han bajado.<\/p>\n\n\n\n<p>\u201cEl gobierno debi\u00f3 acelerar la producci\u00f3n de pollo desde abril cuando ya se pod\u00eda prever una mayor demanda de pollos para esta \u00e9poca, pero la falta de planes, programas y proyectos de medianos y largos plazos, provoca que las deficiencias y los problemas sorprendan constantemente a las autoridades y el pueblo dominicano\u201d, apunt\u00f3 el ex senador, en un documento de prensa.<\/p>\n\n\n\n<p>Dijo que resulta penoso que los comerciantes llamen al Presidente de la Rep\u00fablica a \u201cponerse las Pilas\u201d ante la reducci\u00f3n de la carne blanca, en los establecimientos, oblig\u00e1ndose a limitar la cantidad de pollos por personas.<\/p>\n\n\n\n<p>Indic\u00f3 que si bien es cierto que han subido los precios de los insumos importados, tambi\u00e9n debe indicarse que las autoridades debieron aplicar una pol\u00edtica cambiaria que mitigara esas alzas, de manera que los costos de producci\u00f3n no aumentaran en el pa\u00eds, y por lo tanto los precios permanecieron en RD$48.20 como estaba en agosto del 2020.<\/p>\n\n\n\n<p>Precis\u00f3 que la autosuficiencia de pollo estaba en 97.63% en el 2019 y que fue del 100% en el 2018, incluyendo a cerca de 8 millones de turistas y las importaciones hacia Hait\u00ed.<\/p>\n","protected":false},"excerpt":{"rendered":"<p>SANTO DOMINGO.- El Partido de la Liberaci\u00f3n Dominicana (PLD) censur\u00f3 que el Gobierno proceda a importar carne de pollos, cuando desde abril era previsible que ante la presencia de la fiebre porcina africana, su consumo iba a incrementarse. El titular de la Secretar\u00eda de Asuntos Agropecuarios del PLD, Adriano S\u00e1nchez Roa, dijo que el argumento [&hellip;]<\/p>\n","protected":false},"author":1,"featured_media":5278,"comment_status":"open","ping_status":"open","sticky":false,"template":"","format":"standard","meta":{"nf_dc_page":"","jetpack_post_was_ever_published":false,"_jetpack_newsletter_access":"","_jetpack_dont_email_post_to_subs":false,"_jetpack_newsletter_tier_id":0,"_jetpack_memberships_contains_paywalled_content":false,"_jetpack_memberships_contains_paid_content":false,"footnotes":"","jetpack_publicize_message":"","jetpack_publicize_feature_enabled":true,"jetpack_social_post_already_shared":false,"jetpack_social_options":{"image_generator_settings":{"template":"highway","default_image_id":0,"font":"","enabled":false},"version":2}},"categories":[70],"tags":[],"class_list":["post-5277","post","type-post","status-publish","format-standard","has-post-thumbnail","hentry","category-politica"],"yoast_head":"<!-- This site is optimized with the Yoast SEO plugin v27.5 - https:\/\/yoast.com\/product\/yoast-seo-wordpress\/ -->\n<title>PLD censura que el Gobierno importe pollos en vez de producirlos en el pa\u00eds - Minuto Cero RD<\/title>\n<meta name=\"robots\" content=\"index, follow, max-snippet:-1, max-image-preview:large, max-video-preview:-1\" \/>\n<link rel=\"canonical\" href=\"https:\/\/minutocerord.com\/?p=5277\" \/>\n<meta property=\"og:locale\" content=\"es_ES\" \/>\n<meta property=\"og:type\" content=\"article\" \/>\n<meta property=\"og:title\" content=\"PLD censura que el Gobierno importe pollos en vez de producirlos en el pa\u00eds - Minuto Cero RD\" \/>\n<meta property=\"og:description\" content=\"SANTO DOMINGO.- El Partido de la Liberaci\u00f3n Dominicana (PLD) censur\u00f3 que el Gobierno proceda a importar carne de pollos, cuando desde abril era previsible que ante la presencia de la fiebre porcina africana, su consumo iba a incrementarse. El titular de la Secretar\u00eda de Asuntos Agropecuarios del PLD, Adriano S\u00e1nchez Roa, dijo que el argumento [&hellip;]\" \/>\n<meta property=\"og:url\" content=\"https:\/\/minutocerord.com\/?p=5277\" \/>\n<meta property=\"og:site_name\" content=\"Minuto Cero RD\" \/>\n<meta property=\"article:publisher\" content=\"https:\/\/www.facebook.com\/Genofnotes\" \/>\n<meta property=\"article:author\" content=\"https:\/\/www.facebook.com\/Genofnotes\" \/>\n<meta property=\"article:published_time\" content=\"2021-08-09T21:08:58+00:00\" \/>\n<meta property=\"article:modified_time\" content=\"2021-08-09T21:55:57+00:00\" \/>\n<meta property=\"og:image\" content=\"https:\/\/i0.wp.com\/minutocerord.com\/wp-content\/uploads\/2021\/08\/la-libra-de-pollo-aumento-mas-de-rd4-00-en-cuarentena.jpg?fit=1970%2C1024&ssl=1\" \/>\n\t<meta property=\"og:image:width\" content=\"1970\" \/>\n\t<meta property=\"og:image:height\" content=\"1024\" \/>\n\t<meta property=\"og:image:type\" content=\"image\/jpeg\" \/>\n<meta name=\"author\" content=\"Genof\u00f3ntes Urb\u00e1ez\" \/>\n<meta name=\"twitter:card\" content=\"summary_large_image\" \/>\n<meta name=\"twitter:label1\" content=\"Written by\" \/>\n\t<meta name=\"twitter:data1\" content=\"Genof\u00f3ntes Urb\u00e1ez\" \/>\n\t<meta name=\"twitter:label2\" content=\"Est. reading time\" \/>\n\t<meta name=\"twitter:data2\" content=\"2 minutos\" \/>\n<script type=\"application\/ld+json\" class=\"yoast-schema-graph\">{\"@context\":\"https:\\\/\\\/schema.org\",\"@graph\":[{\"@type\":\"Article\",\"@id\":\"https:\\\/\\\/minutocerord.com\\\/?p=5277#article\",\"isPartOf\":{\"@id\":\"https:\\\/\\\/minutocerord.com\\\/?p=5277\"},\"author\":{\"name\":\"Genof\u00f3ntes Urb\u00e1ez\",\"@id\":\"https:\\\/\\\/minutocerord.com\\\/#\\\/schema\\\/person\\\/60b5372d60aaa0a5171fb6488be9aee6\"},\"headline\":\"PLD censura que el Gobierno importe pollos en vez de producirlos en el pa\u00eds\",\"datePublished\":\"2021-08-09T21:08:58+00:00\",\"dateModified\":\"2021-08-09T21:55:57+00:00\",\"mainEntityOfPage\":{\"@id\":\"https:\\\/\\\/minutocerord.com\\\/?p=5277\"},\"wordCount\":316,\"commentCount\":0,\"publisher\":{\"@id\":\"https:\\\/\\\/minutocerord.com\\\/#\\\/schema\\\/person\\\/60b5372d60aaa0a5171fb6488be9aee6\"},\"image\":{\"@id\":\"https:\\\/\\\/minutocerord.com\\\/?p=5277#primaryimage\"},\"thumbnailUrl\":\"https:\\\/\\\/i0.wp.com\\\/minutocerord.com\\\/wp-content\\\/uploads\\\/2021\\\/08\\\/la-libra-de-pollo-aumento-mas-de-rd4-00-en-cuarentena.jpg?fit=1970%2C1024&ssl=1\",\"articleSection\":[\"Pol\u00edtica\"],\"inLanguage\":\"es-DO\",\"potentialAction\":[{\"@type\":\"CommentAction\",\"name\":\"Comment\",\"target\":[\"https:\\\/\\\/minutocerord.com\\\/?p=5277#respond\"]}]},{\"@type\":\"WebPage\",\"@id\":\"https:\\\/\\\/minutocerord.com\\\/?p=5277\",\"url\":\"https:\\\/\\\/minutocerord.com\\\/?p=5277\",\"name\":\"PLD censura que el Gobierno importe pollos en vez de producirlos en el pa\u00eds - Minuto Cero RD\",\"isPartOf\":{\"@id\":\"https:\\\/\\\/minutocerord.com\\\/#website\"},\"primaryImageOfPage\":{\"@id\":\"https:\\\/\\\/minutocerord.com\\\/?p=5277#primaryimage\"},\"image\":{\"@id\":\"https:\\\/\\\/minutocerord.com\\\/?p=5277#primaryimage\"},\"thumbnailUrl\":\"https:\\\/\\\/i0.wp.com\\\/minutocerord.com\\\/wp-content\\\/uploads\\\/2021\\\/08\\\/la-libra-de-pollo-aumento-mas-de-rd4-00-en-cuarentena.jpg?fit=1970%2C1024&ssl=1\",\"datePublished\":\"2021-08-09T21:08:58+00:00\",\"dateModified\":\"2021-08-09T21:55:57+00:00\",\"breadcrumb\":{\"@id\":\"https:\\\/\\\/minutocerord.com\\\/?p=5277#breadcrumb\"},\"inLanguage\":\"es-DO\",\"potentialAction\":[{\"@type\":\"ReadAction\",\"target\":[\"https:\\\/\\\/minutocerord.com\\\/?p=5277\"]}]},{\"@type\":\"ImageObject\",\"inLanguage\":\"es-DO\",\"@id\":\"https:\\\/\\\/minutocerord.com\\\/?p=5277#primaryimage\",\"url\":\"https:\\\/\\\/i0.wp.com\\\/minutocerord.com\\\/wp-content\\\/uploads\\\/2021\\\/08\\\/la-libra-de-pollo-aumento-mas-de-rd4-00-en-cuarentena.jpg?fit=1970%2C1024&ssl=1\",\"contentUrl\":\"https:\\\/\\\/i0.wp.com\\\/minutocerord.com\\\/wp-content\\\/uploads\\\/2021\\\/08\\\/la-libra-de-pollo-aumento-mas-de-rd4-00-en-cuarentena.jpg?fit=1970%2C1024&ssl=1\",\"width\":1970,\"height\":1024},{\"@type\":\"BreadcrumbList\",\"@id\":\"https:\\\/\\\/minutocerord.com\\\/?p=5277#breadcrumb\",\"itemListElement\":[{\"@type\":\"ListItem\",\"position\":1,\"name\":\"Home\",\"item\":\"https:\\\/\\\/minutocerord.com\\\/\"},{\"@type\":\"ListItem\",\"position\":2,\"name\":\"PLD censura que el Gobierno importe pollos en vez de producirlos en el pa\u00eds\"}]},{\"@type\":\"WebSite\",\"@id\":\"https:\\\/\\\/minutocerord.com\\\/#website\",\"url\":\"https:\\\/\\\/minutocerord.com\\\/\",\"name\":\"Minuto Cero RD\",\"description\":\"Periodismo serio y veraz\",\"publisher\":{\"@id\":\"https:\\\/\\\/minutocerord.com\\\/#\\\/schema\\\/person\\\/60b5372d60aaa0a5171fb6488be9aee6\"},\"potentialAction\":[{\"@type\":\"SearchAction\",\"target\":{\"@type\":\"EntryPoint\",\"urlTemplate\":\"https:\\\/\\\/minutocerord.com\\\/?s={search_term_string}\"},\"query-input\":{\"@type\":\"PropertyValueSpecification\",\"valueRequired\":true,\"valueName\":\"search_term_string\"}}],\"inLanguage\":\"es-DO\"},{\"@type\":[\"Person\",\"Organization\"],\"@id\":\"https:\\\/\\\/minutocerord.com\\\/#\\\/schema\\\/person\\\/60b5372d60aaa0a5171fb6488be9aee6\",\"name\":\"Genof\u00f3ntes Urb\u00e1ez\",\"image\":{\"@type\":\"ImageObject\",\"inLanguage\":\"es-DO\",\"@id\":\"https:\\\/\\\/secure.gravatar.com\\\/avatar\\\/a49ef3186a692098ac3e8a1612261e3ad70cf9e44553dff2929e67939a0ecb9d?s=96&d=identicon&r=g\",\"url\":\"https:\\\/\\\/secure.gravatar.com\\\/avatar\\\/a49ef3186a692098ac3e8a1612261e3ad70cf9e44553dff2929e67939a0ecb9d?s=96&d=identicon&r=g\",\"contentUrl\":\"https:\\\/\\\/secure.gravatar.com\\\/avatar\\\/a49ef3186a692098ac3e8a1612261e3ad70cf9e44553dff2929e67939a0ecb9d?s=96&d=identicon&r=g\",\"caption\":\"Genof\u00f3ntes Urb\u00e1ez\"},\"logo\":{\"@id\":\"https:\\\/\\\/secure.gravatar.com\\\/avatar\\\/a49ef3186a692098ac3e8a1612261e3ad70cf9e44553dff2929e67939a0ecb9d?s=96&d=identicon&r=g\"},\"description\":\"Periodista \\\/ Locutor\",\"sameAs\":[\"https:\\\/\\\/www.facebook.com\\\/Genofnotes\",\"https:\\\/\\\/www.instagram.com\\\/genofnotes\\\/\"]}]}<\/script>\n<!-- \/ Yoast SEO plugin. -->","yoast_head_json":{"title":"PLD censura que el Gobierno importe pollos en vez de producirlos en el pa\u00eds - Minuto Cero RD","robots":{"index":"index","follow":"follow","max-snippet":"max-snippet:-1","max-image-preview":"max-image-preview:large","max-video-preview":"max-video-preview:-1"},"canonical":"https:\/\/minutocerord.com\/?p=5277","og_locale":"es_ES","og_type":"article","og_title":"PLD censura que el Gobierno importe pollos en vez de producirlos en el pa\u00eds - Minuto Cero RD","og_description":"SANTO DOMINGO.- El Partido de la Liberaci\u00f3n Dominicana (PLD) censur\u00f3 que el Gobierno proceda a importar carne de pollos, cuando desde abril era previsible que ante la presencia de la fiebre porcina africana, su consumo iba a incrementarse. El titular de la Secretar\u00eda de Asuntos Agropecuarios del PLD, Adriano S\u00e1nchez Roa, dijo que el argumento [&hellip;]","og_url":"https:\/\/minutocerord.com\/?p=5277","og_site_name":"Minuto Cero RD","article_publisher":"https:\/\/www.facebook.com\/Genofnotes","article_author":"https:\/\/www.facebook.com\/Genofnotes","article_published_time":"2021-08-09T21:08:58+00:00","article_modified_time":"2021-08-09T21:55:57+00:00","og_image":[{"width":1970,"height":1024,"url":"https:\/\/i0.wp.com\/minutocerord.com\/wp-content\/uploads\/2021\/08\/la-libra-de-pollo-aumento-mas-de-rd4-00-en-cuarentena.jpg?fit=1970%2C1024&ssl=1","type":"image\/jpeg"}],"author":"Genof\u00f3ntes Urb\u00e1ez","twitter_card":"summary_large_image","twitter_misc":{"Written by":"Genof\u00f3ntes Urb\u00e1ez","Est. reading time":"2 minutos"},"schema":{"@context":"https:\/\/schema.org","@graph":[{"@type":"Article","@id":"https:\/\/minutocerord.com\/?p=5277#article","isPartOf":{"@id":"https:\/\/minutocerord.com\/?p=5277"},"author":{"name":"Genof\u00f3ntes Urb\u00e1ez","@id":"https:\/\/minutocerord.com\/#\/schema\/person\/60b5372d60aaa0a5171fb6488be9aee6"},"headline":"PLD censura que el Gobierno importe pollos en vez de producirlos en el pa\u00eds","datePublished":"2021-08-09T21:08:58+00:00","dateModified":"2021-08-09T21:55:57+00:00","mainEntityOfPage":{"@id":"https:\/\/minutocerord.com\/?p=5277"},"wordCount":316,"commentCount":0,"publisher":{"@id":"https:\/\/minutocerord.com\/#\/schema\/person\/60b5372d60aaa0a5171fb6488be9aee6"},"image":{"@id":"https:\/\/minutocerord.com\/?p=5277#primaryimage"},"thumbnailUrl":"https:\/\/i0.wp.com\/minutocerord.com\/wp-content\/uploads\/2021\/08\/la-libra-de-pollo-aumento-mas-de-rd4-00-en-cuarentena.jpg?fit=1970%2C1024&ssl=1","articleSection":["Pol\u00edtica"],"inLanguage":"es-DO","potentialAction":[{"@type":"CommentAction","name":"Comment","target":["https:\/\/minutocerord.com\/?p=5277#respond"]}]},{"@type":"WebPage","@id":"https:\/\/minutocerord.com\/?p=5277","url":"https:\/\/minutocerord.com\/?p=5277","name":"PLD censura que el Gobierno importe pollos en vez de producirlos en el pa\u00eds - Minuto Cero RD","isPartOf":{"@id":"https:\/\/minutocerord.com\/#website"},"primaryImageOfPage":{"@id":"https:\/\/minutocerord.com\/?p=5277#primaryimage"},"image":{"@id":"https:\/\/minutocerord.com\/?p=5277#primaryimage"},"thumbnailUrl":"https:\/\/i0.wp.com\/minutocerord.com\/wp-content\/uploads\/2021\/08\/la-libra-de-pollo-aumento-mas-de-rd4-00-en-cuarentena.jpg?fit=1970%2C1024&ssl=1","datePublished":"2021-08-09T21:08:58+00:00","dateModified":"2021-08-09T21:55:57+00:00","breadcrumb":{"@id":"https:\/\/minutocerord.com\/?p=5277#breadcrumb"},"inLanguage":"es-DO","potentialAction":[{"@type":"ReadAction","target":["https:\/\/minutocerord.com\/?p=5277"]}]},{"@type":"ImageObject","inLanguage":"es-DO","@id":"https:\/\/minutocerord.com\/?p=5277#primaryimage","url":"https:\/\/i0.wp.com\/minutocerord.com\/wp-content\/uploads\/2021\/08\/la-libra-de-pollo-aumento-mas-de-rd4-00-en-cuarentena.jpg?fit=1970%2C1024&ssl=1","contentUrl":"https:\/\/i0.wp.com\/minutocerord.com\/wp-content\/uploads\/2021\/08\/la-libra-de-pollo-aumento-mas-de-rd4-00-en-cuarentena.jpg?fit=1970%2C1024&ssl=1","width":1970,"height":1024},{"@type":"BreadcrumbList","@id":"https:\/\/minutocerord.com\/?p=5277#breadcrumb","itemListElement":[{"@type":"ListItem","position":1,"name":"Home","item":"https:\/\/minutocerord.com\/"},{"@type":"ListItem","position":2,"name":"PLD censura que el Gobierno importe pollos en vez de producirlos en el pa\u00eds"}]},{"@type":"WebSite","@id":"https:\/\/minutocerord.com\/#website","url":"https:\/\/minutocerord.com\/","name":"Minuto Cero RD","description":"Periodismo serio y veraz","publisher":{"@id":"https:\/\/minutocerord.com\/#\/schema\/person\/60b5372d60aaa0a5171fb6488be9aee6"},"potentialAction":[{"@type":"SearchAction","target":{"@type":"EntryPoint","urlTemplate":"https:\/\/minutocerord.com\/?s={search_term_string}"},"query-input":{"@type":"PropertyValueSpecification","valueRequired":true,"valueName":"search_term_string"}}],"inLanguage":"es-DO"},{"@type":["Person","Organization"],"@id":"https:\/\/minutocerord.com\/#\/schema\/person\/60b5372d60aaa0a5171fb6488be9aee6","name":"Genof\u00f3ntes Urb\u00e1ez","image":{"@type":"ImageObject","inLanguage":"es-DO","@id":"https:\/\/secure.gravatar.com\/avatar\/a49ef3186a692098ac3e8a1612261e3ad70cf9e44553dff2929e67939a0ecb9d?s=96&d=identicon&r=g","url":"https:\/\/secure.gravatar.com\/avatar\/a49ef3186a692098ac3e8a1612261e3ad70cf9e44553dff2929e67939a0ecb9d?s=96&d=identicon&r=g","contentUrl":"https:\/\/secure.gravatar.com\/avatar\/a49ef3186a692098ac3e8a1612261e3ad70cf9e44553dff2929e67939a0ecb9d?s=96&d=identicon&r=g","caption":"Genof\u00f3ntes Urb\u00e1ez"},"logo":{"@id":"https:\/\/secure.gravatar.com\/avatar\/a49ef3186a692098ac3e8a1612261e3ad70cf9e44553dff2929e67939a0ecb9d?s=96&d=identicon&r=g"},"description":"Periodista \/ Locutor","sameAs":["https:\/\/www.facebook.com\/Genofnotes","https:\/\/www.instagram.com\/genofnotes\/"]}]}},"jetpack_publicize_connections":[],"jetpack_featured_media_url":"https:\/\/i0.wp.com\/minutocerord.com\/wp-content\/uploads\/2021\/08\/la-libra-de-pollo-aumento-mas-de-rd4-00-en-cuarentena.jpg?fit=1970%2C1024&ssl=1","jetpack-related-posts":[],"jetpack_sharing_enabled":true,"_links":{"self":[{"href":"https:\/\/minutocerord.com\/index.php?rest_route=\/wp\/v2\/posts\/5277","targetHints":{"allow":["GET"]}}],"collection":[{"href":"https:\/\/minutocerord.com\/index.php?rest_route=\/wp\/v2\/posts"}],"about":[{"href":"https:\/\/minutocerord.com\/index.php?rest_route=\/wp\/v2\/types\/post"}],"author":[{"embeddable":true,"href":"https:\/\/minutocerord.com\/index.php?rest_route=\/wp\/v2\/users\/1"}],"replies":[{"embeddable":true,"href":"https:\/\/minutocerord.com\/index.php?rest_route=%2Fwp%2Fv2%2Fcomments&post=5277"}],"version-history":[{"count":1,"href":"https:\/\/minutocerord.com\/index.php?rest_route=\/wp\/v2\/posts\/5277\/revisions"}],"predecessor-version":[{"id":5279,"href":"https:\/\/minutocerord.com\/index.php?rest_route=\/wp\/v2\/posts\/5277\/revisions\/5279"}],"wp:featuredmedia":[{"embeddable":true,"href":"https:\/\/minutocerord.com\/index.php?rest_route=\/wp\/v2\/media\/5278"}],"wp:attachment":[{"href":"https:\/\/minutocerord.com\/index.php?rest_route=%2Fwp%2Fv2%2Fmedia&parent=5277"}],"wp:term":[{"taxonomy":"category","embeddable":true,"href":"https:\/\/minutocerord.com\/index.php?rest_route=%2Fwp%2Fv2%2Fcategories&post=5277"},{"taxonomy":"post_tag","embeddable":true,"href":"https:\/\/minutocerord.com\/index.php?rest_route=%2Fwp%2Fv2%2Ftags&post=5277"}],"curies":[{"name":"wp","href":"https:\/\/api.w.org\/{rel}","templated":true}]}}