{"id":5280,"date":"2021-08-09T19:40:18","date_gmt":"2021-08-09T23:40:18","guid":{"rendered":"https:\/\/minutocerord.com\/?p=5280"},"modified":"2021-08-09T21:39:06","modified_gmt":"2021-08-10T01:39:06","slug":"liberan-un-albanil-que-estuvo-10-anos-preso-en-la-victoria-sin-haber-sido-procesado","status":"publish","type":"post","link":"https:\/\/minutocerord.com\/?p=5280","title":{"rendered":"Liberan un alba\u00f1il que estuvo 10 a\u00f1os preso en La Victoria sin haber sido procesado"},"content":{"rendered":"\n<p><strong>Santo Domingo.-<\/strong> Luis Pe\u00f1a Valdez, quien estuvo preso en la Penitenciar\u00eda Nacional de La Victoria durante m\u00e1s de 10 sin haber sido sometido penalmente por la comisi\u00f3n de un delito, fue liberado luego de una denuncia hecha por la Comisi\u00f3n Nacional de los Derechos Humanos (CNDH).<\/p>\n\n\n\n<p>El ciudadano al que le violaron todos sus derechos, no posee c\u00e9dula de identidad y electoral.<\/p>\n\n\n\n<p>Asegur\u00f3 que llevaba m\u00e1s de 10 a\u00f1os en La Victoria sin haber sido presentado ante un juez. Adem\u00e1s, que al momento de su detenci\u00f3n se desempe\u00f1aba como alba\u00f1il en la provincia de Monte Plata, de donde es oriundo.<\/p>\n\n\n\n<p>El hombre tambi\u00e9n argument\u00f3 que su apresamiento se produjo cuando acudi\u00f3 a la casa de un ingeniero a cobrarle por un trabajo realizado. Explic\u00f3 que \u00e9ste llam\u00f3 a la Polic\u00eda Nacional y un sargento y un cabo se presentaron al lugar y se lo llevaron al destacamento de La Quinta Compa\u00f1\u00eda, de Monte Plata, y, al d\u00eda siguiente, lo trasladaron para La Victoria.<\/p>\n\n\n\n<p>El caso fue denunciado por el presidente de la CNDH, Manuel Mar\u00eda Mercedes, durante una de las jornadas m\u00e9dicas en las que aplicaron pruebas de laboratorios para identificar posibles casos de internos afectados por la COVID-19.<a><\/a><\/p>\n\n\n\n<p>Esto motiv\u00f3 una investigaci\u00f3n liderada por los procuradores de Corte de Apelaci\u00f3n Jonathan Bar\u00f3 Guti\u00e9rrez y Francisco A. Berroa Hiciano, coordinador del Gabinete de Asuntos Penitenciarios y titular de la Procuradur\u00eda Regional de Santo Domingo, respectivamente.<\/p>\n\n\n\n<p>Durante las indagatorias realizadas por F\u00e9lix Castillo, procurador de Corte de Apelaci\u00f3n, adscrito a la Procuradur\u00eda Regional de Santo Domingo, la Direcci\u00f3n General de Prisiones certific\u00f3 al Gabinete Penitenciario que en sus archivos no hab\u00eda encontrado un expediente f\u00edsico contra el interno. Lo mismo plante\u00f3 la Fiscal\u00eda de Monte Plata, por lo que el ciudadano fue liberado.<\/p>\n\n\n\n<p>El Gabinete Penitenciario dijo en una nota de prensa que ampl\u00eda la investigaci\u00f3n de este caso y esperan otras informaciones de la Direcci\u00f3n de la Polic\u00eda Nacional. Sin embargo, en su inter\u00e9s por respetar la integridad del interno, adelant\u00f3 su entrega a la Comisi\u00f3n Nacional de los Derechos Humanos, mediante un acto administrativo y de conformidad con lo estipulado en la Ley Org\u00e1nica del Ministerio P\u00fablico.<\/p>\n\n\n\n<p>Al hacer la entrega del hombre a la CNDH, Bar\u00f3 Guti\u00e9rrez inform\u00f3 que el Gabinete de Asuntos Penitenciarios sigue investigando si existen otros privados de libertad en las mismas condiciones.<\/p>\n\n\n\n<p>\u201cDesde el Gabinete de Asuntos Penitenciarios mantenemos el inter\u00e9s y seguiremos haciendo todos los esfuerzos necesarios para, que si encontramos otro caso similar, proceder conforme a la responsabilidad que nos puso sobre los hombros el Consejo Superior del Ministerio P\u00fablico al encomendarnos velar por el correcto desenvolvimiento de la vida penitenciaria\u201d, sostuvo Bar\u00f3 Guti\u00e9rrez.<\/p>\n\n\n\n<p>Record\u00f3 que hace unas semanas el Gabinete Penitenciario adopt\u00f3 una serie de cambios en la direcci\u00f3n de varios centros de privaci\u00f3n de libertad para corregir distorsiones pasadas. Se espera que, de identificarse casos similares, los nuevos directores alerten sin demora para coordinar las indagatorias de lugar con las procuradur\u00edas regionales correspondientes.<\/p>\n\n\n\n<p><strong>Agradecimientos<\/strong><\/p>\n\n\n\n<p>Manuel Mar\u00eda Mercedes agradeci\u00f3 a la gesti\u00f3n de la magistrada Miriam Germ\u00e1n Brito, procuradora general de la Rep\u00fablica, y a todo el personal de la Procuradur\u00eda General. Reconoci\u00f3 que la directora de La Victoria, Mar\u00eda Soriano, tiene grandes retos, pero asegur\u00f3 con el esfuerzo del Ministerio P\u00fablico, la CNDH y la Defensor\u00eda del Pueblo se pueden superar.<\/p>\n","protected":false},"excerpt":{"rendered":"<p>Santo Domingo.- Luis Pe\u00f1a Valdez, quien estuvo preso en la Penitenciar\u00eda Nacional de La Victoria durante m\u00e1s de 10 sin haber sido sometido penalmente por la comisi\u00f3n de un delito, fue liberado luego de una denuncia hecha por la Comisi\u00f3n Nacional de los Derechos Humanos (CNDH). El ciudadano al que le violaron todos sus derechos, [&hellip;]<\/p>\n","protected":false},"author":1,"featured_media":5281,"comment_status":"open","ping_status":"open","sticky":false,"template":"","format":"standard","meta":{"nf_dc_page":"","jetpack_post_was_ever_published":false,"_jetpack_newsletter_access":"","_jetpack_dont_email_post_to_subs":false,"_jetpack_newsletter_tier_id":0,"_jetpack_memberships_contains_paywalled_content":false,"_jetpack_memberships_contains_paid_content":false,"footnotes":"","jetpack_publicize_message":"","jetpack_publicize_feature_enabled":true,"jetpack_social_post_already_shared":false,"jetpack_social_options":{"image_generator_settings":{"template":"highway","default_image_id":0,"font":"","enabled":false},"version":2}},"categories":[93],"tags":[],"class_list":["post-5280","post","type-post","status-publish","format-standard","has-post-thumbnail","hentry","category-justicia"],"yoast_head":"<!-- This site is optimized with the Yoast SEO plugin v27.4 - https:\/\/yoast.com\/product\/yoast-seo-wordpress\/ -->\n<title>Liberan un alba\u00f1il que estuvo 10 a\u00f1os preso en La Victoria sin haber sido procesado - Minuto Cero RD<\/title>\n<meta name=\"robots\" content=\"index, follow, max-snippet:-1, max-image-preview:large, max-video-preview:-1\" \/>\n<link rel=\"canonical\" href=\"http:\/\/minutocerord.com\/?p=5280\" \/>\n<meta property=\"og:locale\" content=\"es_ES\" \/>\n<meta property=\"og:type\" content=\"article\" \/>\n<meta property=\"og:title\" content=\"Liberan un alba\u00f1il que estuvo 10 a\u00f1os preso en La Victoria sin haber sido procesado - Minuto Cero RD\" \/>\n<meta property=\"og:description\" content=\"Santo Domingo.- Luis Pe\u00f1a Valdez, quien estuvo preso en la Penitenciar\u00eda Nacional de La Victoria durante m\u00e1s de 10 sin haber sido sometido penalmente por la comisi\u00f3n de un delito, fue liberado luego de una denuncia hecha por la Comisi\u00f3n Nacional de los Derechos Humanos (CNDH). El ciudadano al que le violaron todos sus derechos, [&hellip;]\" \/>\n<meta property=\"og:url\" content=\"http:\/\/minutocerord.com\/?p=5280\" \/>\n<meta property=\"og:site_name\" content=\"Minuto Cero RD\" \/>\n<meta property=\"article:publisher\" content=\"https:\/\/www.facebook.com\/Genofnotes\" \/>\n<meta property=\"article:author\" content=\"https:\/\/www.facebook.com\/Genofnotes\" \/>\n<meta property=\"article:published_time\" content=\"2021-08-09T23:40:18+00:00\" \/>\n<meta property=\"article:modified_time\" content=\"2021-08-10T01:39:06+00:00\" \/>\n<meta property=\"og:image\" content=\"https:\/\/i0.wp.com\/minutocerord.com\/wp-content\/uploads\/2021\/08\/albanil-preso_17000466_20210809170208.jpg?fit=546%2C350\" \/>\n\t<meta property=\"og:image:width\" content=\"546\" \/>\n\t<meta property=\"og:image:height\" content=\"350\" \/>\n\t<meta property=\"og:image:type\" content=\"image\/jpeg\" \/>\n<meta name=\"author\" content=\"Genof\u00f3ntes Urb\u00e1ez\" \/>\n<meta name=\"twitter:card\" content=\"summary_large_image\" \/>\n<meta name=\"twitter:label1\" content=\"Written by\" \/>\n\t<meta name=\"twitter:data1\" content=\"Genof\u00f3ntes Urb\u00e1ez\" \/>\n\t<meta name=\"twitter:label2\" content=\"Est. reading time\" \/>\n\t<meta name=\"twitter:data2\" content=\"3 minutos\" \/>\n<script type=\"application\/ld+json\" class=\"yoast-schema-graph\">{\"@context\":\"https:\\\/\\\/schema.org\",\"@graph\":[{\"@type\":\"Article\",\"@id\":\"http:\\\/\\\/minutocerord.com\\\/?p=5280#article\",\"isPartOf\":{\"@id\":\"http:\\\/\\\/minutocerord.com\\\/?p=5280\"},\"author\":{\"name\":\"Genof\u00f3ntes Urb\u00e1ez\",\"@id\":\"https:\\\/\\\/minutocerord.com\\\/#\\\/schema\\\/person\\\/60b5372d60aaa0a5171fb6488be9aee6\"},\"headline\":\"Liberan un alba\u00f1il que estuvo 10 a\u00f1os preso en La Victoria sin haber sido procesado\",\"datePublished\":\"2021-08-09T23:40:18+00:00\",\"dateModified\":\"2021-08-10T01:39:06+00:00\",\"mainEntityOfPage\":{\"@id\":\"http:\\\/\\\/minutocerord.com\\\/?p=5280\"},\"wordCount\":618,\"commentCount\":0,\"publisher\":{\"@id\":\"https:\\\/\\\/minutocerord.com\\\/#\\\/schema\\\/person\\\/60b5372d60aaa0a5171fb6488be9aee6\"},\"image\":{\"@id\":\"http:\\\/\\\/minutocerord.com\\\/?p=5280#primaryimage\"},\"thumbnailUrl\":\"https:\\\/\\\/i0.wp.com\\\/minutocerord.com\\\/wp-content\\\/uploads\\\/2021\\\/08\\\/albanil-preso_17000466_20210809170208.jpg?fit=546%2C350&ssl=1\",\"articleSection\":[\"Justicia\"],\"inLanguage\":\"es-DO\",\"potentialAction\":[{\"@type\":\"CommentAction\",\"name\":\"Comment\",\"target\":[\"http:\\\/\\\/minutocerord.com\\\/?p=5280#respond\"]}]},{\"@type\":\"WebPage\",\"@id\":\"http:\\\/\\\/minutocerord.com\\\/?p=5280\",\"url\":\"http:\\\/\\\/minutocerord.com\\\/?p=5280\",\"name\":\"Liberan un alba\u00f1il que estuvo 10 a\u00f1os preso en La Victoria sin haber sido procesado - Minuto Cero RD\",\"isPartOf\":{\"@id\":\"https:\\\/\\\/minutocerord.com\\\/#website\"},\"primaryImageOfPage\":{\"@id\":\"http:\\\/\\\/minutocerord.com\\\/?p=5280#primaryimage\"},\"image\":{\"@id\":\"http:\\\/\\\/minutocerord.com\\\/?p=5280#primaryimage\"},\"thumbnailUrl\":\"https:\\\/\\\/i0.wp.com\\\/minutocerord.com\\\/wp-content\\\/uploads\\\/2021\\\/08\\\/albanil-preso_17000466_20210809170208.jpg?fit=546%2C350&ssl=1\",\"datePublished\":\"2021-08-09T23:40:18+00:00\",\"dateModified\":\"2021-08-10T01:39:06+00:00\",\"breadcrumb\":{\"@id\":\"http:\\\/\\\/minutocerord.com\\\/?p=5280#breadcrumb\"},\"inLanguage\":\"es-DO\",\"potentialAction\":[{\"@type\":\"ReadAction\",\"target\":[\"http:\\\/\\\/minutocerord.com\\\/?p=5280\"]}]},{\"@type\":\"ImageObject\",\"inLanguage\":\"es-DO\",\"@id\":\"http:\\\/\\\/minutocerord.com\\\/?p=5280#primaryimage\",\"url\":\"https:\\\/\\\/i0.wp.com\\\/minutocerord.com\\\/wp-content\\\/uploads\\\/2021\\\/08\\\/albanil-preso_17000466_20210809170208.jpg?fit=546%2C350&ssl=1\",\"contentUrl\":\"https:\\\/\\\/i0.wp.com\\\/minutocerord.com\\\/wp-content\\\/uploads\\\/2021\\\/08\\\/albanil-preso_17000466_20210809170208.jpg?fit=546%2C350&ssl=1\",\"width\":546,\"height\":350},{\"@type\":\"BreadcrumbList\",\"@id\":\"http:\\\/\\\/minutocerord.com\\\/?p=5280#breadcrumb\",\"itemListElement\":[{\"@type\":\"ListItem\",\"position\":1,\"name\":\"Home\",\"item\":\"https:\\\/\\\/minutocerord.com\\\/\"},{\"@type\":\"ListItem\",\"position\":2,\"name\":\"Liberan un alba\u00f1il que estuvo 10 a\u00f1os preso en La Victoria sin haber sido procesado\"}]},{\"@type\":\"WebSite\",\"@id\":\"https:\\\/\\\/minutocerord.com\\\/#website\",\"url\":\"https:\\\/\\\/minutocerord.com\\\/\",\"name\":\"Minuto Cero RD\",\"description\":\"Periodismo serio y veraz\",\"publisher\":{\"@id\":\"https:\\\/\\\/minutocerord.com\\\/#\\\/schema\\\/person\\\/60b5372d60aaa0a5171fb6488be9aee6\"},\"potentialAction\":[{\"@type\":\"SearchAction\",\"target\":{\"@type\":\"EntryPoint\",\"urlTemplate\":\"https:\\\/\\\/minutocerord.com\\\/?s={search_term_string}\"},\"query-input\":{\"@type\":\"PropertyValueSpecification\",\"valueRequired\":true,\"valueName\":\"search_term_string\"}}],\"inLanguage\":\"es-DO\"},{\"@type\":[\"Person\",\"Organization\"],\"@id\":\"https:\\\/\\\/minutocerord.com\\\/#\\\/schema\\\/person\\\/60b5372d60aaa0a5171fb6488be9aee6\",\"name\":\"Genof\u00f3ntes Urb\u00e1ez\",\"image\":{\"@type\":\"ImageObject\",\"inLanguage\":\"es-DO\",\"@id\":\"https:\\\/\\\/secure.gravatar.com\\\/avatar\\\/a49ef3186a692098ac3e8a1612261e3ad70cf9e44553dff2929e67939a0ecb9d?s=96&d=identicon&r=g\",\"url\":\"https:\\\/\\\/secure.gravatar.com\\\/avatar\\\/a49ef3186a692098ac3e8a1612261e3ad70cf9e44553dff2929e67939a0ecb9d?s=96&d=identicon&r=g\",\"contentUrl\":\"https:\\\/\\\/secure.gravatar.com\\\/avatar\\\/a49ef3186a692098ac3e8a1612261e3ad70cf9e44553dff2929e67939a0ecb9d?s=96&d=identicon&r=g\",\"caption\":\"Genof\u00f3ntes Urb\u00e1ez\"},\"logo\":{\"@id\":\"https:\\\/\\\/secure.gravatar.com\\\/avatar\\\/a49ef3186a692098ac3e8a1612261e3ad70cf9e44553dff2929e67939a0ecb9d?s=96&d=identicon&r=g\"},\"description\":\"Periodista \\\/ Locutor\",\"sameAs\":[\"https:\\\/\\\/www.facebook.com\\\/Genofnotes\",\"https:\\\/\\\/www.instagram.com\\\/genofnotes\\\/\"]}]}<\/script>\n<!-- \/ Yoast SEO plugin. -->","yoast_head_json":{"title":"Liberan un alba\u00f1il que estuvo 10 a\u00f1os preso en La Victoria sin haber sido procesado - Minuto Cero RD","robots":{"index":"index","follow":"follow","max-snippet":"max-snippet:-1","max-image-preview":"max-image-preview:large","max-video-preview":"max-video-preview:-1"},"canonical":"http:\/\/minutocerord.com\/?p=5280","og_locale":"es_ES","og_type":"article","og_title":"Liberan un alba\u00f1il que estuvo 10 a\u00f1os preso en La Victoria sin haber sido procesado - Minuto Cero RD","og_description":"Santo Domingo.- Luis Pe\u00f1a Valdez, quien estuvo preso en la Penitenciar\u00eda Nacional de La Victoria durante m\u00e1s de 10 sin haber sido sometido penalmente por la comisi\u00f3n de un delito, fue liberado luego de una denuncia hecha por la Comisi\u00f3n Nacional de los Derechos Humanos (CNDH). El ciudadano al que le violaron todos sus derechos, [&hellip;]","og_url":"http:\/\/minutocerord.com\/?p=5280","og_site_name":"Minuto Cero RD","article_publisher":"https:\/\/www.facebook.com\/Genofnotes","article_author":"https:\/\/www.facebook.com\/Genofnotes","article_published_time":"2021-08-09T23:40:18+00:00","article_modified_time":"2021-08-10T01:39:06+00:00","og_image":[{"width":546,"height":350,"url":"https:\/\/i0.wp.com\/minutocerord.com\/wp-content\/uploads\/2021\/08\/albanil-preso_17000466_20210809170208.jpg?fit=546%2C350","type":"image\/jpeg"}],"author":"Genof\u00f3ntes Urb\u00e1ez","twitter_card":"summary_large_image","twitter_misc":{"Written by":"Genof\u00f3ntes Urb\u00e1ez","Est. reading time":"3 minutos"},"schema":{"@context":"https:\/\/schema.org","@graph":[{"@type":"Article","@id":"http:\/\/minutocerord.com\/?p=5280#article","isPartOf":{"@id":"http:\/\/minutocerord.com\/?p=5280"},"author":{"name":"Genof\u00f3ntes Urb\u00e1ez","@id":"https:\/\/minutocerord.com\/#\/schema\/person\/60b5372d60aaa0a5171fb6488be9aee6"},"headline":"Liberan un alba\u00f1il que estuvo 10 a\u00f1os preso en La Victoria sin haber sido procesado","datePublished":"2021-08-09T23:40:18+00:00","dateModified":"2021-08-10T01:39:06+00:00","mainEntityOfPage":{"@id":"http:\/\/minutocerord.com\/?p=5280"},"wordCount":618,"commentCount":0,"publisher":{"@id":"https:\/\/minutocerord.com\/#\/schema\/person\/60b5372d60aaa0a5171fb6488be9aee6"},"image":{"@id":"http:\/\/minutocerord.com\/?p=5280#primaryimage"},"thumbnailUrl":"https:\/\/i0.wp.com\/minutocerord.com\/wp-content\/uploads\/2021\/08\/albanil-preso_17000466_20210809170208.jpg?fit=546%2C350&ssl=1","articleSection":["Justicia"],"inLanguage":"es-DO","potentialAction":[{"@type":"CommentAction","name":"Comment","target":["http:\/\/minutocerord.com\/?p=5280#respond"]}]},{"@type":"WebPage","@id":"http:\/\/minutocerord.com\/?p=5280","url":"http:\/\/minutocerord.com\/?p=5280","name":"Liberan un alba\u00f1il que estuvo 10 a\u00f1os preso en La Victoria sin haber sido procesado - Minuto Cero RD","isPartOf":{"@id":"https:\/\/minutocerord.com\/#website"},"primaryImageOfPage":{"@id":"http:\/\/minutocerord.com\/?p=5280#primaryimage"},"image":{"@id":"http:\/\/minutocerord.com\/?p=5280#primaryimage"},"thumbnailUrl":"https:\/\/i0.wp.com\/minutocerord.com\/wp-content\/uploads\/2021\/08\/albanil-preso_17000466_20210809170208.jpg?fit=546%2C350&ssl=1","datePublished":"2021-08-09T23:40:18+00:00","dateModified":"2021-08-10T01:39:06+00:00","breadcrumb":{"@id":"http:\/\/minutocerord.com\/?p=5280#breadcrumb"},"inLanguage":"es-DO","potentialAction":[{"@type":"ReadAction","target":["http:\/\/minutocerord.com\/?p=5280"]}]},{"@type":"ImageObject","inLanguage":"es-DO","@id":"http:\/\/minutocerord.com\/?p=5280#primaryimage","url":"https:\/\/i0.wp.com\/minutocerord.com\/wp-content\/uploads\/2021\/08\/albanil-preso_17000466_20210809170208.jpg?fit=546%2C350&ssl=1","contentUrl":"https:\/\/i0.wp.com\/minutocerord.com\/wp-content\/uploads\/2021\/08\/albanil-preso_17000466_20210809170208.jpg?fit=546%2C350&ssl=1","width":546,"height":350},{"@type":"BreadcrumbList","@id":"http:\/\/minutocerord.com\/?p=5280#breadcrumb","itemListElement":[{"@type":"ListItem","position":1,"name":"Home","item":"https:\/\/minutocerord.com\/"},{"@type":"ListItem","position":2,"name":"Liberan un alba\u00f1il que estuvo 10 a\u00f1os preso en La Victoria sin haber sido procesado"}]},{"@type":"WebSite","@id":"https:\/\/minutocerord.com\/#website","url":"https:\/\/minutocerord.com\/","name":"Minuto Cero RD","description":"Periodismo serio y veraz","publisher":{"@id":"https:\/\/minutocerord.com\/#\/schema\/person\/60b5372d60aaa0a5171fb6488be9aee6"},"potentialAction":[{"@type":"SearchAction","target":{"@type":"EntryPoint","urlTemplate":"https:\/\/minutocerord.com\/?s={search_term_string}"},"query-input":{"@type":"PropertyValueSpecification","valueRequired":true,"valueName":"search_term_string"}}],"inLanguage":"es-DO"},{"@type":["Person","Organization"],"@id":"https:\/\/minutocerord.com\/#\/schema\/person\/60b5372d60aaa0a5171fb6488be9aee6","name":"Genof\u00f3ntes Urb\u00e1ez","image":{"@type":"ImageObject","inLanguage":"es-DO","@id":"https:\/\/secure.gravatar.com\/avatar\/a49ef3186a692098ac3e8a1612261e3ad70cf9e44553dff2929e67939a0ecb9d?s=96&d=identicon&r=g","url":"https:\/\/secure.gravatar.com\/avatar\/a49ef3186a692098ac3e8a1612261e3ad70cf9e44553dff2929e67939a0ecb9d?s=96&d=identicon&r=g","contentUrl":"https:\/\/secure.gravatar.com\/avatar\/a49ef3186a692098ac3e8a1612261e3ad70cf9e44553dff2929e67939a0ecb9d?s=96&d=identicon&r=g","caption":"Genof\u00f3ntes Urb\u00e1ez"},"logo":{"@id":"https:\/\/secure.gravatar.com\/avatar\/a49ef3186a692098ac3e8a1612261e3ad70cf9e44553dff2929e67939a0ecb9d?s=96&d=identicon&r=g"},"description":"Periodista \/ Locutor","sameAs":["https:\/\/www.facebook.com\/Genofnotes","https:\/\/www.instagram.com\/genofnotes\/"]}]}},"jetpack_publicize_connections":[],"jetpack_featured_media_url":"https:\/\/i0.wp.com\/minutocerord.com\/wp-content\/uploads\/2021\/08\/albanil-preso_17000466_20210809170208.jpg?fit=546%2C350&ssl=1","jetpack-related-posts":[],"jetpack_sharing_enabled":true,"_links":{"self":[{"href":"https:\/\/minutocerord.com\/index.php?rest_route=\/wp\/v2\/posts\/5280","targetHints":{"allow":["GET"]}}],"collection":[{"href":"https:\/\/minutocerord.com\/index.php?rest_route=\/wp\/v2\/posts"}],"about":[{"href":"https:\/\/minutocerord.com\/index.php?rest_route=\/wp\/v2\/types\/post"}],"author":[{"embeddable":true,"href":"https:\/\/minutocerord.com\/index.php?rest_route=\/wp\/v2\/users\/1"}],"replies":[{"embeddable":true,"href":"https:\/\/minutocerord.com\/index.php?rest_route=%2Fwp%2Fv2%2Fcomments&post=5280"}],"version-history":[{"count":2,"href":"https:\/\/minutocerord.com\/index.php?rest_route=\/wp\/v2\/posts\/5280\/revisions"}],"predecessor-version":[{"id":5292,"href":"https:\/\/minutocerord.com\/index.php?rest_route=\/wp\/v2\/posts\/5280\/revisions\/5292"}],"wp:featuredmedia":[{"embeddable":true,"href":"https:\/\/minutocerord.com\/index.php?rest_route=\/wp\/v2\/media\/5281"}],"wp:attachment":[{"href":"https:\/\/minutocerord.com\/index.php?rest_route=%2Fwp%2Fv2%2Fmedia&parent=5280"}],"wp:term":[{"taxonomy":"category","embeddable":true,"href":"https:\/\/minutocerord.com\/index.php?rest_route=%2Fwp%2Fv2%2Fcategories&post=5280"},{"taxonomy":"post_tag","embeddable":true,"href":"https:\/\/minutocerord.com\/index.php?rest_route=%2Fwp%2Fv2%2Ftags&post=5280"}],"curies":[{"name":"wp","href":"https:\/\/api.w.org\/{rel}","templated":true}]}}