{"id":5283,"date":"2021-08-09T19:42:24","date_gmt":"2021-08-09T23:42:24","guid":{"rendered":"https:\/\/minutocerord.com\/?p=5283"},"modified":"2021-08-09T19:42:28","modified_gmt":"2021-08-09T23:42:28","slug":"las-empresas-de-ee-uu-empiezan-a-exigir-la-vacuna-a-sus-trabajadores","status":"publish","type":"post","link":"https:\/\/minutocerord.com\/?p=5283","title":{"rendered":"Las empresas de EE.UU. empiezan a exigir la vacuna a sus trabajadores"},"content":{"rendered":"\n<p><strong>Estados Unidos.- <\/strong>Las grandes empresas de Estados Unidos empiezan a exigir a sus trabajadores la vacuna contra la covid-19, en algunos casos pasando del incentivo a la obligatoriedad en vista del repunte de casos que amenaza con obstaculizar su reapertura.<\/p>\n\n\n\n<p>Acuciadas por el incremento de casos de coronavirus en el pa\u00eds, donde ya hay unas 100.000 infecciones diarias, muchas compa\u00f1\u00edas est\u00e1n aplicando normas de vacunaci\u00f3n para sus empleados tras el ejemplo de la administraci\u00f3n federal y de otras estatales y locales.<\/p>\n\n\n\n<p>Los empleados p\u00fablicos y trabajadores sanitarios de estados como Nueva York han sido los primeros en recibir requisitos de vacuna anticovid o pruebas semanales, y ahora esos mandatos llegan al sector privado, que ha evitado durante meses imponer medidas de este tipo.<\/p>\n\n\n\n<p>Con la mitad de la poblaci\u00f3n estadounidense completamente vacunada, sigue habiendo m\u00e1s de 90 millones de personas elegibles que no han recibido ning\u00fan pinchazo y el tiempo corre en contra con la propagaci\u00f3n de variantes m\u00e1s transmisibles que podr\u00edan sortear la efectividad de los preparados disponibles.<a><\/a><\/p>\n\n\n\n<p>Un experto en el tema, el exembajador estadounidense Neil Parsan, director de la firma Parsan Cross Global Strategic Advisors y asesor en varias organizaciones internacionales, opin\u00f3 en declaraciones a Efe que las \u00f3rdenes \u201ctendr\u00e1n un impacto positivo en las tasas de vacunaci\u00f3n\u201d.<\/p>\n\n\n\n<p>\u201cLas \u00f3rdenes de vacunarse son legales, \u00e9ticas y efectivas. Salvan vidas. Puede ser dif\u00edcil ordenarlas federalmente, pero el sector privado puede hacerlo, ya que hay precedente\u201d, explic\u00f3 Parsan, que las consider\u00f3 la mejor manera de alcanzar a la gente \u201cap\u00e1tica\u201d.<\/p>\n\n\n\n<p>M\u00c1S Y MENOS ESTRICTAS<\/p>\n\n\n\n<p>Entre las empresas m\u00e1s estrictas est\u00e1 la aerol\u00ednea United Airlines, que esta semana dio la orden a su plantilla de 67.000 trabajadores en EE.UU. de aportar pruebas de inmunizaci\u00f3n completa como muy tarde a finales de octubre, con excepciones por salud o religi\u00f3n.<\/p>\n\n\n\n<p>De manera similar, la procesadora c\u00e1rnica Tyson Foods, con 120.000 empleados y menos del 50 % inmunizados despu\u00e9s de meses de esfuerzo, tambi\u00e9n ha dicho a sus trabajadores que deben estar vacunados antes del 1 de noviembre como \u201ccondici\u00f3n de empleo\u201d.<\/p>\n\n\n\n<p>La mayor\u00eda de corporaciones han sido hasta ahora m\u00e1s flexibles y solo est\u00e1n requiriendo la vacuna a una parte de su plantilla, generalmente los que vayan a la oficina, y optando por los incentivos, desde bonos o d\u00edas libres, algo que los expertos siguen considerando importante.<\/p>\n\n\n\n<p>Por ejemplo, la cadena de grandes almacenes Walmart, que es el mayor empleador de EE.UU. con 1,5 millones de contratados, la exige solo para quienes acudan a sus oficinas corporativas pero no para los trabajadores de sus tiendas.<\/p>\n\n\n\n<p>Algunos grandes bancos, entre ellos JPMorgan, Wells Fargo, Goldman Sachs y Morgan Stanley, han exigido la vacuna como requisito para ir a la oficina pero tienen diferentes enfoques para quien no lo haga o no quiera divulgar su estatus, desde permitir que entren llevando mascarilla a relegarlos al trabajo remoto.<\/p>\n\n\n\n<p>RIESGO DE DESPIDO<\/p>\n\n\n\n<p>El riesgo de ser despedido si no se prueba la vacuna anticovid plantea un debate que ya se ha trasladado al \u00e1mbito legal en algunos casos, con el caso m\u00e1s destacable en la denuncia interpuesta por m\u00e1s de un centenar de trabajadores contra el Houston Methodist Hospital.<\/p>\n\n\n\n<p>El tribunal dio raz\u00f3n al hospital por exigir la vacuna a sus trabajadores, que argumentaban que los preparados disponibles no cuentan todav\u00eda con las autorizaci\u00f3n completa de los reguladores, sino una de emergencia, y dudaban de su seguridad.<\/p>\n\n\n\n<p>Esa luz verde final podr\u00eda llegar a principios de septiembre para Pfizer-BioNTech y despu\u00e9s para Moderna, las fabricantes de las vacunas m\u00e1s distribuidas, por lo que a partir de entonces m\u00e1s empresas probablemente impongan \u00f3rdenes a sus plantillas.<\/p>\n\n\n\n<p>Tambi\u00e9n se est\u00e1n empezando a ver primeras consecuencias de estas pol\u00edticas de \u201ctolerancia cero\u201d, con el despido de tres empleados de CNN que acudieron a la oficina sin contar con una vacuna anticovid, seg\u00fan trascendi\u00f3 esta semana.<\/p>\n\n\n\n<p>Parsan reconoci\u00f3 que hay cierto escepticismo escondido entre argumentos m\u00e9dicos o religiosos, por lo que abog\u00f3 por \u201ceducar a la poblaci\u00f3n con hechos y ciencia lo mejor posible\u201d y consider\u00f3 crucial combatir la desinformaci\u00f3n, reconociendo tambi\u00e9n el da\u00f1o de la \u201cpolitizaci\u00f3n de la covid-19 y la subsecuente polarizaci\u00f3n ideol\u00f3gica\u201d<\/p>\n\n\n\n<p>\u201cMuchas empresas est\u00e1n tambi\u00e9n suplicando reabrir. Es un equilibrio entre vidas y formas de vida. Se deber\u00eda permitir que ocurra con la responsabilidad a\u00f1adida traslad\u00e1ndose de la supervisi\u00f3n p\u00fablica por el estado al sector privado tomando mucha m\u00e1s responsabilidad respecto a su plantilla y clientes\u201d, agreg\u00f3.<\/p>\n\n\n\n<p>Fuente: EFE<\/p>\n","protected":false},"excerpt":{"rendered":"<p>Estados Unidos.- Las grandes empresas de Estados Unidos empiezan a exigir a sus trabajadores la vacuna contra la covid-19, en algunos casos pasando del incentivo a la obligatoriedad en vista del repunte de casos que amenaza con obstaculizar su reapertura. Acuciadas por el incremento de casos de coronavirus en el pa\u00eds, donde ya hay unas [&hellip;]<\/p>\n","protected":false},"author":1,"featured_media":5284,"comment_status":"open","ping_status":"open","sticky":false,"template":"","format":"standard","meta":{"nf_dc_page":"","jetpack_post_was_ever_published":false,"_jetpack_newsletter_access":"","_jetpack_dont_email_post_to_subs":false,"_jetpack_newsletter_tier_id":0,"_jetpack_memberships_contains_paywalled_content":false,"_jetpack_memberships_contains_paid_content":false,"footnotes":"","jetpack_publicize_message":"","jetpack_publicize_feature_enabled":true,"jetpack_social_post_already_shared":false,"jetpack_social_options":{"image_generator_settings":{"template":"highway","default_image_id":0,"font":"","enabled":false},"version":2}},"categories":[83],"tags":[],"class_list":["post-5283","post","type-post","status-publish","format-standard","has-post-thumbnail","hentry","category-estados-unidos"],"yoast_head":"<!-- This site is optimized with the Yoast SEO plugin v27.4 - https:\/\/yoast.com\/product\/yoast-seo-wordpress\/ -->\n<title>Las empresas de EE.UU. empiezan a exigir la vacuna a sus trabajadores - Minuto Cero RD<\/title>\n<meta name=\"robots\" content=\"index, follow, max-snippet:-1, max-image-preview:large, max-video-preview:-1\" \/>\n<link rel=\"canonical\" href=\"http:\/\/minutocerord.com\/?p=5283\" \/>\n<meta property=\"og:locale\" content=\"es_ES\" \/>\n<meta property=\"og:type\" content=\"article\" \/>\n<meta property=\"og:title\" content=\"Las empresas de EE.UU. empiezan a exigir la vacuna a sus trabajadores - Minuto Cero RD\" \/>\n<meta property=\"og:description\" content=\"Estados Unidos.- Las grandes empresas de Estados Unidos empiezan a exigir a sus trabajadores la vacuna contra la covid-19, en algunos casos pasando del incentivo a la obligatoriedad en vista del repunte de casos que amenaza con obstaculizar su reapertura. Acuciadas por el incremento de casos de coronavirus en el pa\u00eds, donde ya hay unas [&hellip;]\" \/>\n<meta property=\"og:url\" content=\"http:\/\/minutocerord.com\/?p=5283\" \/>\n<meta property=\"og:site_name\" content=\"Minuto Cero RD\" \/>\n<meta property=\"article:publisher\" content=\"https:\/\/www.facebook.com\/Genofnotes\" \/>\n<meta property=\"article:author\" content=\"https:\/\/www.facebook.com\/Genofnotes\" \/>\n<meta property=\"article:published_time\" content=\"2021-08-09T23:42:24+00:00\" \/>\n<meta property=\"article:modified_time\" content=\"2021-08-09T23:42:28+00:00\" \/>\n<meta property=\"og:image\" content=\"https:\/\/i0.wp.com\/minutocerord.com\/wp-content\/uploads\/2021\/08\/VACUNAS-1140x694-1.jpg?fit=1140%2C694\" \/>\n\t<meta property=\"og:image:width\" content=\"1140\" \/>\n\t<meta property=\"og:image:height\" content=\"694\" \/>\n\t<meta property=\"og:image:type\" content=\"image\/jpeg\" \/>\n<meta name=\"author\" content=\"Genof\u00f3ntes Urb\u00e1ez\" \/>\n<meta name=\"twitter:card\" content=\"summary_large_image\" \/>\n<meta name=\"twitter:label1\" content=\"Written by\" \/>\n\t<meta name=\"twitter:data1\" content=\"Genof\u00f3ntes Urb\u00e1ez\" \/>\n\t<meta name=\"twitter:label2\" content=\"Est. reading time\" \/>\n\t<meta name=\"twitter:data2\" content=\"4 minutos\" \/>\n<script type=\"application\/ld+json\" class=\"yoast-schema-graph\">{\"@context\":\"https:\\\/\\\/schema.org\",\"@graph\":[{\"@type\":\"Article\",\"@id\":\"http:\\\/\\\/minutocerord.com\\\/?p=5283#article\",\"isPartOf\":{\"@id\":\"http:\\\/\\\/minutocerord.com\\\/?p=5283\"},\"author\":{\"name\":\"Genof\u00f3ntes Urb\u00e1ez\",\"@id\":\"https:\\\/\\\/minutocerord.com\\\/#\\\/schema\\\/person\\\/60b5372d60aaa0a5171fb6488be9aee6\"},\"headline\":\"Las empresas de EE.UU. empiezan a exigir la vacuna a sus trabajadores\",\"datePublished\":\"2021-08-09T23:42:24+00:00\",\"dateModified\":\"2021-08-09T23:42:28+00:00\",\"mainEntityOfPage\":{\"@id\":\"http:\\\/\\\/minutocerord.com\\\/?p=5283\"},\"wordCount\":799,\"commentCount\":0,\"publisher\":{\"@id\":\"https:\\\/\\\/minutocerord.com\\\/#\\\/schema\\\/person\\\/60b5372d60aaa0a5171fb6488be9aee6\"},\"image\":{\"@id\":\"http:\\\/\\\/minutocerord.com\\\/?p=5283#primaryimage\"},\"thumbnailUrl\":\"https:\\\/\\\/i0.wp.com\\\/minutocerord.com\\\/wp-content\\\/uploads\\\/2021\\\/08\\\/VACUNAS-1140x694-1.jpg?fit=1140%2C694&ssl=1\",\"articleSection\":[\"Estados Unidos\"],\"inLanguage\":\"es-DO\",\"potentialAction\":[{\"@type\":\"CommentAction\",\"name\":\"Comment\",\"target\":[\"http:\\\/\\\/minutocerord.com\\\/?p=5283#respond\"]}]},{\"@type\":\"WebPage\",\"@id\":\"http:\\\/\\\/minutocerord.com\\\/?p=5283\",\"url\":\"http:\\\/\\\/minutocerord.com\\\/?p=5283\",\"name\":\"Las empresas de EE.UU. empiezan a exigir la vacuna a sus trabajadores - Minuto Cero RD\",\"isPartOf\":{\"@id\":\"https:\\\/\\\/minutocerord.com\\\/#website\"},\"primaryImageOfPage\":{\"@id\":\"http:\\\/\\\/minutocerord.com\\\/?p=5283#primaryimage\"},\"image\":{\"@id\":\"http:\\\/\\\/minutocerord.com\\\/?p=5283#primaryimage\"},\"thumbnailUrl\":\"https:\\\/\\\/i0.wp.com\\\/minutocerord.com\\\/wp-content\\\/uploads\\\/2021\\\/08\\\/VACUNAS-1140x694-1.jpg?fit=1140%2C694&ssl=1\",\"datePublished\":\"2021-08-09T23:42:24+00:00\",\"dateModified\":\"2021-08-09T23:42:28+00:00\",\"breadcrumb\":{\"@id\":\"http:\\\/\\\/minutocerord.com\\\/?p=5283#breadcrumb\"},\"inLanguage\":\"es-DO\",\"potentialAction\":[{\"@type\":\"ReadAction\",\"target\":[\"http:\\\/\\\/minutocerord.com\\\/?p=5283\"]}]},{\"@type\":\"ImageObject\",\"inLanguage\":\"es-DO\",\"@id\":\"http:\\\/\\\/minutocerord.com\\\/?p=5283#primaryimage\",\"url\":\"https:\\\/\\\/i0.wp.com\\\/minutocerord.com\\\/wp-content\\\/uploads\\\/2021\\\/08\\\/VACUNAS-1140x694-1.jpg?fit=1140%2C694&ssl=1\",\"contentUrl\":\"https:\\\/\\\/i0.wp.com\\\/minutocerord.com\\\/wp-content\\\/uploads\\\/2021\\\/08\\\/VACUNAS-1140x694-1.jpg?fit=1140%2C694&ssl=1\",\"width\":1140,\"height\":694},{\"@type\":\"BreadcrumbList\",\"@id\":\"http:\\\/\\\/minutocerord.com\\\/?p=5283#breadcrumb\",\"itemListElement\":[{\"@type\":\"ListItem\",\"position\":1,\"name\":\"Home\",\"item\":\"https:\\\/\\\/minutocerord.com\\\/\"},{\"@type\":\"ListItem\",\"position\":2,\"name\":\"Las empresas de EE.UU. empiezan a exigir la vacuna a sus trabajadores\"}]},{\"@type\":\"WebSite\",\"@id\":\"https:\\\/\\\/minutocerord.com\\\/#website\",\"url\":\"https:\\\/\\\/minutocerord.com\\\/\",\"name\":\"Minuto Cero RD\",\"description\":\"Periodismo serio y veraz\",\"publisher\":{\"@id\":\"https:\\\/\\\/minutocerord.com\\\/#\\\/schema\\\/person\\\/60b5372d60aaa0a5171fb6488be9aee6\"},\"potentialAction\":[{\"@type\":\"SearchAction\",\"target\":{\"@type\":\"EntryPoint\",\"urlTemplate\":\"https:\\\/\\\/minutocerord.com\\\/?s={search_term_string}\"},\"query-input\":{\"@type\":\"PropertyValueSpecification\",\"valueRequired\":true,\"valueName\":\"search_term_string\"}}],\"inLanguage\":\"es-DO\"},{\"@type\":[\"Person\",\"Organization\"],\"@id\":\"https:\\\/\\\/minutocerord.com\\\/#\\\/schema\\\/person\\\/60b5372d60aaa0a5171fb6488be9aee6\",\"name\":\"Genof\u00f3ntes Urb\u00e1ez\",\"image\":{\"@type\":\"ImageObject\",\"inLanguage\":\"es-DO\",\"@id\":\"https:\\\/\\\/secure.gravatar.com\\\/avatar\\\/a49ef3186a692098ac3e8a1612261e3ad70cf9e44553dff2929e67939a0ecb9d?s=96&d=identicon&r=g\",\"url\":\"https:\\\/\\\/secure.gravatar.com\\\/avatar\\\/a49ef3186a692098ac3e8a1612261e3ad70cf9e44553dff2929e67939a0ecb9d?s=96&d=identicon&r=g\",\"contentUrl\":\"https:\\\/\\\/secure.gravatar.com\\\/avatar\\\/a49ef3186a692098ac3e8a1612261e3ad70cf9e44553dff2929e67939a0ecb9d?s=96&d=identicon&r=g\",\"caption\":\"Genof\u00f3ntes Urb\u00e1ez\"},\"logo\":{\"@id\":\"https:\\\/\\\/secure.gravatar.com\\\/avatar\\\/a49ef3186a692098ac3e8a1612261e3ad70cf9e44553dff2929e67939a0ecb9d?s=96&d=identicon&r=g\"},\"description\":\"Periodista \\\/ Locutor\",\"sameAs\":[\"https:\\\/\\\/www.facebook.com\\\/Genofnotes\",\"https:\\\/\\\/www.instagram.com\\\/genofnotes\\\/\"]}]}<\/script>\n<!-- \/ Yoast SEO plugin. -->","yoast_head_json":{"title":"Las empresas de EE.UU. empiezan a exigir la vacuna a sus trabajadores - Minuto Cero RD","robots":{"index":"index","follow":"follow","max-snippet":"max-snippet:-1","max-image-preview":"max-image-preview:large","max-video-preview":"max-video-preview:-1"},"canonical":"http:\/\/minutocerord.com\/?p=5283","og_locale":"es_ES","og_type":"article","og_title":"Las empresas de EE.UU. empiezan a exigir la vacuna a sus trabajadores - Minuto Cero RD","og_description":"Estados Unidos.- Las grandes empresas de Estados Unidos empiezan a exigir a sus trabajadores la vacuna contra la covid-19, en algunos casos pasando del incentivo a la obligatoriedad en vista del repunte de casos que amenaza con obstaculizar su reapertura. Acuciadas por el incremento de casos de coronavirus en el pa\u00eds, donde ya hay unas [&hellip;]","og_url":"http:\/\/minutocerord.com\/?p=5283","og_site_name":"Minuto Cero RD","article_publisher":"https:\/\/www.facebook.com\/Genofnotes","article_author":"https:\/\/www.facebook.com\/Genofnotes","article_published_time":"2021-08-09T23:42:24+00:00","article_modified_time":"2021-08-09T23:42:28+00:00","og_image":[{"width":1140,"height":694,"url":"https:\/\/i0.wp.com\/minutocerord.com\/wp-content\/uploads\/2021\/08\/VACUNAS-1140x694-1.jpg?fit=1140%2C694","type":"image\/jpeg"}],"author":"Genof\u00f3ntes Urb\u00e1ez","twitter_card":"summary_large_image","twitter_misc":{"Written by":"Genof\u00f3ntes Urb\u00e1ez","Est. reading time":"4 minutos"},"schema":{"@context":"https:\/\/schema.org","@graph":[{"@type":"Article","@id":"http:\/\/minutocerord.com\/?p=5283#article","isPartOf":{"@id":"http:\/\/minutocerord.com\/?p=5283"},"author":{"name":"Genof\u00f3ntes Urb\u00e1ez","@id":"https:\/\/minutocerord.com\/#\/schema\/person\/60b5372d60aaa0a5171fb6488be9aee6"},"headline":"Las empresas de EE.UU. empiezan a exigir la vacuna a sus trabajadores","datePublished":"2021-08-09T23:42:24+00:00","dateModified":"2021-08-09T23:42:28+00:00","mainEntityOfPage":{"@id":"http:\/\/minutocerord.com\/?p=5283"},"wordCount":799,"commentCount":0,"publisher":{"@id":"https:\/\/minutocerord.com\/#\/schema\/person\/60b5372d60aaa0a5171fb6488be9aee6"},"image":{"@id":"http:\/\/minutocerord.com\/?p=5283#primaryimage"},"thumbnailUrl":"https:\/\/i0.wp.com\/minutocerord.com\/wp-content\/uploads\/2021\/08\/VACUNAS-1140x694-1.jpg?fit=1140%2C694&ssl=1","articleSection":["Estados Unidos"],"inLanguage":"es-DO","potentialAction":[{"@type":"CommentAction","name":"Comment","target":["http:\/\/minutocerord.com\/?p=5283#respond"]}]},{"@type":"WebPage","@id":"http:\/\/minutocerord.com\/?p=5283","url":"http:\/\/minutocerord.com\/?p=5283","name":"Las empresas de EE.UU. empiezan a exigir la vacuna a sus trabajadores - Minuto Cero RD","isPartOf":{"@id":"https:\/\/minutocerord.com\/#website"},"primaryImageOfPage":{"@id":"http:\/\/minutocerord.com\/?p=5283#primaryimage"},"image":{"@id":"http:\/\/minutocerord.com\/?p=5283#primaryimage"},"thumbnailUrl":"https:\/\/i0.wp.com\/minutocerord.com\/wp-content\/uploads\/2021\/08\/VACUNAS-1140x694-1.jpg?fit=1140%2C694&ssl=1","datePublished":"2021-08-09T23:42:24+00:00","dateModified":"2021-08-09T23:42:28+00:00","breadcrumb":{"@id":"http:\/\/minutocerord.com\/?p=5283#breadcrumb"},"inLanguage":"es-DO","potentialAction":[{"@type":"ReadAction","target":["http:\/\/minutocerord.com\/?p=5283"]}]},{"@type":"ImageObject","inLanguage":"es-DO","@id":"http:\/\/minutocerord.com\/?p=5283#primaryimage","url":"https:\/\/i0.wp.com\/minutocerord.com\/wp-content\/uploads\/2021\/08\/VACUNAS-1140x694-1.jpg?fit=1140%2C694&ssl=1","contentUrl":"https:\/\/i0.wp.com\/minutocerord.com\/wp-content\/uploads\/2021\/08\/VACUNAS-1140x694-1.jpg?fit=1140%2C694&ssl=1","width":1140,"height":694},{"@type":"BreadcrumbList","@id":"http:\/\/minutocerord.com\/?p=5283#breadcrumb","itemListElement":[{"@type":"ListItem","position":1,"name":"Home","item":"https:\/\/minutocerord.com\/"},{"@type":"ListItem","position":2,"name":"Las empresas de EE.UU. empiezan a exigir la vacuna a sus trabajadores"}]},{"@type":"WebSite","@id":"https:\/\/minutocerord.com\/#website","url":"https:\/\/minutocerord.com\/","name":"Minuto Cero RD","description":"Periodismo serio y veraz","publisher":{"@id":"https:\/\/minutocerord.com\/#\/schema\/person\/60b5372d60aaa0a5171fb6488be9aee6"},"potentialAction":[{"@type":"SearchAction","target":{"@type":"EntryPoint","urlTemplate":"https:\/\/minutocerord.com\/?s={search_term_string}"},"query-input":{"@type":"PropertyValueSpecification","valueRequired":true,"valueName":"search_term_string"}}],"inLanguage":"es-DO"},{"@type":["Person","Organization"],"@id":"https:\/\/minutocerord.com\/#\/schema\/person\/60b5372d60aaa0a5171fb6488be9aee6","name":"Genof\u00f3ntes Urb\u00e1ez","image":{"@type":"ImageObject","inLanguage":"es-DO","@id":"https:\/\/secure.gravatar.com\/avatar\/a49ef3186a692098ac3e8a1612261e3ad70cf9e44553dff2929e67939a0ecb9d?s=96&d=identicon&r=g","url":"https:\/\/secure.gravatar.com\/avatar\/a49ef3186a692098ac3e8a1612261e3ad70cf9e44553dff2929e67939a0ecb9d?s=96&d=identicon&r=g","contentUrl":"https:\/\/secure.gravatar.com\/avatar\/a49ef3186a692098ac3e8a1612261e3ad70cf9e44553dff2929e67939a0ecb9d?s=96&d=identicon&r=g","caption":"Genof\u00f3ntes Urb\u00e1ez"},"logo":{"@id":"https:\/\/secure.gravatar.com\/avatar\/a49ef3186a692098ac3e8a1612261e3ad70cf9e44553dff2929e67939a0ecb9d?s=96&d=identicon&r=g"},"description":"Periodista \/ Locutor","sameAs":["https:\/\/www.facebook.com\/Genofnotes","https:\/\/www.instagram.com\/genofnotes\/"]}]}},"jetpack_publicize_connections":[],"jetpack_featured_media_url":"https:\/\/i0.wp.com\/minutocerord.com\/wp-content\/uploads\/2021\/08\/VACUNAS-1140x694-1.jpg?fit=1140%2C694&ssl=1","jetpack-related-posts":[],"jetpack_sharing_enabled":true,"_links":{"self":[{"href":"https:\/\/minutocerord.com\/index.php?rest_route=\/wp\/v2\/posts\/5283","targetHints":{"allow":["GET"]}}],"collection":[{"href":"https:\/\/minutocerord.com\/index.php?rest_route=\/wp\/v2\/posts"}],"about":[{"href":"https:\/\/minutocerord.com\/index.php?rest_route=\/wp\/v2\/types\/post"}],"author":[{"embeddable":true,"href":"https:\/\/minutocerord.com\/index.php?rest_route=\/wp\/v2\/users\/1"}],"replies":[{"embeddable":true,"href":"https:\/\/minutocerord.com\/index.php?rest_route=%2Fwp%2Fv2%2Fcomments&post=5283"}],"version-history":[{"count":1,"href":"https:\/\/minutocerord.com\/index.php?rest_route=\/wp\/v2\/posts\/5283\/revisions"}],"predecessor-version":[{"id":5285,"href":"https:\/\/minutocerord.com\/index.php?rest_route=\/wp\/v2\/posts\/5283\/revisions\/5285"}],"wp:featuredmedia":[{"embeddable":true,"href":"https:\/\/minutocerord.com\/index.php?rest_route=\/wp\/v2\/media\/5284"}],"wp:attachment":[{"href":"https:\/\/minutocerord.com\/index.php?rest_route=%2Fwp%2Fv2%2Fmedia&parent=5283"}],"wp:term":[{"taxonomy":"category","embeddable":true,"href":"https:\/\/minutocerord.com\/index.php?rest_route=%2Fwp%2Fv2%2Fcategories&post=5283"},{"taxonomy":"post_tag","embeddable":true,"href":"https:\/\/minutocerord.com\/index.php?rest_route=%2Fwp%2Fv2%2Ftags&post=5283"}],"curies":[{"name":"wp","href":"https:\/\/api.w.org\/{rel}","templated":true}]}}