{"id":5286,"date":"2021-08-09T20:30:27","date_gmt":"2021-08-10T00:30:27","guid":{"rendered":"https:\/\/minutocerord.com\/?p=5286"},"modified":"2021-08-09T21:38:04","modified_gmt":"2021-08-10T01:38:04","slug":"coe-coloca-a-12-provincias-en-alerta-verde-por-potencial-ciclon-tropical","status":"publish","type":"post","link":"https:\/\/minutocerord.com\/?p=5286","title":{"rendered":"COE coloca a 12 provincias en alerta verde por potencial cicl\u00f3n tropical"},"content":{"rendered":"\n<p><strong>Santo Domingo.-<\/strong> La Oficina Nacional de Meteorolog\u00eda (Onamet) inform\u00f3 este lunes que el sistema de baja presi\u00f3n que se encuentra al este de las Antillas Menores ha alcanzado la categor\u00eda de potencial cicl\u00f3n tropical.<\/p>\n\n\n\n<p>La directora de la entidad, Gloria Ceballos, indic\u00f3 que se espera que en las pr\u00f3ximas horas a este fen\u00f3meno, que se desplaza a 24 kil\u00f3metros por horas en movimiento oeste-noroeste, se le denomine Tormenta Tropical Fred.<\/p>\n\n\n\n<p>Ceballos se\u00f1al\u00f3 que el mismo que se halla en este momento con vientos m\u00e1ximos sostenidos de 55 kil\u00f3metros por horas al este de las islas de las Antillas Menores, pasar\u00eda por la Rep\u00fablica Dominicana el pr\u00f3ximo mi\u00e9rcoles.<\/p>\n\n\n\n<p>\u201cEn la trayectoria pronosticada, se espera que este potencial cicl\u00f3n tropical, ya como la tormenta tropical Fred, est\u00e9 pasando sobre o cerca del territorio nacional durante todo el d\u00eda del mi\u00e9rcoles\u201d, se\u00f1al\u00f3.<\/p>\n\n\n\n<p>Seg\u00fan la Onamet, son probables lluvias fuertes e inundaciones en varias regiones del territorio nacional, donde se pueden producir entre 75 a 150 mil\u00edmetros de acumulaci\u00f3n de agua.<\/p>\n\n\n\n<h2 class=\"wp-block-heading\"><strong>12 provincias en alerta verde<\/strong><\/h2>\n\n\n\n<p>Mientras que el director el director del Centro de Operaciones de Emergencias (COE), Juan Manuel M\u00e9ndez, sostuvo que de acuerdo a la trayectoria pronosticada, la coloca bordeando la franja costera desde punta Palenque, San Crist\u00f3bal hasta la isla Saona, igual desde esta isla hasta la Bah\u00eda de Manzanillo, por lo que varias provincias aleda\u00f1as a estas zonas se encuentran en alerta verde.<\/p>\n\n\n\n<p><strong>Las provincias en alerta son: <\/strong>La Altagracia, Saman\u00e1, Mar\u00eda Trinidad S\u00e1nchez, San Pedro de Macor\u00eds, La Romana, El Seibo. Mientras que previo a estas demarcaciones, tambi\u00e9n se encuentran en alerta las provincias La Vega, Monte Plata, Monse\u00f1or Nouel, Hato Mayor, S\u00e1nchez Ram\u00edrez y Duarte, por el paso de una onda tropical que actualmente provoca grandes lluvias en el pa\u00eds.<\/p>\n","protected":false},"excerpt":{"rendered":"<p>Santo Domingo.- La Oficina Nacional de Meteorolog\u00eda (Onamet) inform\u00f3 este lunes que el sistema de baja presi\u00f3n que se encuentra al este de las Antillas Menores ha alcanzado la categor\u00eda de potencial cicl\u00f3n tropical. La directora de la entidad, Gloria Ceballos, indic\u00f3 que se espera que en las pr\u00f3ximas horas a este fen\u00f3meno, que se [&hellip;]<\/p>\n","protected":false},"author":1,"featured_media":5287,"comment_status":"open","ping_status":"open","sticky":false,"template":"","format":"standard","meta":{"nf_dc_page":"","jetpack_post_was_ever_published":false,"_jetpack_newsletter_access":"","_jetpack_dont_email_post_to_subs":false,"_jetpack_newsletter_tier_id":0,"_jetpack_memberships_contains_paywalled_content":false,"_jetpack_memberships_contains_paid_content":false,"footnotes":"","jetpack_publicize_message":"","jetpack_publicize_feature_enabled":true,"jetpack_social_post_already_shared":false,"jetpack_social_options":{"image_generator_settings":{"template":"highway","default_image_id":0,"font":"","enabled":false},"version":2}},"categories":[87],"tags":[],"class_list":["post-5286","post","type-post","status-publish","format-standard","has-post-thumbnail","hentry","category-el-clima"],"yoast_head":"<!-- This site is optimized with the Yoast SEO plugin v27.4 - https:\/\/yoast.com\/product\/yoast-seo-wordpress\/ -->\n<title>COE coloca a 12 provincias en alerta verde por potencial cicl\u00f3n tropical - Minuto Cero RD<\/title>\n<meta name=\"robots\" content=\"index, follow, max-snippet:-1, max-image-preview:large, max-video-preview:-1\" \/>\n<link rel=\"canonical\" href=\"http:\/\/minutocerord.com\/?p=5286\" \/>\n<meta property=\"og:locale\" content=\"es_ES\" \/>\n<meta property=\"og:type\" content=\"article\" \/>\n<meta property=\"og:title\" content=\"COE coloca a 12 provincias en alerta verde por potencial cicl\u00f3n tropical - Minuto Cero RD\" \/>\n<meta property=\"og:description\" content=\"Santo Domingo.- La Oficina Nacional de Meteorolog\u00eda (Onamet) inform\u00f3 este lunes que el sistema de baja presi\u00f3n que se encuentra al este de las Antillas Menores ha alcanzado la categor\u00eda de potencial cicl\u00f3n tropical. La directora de la entidad, Gloria Ceballos, indic\u00f3 que se espera que en las pr\u00f3ximas horas a este fen\u00f3meno, que se [&hellip;]\" \/>\n<meta property=\"og:url\" content=\"http:\/\/minutocerord.com\/?p=5286\" \/>\n<meta property=\"og:site_name\" content=\"Minuto Cero RD\" \/>\n<meta property=\"article:publisher\" content=\"https:\/\/www.facebook.com\/Genofnotes\" \/>\n<meta property=\"article:author\" content=\"https:\/\/www.facebook.com\/Genofnotes\" \/>\n<meta property=\"article:published_time\" content=\"2021-08-10T00:30:27+00:00\" \/>\n<meta property=\"article:modified_time\" content=\"2021-08-10T01:38:04+00:00\" \/>\n<meta property=\"og:image\" content=\"https:\/\/i0.wp.com\/minutocerord.com\/wp-content\/uploads\/2021\/08\/7c2ed1e7-whatsapp-image-2021-08-09-at-7-18-00-pm-6111b8539ab51-681x454-1.jpeg?fit=681%2C454\" \/>\n\t<meta property=\"og:image:width\" content=\"681\" \/>\n\t<meta property=\"og:image:height\" content=\"454\" \/>\n\t<meta property=\"og:image:type\" content=\"image\/jpeg\" \/>\n<meta name=\"author\" content=\"Genof\u00f3ntes Urb\u00e1ez\" \/>\n<meta name=\"twitter:card\" content=\"summary_large_image\" \/>\n<meta name=\"twitter:label1\" content=\"Written by\" \/>\n\t<meta name=\"twitter:data1\" content=\"Genof\u00f3ntes Urb\u00e1ez\" \/>\n\t<meta name=\"twitter:label2\" content=\"Est. reading time\" \/>\n\t<meta name=\"twitter:data2\" content=\"2 minutos\" \/>\n<script type=\"application\/ld+json\" class=\"yoast-schema-graph\">{\"@context\":\"https:\\\/\\\/schema.org\",\"@graph\":[{\"@type\":\"Article\",\"@id\":\"http:\\\/\\\/minutocerord.com\\\/?p=5286#article\",\"isPartOf\":{\"@id\":\"http:\\\/\\\/minutocerord.com\\\/?p=5286\"},\"author\":{\"name\":\"Genof\u00f3ntes Urb\u00e1ez\",\"@id\":\"https:\\\/\\\/minutocerord.com\\\/#\\\/schema\\\/person\\\/60b5372d60aaa0a5171fb6488be9aee6\"},\"headline\":\"COE coloca a 12 provincias en alerta verde por potencial cicl\u00f3n tropical\",\"datePublished\":\"2021-08-10T00:30:27+00:00\",\"dateModified\":\"2021-08-10T01:38:04+00:00\",\"mainEntityOfPage\":{\"@id\":\"http:\\\/\\\/minutocerord.com\\\/?p=5286\"},\"wordCount\":334,\"commentCount\":0,\"publisher\":{\"@id\":\"https:\\\/\\\/minutocerord.com\\\/#\\\/schema\\\/person\\\/60b5372d60aaa0a5171fb6488be9aee6\"},\"image\":{\"@id\":\"http:\\\/\\\/minutocerord.com\\\/?p=5286#primaryimage\"},\"thumbnailUrl\":\"https:\\\/\\\/i0.wp.com\\\/minutocerord.com\\\/wp-content\\\/uploads\\\/2021\\\/08\\\/7c2ed1e7-whatsapp-image-2021-08-09-at-7-18-00-pm-6111b8539ab51-681x454-1.jpeg?fit=681%2C454&ssl=1\",\"articleSection\":[\"El clima\"],\"inLanguage\":\"es-DO\",\"potentialAction\":[{\"@type\":\"CommentAction\",\"name\":\"Comment\",\"target\":[\"http:\\\/\\\/minutocerord.com\\\/?p=5286#respond\"]}]},{\"@type\":\"WebPage\",\"@id\":\"http:\\\/\\\/minutocerord.com\\\/?p=5286\",\"url\":\"http:\\\/\\\/minutocerord.com\\\/?p=5286\",\"name\":\"COE coloca a 12 provincias en alerta verde por potencial cicl\u00f3n tropical - Minuto Cero RD\",\"isPartOf\":{\"@id\":\"https:\\\/\\\/minutocerord.com\\\/#website\"},\"primaryImageOfPage\":{\"@id\":\"http:\\\/\\\/minutocerord.com\\\/?p=5286#primaryimage\"},\"image\":{\"@id\":\"http:\\\/\\\/minutocerord.com\\\/?p=5286#primaryimage\"},\"thumbnailUrl\":\"https:\\\/\\\/i0.wp.com\\\/minutocerord.com\\\/wp-content\\\/uploads\\\/2021\\\/08\\\/7c2ed1e7-whatsapp-image-2021-08-09-at-7-18-00-pm-6111b8539ab51-681x454-1.jpeg?fit=681%2C454&ssl=1\",\"datePublished\":\"2021-08-10T00:30:27+00:00\",\"dateModified\":\"2021-08-10T01:38:04+00:00\",\"breadcrumb\":{\"@id\":\"http:\\\/\\\/minutocerord.com\\\/?p=5286#breadcrumb\"},\"inLanguage\":\"es-DO\",\"potentialAction\":[{\"@type\":\"ReadAction\",\"target\":[\"http:\\\/\\\/minutocerord.com\\\/?p=5286\"]}]},{\"@type\":\"ImageObject\",\"inLanguage\":\"es-DO\",\"@id\":\"http:\\\/\\\/minutocerord.com\\\/?p=5286#primaryimage\",\"url\":\"https:\\\/\\\/i0.wp.com\\\/minutocerord.com\\\/wp-content\\\/uploads\\\/2021\\\/08\\\/7c2ed1e7-whatsapp-image-2021-08-09-at-7-18-00-pm-6111b8539ab51-681x454-1.jpeg?fit=681%2C454&ssl=1\",\"contentUrl\":\"https:\\\/\\\/i0.wp.com\\\/minutocerord.com\\\/wp-content\\\/uploads\\\/2021\\\/08\\\/7c2ed1e7-whatsapp-image-2021-08-09-at-7-18-00-pm-6111b8539ab51-681x454-1.jpeg?fit=681%2C454&ssl=1\",\"width\":681,\"height\":454},{\"@type\":\"BreadcrumbList\",\"@id\":\"http:\\\/\\\/minutocerord.com\\\/?p=5286#breadcrumb\",\"itemListElement\":[{\"@type\":\"ListItem\",\"position\":1,\"name\":\"Home\",\"item\":\"https:\\\/\\\/minutocerord.com\\\/\"},{\"@type\":\"ListItem\",\"position\":2,\"name\":\"COE coloca a 12 provincias en alerta verde por potencial cicl\u00f3n tropical\"}]},{\"@type\":\"WebSite\",\"@id\":\"https:\\\/\\\/minutocerord.com\\\/#website\",\"url\":\"https:\\\/\\\/minutocerord.com\\\/\",\"name\":\"Minuto Cero RD\",\"description\":\"Periodismo serio y veraz\",\"publisher\":{\"@id\":\"https:\\\/\\\/minutocerord.com\\\/#\\\/schema\\\/person\\\/60b5372d60aaa0a5171fb6488be9aee6\"},\"potentialAction\":[{\"@type\":\"SearchAction\",\"target\":{\"@type\":\"EntryPoint\",\"urlTemplate\":\"https:\\\/\\\/minutocerord.com\\\/?s={search_term_string}\"},\"query-input\":{\"@type\":\"PropertyValueSpecification\",\"valueRequired\":true,\"valueName\":\"search_term_string\"}}],\"inLanguage\":\"es-DO\"},{\"@type\":[\"Person\",\"Organization\"],\"@id\":\"https:\\\/\\\/minutocerord.com\\\/#\\\/schema\\\/person\\\/60b5372d60aaa0a5171fb6488be9aee6\",\"name\":\"Genof\u00f3ntes Urb\u00e1ez\",\"image\":{\"@type\":\"ImageObject\",\"inLanguage\":\"es-DO\",\"@id\":\"https:\\\/\\\/secure.gravatar.com\\\/avatar\\\/a49ef3186a692098ac3e8a1612261e3ad70cf9e44553dff2929e67939a0ecb9d?s=96&d=identicon&r=g\",\"url\":\"https:\\\/\\\/secure.gravatar.com\\\/avatar\\\/a49ef3186a692098ac3e8a1612261e3ad70cf9e44553dff2929e67939a0ecb9d?s=96&d=identicon&r=g\",\"contentUrl\":\"https:\\\/\\\/secure.gravatar.com\\\/avatar\\\/a49ef3186a692098ac3e8a1612261e3ad70cf9e44553dff2929e67939a0ecb9d?s=96&d=identicon&r=g\",\"caption\":\"Genof\u00f3ntes Urb\u00e1ez\"},\"logo\":{\"@id\":\"https:\\\/\\\/secure.gravatar.com\\\/avatar\\\/a49ef3186a692098ac3e8a1612261e3ad70cf9e44553dff2929e67939a0ecb9d?s=96&d=identicon&r=g\"},\"description\":\"Periodista \\\/ Locutor\",\"sameAs\":[\"https:\\\/\\\/www.facebook.com\\\/Genofnotes\",\"https:\\\/\\\/www.instagram.com\\\/genofnotes\\\/\"]}]}<\/script>\n<!-- \/ Yoast SEO plugin. -->","yoast_head_json":{"title":"COE coloca a 12 provincias en alerta verde por potencial cicl\u00f3n tropical - Minuto Cero RD","robots":{"index":"index","follow":"follow","max-snippet":"max-snippet:-1","max-image-preview":"max-image-preview:large","max-video-preview":"max-video-preview:-1"},"canonical":"http:\/\/minutocerord.com\/?p=5286","og_locale":"es_ES","og_type":"article","og_title":"COE coloca a 12 provincias en alerta verde por potencial cicl\u00f3n tropical - Minuto Cero RD","og_description":"Santo Domingo.- La Oficina Nacional de Meteorolog\u00eda (Onamet) inform\u00f3 este lunes que el sistema de baja presi\u00f3n que se encuentra al este de las Antillas Menores ha alcanzado la categor\u00eda de potencial cicl\u00f3n tropical. La directora de la entidad, Gloria Ceballos, indic\u00f3 que se espera que en las pr\u00f3ximas horas a este fen\u00f3meno, que se [&hellip;]","og_url":"http:\/\/minutocerord.com\/?p=5286","og_site_name":"Minuto Cero RD","article_publisher":"https:\/\/www.facebook.com\/Genofnotes","article_author":"https:\/\/www.facebook.com\/Genofnotes","article_published_time":"2021-08-10T00:30:27+00:00","article_modified_time":"2021-08-10T01:38:04+00:00","og_image":[{"width":681,"height":454,"url":"https:\/\/i0.wp.com\/minutocerord.com\/wp-content\/uploads\/2021\/08\/7c2ed1e7-whatsapp-image-2021-08-09-at-7-18-00-pm-6111b8539ab51-681x454-1.jpeg?fit=681%2C454","type":"image\/jpeg"}],"author":"Genof\u00f3ntes Urb\u00e1ez","twitter_card":"summary_large_image","twitter_misc":{"Written by":"Genof\u00f3ntes Urb\u00e1ez","Est. reading time":"2 minutos"},"schema":{"@context":"https:\/\/schema.org","@graph":[{"@type":"Article","@id":"http:\/\/minutocerord.com\/?p=5286#article","isPartOf":{"@id":"http:\/\/minutocerord.com\/?p=5286"},"author":{"name":"Genof\u00f3ntes Urb\u00e1ez","@id":"https:\/\/minutocerord.com\/#\/schema\/person\/60b5372d60aaa0a5171fb6488be9aee6"},"headline":"COE coloca a 12 provincias en alerta verde por potencial cicl\u00f3n tropical","datePublished":"2021-08-10T00:30:27+00:00","dateModified":"2021-08-10T01:38:04+00:00","mainEntityOfPage":{"@id":"http:\/\/minutocerord.com\/?p=5286"},"wordCount":334,"commentCount":0,"publisher":{"@id":"https:\/\/minutocerord.com\/#\/schema\/person\/60b5372d60aaa0a5171fb6488be9aee6"},"image":{"@id":"http:\/\/minutocerord.com\/?p=5286#primaryimage"},"thumbnailUrl":"https:\/\/i0.wp.com\/minutocerord.com\/wp-content\/uploads\/2021\/08\/7c2ed1e7-whatsapp-image-2021-08-09-at-7-18-00-pm-6111b8539ab51-681x454-1.jpeg?fit=681%2C454&ssl=1","articleSection":["El clima"],"inLanguage":"es-DO","potentialAction":[{"@type":"CommentAction","name":"Comment","target":["http:\/\/minutocerord.com\/?p=5286#respond"]}]},{"@type":"WebPage","@id":"http:\/\/minutocerord.com\/?p=5286","url":"http:\/\/minutocerord.com\/?p=5286","name":"COE coloca a 12 provincias en alerta verde por potencial cicl\u00f3n tropical - Minuto Cero RD","isPartOf":{"@id":"https:\/\/minutocerord.com\/#website"},"primaryImageOfPage":{"@id":"http:\/\/minutocerord.com\/?p=5286#primaryimage"},"image":{"@id":"http:\/\/minutocerord.com\/?p=5286#primaryimage"},"thumbnailUrl":"https:\/\/i0.wp.com\/minutocerord.com\/wp-content\/uploads\/2021\/08\/7c2ed1e7-whatsapp-image-2021-08-09-at-7-18-00-pm-6111b8539ab51-681x454-1.jpeg?fit=681%2C454&ssl=1","datePublished":"2021-08-10T00:30:27+00:00","dateModified":"2021-08-10T01:38:04+00:00","breadcrumb":{"@id":"http:\/\/minutocerord.com\/?p=5286#breadcrumb"},"inLanguage":"es-DO","potentialAction":[{"@type":"ReadAction","target":["http:\/\/minutocerord.com\/?p=5286"]}]},{"@type":"ImageObject","inLanguage":"es-DO","@id":"http:\/\/minutocerord.com\/?p=5286#primaryimage","url":"https:\/\/i0.wp.com\/minutocerord.com\/wp-content\/uploads\/2021\/08\/7c2ed1e7-whatsapp-image-2021-08-09-at-7-18-00-pm-6111b8539ab51-681x454-1.jpeg?fit=681%2C454&ssl=1","contentUrl":"https:\/\/i0.wp.com\/minutocerord.com\/wp-content\/uploads\/2021\/08\/7c2ed1e7-whatsapp-image-2021-08-09-at-7-18-00-pm-6111b8539ab51-681x454-1.jpeg?fit=681%2C454&ssl=1","width":681,"height":454},{"@type":"BreadcrumbList","@id":"http:\/\/minutocerord.com\/?p=5286#breadcrumb","itemListElement":[{"@type":"ListItem","position":1,"name":"Home","item":"https:\/\/minutocerord.com\/"},{"@type":"ListItem","position":2,"name":"COE coloca a 12 provincias en alerta verde por potencial cicl\u00f3n tropical"}]},{"@type":"WebSite","@id":"https:\/\/minutocerord.com\/#website","url":"https:\/\/minutocerord.com\/","name":"Minuto Cero RD","description":"Periodismo serio y veraz","publisher":{"@id":"https:\/\/minutocerord.com\/#\/schema\/person\/60b5372d60aaa0a5171fb6488be9aee6"},"potentialAction":[{"@type":"SearchAction","target":{"@type":"EntryPoint","urlTemplate":"https:\/\/minutocerord.com\/?s={search_term_string}"},"query-input":{"@type":"PropertyValueSpecification","valueRequired":true,"valueName":"search_term_string"}}],"inLanguage":"es-DO"},{"@type":["Person","Organization"],"@id":"https:\/\/minutocerord.com\/#\/schema\/person\/60b5372d60aaa0a5171fb6488be9aee6","name":"Genof\u00f3ntes Urb\u00e1ez","image":{"@type":"ImageObject","inLanguage":"es-DO","@id":"https:\/\/secure.gravatar.com\/avatar\/a49ef3186a692098ac3e8a1612261e3ad70cf9e44553dff2929e67939a0ecb9d?s=96&d=identicon&r=g","url":"https:\/\/secure.gravatar.com\/avatar\/a49ef3186a692098ac3e8a1612261e3ad70cf9e44553dff2929e67939a0ecb9d?s=96&d=identicon&r=g","contentUrl":"https:\/\/secure.gravatar.com\/avatar\/a49ef3186a692098ac3e8a1612261e3ad70cf9e44553dff2929e67939a0ecb9d?s=96&d=identicon&r=g","caption":"Genof\u00f3ntes Urb\u00e1ez"},"logo":{"@id":"https:\/\/secure.gravatar.com\/avatar\/a49ef3186a692098ac3e8a1612261e3ad70cf9e44553dff2929e67939a0ecb9d?s=96&d=identicon&r=g"},"description":"Periodista \/ Locutor","sameAs":["https:\/\/www.facebook.com\/Genofnotes","https:\/\/www.instagram.com\/genofnotes\/"]}]}},"jetpack_publicize_connections":[],"jetpack_featured_media_url":"https:\/\/i0.wp.com\/minutocerord.com\/wp-content\/uploads\/2021\/08\/7c2ed1e7-whatsapp-image-2021-08-09-at-7-18-00-pm-6111b8539ab51-681x454-1.jpeg?fit=681%2C454&ssl=1","jetpack-related-posts":[],"jetpack_sharing_enabled":true,"_links":{"self":[{"href":"https:\/\/minutocerord.com\/index.php?rest_route=\/wp\/v2\/posts\/5286","targetHints":{"allow":["GET"]}}],"collection":[{"href":"https:\/\/minutocerord.com\/index.php?rest_route=\/wp\/v2\/posts"}],"about":[{"href":"https:\/\/minutocerord.com\/index.php?rest_route=\/wp\/v2\/types\/post"}],"author":[{"embeddable":true,"href":"https:\/\/minutocerord.com\/index.php?rest_route=\/wp\/v2\/users\/1"}],"replies":[{"embeddable":true,"href":"https:\/\/minutocerord.com\/index.php?rest_route=%2Fwp%2Fv2%2Fcomments&post=5286"}],"version-history":[{"count":4,"href":"https:\/\/minutocerord.com\/index.php?rest_route=\/wp\/v2\/posts\/5286\/revisions"}],"predecessor-version":[{"id":5291,"href":"https:\/\/minutocerord.com\/index.php?rest_route=\/wp\/v2\/posts\/5286\/revisions\/5291"}],"wp:featuredmedia":[{"embeddable":true,"href":"https:\/\/minutocerord.com\/index.php?rest_route=\/wp\/v2\/media\/5287"}],"wp:attachment":[{"href":"https:\/\/minutocerord.com\/index.php?rest_route=%2Fwp%2Fv2%2Fmedia&parent=5286"}],"wp:term":[{"taxonomy":"category","embeddable":true,"href":"https:\/\/minutocerord.com\/index.php?rest_route=%2Fwp%2Fv2%2Fcategories&post=5286"},{"taxonomy":"post_tag","embeddable":true,"href":"https:\/\/minutocerord.com\/index.php?rest_route=%2Fwp%2Fv2%2Ftags&post=5286"}],"curies":[{"name":"wp","href":"https:\/\/api.w.org\/{rel}","templated":true}]}}