{"id":5294,"date":"2021-08-10T10:36:49","date_gmt":"2021-08-10T14:36:49","guid":{"rendered":"https:\/\/minutocerord.com\/?p=5294"},"modified":"2021-08-10T10:36:53","modified_gmt":"2021-08-10T14:36:53","slug":"new-york-consul-reconoce-dominicano-salvo-vida-minusvalido-cayo-en-las-via-tren","status":"publish","type":"post","link":"https:\/\/minutocerord.com\/?p=5294","title":{"rendered":"NEW YORK: C\u00f3nsul reconoce dominicano salv\u00f3 vida minusv\u00e1lido cay\u00f3 en las v\u00eda tren"},"content":{"rendered":"\n<figure class=\"wp-block-embed is-type-video is-provider-youtube wp-block-embed-youtube wp-embed-aspect-16-9 wp-has-aspect-ratio\"><div class=\"wp-block-embed__wrapper\">\n<iframe loading=\"lazy\" title=\"C\u00f3nsul reconoce dominicano salv\u00f3 vida minusv\u00e1lido cay\u00f3 v\u00eda tren 6\" width=\"640\" height=\"360\" src=\"https:\/\/www.youtube.com\/embed\/cjYtqeJIib4?feature=oembed\" frameborder=\"0\" allow=\"accelerometer; autoplay; clipboard-write; encrypted-media; gyroscope; picture-in-picture; web-share\" referrerpolicy=\"strict-origin-when-cross-origin\" allowfullscreen><\/iframe>\n<\/div><\/figure>\n\n\n\n<p><strong>NUEVA YORK.-<\/strong>El c\u00f3nsul Eligio J\u00e1quez reconoci\u00f3 a un dominicano que salv\u00f3 la vida a un minusv\u00e1lido que cay\u00f3 en los rieles del tren 6 en la estaci\u00f3n Uni\u00f3n Square, de Manhattan.<\/p>\n\n\n\n<p>Joaqu\u00edn Est\u00e9vez, quien es nativo de la ciudad de Santo Domingo, recibi\u00f3 un certificado en el que se destaca la solidaridad y actitud del dominicano que se convirti\u00f3 en h\u00e9roe al arriesgar su vida para salvar a un ciudadano desconocido para \u00e9l hasta ese d\u00eda.<\/p>\n\n\n\n<p>\u201cPor su her\u00f3ico, valiente y desprendimiento accionar, no nos pod\u00edamos quedar en silencio, por lo que decidimos reconocer la acci\u00f3n de este buen dominicano\u201d, expres\u00f3 J\u00e1quez.<\/p>\n\n\n\n<p>Agreg\u00f3 que \u00abcon la solidaridad y actitud de servicio del se\u00f1or Est\u00e9vez se ponen de manifiesto los mejores rasgos de la dominicanidad, y por esa raz\u00f3n lo estamos reconociendo como un ciudadano destacado, que pone en alto la Rep\u00fablica Dominicana\u00bb.<\/p>\n\n\n\n<p>Dijo que el Consulado seguir\u00e1 reconcomiendo a otros dominicanos que realicen acciones ejemplares.<\/p>\n\n\n\n<p>El Departamento de Asuntos Comunitarios en coordinaci\u00f3n con la oficina de prensa del Consulado, que dirigen Ramona Almonte y Erasmo Chalas Tejeda, respectivamente, realizaron los contactos pertinentes para organizar el encuentro del c\u00f3nsul y Est\u00e9vez, quien dijo que se sent\u00eda feliz por la acci\u00f3n del C\u00f3nsul, pero que al momento de salvar al hombre no lo hizo pensando que lo reconocer\u00edan.<\/p>\n\n\n\n<p>\u201cCuando yo me encontraba en la estaci\u00f3n de Uni\u00f3n Square esperando el tren 6 escuch\u00e9 que estaban pidiendo ayuda. Me acerqu\u00e9 y observ\u00e9 que hab\u00eda un se\u00f1or en los rieles y nadie lo ayudaba, por lo que decid\u00ed saltar y rescatar al hombre en silla de ruedas 10 segundos antes de que el tren llegar\u00e1\u00bb, explic\u00f3.<br>Su haza\u00f1a fue grabada por alguien y el video se hizo viral.<\/p>\n\n\n\n<p>Est\u00e9vez dijo que ni la Polic\u00eda ni los familiares del del hombre al que salv\u00f3 de una muerte segura lo hab\u00edan contactado. \u00abHasta el momento, solo he sido contactado por el Consulado\u00bb, indic\u00f3.<\/p>\n\n\n\n<p>Adem\u00e1s de Chalas Tejeda, Almonte y el C\u00f3nsul, al acto de reconocimiento realizado en la sede consular asistieron la diputada Servia Iris Familia, Yul\u00edn Mateo, Mirquia Est\u00e9vez de Capell\u00e1n y F\u00e9lix Capell\u00e1n, hermana y cu\u00f1ado del homenajeado.<\/p>\n\n\n\n<figure class=\"wp-block-embed is-type-video is-provider-youtube wp-block-embed-youtube wp-embed-aspect-4-3 wp-has-aspect-ratio\"><div class=\"wp-block-embed__wrapper\">\n<iframe loading=\"lazy\" title=\"Rescatan a hombre en silla de ruedas que cay\u00f3 a las v\u00edas del Metro de Nueva York\" width=\"640\" height=\"480\" src=\"https:\/\/www.youtube.com\/embed\/qBcTbxRZjeE?feature=oembed\" frameborder=\"0\" allow=\"accelerometer; autoplay; clipboard-write; encrypted-media; gyroscope; picture-in-picture; web-share\" referrerpolicy=\"strict-origin-when-cross-origin\" allowfullscreen><\/iframe>\n<\/div><\/figure>\n","protected":false},"excerpt":{"rendered":"<p>NUEVA YORK.-El c\u00f3nsul Eligio J\u00e1quez reconoci\u00f3 a un dominicano que salv\u00f3 la vida a un minusv\u00e1lido que cay\u00f3 en los rieles del tren 6 en la estaci\u00f3n Uni\u00f3n Square, de Manhattan. Joaqu\u00edn Est\u00e9vez, quien es nativo de la ciudad de Santo Domingo, recibi\u00f3 un certificado en el que se destaca la solidaridad y actitud del [&hellip;]<\/p>\n","protected":false},"author":1,"featured_media":5297,"comment_status":"open","ping_status":"open","sticky":false,"template":"","format":"standard","meta":{"nf_dc_page":"","jetpack_post_was_ever_published":false,"_jetpack_newsletter_access":"","_jetpack_dont_email_post_to_subs":false,"_jetpack_newsletter_tier_id":0,"_jetpack_memberships_contains_paywalled_content":false,"_jetpack_memberships_contains_paid_content":false,"footnotes":"","jetpack_publicize_message":"","jetpack_publicize_feature_enabled":true,"jetpack_social_post_already_shared":false,"jetpack_social_options":{"image_generator_settings":{"template":"highway","default_image_id":0,"font":"","enabled":false},"version":2}},"categories":[82],"tags":[],"class_list":["post-5294","post","type-post","status-publish","format-standard","has-post-thumbnail","hentry","category-new-york"],"yoast_head":"<!-- This site is optimized with the Yoast SEO plugin v27.4 - https:\/\/yoast.com\/product\/yoast-seo-wordpress\/ -->\n<title>NEW YORK: C\u00f3nsul reconoce dominicano salv\u00f3 vida minusv\u00e1lido cay\u00f3 en las v\u00eda tren - Minuto Cero RD<\/title>\n<meta name=\"robots\" content=\"index, follow, max-snippet:-1, max-image-preview:large, max-video-preview:-1\" \/>\n<link rel=\"canonical\" href=\"http:\/\/minutocerord.com\/?p=5294\" \/>\n<meta property=\"og:locale\" content=\"es_ES\" \/>\n<meta property=\"og:type\" content=\"article\" \/>\n<meta property=\"og:title\" content=\"NEW YORK: C\u00f3nsul reconoce dominicano salv\u00f3 vida minusv\u00e1lido cay\u00f3 en las v\u00eda tren - Minuto Cero RD\" \/>\n<meta property=\"og:description\" content=\"NUEVA YORK.-El c\u00f3nsul Eligio J\u00e1quez reconoci\u00f3 a un dominicano que salv\u00f3 la vida a un minusv\u00e1lido que cay\u00f3 en los rieles del tren 6 en la estaci\u00f3n Uni\u00f3n Square, de Manhattan. Joaqu\u00edn Est\u00e9vez, quien es nativo de la ciudad de Santo Domingo, recibi\u00f3 un certificado en el que se destaca la solidaridad y actitud del [&hellip;]\" \/>\n<meta property=\"og:url\" content=\"http:\/\/minutocerord.com\/?p=5294\" \/>\n<meta property=\"og:site_name\" content=\"Minuto Cero RD\" \/>\n<meta property=\"article:publisher\" content=\"https:\/\/www.facebook.com\/Genofnotes\" \/>\n<meta property=\"article:author\" content=\"https:\/\/www.facebook.com\/Genofnotes\" \/>\n<meta property=\"article:published_time\" content=\"2021-08-10T14:36:49+00:00\" \/>\n<meta property=\"article:modified_time\" content=\"2021-08-10T14:36:53+00:00\" \/>\n<meta property=\"og:image\" content=\"https:\/\/i0.wp.com\/minutocerord.com\/wp-content\/uploads\/2021\/08\/ea490470-ac9f-49a4-a55c-f4e605e01bfc-2.jpg?fit=1593%2C937\" \/>\n\t<meta property=\"og:image:width\" content=\"1593\" \/>\n\t<meta property=\"og:image:height\" content=\"937\" \/>\n\t<meta property=\"og:image:type\" content=\"image\/jpeg\" \/>\n<meta name=\"author\" content=\"Genof\u00f3ntes Urb\u00e1ez\" \/>\n<meta name=\"twitter:card\" content=\"summary_large_image\" \/>\n<meta name=\"twitter:label1\" content=\"Written by\" \/>\n\t<meta name=\"twitter:data1\" content=\"Genof\u00f3ntes Urb\u00e1ez\" \/>\n\t<meta name=\"twitter:label2\" content=\"Est. reading time\" \/>\n\t<meta name=\"twitter:data2\" content=\"2 minutos\" \/>\n<script type=\"application\/ld+json\" class=\"yoast-schema-graph\">{\"@context\":\"https:\\\/\\\/schema.org\",\"@graph\":[{\"@type\":\"Article\",\"@id\":\"http:\\\/\\\/minutocerord.com\\\/?p=5294#article\",\"isPartOf\":{\"@id\":\"http:\\\/\\\/minutocerord.com\\\/?p=5294\"},\"author\":{\"name\":\"Genof\u00f3ntes Urb\u00e1ez\",\"@id\":\"https:\\\/\\\/minutocerord.com\\\/#\\\/schema\\\/person\\\/60b5372d60aaa0a5171fb6488be9aee6\"},\"headline\":\"NEW YORK: C\u00f3nsul reconoce dominicano salv\u00f3 vida minusv\u00e1lido cay\u00f3 en las v\u00eda tren\",\"datePublished\":\"2021-08-10T14:36:49+00:00\",\"dateModified\":\"2021-08-10T14:36:53+00:00\",\"mainEntityOfPage\":{\"@id\":\"http:\\\/\\\/minutocerord.com\\\/?p=5294\"},\"wordCount\":416,\"commentCount\":0,\"publisher\":{\"@id\":\"https:\\\/\\\/minutocerord.com\\\/#\\\/schema\\\/person\\\/60b5372d60aaa0a5171fb6488be9aee6\"},\"image\":{\"@id\":\"http:\\\/\\\/minutocerord.com\\\/?p=5294#primaryimage\"},\"thumbnailUrl\":\"https:\\\/\\\/i0.wp.com\\\/minutocerord.com\\\/wp-content\\\/uploads\\\/2021\\\/08\\\/ea490470-ac9f-49a4-a55c-f4e605e01bfc-2.jpg?fit=1593%2C937&ssl=1\",\"articleSection\":[\"New York\"],\"inLanguage\":\"es-DO\",\"potentialAction\":[{\"@type\":\"CommentAction\",\"name\":\"Comment\",\"target\":[\"http:\\\/\\\/minutocerord.com\\\/?p=5294#respond\"]}]},{\"@type\":\"WebPage\",\"@id\":\"http:\\\/\\\/minutocerord.com\\\/?p=5294\",\"url\":\"http:\\\/\\\/minutocerord.com\\\/?p=5294\",\"name\":\"NEW YORK: C\u00f3nsul reconoce dominicano salv\u00f3 vida minusv\u00e1lido cay\u00f3 en las v\u00eda tren - Minuto Cero RD\",\"isPartOf\":{\"@id\":\"https:\\\/\\\/minutocerord.com\\\/#website\"},\"primaryImageOfPage\":{\"@id\":\"http:\\\/\\\/minutocerord.com\\\/?p=5294#primaryimage\"},\"image\":{\"@id\":\"http:\\\/\\\/minutocerord.com\\\/?p=5294#primaryimage\"},\"thumbnailUrl\":\"https:\\\/\\\/i0.wp.com\\\/minutocerord.com\\\/wp-content\\\/uploads\\\/2021\\\/08\\\/ea490470-ac9f-49a4-a55c-f4e605e01bfc-2.jpg?fit=1593%2C937&ssl=1\",\"datePublished\":\"2021-08-10T14:36:49+00:00\",\"dateModified\":\"2021-08-10T14:36:53+00:00\",\"breadcrumb\":{\"@id\":\"http:\\\/\\\/minutocerord.com\\\/?p=5294#breadcrumb\"},\"inLanguage\":\"es-DO\",\"potentialAction\":[{\"@type\":\"ReadAction\",\"target\":[\"http:\\\/\\\/minutocerord.com\\\/?p=5294\"]}]},{\"@type\":\"ImageObject\",\"inLanguage\":\"es-DO\",\"@id\":\"http:\\\/\\\/minutocerord.com\\\/?p=5294#primaryimage\",\"url\":\"https:\\\/\\\/i0.wp.com\\\/minutocerord.com\\\/wp-content\\\/uploads\\\/2021\\\/08\\\/ea490470-ac9f-49a4-a55c-f4e605e01bfc-2.jpg?fit=1593%2C937&ssl=1\",\"contentUrl\":\"https:\\\/\\\/i0.wp.com\\\/minutocerord.com\\\/wp-content\\\/uploads\\\/2021\\\/08\\\/ea490470-ac9f-49a4-a55c-f4e605e01bfc-2.jpg?fit=1593%2C937&ssl=1\",\"width\":1593,\"height\":937},{\"@type\":\"BreadcrumbList\",\"@id\":\"http:\\\/\\\/minutocerord.com\\\/?p=5294#breadcrumb\",\"itemListElement\":[{\"@type\":\"ListItem\",\"position\":1,\"name\":\"Home\",\"item\":\"https:\\\/\\\/minutocerord.com\\\/\"},{\"@type\":\"ListItem\",\"position\":2,\"name\":\"NEW YORK: C\u00f3nsul reconoce dominicano salv\u00f3 vida minusv\u00e1lido cay\u00f3 en las v\u00eda tren\"}]},{\"@type\":\"WebSite\",\"@id\":\"https:\\\/\\\/minutocerord.com\\\/#website\",\"url\":\"https:\\\/\\\/minutocerord.com\\\/\",\"name\":\"Minuto Cero RD\",\"description\":\"Periodismo serio y veraz\",\"publisher\":{\"@id\":\"https:\\\/\\\/minutocerord.com\\\/#\\\/schema\\\/person\\\/60b5372d60aaa0a5171fb6488be9aee6\"},\"potentialAction\":[{\"@type\":\"SearchAction\",\"target\":{\"@type\":\"EntryPoint\",\"urlTemplate\":\"https:\\\/\\\/minutocerord.com\\\/?s={search_term_string}\"},\"query-input\":{\"@type\":\"PropertyValueSpecification\",\"valueRequired\":true,\"valueName\":\"search_term_string\"}}],\"inLanguage\":\"es-DO\"},{\"@type\":[\"Person\",\"Organization\"],\"@id\":\"https:\\\/\\\/minutocerord.com\\\/#\\\/schema\\\/person\\\/60b5372d60aaa0a5171fb6488be9aee6\",\"name\":\"Genof\u00f3ntes Urb\u00e1ez\",\"image\":{\"@type\":\"ImageObject\",\"inLanguage\":\"es-DO\",\"@id\":\"https:\\\/\\\/secure.gravatar.com\\\/avatar\\\/a49ef3186a692098ac3e8a1612261e3ad70cf9e44553dff2929e67939a0ecb9d?s=96&d=identicon&r=g\",\"url\":\"https:\\\/\\\/secure.gravatar.com\\\/avatar\\\/a49ef3186a692098ac3e8a1612261e3ad70cf9e44553dff2929e67939a0ecb9d?s=96&d=identicon&r=g\",\"contentUrl\":\"https:\\\/\\\/secure.gravatar.com\\\/avatar\\\/a49ef3186a692098ac3e8a1612261e3ad70cf9e44553dff2929e67939a0ecb9d?s=96&d=identicon&r=g\",\"caption\":\"Genof\u00f3ntes Urb\u00e1ez\"},\"logo\":{\"@id\":\"https:\\\/\\\/secure.gravatar.com\\\/avatar\\\/a49ef3186a692098ac3e8a1612261e3ad70cf9e44553dff2929e67939a0ecb9d?s=96&d=identicon&r=g\"},\"description\":\"Periodista \\\/ Locutor\",\"sameAs\":[\"https:\\\/\\\/www.facebook.com\\\/Genofnotes\",\"https:\\\/\\\/www.instagram.com\\\/genofnotes\\\/\"]}]}<\/script>\n<!-- \/ Yoast SEO plugin. -->","yoast_head_json":{"title":"NEW YORK: C\u00f3nsul reconoce dominicano salv\u00f3 vida minusv\u00e1lido cay\u00f3 en las v\u00eda tren - Minuto Cero RD","robots":{"index":"index","follow":"follow","max-snippet":"max-snippet:-1","max-image-preview":"max-image-preview:large","max-video-preview":"max-video-preview:-1"},"canonical":"http:\/\/minutocerord.com\/?p=5294","og_locale":"es_ES","og_type":"article","og_title":"NEW YORK: C\u00f3nsul reconoce dominicano salv\u00f3 vida minusv\u00e1lido cay\u00f3 en las v\u00eda tren - Minuto Cero RD","og_description":"NUEVA YORK.-El c\u00f3nsul Eligio J\u00e1quez reconoci\u00f3 a un dominicano que salv\u00f3 la vida a un minusv\u00e1lido que cay\u00f3 en los rieles del tren 6 en la estaci\u00f3n Uni\u00f3n Square, de Manhattan. Joaqu\u00edn Est\u00e9vez, quien es nativo de la ciudad de Santo Domingo, recibi\u00f3 un certificado en el que se destaca la solidaridad y actitud del [&hellip;]","og_url":"http:\/\/minutocerord.com\/?p=5294","og_site_name":"Minuto Cero RD","article_publisher":"https:\/\/www.facebook.com\/Genofnotes","article_author":"https:\/\/www.facebook.com\/Genofnotes","article_published_time":"2021-08-10T14:36:49+00:00","article_modified_time":"2021-08-10T14:36:53+00:00","og_image":[{"width":1593,"height":937,"url":"https:\/\/i0.wp.com\/minutocerord.com\/wp-content\/uploads\/2021\/08\/ea490470-ac9f-49a4-a55c-f4e605e01bfc-2.jpg?fit=1593%2C937","type":"image\/jpeg"}],"author":"Genof\u00f3ntes Urb\u00e1ez","twitter_card":"summary_large_image","twitter_misc":{"Written by":"Genof\u00f3ntes Urb\u00e1ez","Est. reading time":"2 minutos"},"schema":{"@context":"https:\/\/schema.org","@graph":[{"@type":"Article","@id":"http:\/\/minutocerord.com\/?p=5294#article","isPartOf":{"@id":"http:\/\/minutocerord.com\/?p=5294"},"author":{"name":"Genof\u00f3ntes Urb\u00e1ez","@id":"https:\/\/minutocerord.com\/#\/schema\/person\/60b5372d60aaa0a5171fb6488be9aee6"},"headline":"NEW YORK: C\u00f3nsul reconoce dominicano salv\u00f3 vida minusv\u00e1lido cay\u00f3 en las v\u00eda tren","datePublished":"2021-08-10T14:36:49+00:00","dateModified":"2021-08-10T14:36:53+00:00","mainEntityOfPage":{"@id":"http:\/\/minutocerord.com\/?p=5294"},"wordCount":416,"commentCount":0,"publisher":{"@id":"https:\/\/minutocerord.com\/#\/schema\/person\/60b5372d60aaa0a5171fb6488be9aee6"},"image":{"@id":"http:\/\/minutocerord.com\/?p=5294#primaryimage"},"thumbnailUrl":"https:\/\/i0.wp.com\/minutocerord.com\/wp-content\/uploads\/2021\/08\/ea490470-ac9f-49a4-a55c-f4e605e01bfc-2.jpg?fit=1593%2C937&ssl=1","articleSection":["New York"],"inLanguage":"es-DO","potentialAction":[{"@type":"CommentAction","name":"Comment","target":["http:\/\/minutocerord.com\/?p=5294#respond"]}]},{"@type":"WebPage","@id":"http:\/\/minutocerord.com\/?p=5294","url":"http:\/\/minutocerord.com\/?p=5294","name":"NEW YORK: C\u00f3nsul reconoce dominicano salv\u00f3 vida minusv\u00e1lido cay\u00f3 en las v\u00eda tren - Minuto Cero RD","isPartOf":{"@id":"https:\/\/minutocerord.com\/#website"},"primaryImageOfPage":{"@id":"http:\/\/minutocerord.com\/?p=5294#primaryimage"},"image":{"@id":"http:\/\/minutocerord.com\/?p=5294#primaryimage"},"thumbnailUrl":"https:\/\/i0.wp.com\/minutocerord.com\/wp-content\/uploads\/2021\/08\/ea490470-ac9f-49a4-a55c-f4e605e01bfc-2.jpg?fit=1593%2C937&ssl=1","datePublished":"2021-08-10T14:36:49+00:00","dateModified":"2021-08-10T14:36:53+00:00","breadcrumb":{"@id":"http:\/\/minutocerord.com\/?p=5294#breadcrumb"},"inLanguage":"es-DO","potentialAction":[{"@type":"ReadAction","target":["http:\/\/minutocerord.com\/?p=5294"]}]},{"@type":"ImageObject","inLanguage":"es-DO","@id":"http:\/\/minutocerord.com\/?p=5294#primaryimage","url":"https:\/\/i0.wp.com\/minutocerord.com\/wp-content\/uploads\/2021\/08\/ea490470-ac9f-49a4-a55c-f4e605e01bfc-2.jpg?fit=1593%2C937&ssl=1","contentUrl":"https:\/\/i0.wp.com\/minutocerord.com\/wp-content\/uploads\/2021\/08\/ea490470-ac9f-49a4-a55c-f4e605e01bfc-2.jpg?fit=1593%2C937&ssl=1","width":1593,"height":937},{"@type":"BreadcrumbList","@id":"http:\/\/minutocerord.com\/?p=5294#breadcrumb","itemListElement":[{"@type":"ListItem","position":1,"name":"Home","item":"https:\/\/minutocerord.com\/"},{"@type":"ListItem","position":2,"name":"NEW YORK: C\u00f3nsul reconoce dominicano salv\u00f3 vida minusv\u00e1lido cay\u00f3 en las v\u00eda tren"}]},{"@type":"WebSite","@id":"https:\/\/minutocerord.com\/#website","url":"https:\/\/minutocerord.com\/","name":"Minuto Cero RD","description":"Periodismo serio y veraz","publisher":{"@id":"https:\/\/minutocerord.com\/#\/schema\/person\/60b5372d60aaa0a5171fb6488be9aee6"},"potentialAction":[{"@type":"SearchAction","target":{"@type":"EntryPoint","urlTemplate":"https:\/\/minutocerord.com\/?s={search_term_string}"},"query-input":{"@type":"PropertyValueSpecification","valueRequired":true,"valueName":"search_term_string"}}],"inLanguage":"es-DO"},{"@type":["Person","Organization"],"@id":"https:\/\/minutocerord.com\/#\/schema\/person\/60b5372d60aaa0a5171fb6488be9aee6","name":"Genof\u00f3ntes Urb\u00e1ez","image":{"@type":"ImageObject","inLanguage":"es-DO","@id":"https:\/\/secure.gravatar.com\/avatar\/a49ef3186a692098ac3e8a1612261e3ad70cf9e44553dff2929e67939a0ecb9d?s=96&d=identicon&r=g","url":"https:\/\/secure.gravatar.com\/avatar\/a49ef3186a692098ac3e8a1612261e3ad70cf9e44553dff2929e67939a0ecb9d?s=96&d=identicon&r=g","contentUrl":"https:\/\/secure.gravatar.com\/avatar\/a49ef3186a692098ac3e8a1612261e3ad70cf9e44553dff2929e67939a0ecb9d?s=96&d=identicon&r=g","caption":"Genof\u00f3ntes Urb\u00e1ez"},"logo":{"@id":"https:\/\/secure.gravatar.com\/avatar\/a49ef3186a692098ac3e8a1612261e3ad70cf9e44553dff2929e67939a0ecb9d?s=96&d=identicon&r=g"},"description":"Periodista \/ Locutor","sameAs":["https:\/\/www.facebook.com\/Genofnotes","https:\/\/www.instagram.com\/genofnotes\/"]}]}},"jetpack_publicize_connections":[],"jetpack_featured_media_url":"https:\/\/i0.wp.com\/minutocerord.com\/wp-content\/uploads\/2021\/08\/ea490470-ac9f-49a4-a55c-f4e605e01bfc-2.jpg?fit=1593%2C937&ssl=1","jetpack-related-posts":[],"jetpack_sharing_enabled":true,"_links":{"self":[{"href":"https:\/\/minutocerord.com\/index.php?rest_route=\/wp\/v2\/posts\/5294","targetHints":{"allow":["GET"]}}],"collection":[{"href":"https:\/\/minutocerord.com\/index.php?rest_route=\/wp\/v2\/posts"}],"about":[{"href":"https:\/\/minutocerord.com\/index.php?rest_route=\/wp\/v2\/types\/post"}],"author":[{"embeddable":true,"href":"https:\/\/minutocerord.com\/index.php?rest_route=\/wp\/v2\/users\/1"}],"replies":[{"embeddable":true,"href":"https:\/\/minutocerord.com\/index.php?rest_route=%2Fwp%2Fv2%2Fcomments&post=5294"}],"version-history":[{"count":1,"href":"https:\/\/minutocerord.com\/index.php?rest_route=\/wp\/v2\/posts\/5294\/revisions"}],"predecessor-version":[{"id":5298,"href":"https:\/\/minutocerord.com\/index.php?rest_route=\/wp\/v2\/posts\/5294\/revisions\/5298"}],"wp:featuredmedia":[{"embeddable":true,"href":"https:\/\/minutocerord.com\/index.php?rest_route=\/wp\/v2\/media\/5297"}],"wp:attachment":[{"href":"https:\/\/minutocerord.com\/index.php?rest_route=%2Fwp%2Fv2%2Fmedia&parent=5294"}],"wp:term":[{"taxonomy":"category","embeddable":true,"href":"https:\/\/minutocerord.com\/index.php?rest_route=%2Fwp%2Fv2%2Fcategories&post=5294"},{"taxonomy":"post_tag","embeddable":true,"href":"https:\/\/minutocerord.com\/index.php?rest_route=%2Fwp%2Fv2%2Ftags&post=5294"}],"curies":[{"name":"wp","href":"https:\/\/api.w.org\/{rel}","templated":true}]}}