{"id":5299,"date":"2021-08-10T10:39:01","date_gmt":"2021-08-10T14:39:01","guid":{"rendered":"https:\/\/minutocerord.com\/?p=5299"},"modified":"2021-08-10T10:39:10","modified_gmt":"2021-08-10T14:39:10","slug":"mas-de-un-millon-siguen-sin-ponerse-la-segunda-dosis-en-rd","status":"publish","type":"post","link":"https:\/\/minutocerord.com\/?p=5299","title":{"rendered":"M\u00e1s de un mill\u00f3n siguen sin ponerse la segunda dosis EN RD"},"content":{"rendered":"\n<p><strong>Santo Domingo, RD.-<\/strong> El pa\u00eds ha apli\u00adcado 10.5 millones de dosis de vacu\u00adnas contra el Covid-19 en el pa\u00eds, pero hasta la fecha solamente 4.4 millones de personas tienen completado su es\u00adquema de dos dosis, mien\u00adtras con la primera dosis hay 5.6 millones de inocu\u00adlados.<\/p>\n\n\n\n<p>Una persona que s\u00f3lo se aplica una dosis de la vacuna contra el virus del Covid-19 y no completa su esquema, en aquellas vacunas que requieren de dos dosis como son todas las que se han estado apli\u00adcando en el pa\u00eds, no desa\u00adrrolla los anticuerpos que garanticen su protecci\u00f3n adecuada, por lo tanto puede contagiarse, desa\u00adrrollar con agresividad la enfermedad y hasta morir.<\/p>\n\n\n\n<p>As\u00ed lo explic\u00f3 a List\u00edn Diario el experto en vacu\u00adnas, doctor Jos\u00e9 Brea del Castillo, al pregunt\u00e1rsele sobre la posibilidad de que existan personas que s\u00f3\u00adlo se colocaron la primera dosis de la vacuna contra el virus del Covid-19 y no han vuelto a colocarse la segunda dosis en el tiem\u00adpo establecido.<\/p>\n\n\n\n<p>El especialista advier\u00adte que el no completar el esquema de vacunaci\u00f3n, cuando se trata de vacu\u00adnas que requieren dos do\u00adsis para inmunizar sea Co\u00advid-19 o cualquier otra enfermedad, deja a esa persona con poca protec\u00adci\u00f3n y se estima que pue\u00adde presentar s\u00edntomas tan fuertes como si no se haya puesto ninguna dosis.<a><\/a><\/p>\n\n\n\n<p>\u201cVacunas de dos dosis, cuando la persona se co\u00adloca una sola dosis, se con\u00adsidera parcialmente va\u00adcunado y puede sufrir las consecuencias de tener la enfermedad\u201d, se\u00f1ala el pre\u00adsidente de la Sociedad Do\u00adminicana de Vacunolog\u00eda.<\/p>\n\n\n\n<p>Se\u00f1ala que es probable que la enfermedad le d\u00e9 con menos intensidad, pero el riesgo existe a que pueda contagiarse, sufrir la enfer\u00admedad y fallecer.<\/p>\n\n\n\n<p>De ah\u00ed la importancia, agrega, que las personas completen los esquemas de vacunaci\u00f3n para redu\u00adcir su riesgo de contagios, \u201cporque la primera dosis podr\u00eda ayudar en algo, pe\u00adro no garantiza una protec\u00adci\u00f3n real\u201d.<\/p>\n\n\n\n<p>Los vacunados<\/p>\n\n\n\n<p>Hasta este domingo, el pa\u00eds hab\u00eda aplicado 10,452,130 millones de dosis de la va\u00adcuna contra el Covid-19 en poblaciones a partir de los 12 a\u00f1os.<\/p>\n\n\n\n<p>La primera dosis se ha colocado a 5,619,234 personas y la segunda a 4,369,473 que es la cifra de vacunados con el esquema completo de dos dosis.<\/p>\n\n\n\n<p>La dosis de refuerzo o tercera dosis se ha pueto a 463,423 personas, seg\u00fan datos oficiales colocados en el portal VacunateRD.<\/p>\n\n\n\n<p>Suben ingresos a UCI<\/p>\n\n\n\n<p>Un ligero incremento en el n\u00famero de pacientes con Covid-19 que requiere de ingresos en las Unidades de Cuidados Intensivos (UCI)de la red hospitalaria Co\u00advid ha estado registrando el pa\u00eds en los \u00faltimos dos d\u00edas consecutivos, contrario a lo que ocurre con la positivi\u00addad y el diagn\u00f3stico de nue\u00advos casos del virus, que han estado disminuyendo.<\/p>\n\n\n\n<p>Ayer el sistema hospita\u00adlario p\u00fablico y privado ha\u00adbilitado para la atenci\u00f3n de pacientes con Covid-19, re\u00adgistr\u00f3 177 pacientes en UCI para una ocupaci\u00f3n de un 29% de las camas de cuida\u00addos cr\u00edticos, mientras el d\u00eda anterior los ingresados en esa \u00e1rea eran 174 para un 28% y previo a ello hab\u00eda 172 pacientes.<\/p>\n\n\n\n<p>Utilizando ventiladores el pa\u00eds report\u00f3 ayer 126 pacientes para una ocupaci\u00f3n de un 24%, el reporte anterior era de 125 pacientes y el del s\u00e1bado pasado de 119 pacientes para una ocupaci\u00f3n del 23%.<\/p>\n\n\n\n<p>No obstante, en camas regulares Covid, la ocupaci\u00f3n de camas ha ido reduciendo, ayer los ingresados sumaban 528 pacientes, para una ocupaci\u00f3n del 20% de las camas habilitadas, y el d\u00eda anterior era de 542 pacientes, para un 21% de las camas ocupadas.<\/p>\n\n\n\n<p>S\u00f3lo 130 nuevos casos<\/p>\n\n\n\n<p>El pa\u00eds report\u00f3 ayer s\u00f3lo 130 casos nuevos positivos del Covid-19 detectados en 4,050 muestras de laboratorio analizadas, de las cuales 973 fueron de tipo PCR y 3,077 pruebas de ant\u00edgenos. En las \u00faltimas 24 horas no se report\u00f3 tampoco ninguna mortalidad a causa de la enfermedad. La positividad diaria se coloc\u00f3 en apenas 3.59% y la de las \u00faltimas cuatro semanas contin\u00faa en descenso, estableci\u00e9ndose en el reporte de ayer en 7.51%.<\/p>\n\n\n\n<p>DATOS<\/p>\n\n\n\n<p>Fallecidos 3,974<\/p>\n\n\n\n<p>El total de fallecidos en el pa\u00eds a causa de la enferme\u00addad producida por el virus del Covid-19 es de 3,974 pacientes, mientras los diagn\u00f3sticos confirmados suman 344,625.<\/p>\n\n\n\n<p>El bolet\u00edn #508 emitido ayer por la Direcci\u00f3n Ge\u00adneral de Epidemiolog\u00eda (DIGEPI) notific\u00f3 que de los 130 nuevos casos iden\u00adtificados como positivos, 35 se captaron en la pro\u00advincia de Santo Domingo, 22 en Espaillat, 17 en San\u00adtiago y el Distrito Nacio\u00adnal, respectivamente.<\/p>\n\n\n\n<p>Los casos activos son 11,962.<\/p>\n","protected":false},"excerpt":{"rendered":"<p>Santo Domingo, RD.- El pa\u00eds ha apli\u00adcado 10.5 millones de dosis de vacu\u00adnas contra el Covid-19 en el pa\u00eds, pero hasta la fecha solamente 4.4 millones de personas tienen completado su es\u00adquema de dos dosis, mien\u00adtras con la primera dosis hay 5.6 millones de inocu\u00adlados. Una persona que s\u00f3lo se aplica una dosis de la [&hellip;]<\/p>\n","protected":false},"author":1,"featured_media":5300,"comment_status":"open","ping_status":"open","sticky":false,"template":"","format":"standard","meta":{"nf_dc_page":"","jetpack_post_was_ever_published":false,"_jetpack_newsletter_access":"","_jetpack_dont_email_post_to_subs":false,"_jetpack_newsletter_tier_id":0,"_jetpack_memberships_contains_paywalled_content":false,"_jetpack_memberships_contains_paid_content":false,"footnotes":"","jetpack_publicize_message":"","jetpack_publicize_feature_enabled":true,"jetpack_social_post_already_shared":false,"jetpack_social_options":{"image_generator_settings":{"template":"highway","default_image_id":0,"font":"","enabled":false},"version":2}},"categories":[67],"tags":[],"class_list":["post-5299","post","type-post","status-publish","format-standard","has-post-thumbnail","hentry","category-salud"],"yoast_head":"<!-- This site is optimized with the Yoast SEO plugin v27.5 - https:\/\/yoast.com\/product\/yoast-seo-wordpress\/ -->\n<title>M\u00e1s de un mill\u00f3n siguen sin ponerse la segunda dosis EN RD - Minuto Cero RD<\/title>\n<meta name=\"robots\" content=\"index, follow, max-snippet:-1, max-image-preview:large, max-video-preview:-1\" \/>\n<link rel=\"canonical\" href=\"http:\/\/minutocerord.com\/?p=5299\" \/>\n<meta property=\"og:locale\" content=\"es_ES\" \/>\n<meta property=\"og:type\" content=\"article\" \/>\n<meta property=\"og:title\" content=\"M\u00e1s de un mill\u00f3n siguen sin ponerse la segunda dosis EN RD - Minuto Cero RD\" \/>\n<meta property=\"og:description\" content=\"Santo Domingo, RD.- El pa\u00eds ha apli\u00adcado 10.5 millones de dosis de vacu\u00adnas contra el Covid-19 en el pa\u00eds, pero hasta la fecha solamente 4.4 millones de personas tienen completado su es\u00adquema de dos dosis, mien\u00adtras con la primera dosis hay 5.6 millones de inocu\u00adlados. Una persona que s\u00f3lo se aplica una dosis de la [&hellip;]\" \/>\n<meta property=\"og:url\" content=\"http:\/\/minutocerord.com\/?p=5299\" \/>\n<meta property=\"og:site_name\" content=\"Minuto Cero RD\" \/>\n<meta property=\"article:publisher\" content=\"https:\/\/www.facebook.com\/Genofnotes\" \/>\n<meta property=\"article:author\" content=\"https:\/\/www.facebook.com\/Genofnotes\" \/>\n<meta property=\"article:published_time\" content=\"2021-08-10T14:39:01+00:00\" \/>\n<meta property=\"article:modified_time\" content=\"2021-08-10T14:39:10+00:00\" \/>\n<meta property=\"og:image\" content=\"https:\/\/i0.wp.com\/minutocerord.com\/wp-content\/uploads\/2021\/08\/especialista-llama-a-ponerse-las-dos-dosis-contra-covid-1.jpeg?fit=680%2C453\" \/>\n\t<meta property=\"og:image:width\" content=\"680\" \/>\n\t<meta property=\"og:image:height\" content=\"453\" \/>\n\t<meta property=\"og:image:type\" content=\"image\/jpeg\" \/>\n<meta name=\"author\" content=\"Genof\u00f3ntes Urb\u00e1ez\" \/>\n<meta name=\"twitter:card\" content=\"summary_large_image\" \/>\n<meta name=\"twitter:label1\" content=\"Written by\" \/>\n\t<meta name=\"twitter:data1\" content=\"Genof\u00f3ntes Urb\u00e1ez\" \/>\n\t<meta name=\"twitter:label2\" content=\"Est. reading time\" \/>\n\t<meta name=\"twitter:data2\" content=\"4 minutos\" \/>\n<script type=\"application\/ld+json\" class=\"yoast-schema-graph\">{\"@context\":\"https:\\\/\\\/schema.org\",\"@graph\":[{\"@type\":\"Article\",\"@id\":\"http:\\\/\\\/minutocerord.com\\\/?p=5299#article\",\"isPartOf\":{\"@id\":\"http:\\\/\\\/minutocerord.com\\\/?p=5299\"},\"author\":{\"name\":\"Genof\u00f3ntes Urb\u00e1ez\",\"@id\":\"https:\\\/\\\/minutocerord.com\\\/#\\\/schema\\\/person\\\/60b5372d60aaa0a5171fb6488be9aee6\"},\"headline\":\"M\u00e1s de un mill\u00f3n siguen sin ponerse la segunda dosis EN RD\",\"datePublished\":\"2021-08-10T14:39:01+00:00\",\"dateModified\":\"2021-08-10T14:39:10+00:00\",\"mainEntityOfPage\":{\"@id\":\"http:\\\/\\\/minutocerord.com\\\/?p=5299\"},\"wordCount\":789,\"commentCount\":0,\"publisher\":{\"@id\":\"https:\\\/\\\/minutocerord.com\\\/#\\\/schema\\\/person\\\/60b5372d60aaa0a5171fb6488be9aee6\"},\"image\":{\"@id\":\"http:\\\/\\\/minutocerord.com\\\/?p=5299#primaryimage\"},\"thumbnailUrl\":\"https:\\\/\\\/i0.wp.com\\\/minutocerord.com\\\/wp-content\\\/uploads\\\/2021\\\/08\\\/especialista-llama-a-ponerse-las-dos-dosis-contra-covid-1.jpeg?fit=680%2C453&ssl=1\",\"articleSection\":[\"Salud\"],\"inLanguage\":\"es-DO\",\"potentialAction\":[{\"@type\":\"CommentAction\",\"name\":\"Comment\",\"target\":[\"http:\\\/\\\/minutocerord.com\\\/?p=5299#respond\"]}]},{\"@type\":\"WebPage\",\"@id\":\"http:\\\/\\\/minutocerord.com\\\/?p=5299\",\"url\":\"http:\\\/\\\/minutocerord.com\\\/?p=5299\",\"name\":\"M\u00e1s de un mill\u00f3n siguen sin ponerse la segunda dosis EN RD - Minuto Cero RD\",\"isPartOf\":{\"@id\":\"https:\\\/\\\/minutocerord.com\\\/#website\"},\"primaryImageOfPage\":{\"@id\":\"http:\\\/\\\/minutocerord.com\\\/?p=5299#primaryimage\"},\"image\":{\"@id\":\"http:\\\/\\\/minutocerord.com\\\/?p=5299#primaryimage\"},\"thumbnailUrl\":\"https:\\\/\\\/i0.wp.com\\\/minutocerord.com\\\/wp-content\\\/uploads\\\/2021\\\/08\\\/especialista-llama-a-ponerse-las-dos-dosis-contra-covid-1.jpeg?fit=680%2C453&ssl=1\",\"datePublished\":\"2021-08-10T14:39:01+00:00\",\"dateModified\":\"2021-08-10T14:39:10+00:00\",\"breadcrumb\":{\"@id\":\"http:\\\/\\\/minutocerord.com\\\/?p=5299#breadcrumb\"},\"inLanguage\":\"es-DO\",\"potentialAction\":[{\"@type\":\"ReadAction\",\"target\":[\"http:\\\/\\\/minutocerord.com\\\/?p=5299\"]}]},{\"@type\":\"ImageObject\",\"inLanguage\":\"es-DO\",\"@id\":\"http:\\\/\\\/minutocerord.com\\\/?p=5299#primaryimage\",\"url\":\"https:\\\/\\\/i0.wp.com\\\/minutocerord.com\\\/wp-content\\\/uploads\\\/2021\\\/08\\\/especialista-llama-a-ponerse-las-dos-dosis-contra-covid-1.jpeg?fit=680%2C453&ssl=1\",\"contentUrl\":\"https:\\\/\\\/i0.wp.com\\\/minutocerord.com\\\/wp-content\\\/uploads\\\/2021\\\/08\\\/especialista-llama-a-ponerse-las-dos-dosis-contra-covid-1.jpeg?fit=680%2C453&ssl=1\",\"width\":680,\"height\":453},{\"@type\":\"BreadcrumbList\",\"@id\":\"http:\\\/\\\/minutocerord.com\\\/?p=5299#breadcrumb\",\"itemListElement\":[{\"@type\":\"ListItem\",\"position\":1,\"name\":\"Home\",\"item\":\"https:\\\/\\\/minutocerord.com\\\/\"},{\"@type\":\"ListItem\",\"position\":2,\"name\":\"M\u00e1s de un mill\u00f3n siguen sin ponerse la segunda dosis EN RD\"}]},{\"@type\":\"WebSite\",\"@id\":\"https:\\\/\\\/minutocerord.com\\\/#website\",\"url\":\"https:\\\/\\\/minutocerord.com\\\/\",\"name\":\"Minuto Cero RD\",\"description\":\"Periodismo serio y veraz\",\"publisher\":{\"@id\":\"https:\\\/\\\/minutocerord.com\\\/#\\\/schema\\\/person\\\/60b5372d60aaa0a5171fb6488be9aee6\"},\"potentialAction\":[{\"@type\":\"SearchAction\",\"target\":{\"@type\":\"EntryPoint\",\"urlTemplate\":\"https:\\\/\\\/minutocerord.com\\\/?s={search_term_string}\"},\"query-input\":{\"@type\":\"PropertyValueSpecification\",\"valueRequired\":true,\"valueName\":\"search_term_string\"}}],\"inLanguage\":\"es-DO\"},{\"@type\":[\"Person\",\"Organization\"],\"@id\":\"https:\\\/\\\/minutocerord.com\\\/#\\\/schema\\\/person\\\/60b5372d60aaa0a5171fb6488be9aee6\",\"name\":\"Genof\u00f3ntes Urb\u00e1ez\",\"image\":{\"@type\":\"ImageObject\",\"inLanguage\":\"es-DO\",\"@id\":\"https:\\\/\\\/secure.gravatar.com\\\/avatar\\\/a49ef3186a692098ac3e8a1612261e3ad70cf9e44553dff2929e67939a0ecb9d?s=96&d=identicon&r=g\",\"url\":\"https:\\\/\\\/secure.gravatar.com\\\/avatar\\\/a49ef3186a692098ac3e8a1612261e3ad70cf9e44553dff2929e67939a0ecb9d?s=96&d=identicon&r=g\",\"contentUrl\":\"https:\\\/\\\/secure.gravatar.com\\\/avatar\\\/a49ef3186a692098ac3e8a1612261e3ad70cf9e44553dff2929e67939a0ecb9d?s=96&d=identicon&r=g\",\"caption\":\"Genof\u00f3ntes Urb\u00e1ez\"},\"logo\":{\"@id\":\"https:\\\/\\\/secure.gravatar.com\\\/avatar\\\/a49ef3186a692098ac3e8a1612261e3ad70cf9e44553dff2929e67939a0ecb9d?s=96&d=identicon&r=g\"},\"description\":\"Periodista \\\/ Locutor\",\"sameAs\":[\"https:\\\/\\\/www.facebook.com\\\/Genofnotes\",\"https:\\\/\\\/www.instagram.com\\\/genofnotes\\\/\"]}]}<\/script>\n<!-- \/ Yoast SEO plugin. -->","yoast_head_json":{"title":"M\u00e1s de un mill\u00f3n siguen sin ponerse la segunda dosis EN RD - Minuto Cero RD","robots":{"index":"index","follow":"follow","max-snippet":"max-snippet:-1","max-image-preview":"max-image-preview:large","max-video-preview":"max-video-preview:-1"},"canonical":"http:\/\/minutocerord.com\/?p=5299","og_locale":"es_ES","og_type":"article","og_title":"M\u00e1s de un mill\u00f3n siguen sin ponerse la segunda dosis EN RD - Minuto Cero RD","og_description":"Santo Domingo, RD.- El pa\u00eds ha apli\u00adcado 10.5 millones de dosis de vacu\u00adnas contra el Covid-19 en el pa\u00eds, pero hasta la fecha solamente 4.4 millones de personas tienen completado su es\u00adquema de dos dosis, mien\u00adtras con la primera dosis hay 5.6 millones de inocu\u00adlados. Una persona que s\u00f3lo se aplica una dosis de la [&hellip;]","og_url":"http:\/\/minutocerord.com\/?p=5299","og_site_name":"Minuto Cero RD","article_publisher":"https:\/\/www.facebook.com\/Genofnotes","article_author":"https:\/\/www.facebook.com\/Genofnotes","article_published_time":"2021-08-10T14:39:01+00:00","article_modified_time":"2021-08-10T14:39:10+00:00","og_image":[{"width":680,"height":453,"url":"https:\/\/i0.wp.com\/minutocerord.com\/wp-content\/uploads\/2021\/08\/especialista-llama-a-ponerse-las-dos-dosis-contra-covid-1.jpeg?fit=680%2C453","type":"image\/jpeg"}],"author":"Genof\u00f3ntes Urb\u00e1ez","twitter_card":"summary_large_image","twitter_misc":{"Written by":"Genof\u00f3ntes Urb\u00e1ez","Est. reading time":"4 minutos"},"schema":{"@context":"https:\/\/schema.org","@graph":[{"@type":"Article","@id":"http:\/\/minutocerord.com\/?p=5299#article","isPartOf":{"@id":"http:\/\/minutocerord.com\/?p=5299"},"author":{"name":"Genof\u00f3ntes Urb\u00e1ez","@id":"https:\/\/minutocerord.com\/#\/schema\/person\/60b5372d60aaa0a5171fb6488be9aee6"},"headline":"M\u00e1s de un mill\u00f3n siguen sin ponerse la segunda dosis EN RD","datePublished":"2021-08-10T14:39:01+00:00","dateModified":"2021-08-10T14:39:10+00:00","mainEntityOfPage":{"@id":"http:\/\/minutocerord.com\/?p=5299"},"wordCount":789,"commentCount":0,"publisher":{"@id":"https:\/\/minutocerord.com\/#\/schema\/person\/60b5372d60aaa0a5171fb6488be9aee6"},"image":{"@id":"http:\/\/minutocerord.com\/?p=5299#primaryimage"},"thumbnailUrl":"https:\/\/i0.wp.com\/minutocerord.com\/wp-content\/uploads\/2021\/08\/especialista-llama-a-ponerse-las-dos-dosis-contra-covid-1.jpeg?fit=680%2C453&ssl=1","articleSection":["Salud"],"inLanguage":"es-DO","potentialAction":[{"@type":"CommentAction","name":"Comment","target":["http:\/\/minutocerord.com\/?p=5299#respond"]}]},{"@type":"WebPage","@id":"http:\/\/minutocerord.com\/?p=5299","url":"http:\/\/minutocerord.com\/?p=5299","name":"M\u00e1s de un mill\u00f3n siguen sin ponerse la segunda dosis EN RD - Minuto Cero RD","isPartOf":{"@id":"https:\/\/minutocerord.com\/#website"},"primaryImageOfPage":{"@id":"http:\/\/minutocerord.com\/?p=5299#primaryimage"},"image":{"@id":"http:\/\/minutocerord.com\/?p=5299#primaryimage"},"thumbnailUrl":"https:\/\/i0.wp.com\/minutocerord.com\/wp-content\/uploads\/2021\/08\/especialista-llama-a-ponerse-las-dos-dosis-contra-covid-1.jpeg?fit=680%2C453&ssl=1","datePublished":"2021-08-10T14:39:01+00:00","dateModified":"2021-08-10T14:39:10+00:00","breadcrumb":{"@id":"http:\/\/minutocerord.com\/?p=5299#breadcrumb"},"inLanguage":"es-DO","potentialAction":[{"@type":"ReadAction","target":["http:\/\/minutocerord.com\/?p=5299"]}]},{"@type":"ImageObject","inLanguage":"es-DO","@id":"http:\/\/minutocerord.com\/?p=5299#primaryimage","url":"https:\/\/i0.wp.com\/minutocerord.com\/wp-content\/uploads\/2021\/08\/especialista-llama-a-ponerse-las-dos-dosis-contra-covid-1.jpeg?fit=680%2C453&ssl=1","contentUrl":"https:\/\/i0.wp.com\/minutocerord.com\/wp-content\/uploads\/2021\/08\/especialista-llama-a-ponerse-las-dos-dosis-contra-covid-1.jpeg?fit=680%2C453&ssl=1","width":680,"height":453},{"@type":"BreadcrumbList","@id":"http:\/\/minutocerord.com\/?p=5299#breadcrumb","itemListElement":[{"@type":"ListItem","position":1,"name":"Home","item":"https:\/\/minutocerord.com\/"},{"@type":"ListItem","position":2,"name":"M\u00e1s de un mill\u00f3n siguen sin ponerse la segunda dosis EN RD"}]},{"@type":"WebSite","@id":"https:\/\/minutocerord.com\/#website","url":"https:\/\/minutocerord.com\/","name":"Minuto Cero RD","description":"Periodismo serio y veraz","publisher":{"@id":"https:\/\/minutocerord.com\/#\/schema\/person\/60b5372d60aaa0a5171fb6488be9aee6"},"potentialAction":[{"@type":"SearchAction","target":{"@type":"EntryPoint","urlTemplate":"https:\/\/minutocerord.com\/?s={search_term_string}"},"query-input":{"@type":"PropertyValueSpecification","valueRequired":true,"valueName":"search_term_string"}}],"inLanguage":"es-DO"},{"@type":["Person","Organization"],"@id":"https:\/\/minutocerord.com\/#\/schema\/person\/60b5372d60aaa0a5171fb6488be9aee6","name":"Genof\u00f3ntes Urb\u00e1ez","image":{"@type":"ImageObject","inLanguage":"es-DO","@id":"https:\/\/secure.gravatar.com\/avatar\/a49ef3186a692098ac3e8a1612261e3ad70cf9e44553dff2929e67939a0ecb9d?s=96&d=identicon&r=g","url":"https:\/\/secure.gravatar.com\/avatar\/a49ef3186a692098ac3e8a1612261e3ad70cf9e44553dff2929e67939a0ecb9d?s=96&d=identicon&r=g","contentUrl":"https:\/\/secure.gravatar.com\/avatar\/a49ef3186a692098ac3e8a1612261e3ad70cf9e44553dff2929e67939a0ecb9d?s=96&d=identicon&r=g","caption":"Genof\u00f3ntes Urb\u00e1ez"},"logo":{"@id":"https:\/\/secure.gravatar.com\/avatar\/a49ef3186a692098ac3e8a1612261e3ad70cf9e44553dff2929e67939a0ecb9d?s=96&d=identicon&r=g"},"description":"Periodista \/ Locutor","sameAs":["https:\/\/www.facebook.com\/Genofnotes","https:\/\/www.instagram.com\/genofnotes\/"]}]}},"jetpack_publicize_connections":[],"jetpack_featured_media_url":"https:\/\/i0.wp.com\/minutocerord.com\/wp-content\/uploads\/2021\/08\/especialista-llama-a-ponerse-las-dos-dosis-contra-covid-1.jpeg?fit=680%2C453&ssl=1","jetpack-related-posts":[],"jetpack_sharing_enabled":true,"_links":{"self":[{"href":"https:\/\/minutocerord.com\/index.php?rest_route=\/wp\/v2\/posts\/5299","targetHints":{"allow":["GET"]}}],"collection":[{"href":"https:\/\/minutocerord.com\/index.php?rest_route=\/wp\/v2\/posts"}],"about":[{"href":"https:\/\/minutocerord.com\/index.php?rest_route=\/wp\/v2\/types\/post"}],"author":[{"embeddable":true,"href":"https:\/\/minutocerord.com\/index.php?rest_route=\/wp\/v2\/users\/1"}],"replies":[{"embeddable":true,"href":"https:\/\/minutocerord.com\/index.php?rest_route=%2Fwp%2Fv2%2Fcomments&post=5299"}],"version-history":[{"count":1,"href":"https:\/\/minutocerord.com\/index.php?rest_route=\/wp\/v2\/posts\/5299\/revisions"}],"predecessor-version":[{"id":5301,"href":"https:\/\/minutocerord.com\/index.php?rest_route=\/wp\/v2\/posts\/5299\/revisions\/5301"}],"wp:featuredmedia":[{"embeddable":true,"href":"https:\/\/minutocerord.com\/index.php?rest_route=\/wp\/v2\/media\/5300"}],"wp:attachment":[{"href":"https:\/\/minutocerord.com\/index.php?rest_route=%2Fwp%2Fv2%2Fmedia&parent=5299"}],"wp:term":[{"taxonomy":"category","embeddable":true,"href":"https:\/\/minutocerord.com\/index.php?rest_route=%2Fwp%2Fv2%2Fcategories&post=5299"},{"taxonomy":"post_tag","embeddable":true,"href":"https:\/\/minutocerord.com\/index.php?rest_route=%2Fwp%2Fv2%2Ftags&post=5299"}],"curies":[{"name":"wp","href":"https:\/\/api.w.org\/{rel}","templated":true}]}}