{"id":5305,"date":"2021-08-10T10:42:27","date_gmt":"2021-08-10T14:42:27","guid":{"rendered":"https:\/\/minutocerord.com\/?p=5305"},"modified":"2021-08-10T10:42:31","modified_gmt":"2021-08-10T14:42:31","slug":"el-bcie-concede-un-prestamo-de-300-millones-dolares-al-estado-dominicano","status":"publish","type":"post","link":"https:\/\/minutocerord.com\/?p=5305","title":{"rendered":"El BCIE concede un pr\u00e9stamo de 300 millones d\u00f3lares al Estado dominicano"},"content":{"rendered":"\n<p><strong>Santo Domingo.-<\/strong> El Banco Centroamericano de Integraci\u00f3n Econ\u00f3mica (BCIE) firm\u00f3 este lunes un pr\u00e9stamo de 300 millones de d\u00f3lares de apoyo presupuestario al Gobierno de la Rep\u00fablica Dominicana, inform\u00f3 el presidente ejecutivo de la entidad, Dante Mossi.<\/p>\n\n\n\n<p>Tras mantener una reuni\u00f3n con el presidente Luis Abinader, el directivo inform\u00f3 en rueda de prensa sobre algunos detalles del encuentro durante el cual se materializ\u00f3 el pr\u00e9stamo suscrito con el Estado dominicano.<\/p>\n\n\n\n<p>Para el futuro, el BCIE prev\u00e9 participar \u00aben m\u00e1s operaciones en modalidad de asociaci\u00f3n p\u00fablico-privada\u00bb, en las que sea la iniciativa privada \u00abla que tome el endeudamiento para financiar proyectos de expansi\u00f3n como puertos y ferrocarriles\u00bb, as\u00ed como otras iniciativas habladas con Abinader \u00aben el d\u00eda de hoy\u00bb, apunt\u00f3 el directivo.<\/p>\n\n\n\n<p>\u00abHay que reconocer que la Rep\u00fablica Dominicana tiene un sector privado muy din\u00e1mico\u00bb, dijo, \u00aby se nos ha pedido acercarnos m\u00e1s para ver de qu\u00e9 manera podemos apoyar, no solo al gran empresario sino tambi\u00e9n al peque\u00f1o, y, probablemente, para el mes de septiembre emitiremos los primeros bonos del BCIE en el pa\u00eds para proveer a las Mipymes en pesos\u00bb, avanz\u00f3.<\/p>\n\n\n\n<p>En ese sentido, Mossi explic\u00f3 que se est\u00e1 trabajando \u00aben fondos de preparaci\u00f3n de proyectos, en preinversi\u00f3n, en diferentes iniciativas\u00bb que el Banco quiere desarrollar \u00absin generar deuda, as\u00ed como donaciones para el sector social\u00bb, manifest\u00f3 Mossi, que mencion\u00f3 el proyecto ferroviario que unir\u00e1 Santiago con Santo Domingo como una de sus apuestas de futuro.<\/p>\n\n\n\n<p>En cuanto a reactivaci\u00f3n econ\u00f3mica tras la covid-19, destac\u00f3 que \u00abes muy importante tener socios con los que dinamizar la econom\u00eda\u00bb as\u00ed como \u00abser innovador\u00bb a la hora de financiar proyectos con f\u00f3rmulas que \u00abno generen m\u00e1s peso en las finanzas p\u00fablicas\u00bb, especialmente en un momento como el actual, en el que \u00abmuchos pa\u00edses de la regi\u00f3n que tienen problemas de endeudamiento\u00bb.<\/p>\n\n\n\n<p>Asimismo, indic\u00f3 que la Rep\u00fablica Dominicana ha \u00abratificado su inter\u00e9s en ser parte de este Banco y ha aumentado su participaci\u00f3n accionaria\u00bb en la entidad, as\u00ed que \u00abhoy es m\u00e1s due\u00f1o del BCIE que ayer\u00bb, aunque no dio detalles a este respecto.<\/p>\n\n\n\n<p>Fundado en 1960 con sede en Honduras, el BCIE tiene por objeto promover la integraci\u00f3n econ\u00f3mica y el desarrollo econ\u00f3mico y social equilibrado de la regi\u00f3n centroamericana, que incluye a los pa\u00edses fundadores (Guatemala, Honduras, El Salvador, Nicaragua y Costa Rica) y a los pa\u00edses regionales no fundadores, atendiendo y aline\u00e1ndose con los intereses de todos los socios.<\/p>\n","protected":false},"excerpt":{"rendered":"<p>Santo Domingo.- El Banco Centroamericano de Integraci\u00f3n Econ\u00f3mica (BCIE) firm\u00f3 este lunes un pr\u00e9stamo de 300 millones de d\u00f3lares de apoyo presupuestario al Gobierno de la Rep\u00fablica Dominicana, inform\u00f3 el presidente ejecutivo de la entidad, Dante Mossi. Tras mantener una reuni\u00f3n con el presidente Luis Abinader, el directivo inform\u00f3 en rueda de prensa sobre algunos [&hellip;]<\/p>\n","protected":false},"author":1,"featured_media":5306,"comment_status":"open","ping_status":"open","sticky":false,"template":"","format":"standard","meta":{"nf_dc_page":"","jetpack_post_was_ever_published":false,"_jetpack_newsletter_access":"","_jetpack_dont_email_post_to_subs":false,"_jetpack_newsletter_tier_id":0,"_jetpack_memberships_contains_paywalled_content":false,"_jetpack_memberships_contains_paid_content":false,"footnotes":"","jetpack_publicize_message":"","jetpack_publicize_feature_enabled":true,"jetpack_social_post_already_shared":false,"jetpack_social_options":{"image_generator_settings":{"template":"highway","default_image_id":0,"font":"","enabled":false},"version":2}},"categories":[74],"tags":[],"class_list":["post-5305","post","type-post","status-publish","format-standard","has-post-thumbnail","hentry","category-economicas"],"yoast_head":"<!-- This site is optimized with the Yoast SEO plugin v27.4 - https:\/\/yoast.com\/product\/yoast-seo-wordpress\/ -->\n<title>El BCIE concede un pr\u00e9stamo de 300 millones d\u00f3lares al Estado dominicano - Minuto Cero RD<\/title>\n<meta name=\"robots\" content=\"index, follow, max-snippet:-1, max-image-preview:large, max-video-preview:-1\" \/>\n<link rel=\"canonical\" href=\"http:\/\/minutocerord.com\/?p=5305\" \/>\n<meta property=\"og:locale\" content=\"es_ES\" \/>\n<meta property=\"og:type\" content=\"article\" \/>\n<meta property=\"og:title\" content=\"El BCIE concede un pr\u00e9stamo de 300 millones d\u00f3lares al Estado dominicano - Minuto Cero RD\" \/>\n<meta property=\"og:description\" content=\"Santo Domingo.- El Banco Centroamericano de Integraci\u00f3n Econ\u00f3mica (BCIE) firm\u00f3 este lunes un pr\u00e9stamo de 300 millones de d\u00f3lares de apoyo presupuestario al Gobierno de la Rep\u00fablica Dominicana, inform\u00f3 el presidente ejecutivo de la entidad, Dante Mossi. Tras mantener una reuni\u00f3n con el presidente Luis Abinader, el directivo inform\u00f3 en rueda de prensa sobre algunos [&hellip;]\" \/>\n<meta property=\"og:url\" content=\"http:\/\/minutocerord.com\/?p=5305\" \/>\n<meta property=\"og:site_name\" content=\"Minuto Cero RD\" \/>\n<meta property=\"article:publisher\" content=\"https:\/\/www.facebook.com\/Genofnotes\" \/>\n<meta property=\"article:author\" content=\"https:\/\/www.facebook.com\/Genofnotes\" \/>\n<meta property=\"article:published_time\" content=\"2021-08-10T14:42:27+00:00\" \/>\n<meta property=\"article:modified_time\" content=\"2021-08-10T14:42:31+00:00\" \/>\n<meta property=\"og:image\" content=\"https:\/\/i0.wp.com\/minutocerord.com\/wp-content\/uploads\/2021\/08\/dantemosi.jpg?fit=1000%2C570\" \/>\n\t<meta property=\"og:image:width\" content=\"1000\" \/>\n\t<meta property=\"og:image:height\" content=\"570\" \/>\n\t<meta property=\"og:image:type\" content=\"image\/jpeg\" \/>\n<meta name=\"author\" content=\"Genof\u00f3ntes Urb\u00e1ez\" \/>\n<meta name=\"twitter:card\" content=\"summary_large_image\" \/>\n<meta name=\"twitter:label1\" content=\"Written by\" \/>\n\t<meta name=\"twitter:data1\" content=\"Genof\u00f3ntes Urb\u00e1ez\" \/>\n\t<meta name=\"twitter:label2\" content=\"Est. reading time\" \/>\n\t<meta name=\"twitter:data2\" content=\"2 minutos\" \/>\n<script type=\"application\/ld+json\" class=\"yoast-schema-graph\">{\"@context\":\"https:\\\/\\\/schema.org\",\"@graph\":[{\"@type\":\"Article\",\"@id\":\"http:\\\/\\\/minutocerord.com\\\/?p=5305#article\",\"isPartOf\":{\"@id\":\"http:\\\/\\\/minutocerord.com\\\/?p=5305\"},\"author\":{\"name\":\"Genof\u00f3ntes Urb\u00e1ez\",\"@id\":\"https:\\\/\\\/minutocerord.com\\\/#\\\/schema\\\/person\\\/60b5372d60aaa0a5171fb6488be9aee6\"},\"headline\":\"El BCIE concede un pr\u00e9stamo de 300 millones d\u00f3lares al Estado dominicano\",\"datePublished\":\"2021-08-10T14:42:27+00:00\",\"dateModified\":\"2021-08-10T14:42:31+00:00\",\"mainEntityOfPage\":{\"@id\":\"http:\\\/\\\/minutocerord.com\\\/?p=5305\"},\"wordCount\":451,\"commentCount\":0,\"publisher\":{\"@id\":\"https:\\\/\\\/minutocerord.com\\\/#\\\/schema\\\/person\\\/60b5372d60aaa0a5171fb6488be9aee6\"},\"image\":{\"@id\":\"http:\\\/\\\/minutocerord.com\\\/?p=5305#primaryimage\"},\"thumbnailUrl\":\"https:\\\/\\\/i0.wp.com\\\/minutocerord.com\\\/wp-content\\\/uploads\\\/2021\\\/08\\\/dantemosi.jpg?fit=1000%2C570&ssl=1\",\"articleSection\":[\"Econ\u00f3micas\"],\"inLanguage\":\"es-DO\",\"potentialAction\":[{\"@type\":\"CommentAction\",\"name\":\"Comment\",\"target\":[\"http:\\\/\\\/minutocerord.com\\\/?p=5305#respond\"]}]},{\"@type\":\"WebPage\",\"@id\":\"http:\\\/\\\/minutocerord.com\\\/?p=5305\",\"url\":\"http:\\\/\\\/minutocerord.com\\\/?p=5305\",\"name\":\"El BCIE concede un pr\u00e9stamo de 300 millones d\u00f3lares al Estado dominicano - Minuto Cero RD\",\"isPartOf\":{\"@id\":\"https:\\\/\\\/minutocerord.com\\\/#website\"},\"primaryImageOfPage\":{\"@id\":\"http:\\\/\\\/minutocerord.com\\\/?p=5305#primaryimage\"},\"image\":{\"@id\":\"http:\\\/\\\/minutocerord.com\\\/?p=5305#primaryimage\"},\"thumbnailUrl\":\"https:\\\/\\\/i0.wp.com\\\/minutocerord.com\\\/wp-content\\\/uploads\\\/2021\\\/08\\\/dantemosi.jpg?fit=1000%2C570&ssl=1\",\"datePublished\":\"2021-08-10T14:42:27+00:00\",\"dateModified\":\"2021-08-10T14:42:31+00:00\",\"breadcrumb\":{\"@id\":\"http:\\\/\\\/minutocerord.com\\\/?p=5305#breadcrumb\"},\"inLanguage\":\"es-DO\",\"potentialAction\":[{\"@type\":\"ReadAction\",\"target\":[\"http:\\\/\\\/minutocerord.com\\\/?p=5305\"]}]},{\"@type\":\"ImageObject\",\"inLanguage\":\"es-DO\",\"@id\":\"http:\\\/\\\/minutocerord.com\\\/?p=5305#primaryimage\",\"url\":\"https:\\\/\\\/i0.wp.com\\\/minutocerord.com\\\/wp-content\\\/uploads\\\/2021\\\/08\\\/dantemosi.jpg?fit=1000%2C570&ssl=1\",\"contentUrl\":\"https:\\\/\\\/i0.wp.com\\\/minutocerord.com\\\/wp-content\\\/uploads\\\/2021\\\/08\\\/dantemosi.jpg?fit=1000%2C570&ssl=1\",\"width\":1000,\"height\":570},{\"@type\":\"BreadcrumbList\",\"@id\":\"http:\\\/\\\/minutocerord.com\\\/?p=5305#breadcrumb\",\"itemListElement\":[{\"@type\":\"ListItem\",\"position\":1,\"name\":\"Home\",\"item\":\"https:\\\/\\\/minutocerord.com\\\/\"},{\"@type\":\"ListItem\",\"position\":2,\"name\":\"El BCIE concede un pr\u00e9stamo de 300 millones d\u00f3lares al Estado dominicano\"}]},{\"@type\":\"WebSite\",\"@id\":\"https:\\\/\\\/minutocerord.com\\\/#website\",\"url\":\"https:\\\/\\\/minutocerord.com\\\/\",\"name\":\"Minuto Cero RD\",\"description\":\"Periodismo serio y veraz\",\"publisher\":{\"@id\":\"https:\\\/\\\/minutocerord.com\\\/#\\\/schema\\\/person\\\/60b5372d60aaa0a5171fb6488be9aee6\"},\"potentialAction\":[{\"@type\":\"SearchAction\",\"target\":{\"@type\":\"EntryPoint\",\"urlTemplate\":\"https:\\\/\\\/minutocerord.com\\\/?s={search_term_string}\"},\"query-input\":{\"@type\":\"PropertyValueSpecification\",\"valueRequired\":true,\"valueName\":\"search_term_string\"}}],\"inLanguage\":\"es-DO\"},{\"@type\":[\"Person\",\"Organization\"],\"@id\":\"https:\\\/\\\/minutocerord.com\\\/#\\\/schema\\\/person\\\/60b5372d60aaa0a5171fb6488be9aee6\",\"name\":\"Genof\u00f3ntes Urb\u00e1ez\",\"image\":{\"@type\":\"ImageObject\",\"inLanguage\":\"es-DO\",\"@id\":\"https:\\\/\\\/secure.gravatar.com\\\/avatar\\\/a49ef3186a692098ac3e8a1612261e3ad70cf9e44553dff2929e67939a0ecb9d?s=96&d=identicon&r=g\",\"url\":\"https:\\\/\\\/secure.gravatar.com\\\/avatar\\\/a49ef3186a692098ac3e8a1612261e3ad70cf9e44553dff2929e67939a0ecb9d?s=96&d=identicon&r=g\",\"contentUrl\":\"https:\\\/\\\/secure.gravatar.com\\\/avatar\\\/a49ef3186a692098ac3e8a1612261e3ad70cf9e44553dff2929e67939a0ecb9d?s=96&d=identicon&r=g\",\"caption\":\"Genof\u00f3ntes Urb\u00e1ez\"},\"logo\":{\"@id\":\"https:\\\/\\\/secure.gravatar.com\\\/avatar\\\/a49ef3186a692098ac3e8a1612261e3ad70cf9e44553dff2929e67939a0ecb9d?s=96&d=identicon&r=g\"},\"description\":\"Periodista \\\/ Locutor\",\"sameAs\":[\"https:\\\/\\\/www.facebook.com\\\/Genofnotes\",\"https:\\\/\\\/www.instagram.com\\\/genofnotes\\\/\"]}]}<\/script>\n<!-- \/ Yoast SEO plugin. -->","yoast_head_json":{"title":"El BCIE concede un pr\u00e9stamo de 300 millones d\u00f3lares al Estado dominicano - Minuto Cero RD","robots":{"index":"index","follow":"follow","max-snippet":"max-snippet:-1","max-image-preview":"max-image-preview:large","max-video-preview":"max-video-preview:-1"},"canonical":"http:\/\/minutocerord.com\/?p=5305","og_locale":"es_ES","og_type":"article","og_title":"El BCIE concede un pr\u00e9stamo de 300 millones d\u00f3lares al Estado dominicano - Minuto Cero RD","og_description":"Santo Domingo.- El Banco Centroamericano de Integraci\u00f3n Econ\u00f3mica (BCIE) firm\u00f3 este lunes un pr\u00e9stamo de 300 millones de d\u00f3lares de apoyo presupuestario al Gobierno de la Rep\u00fablica Dominicana, inform\u00f3 el presidente ejecutivo de la entidad, Dante Mossi. Tras mantener una reuni\u00f3n con el presidente Luis Abinader, el directivo inform\u00f3 en rueda de prensa sobre algunos [&hellip;]","og_url":"http:\/\/minutocerord.com\/?p=5305","og_site_name":"Minuto Cero RD","article_publisher":"https:\/\/www.facebook.com\/Genofnotes","article_author":"https:\/\/www.facebook.com\/Genofnotes","article_published_time":"2021-08-10T14:42:27+00:00","article_modified_time":"2021-08-10T14:42:31+00:00","og_image":[{"width":1000,"height":570,"url":"https:\/\/i0.wp.com\/minutocerord.com\/wp-content\/uploads\/2021\/08\/dantemosi.jpg?fit=1000%2C570","type":"image\/jpeg"}],"author":"Genof\u00f3ntes Urb\u00e1ez","twitter_card":"summary_large_image","twitter_misc":{"Written by":"Genof\u00f3ntes Urb\u00e1ez","Est. reading time":"2 minutos"},"schema":{"@context":"https:\/\/schema.org","@graph":[{"@type":"Article","@id":"http:\/\/minutocerord.com\/?p=5305#article","isPartOf":{"@id":"http:\/\/minutocerord.com\/?p=5305"},"author":{"name":"Genof\u00f3ntes Urb\u00e1ez","@id":"https:\/\/minutocerord.com\/#\/schema\/person\/60b5372d60aaa0a5171fb6488be9aee6"},"headline":"El BCIE concede un pr\u00e9stamo de 300 millones d\u00f3lares al Estado dominicano","datePublished":"2021-08-10T14:42:27+00:00","dateModified":"2021-08-10T14:42:31+00:00","mainEntityOfPage":{"@id":"http:\/\/minutocerord.com\/?p=5305"},"wordCount":451,"commentCount":0,"publisher":{"@id":"https:\/\/minutocerord.com\/#\/schema\/person\/60b5372d60aaa0a5171fb6488be9aee6"},"image":{"@id":"http:\/\/minutocerord.com\/?p=5305#primaryimage"},"thumbnailUrl":"https:\/\/i0.wp.com\/minutocerord.com\/wp-content\/uploads\/2021\/08\/dantemosi.jpg?fit=1000%2C570&ssl=1","articleSection":["Econ\u00f3micas"],"inLanguage":"es-DO","potentialAction":[{"@type":"CommentAction","name":"Comment","target":["http:\/\/minutocerord.com\/?p=5305#respond"]}]},{"@type":"WebPage","@id":"http:\/\/minutocerord.com\/?p=5305","url":"http:\/\/minutocerord.com\/?p=5305","name":"El BCIE concede un pr\u00e9stamo de 300 millones d\u00f3lares al Estado dominicano - Minuto Cero RD","isPartOf":{"@id":"https:\/\/minutocerord.com\/#website"},"primaryImageOfPage":{"@id":"http:\/\/minutocerord.com\/?p=5305#primaryimage"},"image":{"@id":"http:\/\/minutocerord.com\/?p=5305#primaryimage"},"thumbnailUrl":"https:\/\/i0.wp.com\/minutocerord.com\/wp-content\/uploads\/2021\/08\/dantemosi.jpg?fit=1000%2C570&ssl=1","datePublished":"2021-08-10T14:42:27+00:00","dateModified":"2021-08-10T14:42:31+00:00","breadcrumb":{"@id":"http:\/\/minutocerord.com\/?p=5305#breadcrumb"},"inLanguage":"es-DO","potentialAction":[{"@type":"ReadAction","target":["http:\/\/minutocerord.com\/?p=5305"]}]},{"@type":"ImageObject","inLanguage":"es-DO","@id":"http:\/\/minutocerord.com\/?p=5305#primaryimage","url":"https:\/\/i0.wp.com\/minutocerord.com\/wp-content\/uploads\/2021\/08\/dantemosi.jpg?fit=1000%2C570&ssl=1","contentUrl":"https:\/\/i0.wp.com\/minutocerord.com\/wp-content\/uploads\/2021\/08\/dantemosi.jpg?fit=1000%2C570&ssl=1","width":1000,"height":570},{"@type":"BreadcrumbList","@id":"http:\/\/minutocerord.com\/?p=5305#breadcrumb","itemListElement":[{"@type":"ListItem","position":1,"name":"Home","item":"https:\/\/minutocerord.com\/"},{"@type":"ListItem","position":2,"name":"El BCIE concede un pr\u00e9stamo de 300 millones d\u00f3lares al Estado dominicano"}]},{"@type":"WebSite","@id":"https:\/\/minutocerord.com\/#website","url":"https:\/\/minutocerord.com\/","name":"Minuto Cero RD","description":"Periodismo serio y veraz","publisher":{"@id":"https:\/\/minutocerord.com\/#\/schema\/person\/60b5372d60aaa0a5171fb6488be9aee6"},"potentialAction":[{"@type":"SearchAction","target":{"@type":"EntryPoint","urlTemplate":"https:\/\/minutocerord.com\/?s={search_term_string}"},"query-input":{"@type":"PropertyValueSpecification","valueRequired":true,"valueName":"search_term_string"}}],"inLanguage":"es-DO"},{"@type":["Person","Organization"],"@id":"https:\/\/minutocerord.com\/#\/schema\/person\/60b5372d60aaa0a5171fb6488be9aee6","name":"Genof\u00f3ntes Urb\u00e1ez","image":{"@type":"ImageObject","inLanguage":"es-DO","@id":"https:\/\/secure.gravatar.com\/avatar\/a49ef3186a692098ac3e8a1612261e3ad70cf9e44553dff2929e67939a0ecb9d?s=96&d=identicon&r=g","url":"https:\/\/secure.gravatar.com\/avatar\/a49ef3186a692098ac3e8a1612261e3ad70cf9e44553dff2929e67939a0ecb9d?s=96&d=identicon&r=g","contentUrl":"https:\/\/secure.gravatar.com\/avatar\/a49ef3186a692098ac3e8a1612261e3ad70cf9e44553dff2929e67939a0ecb9d?s=96&d=identicon&r=g","caption":"Genof\u00f3ntes Urb\u00e1ez"},"logo":{"@id":"https:\/\/secure.gravatar.com\/avatar\/a49ef3186a692098ac3e8a1612261e3ad70cf9e44553dff2929e67939a0ecb9d?s=96&d=identicon&r=g"},"description":"Periodista \/ Locutor","sameAs":["https:\/\/www.facebook.com\/Genofnotes","https:\/\/www.instagram.com\/genofnotes\/"]}]}},"jetpack_publicize_connections":[],"jetpack_featured_media_url":"https:\/\/i0.wp.com\/minutocerord.com\/wp-content\/uploads\/2021\/08\/dantemosi.jpg?fit=1000%2C570&ssl=1","jetpack-related-posts":[],"jetpack_sharing_enabled":true,"_links":{"self":[{"href":"https:\/\/minutocerord.com\/index.php?rest_route=\/wp\/v2\/posts\/5305","targetHints":{"allow":["GET"]}}],"collection":[{"href":"https:\/\/minutocerord.com\/index.php?rest_route=\/wp\/v2\/posts"}],"about":[{"href":"https:\/\/minutocerord.com\/index.php?rest_route=\/wp\/v2\/types\/post"}],"author":[{"embeddable":true,"href":"https:\/\/minutocerord.com\/index.php?rest_route=\/wp\/v2\/users\/1"}],"replies":[{"embeddable":true,"href":"https:\/\/minutocerord.com\/index.php?rest_route=%2Fwp%2Fv2%2Fcomments&post=5305"}],"version-history":[{"count":1,"href":"https:\/\/minutocerord.com\/index.php?rest_route=\/wp\/v2\/posts\/5305\/revisions"}],"predecessor-version":[{"id":5307,"href":"https:\/\/minutocerord.com\/index.php?rest_route=\/wp\/v2\/posts\/5305\/revisions\/5307"}],"wp:featuredmedia":[{"embeddable":true,"href":"https:\/\/minutocerord.com\/index.php?rest_route=\/wp\/v2\/media\/5306"}],"wp:attachment":[{"href":"https:\/\/minutocerord.com\/index.php?rest_route=%2Fwp%2Fv2%2Fmedia&parent=5305"}],"wp:term":[{"taxonomy":"category","embeddable":true,"href":"https:\/\/minutocerord.com\/index.php?rest_route=%2Fwp%2Fv2%2Fcategories&post=5305"},{"taxonomy":"post_tag","embeddable":true,"href":"https:\/\/minutocerord.com\/index.php?rest_route=%2Fwp%2Fv2%2Ftags&post=5305"}],"curies":[{"name":"wp","href":"https:\/\/api.w.org\/{rel}","templated":true}]}}