{"id":5311,"date":"2021-08-10T11:16:33","date_gmt":"2021-08-10T15:16:33","guid":{"rendered":"https:\/\/minutocerord.com\/?p=5311"},"modified":"2021-08-10T11:16:37","modified_gmt":"2021-08-10T15:16:37","slug":"rep-dominicana-notifica-una-muerte-por-covid-19-y-211-nuevos-contagios","status":"publish","type":"post","link":"https:\/\/minutocerord.com\/?p=5311","title":{"rendered":"Rep. Dominicana notifica una muerte por COVID-19 y 211 nuevos contagios"},"content":{"rendered":"\n<p><strong>SANTO DOMINGO.-<\/strong> Rep\u00fablica Dominicana report\u00f3 este martes 211 nuevos casos de Covid-19 y una muerte por esa causa, pero aclar\u00f3 que no ocurri\u00f3 en las \u00faltimas 24 horas.<\/p>\n\n\n\n<p>El bolet\u00edn 509 de la Direcci\u00f3n General de Epidemiologia (DIGEPI) refleja 81 casos m\u00e1s que el lunes, cuando fueron notificados 130.<\/p>\n\n\n\n<p><strong>Casos activos<\/strong><\/p>\n\n\n\n<p>Los casos activos son 10,355 casos activos, mientras 330,506 personas se han recuperado de la enfermedad.<\/p>\n\n\n\n<p>El informe indica que en las \u00faltimas 24 horas fueron procesadas 5,403 pruebas.<\/p>\n\n\n\n<p>En el Distrito Nacional fueron reportados 26 nuevos contagios, en la provincia Santo Domingo 41 , Santiago 45, San Crist\u00f3bal 2, San Pedro de Macor\u00eds 3, La Vega 9, La Romana 7 y La Altagracia 9.<\/p>\n\n\n\n<p>El total de muertos por COVID-19 en Rep\u00fablica Dominicana es de 3,971, el 25.51% de los cuales era hipertenso y el 15.92% diab\u00e9tico.<\/p>\n\n\n\n<p>Entre los infectados hay 1,409 trabajadores de la salud, 1,195 embarazadas y 38,050 menores de 20 a\u00f1os.<\/p>\n\n\n\n<p><strong>Ocupaci\u00f3n hospitalaria<\/strong><\/p>\n\n\n\n<p>En el pa\u00eds hay disponibilidad de 2,622 camas para pacientes de COVID, de las cuales 520 est\u00e1n ocupadas (20%).<\/p>\n\n\n\n<p>Hay disponibles 616 camas en unidades de cuidados intensivos, de las cuales 177 est\u00e1n ocupadas (29%), mientras que 516 ventiladores disponibles en la red hospitalaria, hay 121 ocupados (23%).<\/p>\n\n\n\n<p><strong>Cifras de contagios y muertes<\/strong><\/p>\n\n\n\n<p>1 agosto \u2013 362 contagios, 0 defunciones<\/p>\n\n\n\n<p>2 agosto \u2013 393 contagios, 0 defunciones<\/p>\n\n\n\n<p>3 agosto \u2013 583 contagios, 5 defunciones<\/p>\n\n\n\n<p>4 agosto \u2013 336 contagios, 3 defunciones<\/p>\n\n\n\n<p>5 agosto \u2013 326 contagios, 2 defunciones<\/p>\n\n\n\n<p>6 agosto \u2013 317 contagios, 0 defunciones<\/p>\n\n\n\n<p>7 agosto \u2013 322 contagios, 1 defunciones<\/p>\n\n\n\n<p>8 agosto \u2013 344 contagios, 0 defunciones<\/p>\n\n\n\n<p>9 agosto \u2013 130 contagios, 0 defunciones<\/p>\n\n\n\n<p>10 agosto \u2013 211 contagios, 1 defunciones<\/p>\n\n\n\n<p><ins>https:\/\/googleads.g.doubleclick.net\/pagead\/ads?client=ca-pub-3511341636159665&amp;output=html&amp;h=90&amp;slotname=9835513565&amp;adk=3736374914&amp;adf=362287733&amp;pi=t.ma~as.9835513565&amp;w=728&amp;lmt=1628616000&amp;psa=1&amp;format=728&#215;90&amp;url=https%3A%2F%2Falmomento.net%2Frep-dominicana-notifica-una-muerte-por-covid-19-y-211-nuevos-contagios%2F&amp;flash=0&amp;wgl=1&amp;uach=WyJXaW5kb3dzIiwiMTAuMCIsIng4NiIsIiIsIjkyLjAuNDUxNS4xMzEiLFtdLG51bGwsbnVsbCxudWxsXQ..&amp;tt_state=W3siaXNzdWVyT3JpZ2luIjoiaHR0cHM6Ly9hdHRlc3RhdGlvbi5hbmRyb2lkLmNvbSIsInN0YXRlIjo3fV0.&amp;dt=1628616000071&amp;bpp=2&amp;bdt=958&amp;idt=814&amp;shv=r20210805&amp;mjsv=m202108090101&amp;ptt=9&amp;saldr=aa&amp;abxe=1&amp;cookie=ID%3D1d8b01efa8993690-226df029aeba0005%3AT%3D1628051725%3ART%3D1628608478%3AS%3DALNI_MZ5T_6ueOxlUKDCnpNH6zNbp1F-rw&amp;prev_fmts=0x0%2C160x600%2C160x600&amp;nras=1&amp;correlator=5712160343251&amp;frm=20&amp;pv=1&amp;ga_vid=897051583.1596206997&amp;ga_sid=1628616001&amp;ga_hid=1723866903&amp;ga_fc=0&amp;u_tz=-240&amp;u_his=4&amp;u_java=0&amp;u_h=768&amp;u_w=1366&amp;u_ah=728&amp;u_aw=1366&amp;u_cd=24&amp;u_nplug=3&amp;u_nmime=4&amp;adx=254&amp;ady=1910&amp;biw=1349&amp;bih=568&amp;scr_x=0&amp;scr_y=0&amp;eid=20211866%2C31062064%2C21067496&amp;oid=3&amp;pvsid=3302821073462913&amp;pem=559&amp;ref=https%3A%2F%2Falmomento.net%2F&amp;eae=0&amp;fc=1920&amp;brdim=0%2C0%2C0%2C0%2C1366%2C0%2C1366%2C728%2C1366%2C568&amp;vis=1&amp;rsz=%7C%7CpeEbr%7C&amp;abl=CS&amp;pfx=0&amp;fu=0&amp;bc=31&amp;ifi=4&amp;uci=a!4&amp;btvi=2&amp;fsb=1&amp;xpc=fhuRtm6GYn&amp;p=https%3A\/\/almomento.net&amp;dtd=826<\/ins><\/p>\n","protected":false},"excerpt":{"rendered":"<p>SANTO DOMINGO.- Rep\u00fablica Dominicana report\u00f3 este martes 211 nuevos casos de Covid-19 y una muerte por esa causa, pero aclar\u00f3 que no ocurri\u00f3 en las \u00faltimas 24 horas. El bolet\u00edn 509 de la Direcci\u00f3n General de Epidemiologia (DIGEPI) refleja 81 casos m\u00e1s que el lunes, cuando fueron notificados 130. Casos activos Los casos activos son [&hellip;]<\/p>\n","protected":false},"author":1,"featured_media":5313,"comment_status":"open","ping_status":"open","sticky":false,"template":"","format":"standard","meta":{"nf_dc_page":"","jetpack_post_was_ever_published":false,"_jetpack_newsletter_access":"","_jetpack_dont_email_post_to_subs":false,"_jetpack_newsletter_tier_id":0,"_jetpack_memberships_contains_paywalled_content":false,"_jetpack_memberships_contains_paid_content":false,"footnotes":"","jetpack_publicize_message":"","jetpack_publicize_feature_enabled":true,"jetpack_social_post_already_shared":false,"jetpack_social_options":{"image_generator_settings":{"template":"highway","default_image_id":0,"font":"","enabled":false},"version":2}},"categories":[67],"tags":[],"class_list":["post-5311","post","type-post","status-publish","format-standard","has-post-thumbnail","hentry","category-salud"],"yoast_head":"<!-- This site is optimized with the Yoast SEO plugin v27.4 - https:\/\/yoast.com\/product\/yoast-seo-wordpress\/ -->\n<title>Rep. Dominicana notifica una muerte por COVID-19 y 211 nuevos contagios - Minuto Cero RD<\/title>\n<meta name=\"robots\" content=\"index, follow, max-snippet:-1, max-image-preview:large, max-video-preview:-1\" \/>\n<link rel=\"canonical\" href=\"http:\/\/minutocerord.com\/?p=5311\" \/>\n<meta property=\"og:locale\" content=\"es_ES\" \/>\n<meta property=\"og:type\" content=\"article\" \/>\n<meta property=\"og:title\" content=\"Rep. Dominicana notifica una muerte por COVID-19 y 211 nuevos contagios - Minuto Cero RD\" \/>\n<meta property=\"og:description\" content=\"SANTO DOMINGO.- Rep\u00fablica Dominicana report\u00f3 este martes 211 nuevos casos de Covid-19 y una muerte por esa causa, pero aclar\u00f3 que no ocurri\u00f3 en las \u00faltimas 24 horas. El bolet\u00edn 509 de la Direcci\u00f3n General de Epidemiologia (DIGEPI) refleja 81 casos m\u00e1s que el lunes, cuando fueron notificados 130. Casos activos Los casos activos son [&hellip;]\" \/>\n<meta property=\"og:url\" content=\"http:\/\/minutocerord.com\/?p=5311\" \/>\n<meta property=\"og:site_name\" content=\"Minuto Cero RD\" \/>\n<meta property=\"article:publisher\" content=\"https:\/\/www.facebook.com\/Genofnotes\" \/>\n<meta property=\"article:author\" content=\"https:\/\/www.facebook.com\/Genofnotes\" \/>\n<meta property=\"article:published_time\" content=\"2021-08-10T15:16:33+00:00\" \/>\n<meta property=\"article:modified_time\" content=\"2021-08-10T15:16:37+00:00\" \/>\n<meta property=\"og:image\" content=\"https:\/\/i0.wp.com\/minutocerord.com\/wp-content\/uploads\/2021\/08\/mayor-contagio-covid-sigue-en-el-gran-santo-domingo-2.jpeg?fit=680%2C386\" \/>\n\t<meta property=\"og:image:width\" content=\"680\" \/>\n\t<meta property=\"og:image:height\" content=\"386\" \/>\n\t<meta property=\"og:image:type\" content=\"image\/jpeg\" \/>\n<meta name=\"author\" content=\"Genof\u00f3ntes Urb\u00e1ez\" \/>\n<meta name=\"twitter:card\" content=\"summary_large_image\" \/>\n<meta name=\"twitter:label1\" content=\"Written by\" \/>\n\t<meta name=\"twitter:data1\" content=\"Genof\u00f3ntes Urb\u00e1ez\" \/>\n\t<meta name=\"twitter:label2\" content=\"Est. reading time\" \/>\n\t<meta name=\"twitter:data2\" content=\"2 minutos\" \/>\n<script type=\"application\/ld+json\" class=\"yoast-schema-graph\">{\"@context\":\"https:\\\/\\\/schema.org\",\"@graph\":[{\"@type\":\"Article\",\"@id\":\"http:\\\/\\\/minutocerord.com\\\/?p=5311#article\",\"isPartOf\":{\"@id\":\"http:\\\/\\\/minutocerord.com\\\/?p=5311\"},\"author\":{\"name\":\"Genof\u00f3ntes Urb\u00e1ez\",\"@id\":\"https:\\\/\\\/minutocerord.com\\\/#\\\/schema\\\/person\\\/60b5372d60aaa0a5171fb6488be9aee6\"},\"headline\":\"Rep. Dominicana notifica una muerte por COVID-19 y 211 nuevos contagios\",\"datePublished\":\"2021-08-10T15:16:33+00:00\",\"dateModified\":\"2021-08-10T15:16:37+00:00\",\"mainEntityOfPage\":{\"@id\":\"http:\\\/\\\/minutocerord.com\\\/?p=5311\"},\"wordCount\":488,\"commentCount\":0,\"publisher\":{\"@id\":\"https:\\\/\\\/minutocerord.com\\\/#\\\/schema\\\/person\\\/60b5372d60aaa0a5171fb6488be9aee6\"},\"image\":{\"@id\":\"http:\\\/\\\/minutocerord.com\\\/?p=5311#primaryimage\"},\"thumbnailUrl\":\"https:\\\/\\\/i0.wp.com\\\/minutocerord.com\\\/wp-content\\\/uploads\\\/2021\\\/08\\\/mayor-contagio-covid-sigue-en-el-gran-santo-domingo-2.jpeg?fit=680%2C386&ssl=1\",\"articleSection\":[\"Salud\"],\"inLanguage\":\"es-DO\",\"potentialAction\":[{\"@type\":\"CommentAction\",\"name\":\"Comment\",\"target\":[\"http:\\\/\\\/minutocerord.com\\\/?p=5311#respond\"]}]},{\"@type\":\"WebPage\",\"@id\":\"http:\\\/\\\/minutocerord.com\\\/?p=5311\",\"url\":\"http:\\\/\\\/minutocerord.com\\\/?p=5311\",\"name\":\"Rep. Dominicana notifica una muerte por COVID-19 y 211 nuevos contagios - Minuto Cero RD\",\"isPartOf\":{\"@id\":\"https:\\\/\\\/minutocerord.com\\\/#website\"},\"primaryImageOfPage\":{\"@id\":\"http:\\\/\\\/minutocerord.com\\\/?p=5311#primaryimage\"},\"image\":{\"@id\":\"http:\\\/\\\/minutocerord.com\\\/?p=5311#primaryimage\"},\"thumbnailUrl\":\"https:\\\/\\\/i0.wp.com\\\/minutocerord.com\\\/wp-content\\\/uploads\\\/2021\\\/08\\\/mayor-contagio-covid-sigue-en-el-gran-santo-domingo-2.jpeg?fit=680%2C386&ssl=1\",\"datePublished\":\"2021-08-10T15:16:33+00:00\",\"dateModified\":\"2021-08-10T15:16:37+00:00\",\"breadcrumb\":{\"@id\":\"http:\\\/\\\/minutocerord.com\\\/?p=5311#breadcrumb\"},\"inLanguage\":\"es-DO\",\"potentialAction\":[{\"@type\":\"ReadAction\",\"target\":[\"http:\\\/\\\/minutocerord.com\\\/?p=5311\"]}]},{\"@type\":\"ImageObject\",\"inLanguage\":\"es-DO\",\"@id\":\"http:\\\/\\\/minutocerord.com\\\/?p=5311#primaryimage\",\"url\":\"https:\\\/\\\/i0.wp.com\\\/minutocerord.com\\\/wp-content\\\/uploads\\\/2021\\\/08\\\/mayor-contagio-covid-sigue-en-el-gran-santo-domingo-2.jpeg?fit=680%2C386&ssl=1\",\"contentUrl\":\"https:\\\/\\\/i0.wp.com\\\/minutocerord.com\\\/wp-content\\\/uploads\\\/2021\\\/08\\\/mayor-contagio-covid-sigue-en-el-gran-santo-domingo-2.jpeg?fit=680%2C386&ssl=1\",\"width\":680,\"height\":386},{\"@type\":\"BreadcrumbList\",\"@id\":\"http:\\\/\\\/minutocerord.com\\\/?p=5311#breadcrumb\",\"itemListElement\":[{\"@type\":\"ListItem\",\"position\":1,\"name\":\"Home\",\"item\":\"https:\\\/\\\/minutocerord.com\\\/\"},{\"@type\":\"ListItem\",\"position\":2,\"name\":\"Rep. Dominicana notifica una muerte por COVID-19 y 211 nuevos contagios\"}]},{\"@type\":\"WebSite\",\"@id\":\"https:\\\/\\\/minutocerord.com\\\/#website\",\"url\":\"https:\\\/\\\/minutocerord.com\\\/\",\"name\":\"Minuto Cero RD\",\"description\":\"Periodismo serio y veraz\",\"publisher\":{\"@id\":\"https:\\\/\\\/minutocerord.com\\\/#\\\/schema\\\/person\\\/60b5372d60aaa0a5171fb6488be9aee6\"},\"potentialAction\":[{\"@type\":\"SearchAction\",\"target\":{\"@type\":\"EntryPoint\",\"urlTemplate\":\"https:\\\/\\\/minutocerord.com\\\/?s={search_term_string}\"},\"query-input\":{\"@type\":\"PropertyValueSpecification\",\"valueRequired\":true,\"valueName\":\"search_term_string\"}}],\"inLanguage\":\"es-DO\"},{\"@type\":[\"Person\",\"Organization\"],\"@id\":\"https:\\\/\\\/minutocerord.com\\\/#\\\/schema\\\/person\\\/60b5372d60aaa0a5171fb6488be9aee6\",\"name\":\"Genof\u00f3ntes Urb\u00e1ez\",\"image\":{\"@type\":\"ImageObject\",\"inLanguage\":\"es-DO\",\"@id\":\"https:\\\/\\\/secure.gravatar.com\\\/avatar\\\/a49ef3186a692098ac3e8a1612261e3ad70cf9e44553dff2929e67939a0ecb9d?s=96&d=identicon&r=g\",\"url\":\"https:\\\/\\\/secure.gravatar.com\\\/avatar\\\/a49ef3186a692098ac3e8a1612261e3ad70cf9e44553dff2929e67939a0ecb9d?s=96&d=identicon&r=g\",\"contentUrl\":\"https:\\\/\\\/secure.gravatar.com\\\/avatar\\\/a49ef3186a692098ac3e8a1612261e3ad70cf9e44553dff2929e67939a0ecb9d?s=96&d=identicon&r=g\",\"caption\":\"Genof\u00f3ntes Urb\u00e1ez\"},\"logo\":{\"@id\":\"https:\\\/\\\/secure.gravatar.com\\\/avatar\\\/a49ef3186a692098ac3e8a1612261e3ad70cf9e44553dff2929e67939a0ecb9d?s=96&d=identicon&r=g\"},\"description\":\"Periodista \\\/ Locutor\",\"sameAs\":[\"https:\\\/\\\/www.facebook.com\\\/Genofnotes\",\"https:\\\/\\\/www.instagram.com\\\/genofnotes\\\/\"]}]}<\/script>\n<!-- \/ Yoast SEO plugin. -->","yoast_head_json":{"title":"Rep. Dominicana notifica una muerte por COVID-19 y 211 nuevos contagios - Minuto Cero RD","robots":{"index":"index","follow":"follow","max-snippet":"max-snippet:-1","max-image-preview":"max-image-preview:large","max-video-preview":"max-video-preview:-1"},"canonical":"http:\/\/minutocerord.com\/?p=5311","og_locale":"es_ES","og_type":"article","og_title":"Rep. Dominicana notifica una muerte por COVID-19 y 211 nuevos contagios - Minuto Cero RD","og_description":"SANTO DOMINGO.- Rep\u00fablica Dominicana report\u00f3 este martes 211 nuevos casos de Covid-19 y una muerte por esa causa, pero aclar\u00f3 que no ocurri\u00f3 en las \u00faltimas 24 horas. El bolet\u00edn 509 de la Direcci\u00f3n General de Epidemiologia (DIGEPI) refleja 81 casos m\u00e1s que el lunes, cuando fueron notificados 130. Casos activos Los casos activos son [&hellip;]","og_url":"http:\/\/minutocerord.com\/?p=5311","og_site_name":"Minuto Cero RD","article_publisher":"https:\/\/www.facebook.com\/Genofnotes","article_author":"https:\/\/www.facebook.com\/Genofnotes","article_published_time":"2021-08-10T15:16:33+00:00","article_modified_time":"2021-08-10T15:16:37+00:00","og_image":[{"width":680,"height":386,"url":"https:\/\/i0.wp.com\/minutocerord.com\/wp-content\/uploads\/2021\/08\/mayor-contagio-covid-sigue-en-el-gran-santo-domingo-2.jpeg?fit=680%2C386","type":"image\/jpeg"}],"author":"Genof\u00f3ntes Urb\u00e1ez","twitter_card":"summary_large_image","twitter_misc":{"Written by":"Genof\u00f3ntes Urb\u00e1ez","Est. reading time":"2 minutos"},"schema":{"@context":"https:\/\/schema.org","@graph":[{"@type":"Article","@id":"http:\/\/minutocerord.com\/?p=5311#article","isPartOf":{"@id":"http:\/\/minutocerord.com\/?p=5311"},"author":{"name":"Genof\u00f3ntes Urb\u00e1ez","@id":"https:\/\/minutocerord.com\/#\/schema\/person\/60b5372d60aaa0a5171fb6488be9aee6"},"headline":"Rep. Dominicana notifica una muerte por COVID-19 y 211 nuevos contagios","datePublished":"2021-08-10T15:16:33+00:00","dateModified":"2021-08-10T15:16:37+00:00","mainEntityOfPage":{"@id":"http:\/\/minutocerord.com\/?p=5311"},"wordCount":488,"commentCount":0,"publisher":{"@id":"https:\/\/minutocerord.com\/#\/schema\/person\/60b5372d60aaa0a5171fb6488be9aee6"},"image":{"@id":"http:\/\/minutocerord.com\/?p=5311#primaryimage"},"thumbnailUrl":"https:\/\/i0.wp.com\/minutocerord.com\/wp-content\/uploads\/2021\/08\/mayor-contagio-covid-sigue-en-el-gran-santo-domingo-2.jpeg?fit=680%2C386&ssl=1","articleSection":["Salud"],"inLanguage":"es-DO","potentialAction":[{"@type":"CommentAction","name":"Comment","target":["http:\/\/minutocerord.com\/?p=5311#respond"]}]},{"@type":"WebPage","@id":"http:\/\/minutocerord.com\/?p=5311","url":"http:\/\/minutocerord.com\/?p=5311","name":"Rep. Dominicana notifica una muerte por COVID-19 y 211 nuevos contagios - Minuto Cero RD","isPartOf":{"@id":"https:\/\/minutocerord.com\/#website"},"primaryImageOfPage":{"@id":"http:\/\/minutocerord.com\/?p=5311#primaryimage"},"image":{"@id":"http:\/\/minutocerord.com\/?p=5311#primaryimage"},"thumbnailUrl":"https:\/\/i0.wp.com\/minutocerord.com\/wp-content\/uploads\/2021\/08\/mayor-contagio-covid-sigue-en-el-gran-santo-domingo-2.jpeg?fit=680%2C386&ssl=1","datePublished":"2021-08-10T15:16:33+00:00","dateModified":"2021-08-10T15:16:37+00:00","breadcrumb":{"@id":"http:\/\/minutocerord.com\/?p=5311#breadcrumb"},"inLanguage":"es-DO","potentialAction":[{"@type":"ReadAction","target":["http:\/\/minutocerord.com\/?p=5311"]}]},{"@type":"ImageObject","inLanguage":"es-DO","@id":"http:\/\/minutocerord.com\/?p=5311#primaryimage","url":"https:\/\/i0.wp.com\/minutocerord.com\/wp-content\/uploads\/2021\/08\/mayor-contagio-covid-sigue-en-el-gran-santo-domingo-2.jpeg?fit=680%2C386&ssl=1","contentUrl":"https:\/\/i0.wp.com\/minutocerord.com\/wp-content\/uploads\/2021\/08\/mayor-contagio-covid-sigue-en-el-gran-santo-domingo-2.jpeg?fit=680%2C386&ssl=1","width":680,"height":386},{"@type":"BreadcrumbList","@id":"http:\/\/minutocerord.com\/?p=5311#breadcrumb","itemListElement":[{"@type":"ListItem","position":1,"name":"Home","item":"https:\/\/minutocerord.com\/"},{"@type":"ListItem","position":2,"name":"Rep. Dominicana notifica una muerte por COVID-19 y 211 nuevos contagios"}]},{"@type":"WebSite","@id":"https:\/\/minutocerord.com\/#website","url":"https:\/\/minutocerord.com\/","name":"Minuto Cero RD","description":"Periodismo serio y veraz","publisher":{"@id":"https:\/\/minutocerord.com\/#\/schema\/person\/60b5372d60aaa0a5171fb6488be9aee6"},"potentialAction":[{"@type":"SearchAction","target":{"@type":"EntryPoint","urlTemplate":"https:\/\/minutocerord.com\/?s={search_term_string}"},"query-input":{"@type":"PropertyValueSpecification","valueRequired":true,"valueName":"search_term_string"}}],"inLanguage":"es-DO"},{"@type":["Person","Organization"],"@id":"https:\/\/minutocerord.com\/#\/schema\/person\/60b5372d60aaa0a5171fb6488be9aee6","name":"Genof\u00f3ntes Urb\u00e1ez","image":{"@type":"ImageObject","inLanguage":"es-DO","@id":"https:\/\/secure.gravatar.com\/avatar\/a49ef3186a692098ac3e8a1612261e3ad70cf9e44553dff2929e67939a0ecb9d?s=96&d=identicon&r=g","url":"https:\/\/secure.gravatar.com\/avatar\/a49ef3186a692098ac3e8a1612261e3ad70cf9e44553dff2929e67939a0ecb9d?s=96&d=identicon&r=g","contentUrl":"https:\/\/secure.gravatar.com\/avatar\/a49ef3186a692098ac3e8a1612261e3ad70cf9e44553dff2929e67939a0ecb9d?s=96&d=identicon&r=g","caption":"Genof\u00f3ntes Urb\u00e1ez"},"logo":{"@id":"https:\/\/secure.gravatar.com\/avatar\/a49ef3186a692098ac3e8a1612261e3ad70cf9e44553dff2929e67939a0ecb9d?s=96&d=identicon&r=g"},"description":"Periodista \/ Locutor","sameAs":["https:\/\/www.facebook.com\/Genofnotes","https:\/\/www.instagram.com\/genofnotes\/"]}]}},"jetpack_publicize_connections":[],"jetpack_featured_media_url":"https:\/\/i0.wp.com\/minutocerord.com\/wp-content\/uploads\/2021\/08\/mayor-contagio-covid-sigue-en-el-gran-santo-domingo-2.jpeg?fit=680%2C386&ssl=1","jetpack-related-posts":[],"jetpack_sharing_enabled":true,"_links":{"self":[{"href":"https:\/\/minutocerord.com\/index.php?rest_route=\/wp\/v2\/posts\/5311","targetHints":{"allow":["GET"]}}],"collection":[{"href":"https:\/\/minutocerord.com\/index.php?rest_route=\/wp\/v2\/posts"}],"about":[{"href":"https:\/\/minutocerord.com\/index.php?rest_route=\/wp\/v2\/types\/post"}],"author":[{"embeddable":true,"href":"https:\/\/minutocerord.com\/index.php?rest_route=\/wp\/v2\/users\/1"}],"replies":[{"embeddable":true,"href":"https:\/\/minutocerord.com\/index.php?rest_route=%2Fwp%2Fv2%2Fcomments&post=5311"}],"version-history":[{"count":1,"href":"https:\/\/minutocerord.com\/index.php?rest_route=\/wp\/v2\/posts\/5311\/revisions"}],"predecessor-version":[{"id":5314,"href":"https:\/\/minutocerord.com\/index.php?rest_route=\/wp\/v2\/posts\/5311\/revisions\/5314"}],"wp:featuredmedia":[{"embeddable":true,"href":"https:\/\/minutocerord.com\/index.php?rest_route=\/wp\/v2\/media\/5313"}],"wp:attachment":[{"href":"https:\/\/minutocerord.com\/index.php?rest_route=%2Fwp%2Fv2%2Fmedia&parent=5311"}],"wp:term":[{"taxonomy":"category","embeddable":true,"href":"https:\/\/minutocerord.com\/index.php?rest_route=%2Fwp%2Fv2%2Fcategories&post=5311"},{"taxonomy":"post_tag","embeddable":true,"href":"https:\/\/minutocerord.com\/index.php?rest_route=%2Fwp%2Fv2%2Ftags&post=5311"}],"curies":[{"name":"wp","href":"https:\/\/api.w.org\/{rel}","templated":true}]}}