{"id":5316,"date":"2021-08-10T12:28:01","date_gmt":"2021-08-10T16:28:01","guid":{"rendered":"https:\/\/minutocerord.com\/?p=5316"},"modified":"2021-08-10T12:29:34","modified_gmt":"2021-08-10T16:29:34","slug":"republica-dominicana-en-alerta-por-potencial-ciclon-que-pasaria-cerca-o-sobre-el-territorio-nacional-manana","status":"publish","type":"post","link":"https:\/\/minutocerord.com\/?p=5316","title":{"rendered":"Rep\u00fablica Dominicana en alerta por potencial cicl\u00f3n que pasar\u00eda cerca o sobre el territorio nacional este mi\u00e9rcoles"},"content":{"rendered":"\n<p><strong>Santo Domingo.-<\/strong> El Centro de Operaciones de Emergencia (COE) aument\u00f3 a 18 el n\u00famero de provincias en alerta por las abundantes precipitaciones que se prev\u00e9 genere en el pa\u00eds la hasta ahora depresi\u00f3n tropical seis y que se pronostica se fortalecer\u00eda en el d\u00eda de hoy en la tormenta tropical Fred.<\/p>\n\n\n\n<p>El centro del potencial cicl\u00f3n pasar\u00eda cerca o sobre (dentro) la Rep\u00fablica Dominicana en horas de la ma\u00f1ana de este mi\u00e9rcoles.<\/p>\n\n\n\n<p>A las 10:00 a.m. de hoy se encontraba a unos 600 kil\u00f3metros al este-sureste de la isla Saona, inform\u00f3 Gloria Ceballos, directora de la Oficina Nacional de Meteorolog\u00eda.<\/p>\n\n\n\n<p>Ceballos dice que la depresi\u00f3n sigue manteniendo vientos m\u00e1ximos sostenidos de 55 kil\u00f3metros por hora, desplaz\u00e1ndose hacia el oeste-noroeste a 28 kil\u00f3metros por hora y con condiciones ambientales favorables para que se pueda intensificar antes de pasar por el territorio nacional.<\/p>\n\n\n\n<p><strong> PROVINCIAS EN ALERTA <\/strong><\/p>\n\n\n\n<p>En la ma\u00f1ana de este martes el COE dispuso alerta amarilla para las provincias La Altagracia, Mar\u00eda Trinidad S\u00e1nchez, San Pedro de Macor\u00eds, La Romana, El Seibo y a Saman\u00e1<\/p>\n\n\n\n<p>La alerta verde se declar\u00f3 para La Vega, Santo Domingo, Espaillat, Monte Plata, San Crist\u00f3bal, Distrito Nacional, Monse\u00f1or Nouel, Puerto Plata, Montecristi, Hato Mayor, S\u00e1nchez Ram\u00edrez y Duarte<\/p>\n\n\n\n<p>La medida es de prevenci\u00f3n ante las posibles crecidas de r\u00edos, arroyos y ca\u00f1adas que generar\u00edan inundaciones repentinas o urbanas.<\/p>\n","protected":false},"excerpt":{"rendered":"<p>Santo Domingo.- El Centro de Operaciones de Emergencia (COE) aument\u00f3 a 18 el n\u00famero de provincias en alerta por las abundantes precipitaciones que se prev\u00e9 genere en el pa\u00eds la hasta ahora depresi\u00f3n tropical seis y que se pronostica se fortalecer\u00eda en el d\u00eda de hoy en la tormenta tropical Fred. El centro del potencial [&hellip;]<\/p>\n","protected":false},"author":1,"featured_media":5317,"comment_status":"open","ping_status":"open","sticky":false,"template":"","format":"standard","meta":{"nf_dc_page":"","jetpack_post_was_ever_published":false,"_jetpack_newsletter_access":"","_jetpack_dont_email_post_to_subs":false,"_jetpack_newsletter_tier_id":0,"_jetpack_memberships_contains_paywalled_content":false,"_jetpack_memberships_contains_paid_content":false,"footnotes":"","jetpack_publicize_message":"","jetpack_publicize_feature_enabled":true,"jetpack_social_post_already_shared":false,"jetpack_social_options":{"image_generator_settings":{"template":"highway","default_image_id":0,"font":"","enabled":false},"version":2}},"categories":[87],"tags":[],"class_list":["post-5316","post","type-post","status-publish","format-standard","has-post-thumbnail","hentry","category-el-clima"],"yoast_head":"<!-- This site is optimized with the Yoast SEO plugin v27.4 - https:\/\/yoast.com\/product\/yoast-seo-wordpress\/ -->\n<title>Rep\u00fablica Dominicana en alerta por potencial cicl\u00f3n que pasar\u00eda cerca o sobre el territorio nacional este mi\u00e9rcoles - Minuto Cero RD<\/title>\n<meta name=\"robots\" content=\"index, follow, max-snippet:-1, max-image-preview:large, max-video-preview:-1\" \/>\n<link rel=\"canonical\" href=\"https:\/\/minutocerord.com\/?p=5316\" \/>\n<meta property=\"og:locale\" content=\"es_ES\" \/>\n<meta property=\"og:type\" content=\"article\" \/>\n<meta property=\"og:title\" content=\"Rep\u00fablica Dominicana en alerta por potencial cicl\u00f3n que pasar\u00eda cerca o sobre el territorio nacional este mi\u00e9rcoles - Minuto Cero RD\" \/>\n<meta property=\"og:description\" content=\"Santo Domingo.- El Centro de Operaciones de Emergencia (COE) aument\u00f3 a 18 el n\u00famero de provincias en alerta por las abundantes precipitaciones que se prev\u00e9 genere en el pa\u00eds la hasta ahora depresi\u00f3n tropical seis y que se pronostica se fortalecer\u00eda en el d\u00eda de hoy en la tormenta tropical Fred. El centro del potencial [&hellip;]\" \/>\n<meta property=\"og:url\" content=\"https:\/\/minutocerord.com\/?p=5316\" \/>\n<meta property=\"og:site_name\" content=\"Minuto Cero RD\" \/>\n<meta property=\"article:publisher\" content=\"https:\/\/www.facebook.com\/Genofnotes\" \/>\n<meta property=\"article:author\" content=\"https:\/\/www.facebook.com\/Genofnotes\" \/>\n<meta property=\"article:published_time\" content=\"2021-08-10T16:28:01+00:00\" \/>\n<meta property=\"article:modified_time\" content=\"2021-08-10T16:29:34+00:00\" \/>\n<meta property=\"og:image\" content=\"https:\/\/i0.wp.com\/minutocerord.com\/wp-content\/uploads\/2021\/08\/gloria-ceballos-la-mujer-del-tiempo.jpeg?fit=680%2C442&ssl=1\" \/>\n\t<meta property=\"og:image:width\" content=\"680\" \/>\n\t<meta property=\"og:image:height\" content=\"442\" \/>\n\t<meta property=\"og:image:type\" content=\"image\/jpeg\" \/>\n<meta name=\"author\" content=\"Genof\u00f3ntes Urb\u00e1ez\" \/>\n<meta name=\"twitter:card\" content=\"summary_large_image\" \/>\n<meta name=\"twitter:label1\" content=\"Written by\" \/>\n\t<meta name=\"twitter:data1\" content=\"Genof\u00f3ntes Urb\u00e1ez\" \/>\n\t<meta name=\"twitter:label2\" content=\"Est. reading time\" \/>\n\t<meta name=\"twitter:data2\" content=\"1 minuto\" \/>\n<script type=\"application\/ld+json\" class=\"yoast-schema-graph\">{\"@context\":\"https:\\\/\\\/schema.org\",\"@graph\":[{\"@type\":\"Article\",\"@id\":\"https:\\\/\\\/minutocerord.com\\\/?p=5316#article\",\"isPartOf\":{\"@id\":\"https:\\\/\\\/minutocerord.com\\\/?p=5316\"},\"author\":{\"name\":\"Genof\u00f3ntes Urb\u00e1ez\",\"@id\":\"https:\\\/\\\/minutocerord.com\\\/#\\\/schema\\\/person\\\/60b5372d60aaa0a5171fb6488be9aee6\"},\"headline\":\"Rep\u00fablica Dominicana en alerta por potencial cicl\u00f3n que pasar\u00eda cerca o sobre el territorio nacional este mi\u00e9rcoles\",\"datePublished\":\"2021-08-10T16:28:01+00:00\",\"dateModified\":\"2021-08-10T16:29:34+00:00\",\"mainEntityOfPage\":{\"@id\":\"https:\\\/\\\/minutocerord.com\\\/?p=5316\"},\"wordCount\":269,\"commentCount\":0,\"publisher\":{\"@id\":\"https:\\\/\\\/minutocerord.com\\\/#\\\/schema\\\/person\\\/60b5372d60aaa0a5171fb6488be9aee6\"},\"image\":{\"@id\":\"https:\\\/\\\/minutocerord.com\\\/?p=5316#primaryimage\"},\"thumbnailUrl\":\"https:\\\/\\\/i0.wp.com\\\/minutocerord.com\\\/wp-content\\\/uploads\\\/2021\\\/08\\\/gloria-ceballos-la-mujer-del-tiempo.jpeg?fit=680%2C442&ssl=1\",\"articleSection\":[\"El clima\"],\"inLanguage\":\"es-DO\",\"potentialAction\":[{\"@type\":\"CommentAction\",\"name\":\"Comment\",\"target\":[\"https:\\\/\\\/minutocerord.com\\\/?p=5316#respond\"]}]},{\"@type\":\"WebPage\",\"@id\":\"https:\\\/\\\/minutocerord.com\\\/?p=5316\",\"url\":\"https:\\\/\\\/minutocerord.com\\\/?p=5316\",\"name\":\"Rep\u00fablica Dominicana en alerta por potencial cicl\u00f3n que pasar\u00eda cerca o sobre el territorio nacional este mi\u00e9rcoles - Minuto Cero RD\",\"isPartOf\":{\"@id\":\"https:\\\/\\\/minutocerord.com\\\/#website\"},\"primaryImageOfPage\":{\"@id\":\"https:\\\/\\\/minutocerord.com\\\/?p=5316#primaryimage\"},\"image\":{\"@id\":\"https:\\\/\\\/minutocerord.com\\\/?p=5316#primaryimage\"},\"thumbnailUrl\":\"https:\\\/\\\/i0.wp.com\\\/minutocerord.com\\\/wp-content\\\/uploads\\\/2021\\\/08\\\/gloria-ceballos-la-mujer-del-tiempo.jpeg?fit=680%2C442&ssl=1\",\"datePublished\":\"2021-08-10T16:28:01+00:00\",\"dateModified\":\"2021-08-10T16:29:34+00:00\",\"breadcrumb\":{\"@id\":\"https:\\\/\\\/minutocerord.com\\\/?p=5316#breadcrumb\"},\"inLanguage\":\"es-DO\",\"potentialAction\":[{\"@type\":\"ReadAction\",\"target\":[\"https:\\\/\\\/minutocerord.com\\\/?p=5316\"]}]},{\"@type\":\"ImageObject\",\"inLanguage\":\"es-DO\",\"@id\":\"https:\\\/\\\/minutocerord.com\\\/?p=5316#primaryimage\",\"url\":\"https:\\\/\\\/i0.wp.com\\\/minutocerord.com\\\/wp-content\\\/uploads\\\/2021\\\/08\\\/gloria-ceballos-la-mujer-del-tiempo.jpeg?fit=680%2C442&ssl=1\",\"contentUrl\":\"https:\\\/\\\/i0.wp.com\\\/minutocerord.com\\\/wp-content\\\/uploads\\\/2021\\\/08\\\/gloria-ceballos-la-mujer-del-tiempo.jpeg?fit=680%2C442&ssl=1\",\"width\":680,\"height\":442},{\"@type\":\"BreadcrumbList\",\"@id\":\"https:\\\/\\\/minutocerord.com\\\/?p=5316#breadcrumb\",\"itemListElement\":[{\"@type\":\"ListItem\",\"position\":1,\"name\":\"Home\",\"item\":\"https:\\\/\\\/minutocerord.com\\\/\"},{\"@type\":\"ListItem\",\"position\":2,\"name\":\"Rep\u00fablica Dominicana en alerta por potencial cicl\u00f3n que pasar\u00eda cerca o sobre el territorio nacional este mi\u00e9rcoles\"}]},{\"@type\":\"WebSite\",\"@id\":\"https:\\\/\\\/minutocerord.com\\\/#website\",\"url\":\"https:\\\/\\\/minutocerord.com\\\/\",\"name\":\"Minuto Cero RD\",\"description\":\"Periodismo serio y veraz\",\"publisher\":{\"@id\":\"https:\\\/\\\/minutocerord.com\\\/#\\\/schema\\\/person\\\/60b5372d60aaa0a5171fb6488be9aee6\"},\"potentialAction\":[{\"@type\":\"SearchAction\",\"target\":{\"@type\":\"EntryPoint\",\"urlTemplate\":\"https:\\\/\\\/minutocerord.com\\\/?s={search_term_string}\"},\"query-input\":{\"@type\":\"PropertyValueSpecification\",\"valueRequired\":true,\"valueName\":\"search_term_string\"}}],\"inLanguage\":\"es-DO\"},{\"@type\":[\"Person\",\"Organization\"],\"@id\":\"https:\\\/\\\/minutocerord.com\\\/#\\\/schema\\\/person\\\/60b5372d60aaa0a5171fb6488be9aee6\",\"name\":\"Genof\u00f3ntes Urb\u00e1ez\",\"image\":{\"@type\":\"ImageObject\",\"inLanguage\":\"es-DO\",\"@id\":\"https:\\\/\\\/secure.gravatar.com\\\/avatar\\\/a49ef3186a692098ac3e8a1612261e3ad70cf9e44553dff2929e67939a0ecb9d?s=96&d=identicon&r=g\",\"url\":\"https:\\\/\\\/secure.gravatar.com\\\/avatar\\\/a49ef3186a692098ac3e8a1612261e3ad70cf9e44553dff2929e67939a0ecb9d?s=96&d=identicon&r=g\",\"contentUrl\":\"https:\\\/\\\/secure.gravatar.com\\\/avatar\\\/a49ef3186a692098ac3e8a1612261e3ad70cf9e44553dff2929e67939a0ecb9d?s=96&d=identicon&r=g\",\"caption\":\"Genof\u00f3ntes Urb\u00e1ez\"},\"logo\":{\"@id\":\"https:\\\/\\\/secure.gravatar.com\\\/avatar\\\/a49ef3186a692098ac3e8a1612261e3ad70cf9e44553dff2929e67939a0ecb9d?s=96&d=identicon&r=g\"},\"description\":\"Periodista \\\/ Locutor\",\"sameAs\":[\"https:\\\/\\\/www.facebook.com\\\/Genofnotes\",\"https:\\\/\\\/www.instagram.com\\\/genofnotes\\\/\"]}]}<\/script>\n<!-- \/ Yoast SEO plugin. -->","yoast_head_json":{"title":"Rep\u00fablica Dominicana en alerta por potencial cicl\u00f3n que pasar\u00eda cerca o sobre el territorio nacional este mi\u00e9rcoles - Minuto Cero RD","robots":{"index":"index","follow":"follow","max-snippet":"max-snippet:-1","max-image-preview":"max-image-preview:large","max-video-preview":"max-video-preview:-1"},"canonical":"https:\/\/minutocerord.com\/?p=5316","og_locale":"es_ES","og_type":"article","og_title":"Rep\u00fablica Dominicana en alerta por potencial cicl\u00f3n que pasar\u00eda cerca o sobre el territorio nacional este mi\u00e9rcoles - Minuto Cero RD","og_description":"Santo Domingo.- El Centro de Operaciones de Emergencia (COE) aument\u00f3 a 18 el n\u00famero de provincias en alerta por las abundantes precipitaciones que se prev\u00e9 genere en el pa\u00eds la hasta ahora depresi\u00f3n tropical seis y que se pronostica se fortalecer\u00eda en el d\u00eda de hoy en la tormenta tropical Fred. El centro del potencial [&hellip;]","og_url":"https:\/\/minutocerord.com\/?p=5316","og_site_name":"Minuto Cero RD","article_publisher":"https:\/\/www.facebook.com\/Genofnotes","article_author":"https:\/\/www.facebook.com\/Genofnotes","article_published_time":"2021-08-10T16:28:01+00:00","article_modified_time":"2021-08-10T16:29:34+00:00","og_image":[{"width":680,"height":442,"url":"https:\/\/i0.wp.com\/minutocerord.com\/wp-content\/uploads\/2021\/08\/gloria-ceballos-la-mujer-del-tiempo.jpeg?fit=680%2C442&ssl=1","type":"image\/jpeg"}],"author":"Genof\u00f3ntes Urb\u00e1ez","twitter_card":"summary_large_image","twitter_misc":{"Written by":"Genof\u00f3ntes Urb\u00e1ez","Est. reading time":"1 minuto"},"schema":{"@context":"https:\/\/schema.org","@graph":[{"@type":"Article","@id":"https:\/\/minutocerord.com\/?p=5316#article","isPartOf":{"@id":"https:\/\/minutocerord.com\/?p=5316"},"author":{"name":"Genof\u00f3ntes Urb\u00e1ez","@id":"https:\/\/minutocerord.com\/#\/schema\/person\/60b5372d60aaa0a5171fb6488be9aee6"},"headline":"Rep\u00fablica Dominicana en alerta por potencial cicl\u00f3n que pasar\u00eda cerca o sobre el territorio nacional este mi\u00e9rcoles","datePublished":"2021-08-10T16:28:01+00:00","dateModified":"2021-08-10T16:29:34+00:00","mainEntityOfPage":{"@id":"https:\/\/minutocerord.com\/?p=5316"},"wordCount":269,"commentCount":0,"publisher":{"@id":"https:\/\/minutocerord.com\/#\/schema\/person\/60b5372d60aaa0a5171fb6488be9aee6"},"image":{"@id":"https:\/\/minutocerord.com\/?p=5316#primaryimage"},"thumbnailUrl":"https:\/\/i0.wp.com\/minutocerord.com\/wp-content\/uploads\/2021\/08\/gloria-ceballos-la-mujer-del-tiempo.jpeg?fit=680%2C442&ssl=1","articleSection":["El clima"],"inLanguage":"es-DO","potentialAction":[{"@type":"CommentAction","name":"Comment","target":["https:\/\/minutocerord.com\/?p=5316#respond"]}]},{"@type":"WebPage","@id":"https:\/\/minutocerord.com\/?p=5316","url":"https:\/\/minutocerord.com\/?p=5316","name":"Rep\u00fablica Dominicana en alerta por potencial cicl\u00f3n que pasar\u00eda cerca o sobre el territorio nacional este mi\u00e9rcoles - Minuto Cero RD","isPartOf":{"@id":"https:\/\/minutocerord.com\/#website"},"primaryImageOfPage":{"@id":"https:\/\/minutocerord.com\/?p=5316#primaryimage"},"image":{"@id":"https:\/\/minutocerord.com\/?p=5316#primaryimage"},"thumbnailUrl":"https:\/\/i0.wp.com\/minutocerord.com\/wp-content\/uploads\/2021\/08\/gloria-ceballos-la-mujer-del-tiempo.jpeg?fit=680%2C442&ssl=1","datePublished":"2021-08-10T16:28:01+00:00","dateModified":"2021-08-10T16:29:34+00:00","breadcrumb":{"@id":"https:\/\/minutocerord.com\/?p=5316#breadcrumb"},"inLanguage":"es-DO","potentialAction":[{"@type":"ReadAction","target":["https:\/\/minutocerord.com\/?p=5316"]}]},{"@type":"ImageObject","inLanguage":"es-DO","@id":"https:\/\/minutocerord.com\/?p=5316#primaryimage","url":"https:\/\/i0.wp.com\/minutocerord.com\/wp-content\/uploads\/2021\/08\/gloria-ceballos-la-mujer-del-tiempo.jpeg?fit=680%2C442&ssl=1","contentUrl":"https:\/\/i0.wp.com\/minutocerord.com\/wp-content\/uploads\/2021\/08\/gloria-ceballos-la-mujer-del-tiempo.jpeg?fit=680%2C442&ssl=1","width":680,"height":442},{"@type":"BreadcrumbList","@id":"https:\/\/minutocerord.com\/?p=5316#breadcrumb","itemListElement":[{"@type":"ListItem","position":1,"name":"Home","item":"https:\/\/minutocerord.com\/"},{"@type":"ListItem","position":2,"name":"Rep\u00fablica Dominicana en alerta por potencial cicl\u00f3n que pasar\u00eda cerca o sobre el territorio nacional este mi\u00e9rcoles"}]},{"@type":"WebSite","@id":"https:\/\/minutocerord.com\/#website","url":"https:\/\/minutocerord.com\/","name":"Minuto Cero RD","description":"Periodismo serio y veraz","publisher":{"@id":"https:\/\/minutocerord.com\/#\/schema\/person\/60b5372d60aaa0a5171fb6488be9aee6"},"potentialAction":[{"@type":"SearchAction","target":{"@type":"EntryPoint","urlTemplate":"https:\/\/minutocerord.com\/?s={search_term_string}"},"query-input":{"@type":"PropertyValueSpecification","valueRequired":true,"valueName":"search_term_string"}}],"inLanguage":"es-DO"},{"@type":["Person","Organization"],"@id":"https:\/\/minutocerord.com\/#\/schema\/person\/60b5372d60aaa0a5171fb6488be9aee6","name":"Genof\u00f3ntes Urb\u00e1ez","image":{"@type":"ImageObject","inLanguage":"es-DO","@id":"https:\/\/secure.gravatar.com\/avatar\/a49ef3186a692098ac3e8a1612261e3ad70cf9e44553dff2929e67939a0ecb9d?s=96&d=identicon&r=g","url":"https:\/\/secure.gravatar.com\/avatar\/a49ef3186a692098ac3e8a1612261e3ad70cf9e44553dff2929e67939a0ecb9d?s=96&d=identicon&r=g","contentUrl":"https:\/\/secure.gravatar.com\/avatar\/a49ef3186a692098ac3e8a1612261e3ad70cf9e44553dff2929e67939a0ecb9d?s=96&d=identicon&r=g","caption":"Genof\u00f3ntes Urb\u00e1ez"},"logo":{"@id":"https:\/\/secure.gravatar.com\/avatar\/a49ef3186a692098ac3e8a1612261e3ad70cf9e44553dff2929e67939a0ecb9d?s=96&d=identicon&r=g"},"description":"Periodista \/ Locutor","sameAs":["https:\/\/www.facebook.com\/Genofnotes","https:\/\/www.instagram.com\/genofnotes\/"]}]}},"jetpack_publicize_connections":[],"jetpack_featured_media_url":"https:\/\/i0.wp.com\/minutocerord.com\/wp-content\/uploads\/2021\/08\/gloria-ceballos-la-mujer-del-tiempo.jpeg?fit=680%2C442&ssl=1","jetpack-related-posts":[],"jetpack_sharing_enabled":true,"_links":{"self":[{"href":"https:\/\/minutocerord.com\/index.php?rest_route=\/wp\/v2\/posts\/5316","targetHints":{"allow":["GET"]}}],"collection":[{"href":"https:\/\/minutocerord.com\/index.php?rest_route=\/wp\/v2\/posts"}],"about":[{"href":"https:\/\/minutocerord.com\/index.php?rest_route=\/wp\/v2\/types\/post"}],"author":[{"embeddable":true,"href":"https:\/\/minutocerord.com\/index.php?rest_route=\/wp\/v2\/users\/1"}],"replies":[{"embeddable":true,"href":"https:\/\/minutocerord.com\/index.php?rest_route=%2Fwp%2Fv2%2Fcomments&post=5316"}],"version-history":[{"count":2,"href":"https:\/\/minutocerord.com\/index.php?rest_route=\/wp\/v2\/posts\/5316\/revisions"}],"predecessor-version":[{"id":5320,"href":"https:\/\/minutocerord.com\/index.php?rest_route=\/wp\/v2\/posts\/5316\/revisions\/5320"}],"wp:featuredmedia":[{"embeddable":true,"href":"https:\/\/minutocerord.com\/index.php?rest_route=\/wp\/v2\/media\/5317"}],"wp:attachment":[{"href":"https:\/\/minutocerord.com\/index.php?rest_route=%2Fwp%2Fv2%2Fmedia&parent=5316"}],"wp:term":[{"taxonomy":"category","embeddable":true,"href":"https:\/\/minutocerord.com\/index.php?rest_route=%2Fwp%2Fv2%2Fcategories&post=5316"},{"taxonomy":"post_tag","embeddable":true,"href":"https:\/\/minutocerord.com\/index.php?rest_route=%2Fwp%2Fv2%2Ftags&post=5316"}],"curies":[{"name":"wp","href":"https:\/\/api.w.org\/{rel}","templated":true}]}}