{"id":5321,"date":"2021-08-10T12:38:27","date_gmt":"2021-08-10T16:38:27","guid":{"rendered":"https:\/\/minutocerord.com\/?p=5321"},"modified":"2021-08-10T13:35:03","modified_gmt":"2021-08-10T17:35:03","slug":"renuncia-el-gobernador-de-nueva-york-andrew-cuomo","status":"publish","type":"post","link":"https:\/\/minutocerord.com\/?p=5321","title":{"rendered":"Anuncia su renuncia el gobernador de Nueva York, Andrew Cuomo  \u00abAsumo toda la responsabilidad por mis acciones\u00bb"},"content":{"rendered":"\n<p><strong>New York.- <\/strong>El gobernador de Nueva York, Andrew Cuomo, anunci\u00f3 este martes que renunciar\u00e1 despu\u00e9s de que un informe fulminante del fiscal general del estado alegara que hab\u00eda acosado sexualmente a varias mujeres, lo que provoc\u00f3 llamadas de los principales dem\u00f3cratas, incluido el presidente Joe Biden, para que renunciara.<\/p>\n\n\n\n<p>\u00abY creo que, dadas las circunstancias, la mejor manera en que puedo ayudar ahora es si me hago a un lado y dejo que el gobierno vuelva al gobierno, y por lo tanto eso es lo que har\u00e9, porque trabajo para ustedes y hago lo correcto\u00bb. est\u00e1 haciendo lo correcto para usted \u00ab, dijo Cuomo.<\/p>\n\n\n\n<p>La vicegobernadora Kathy Hochul, dem\u00f3crata, cumplir\u00e1 el resto de su mandato y ser\u00e1 la primera gobernadora del estado.<\/p>\n\n\n\n<p>Enfrentando un proceso de juicio pol\u00edtico, que admiti\u00f3 que no podr\u00eda contrarrestar, Cuomo, de 63 a\u00f1os, anunci\u00f3 que dejar\u00e1 el cargo en 14 d\u00edas mientras contin\u00faa insistiendo en que no hizo nada malo.<\/p>\n\n\n\n<p>Hablando con sus tres hijas, Cuomo dijo: \u00abQuiero que sepan desde el fondo de mi coraz\u00f3n que nunca lo hice y que nunca le faltar\u00eda el respeto intencionalmente a una mujer, que tratar\u00eda a cualquier mujer de manera diferente a como me gustar\u00eda que fueran tratadas y esa es la verdad de Dios. verdad.\u00bb<\/p>\n\n\n\n<p>\u00abTu padre cometi\u00f3 errores. Y se disculp\u00f3, y aprendi\u00f3 de eso y de eso se trata la vida\u00bb.<\/p>\n\n\n\n<p>Despu\u00e9s de que lo golpearon por primera vez con acusaciones de acoso sexual a principios de este a\u00f1o, Cuomo ignor\u00f3 las demandas bipartidistas de que renunciara y predijo que la investigaci\u00f3n que autoriz\u00f3 a la fiscal general estatal Letitia James lo exonerar\u00eda. En cambio, el informe alegaba que hab\u00eda acosado a 11 mujeres, nueve de las cuales eran empleadas estatales, y sometido a algunas de ellas a toques y manoseos no deseados. Su oficina tambi\u00e9n tom\u00f3 represalias contra una de las mujeres despu\u00e9s de que ella habl\u00f3 sobre c\u00f3mo fue tratada, seg\u00fan el informe.<\/p>\n\n\n\n<p>A ra\u00edz del informe, la Asamblea estatal hab\u00eda comenzado a organizar procedimientos de acusaci\u00f3n. Los funcionarios locales encargados de hacer cumplir la ley tambi\u00e9n anunciaron que estaban investigando si los cargos penales eran apropiados.<\/p>\n","protected":false},"excerpt":{"rendered":"<p>New York.- El gobernador de Nueva York, Andrew Cuomo, anunci\u00f3 este martes que renunciar\u00e1 despu\u00e9s de que un informe fulminante del fiscal general del estado alegara que hab\u00eda acosado sexualmente a varias mujeres, lo que provoc\u00f3 llamadas de los principales dem\u00f3cratas, incluido el presidente Joe Biden, para que renunciara. \u00abY creo que, dadas las circunstancias, [&hellip;]<\/p>\n","protected":false},"author":1,"featured_media":5322,"comment_status":"open","ping_status":"open","sticky":false,"template":"","format":"standard","meta":{"nf_dc_page":"","jetpack_post_was_ever_published":false,"_jetpack_newsletter_access":"","_jetpack_dont_email_post_to_subs":false,"_jetpack_newsletter_tier_id":0,"_jetpack_memberships_contains_paywalled_content":false,"_jetpack_memberships_contains_paid_content":false,"footnotes":"","jetpack_publicize_message":"","jetpack_publicize_feature_enabled":true,"jetpack_social_post_already_shared":false,"jetpack_social_options":{"image_generator_settings":{"template":"highway","default_image_id":0,"font":"","enabled":false},"version":2}},"categories":[82],"tags":[],"class_list":["post-5321","post","type-post","status-publish","format-standard","has-post-thumbnail","hentry","category-new-york"],"yoast_head":"<!-- This site is optimized with the Yoast SEO plugin v27.4 - https:\/\/yoast.com\/product\/yoast-seo-wordpress\/ -->\n<title>Anuncia su renuncia el gobernador de Nueva York, Andrew Cuomo \u00abAsumo toda la responsabilidad por mis acciones\u00bb - Minuto Cero RD<\/title>\n<meta name=\"robots\" content=\"index, follow, max-snippet:-1, max-image-preview:large, max-video-preview:-1\" \/>\n<link rel=\"canonical\" href=\"http:\/\/minutocerord.com\/?p=5321\" \/>\n<meta property=\"og:locale\" content=\"es_ES\" \/>\n<meta property=\"og:type\" content=\"article\" \/>\n<meta property=\"og:title\" content=\"Anuncia su renuncia el gobernador de Nueva York, Andrew Cuomo \u00abAsumo toda la responsabilidad por mis acciones\u00bb - Minuto Cero RD\" \/>\n<meta property=\"og:description\" content=\"New York.- El gobernador de Nueva York, Andrew Cuomo, anunci\u00f3 este martes que renunciar\u00e1 despu\u00e9s de que un informe fulminante del fiscal general del estado alegara que hab\u00eda acosado sexualmente a varias mujeres, lo que provoc\u00f3 llamadas de los principales dem\u00f3cratas, incluido el presidente Joe Biden, para que renunciara. \u00abY creo que, dadas las circunstancias, [&hellip;]\" \/>\n<meta property=\"og:url\" content=\"http:\/\/minutocerord.com\/?p=5321\" \/>\n<meta property=\"og:site_name\" content=\"Minuto Cero RD\" \/>\n<meta property=\"article:publisher\" content=\"https:\/\/www.facebook.com\/Genofnotes\" \/>\n<meta property=\"article:author\" content=\"https:\/\/www.facebook.com\/Genofnotes\" \/>\n<meta property=\"article:published_time\" content=\"2021-08-10T16:38:27+00:00\" \/>\n<meta property=\"article:modified_time\" content=\"2021-08-10T17:35:03+00:00\" \/>\n<meta property=\"og:image\" content=\"https:\/\/i0.wp.com\/minutocerord.com\/wp-content\/uploads\/2021\/08\/Andrew-Cuomo-770x540-1.jpg?fit=770%2C540\" \/>\n\t<meta property=\"og:image:width\" content=\"770\" \/>\n\t<meta property=\"og:image:height\" content=\"540\" \/>\n\t<meta property=\"og:image:type\" content=\"image\/jpeg\" \/>\n<meta name=\"author\" content=\"Genof\u00f3ntes Urb\u00e1ez\" \/>\n<meta name=\"twitter:card\" content=\"summary_large_image\" \/>\n<meta name=\"twitter:label1\" content=\"Written by\" \/>\n\t<meta name=\"twitter:data1\" content=\"Genof\u00f3ntes Urb\u00e1ez\" \/>\n\t<meta name=\"twitter:label2\" content=\"Est. reading time\" \/>\n\t<meta name=\"twitter:data2\" content=\"2 minutos\" \/>\n<script type=\"application\/ld+json\" class=\"yoast-schema-graph\">{\"@context\":\"https:\\\/\\\/schema.org\",\"@graph\":[{\"@type\":\"Article\",\"@id\":\"http:\\\/\\\/minutocerord.com\\\/?p=5321#article\",\"isPartOf\":{\"@id\":\"http:\\\/\\\/minutocerord.com\\\/?p=5321\"},\"author\":{\"name\":\"Genof\u00f3ntes Urb\u00e1ez\",\"@id\":\"https:\\\/\\\/minutocerord.com\\\/#\\\/schema\\\/person\\\/60b5372d60aaa0a5171fb6488be9aee6\"},\"headline\":\"Anuncia su renuncia el gobernador de Nueva York, Andrew Cuomo \u00abAsumo toda la responsabilidad por mis acciones\u00bb\",\"datePublished\":\"2021-08-10T16:38:27+00:00\",\"dateModified\":\"2021-08-10T17:35:03+00:00\",\"mainEntityOfPage\":{\"@id\":\"http:\\\/\\\/minutocerord.com\\\/?p=5321\"},\"wordCount\":395,\"commentCount\":0,\"publisher\":{\"@id\":\"https:\\\/\\\/minutocerord.com\\\/#\\\/schema\\\/person\\\/60b5372d60aaa0a5171fb6488be9aee6\"},\"image\":{\"@id\":\"http:\\\/\\\/minutocerord.com\\\/?p=5321#primaryimage\"},\"thumbnailUrl\":\"https:\\\/\\\/i0.wp.com\\\/minutocerord.com\\\/wp-content\\\/uploads\\\/2021\\\/08\\\/Andrew-Cuomo-770x540-1.jpg?fit=770%2C540&ssl=1\",\"articleSection\":[\"New York\"],\"inLanguage\":\"es-DO\",\"potentialAction\":[{\"@type\":\"CommentAction\",\"name\":\"Comment\",\"target\":[\"http:\\\/\\\/minutocerord.com\\\/?p=5321#respond\"]}]},{\"@type\":\"WebPage\",\"@id\":\"http:\\\/\\\/minutocerord.com\\\/?p=5321\",\"url\":\"http:\\\/\\\/minutocerord.com\\\/?p=5321\",\"name\":\"Anuncia su renuncia el gobernador de Nueva York, Andrew Cuomo \u00abAsumo toda la responsabilidad por mis acciones\u00bb - Minuto Cero RD\",\"isPartOf\":{\"@id\":\"https:\\\/\\\/minutocerord.com\\\/#website\"},\"primaryImageOfPage\":{\"@id\":\"http:\\\/\\\/minutocerord.com\\\/?p=5321#primaryimage\"},\"image\":{\"@id\":\"http:\\\/\\\/minutocerord.com\\\/?p=5321#primaryimage\"},\"thumbnailUrl\":\"https:\\\/\\\/i0.wp.com\\\/minutocerord.com\\\/wp-content\\\/uploads\\\/2021\\\/08\\\/Andrew-Cuomo-770x540-1.jpg?fit=770%2C540&ssl=1\",\"datePublished\":\"2021-08-10T16:38:27+00:00\",\"dateModified\":\"2021-08-10T17:35:03+00:00\",\"breadcrumb\":{\"@id\":\"http:\\\/\\\/minutocerord.com\\\/?p=5321#breadcrumb\"},\"inLanguage\":\"es-DO\",\"potentialAction\":[{\"@type\":\"ReadAction\",\"target\":[\"http:\\\/\\\/minutocerord.com\\\/?p=5321\"]}]},{\"@type\":\"ImageObject\",\"inLanguage\":\"es-DO\",\"@id\":\"http:\\\/\\\/minutocerord.com\\\/?p=5321#primaryimage\",\"url\":\"https:\\\/\\\/i0.wp.com\\\/minutocerord.com\\\/wp-content\\\/uploads\\\/2021\\\/08\\\/Andrew-Cuomo-770x540-1.jpg?fit=770%2C540&ssl=1\",\"contentUrl\":\"https:\\\/\\\/i0.wp.com\\\/minutocerord.com\\\/wp-content\\\/uploads\\\/2021\\\/08\\\/Andrew-Cuomo-770x540-1.jpg?fit=770%2C540&ssl=1\",\"width\":770,\"height\":540},{\"@type\":\"BreadcrumbList\",\"@id\":\"http:\\\/\\\/minutocerord.com\\\/?p=5321#breadcrumb\",\"itemListElement\":[{\"@type\":\"ListItem\",\"position\":1,\"name\":\"Home\",\"item\":\"https:\\\/\\\/minutocerord.com\\\/\"},{\"@type\":\"ListItem\",\"position\":2,\"name\":\"Anuncia su renuncia el gobernador de Nueva York, Andrew Cuomo \u00abAsumo toda la responsabilidad por mis acciones\u00bb\"}]},{\"@type\":\"WebSite\",\"@id\":\"https:\\\/\\\/minutocerord.com\\\/#website\",\"url\":\"https:\\\/\\\/minutocerord.com\\\/\",\"name\":\"Minuto Cero RD\",\"description\":\"Periodismo serio y veraz\",\"publisher\":{\"@id\":\"https:\\\/\\\/minutocerord.com\\\/#\\\/schema\\\/person\\\/60b5372d60aaa0a5171fb6488be9aee6\"},\"potentialAction\":[{\"@type\":\"SearchAction\",\"target\":{\"@type\":\"EntryPoint\",\"urlTemplate\":\"https:\\\/\\\/minutocerord.com\\\/?s={search_term_string}\"},\"query-input\":{\"@type\":\"PropertyValueSpecification\",\"valueRequired\":true,\"valueName\":\"search_term_string\"}}],\"inLanguage\":\"es-DO\"},{\"@type\":[\"Person\",\"Organization\"],\"@id\":\"https:\\\/\\\/minutocerord.com\\\/#\\\/schema\\\/person\\\/60b5372d60aaa0a5171fb6488be9aee6\",\"name\":\"Genof\u00f3ntes Urb\u00e1ez\",\"image\":{\"@type\":\"ImageObject\",\"inLanguage\":\"es-DO\",\"@id\":\"https:\\\/\\\/secure.gravatar.com\\\/avatar\\\/a49ef3186a692098ac3e8a1612261e3ad70cf9e44553dff2929e67939a0ecb9d?s=96&d=identicon&r=g\",\"url\":\"https:\\\/\\\/secure.gravatar.com\\\/avatar\\\/a49ef3186a692098ac3e8a1612261e3ad70cf9e44553dff2929e67939a0ecb9d?s=96&d=identicon&r=g\",\"contentUrl\":\"https:\\\/\\\/secure.gravatar.com\\\/avatar\\\/a49ef3186a692098ac3e8a1612261e3ad70cf9e44553dff2929e67939a0ecb9d?s=96&d=identicon&r=g\",\"caption\":\"Genof\u00f3ntes Urb\u00e1ez\"},\"logo\":{\"@id\":\"https:\\\/\\\/secure.gravatar.com\\\/avatar\\\/a49ef3186a692098ac3e8a1612261e3ad70cf9e44553dff2929e67939a0ecb9d?s=96&d=identicon&r=g\"},\"description\":\"Periodista \\\/ Locutor\",\"sameAs\":[\"https:\\\/\\\/www.facebook.com\\\/Genofnotes\",\"https:\\\/\\\/www.instagram.com\\\/genofnotes\\\/\"]}]}<\/script>\n<!-- \/ Yoast SEO plugin. -->","yoast_head_json":{"title":"Anuncia su renuncia el gobernador de Nueva York, Andrew Cuomo \u00abAsumo toda la responsabilidad por mis acciones\u00bb - Minuto Cero RD","robots":{"index":"index","follow":"follow","max-snippet":"max-snippet:-1","max-image-preview":"max-image-preview:large","max-video-preview":"max-video-preview:-1"},"canonical":"http:\/\/minutocerord.com\/?p=5321","og_locale":"es_ES","og_type":"article","og_title":"Anuncia su renuncia el gobernador de Nueva York, Andrew Cuomo \u00abAsumo toda la responsabilidad por mis acciones\u00bb - Minuto Cero RD","og_description":"New York.- El gobernador de Nueva York, Andrew Cuomo, anunci\u00f3 este martes que renunciar\u00e1 despu\u00e9s de que un informe fulminante del fiscal general del estado alegara que hab\u00eda acosado sexualmente a varias mujeres, lo que provoc\u00f3 llamadas de los principales dem\u00f3cratas, incluido el presidente Joe Biden, para que renunciara. \u00abY creo que, dadas las circunstancias, [&hellip;]","og_url":"http:\/\/minutocerord.com\/?p=5321","og_site_name":"Minuto Cero RD","article_publisher":"https:\/\/www.facebook.com\/Genofnotes","article_author":"https:\/\/www.facebook.com\/Genofnotes","article_published_time":"2021-08-10T16:38:27+00:00","article_modified_time":"2021-08-10T17:35:03+00:00","og_image":[{"width":770,"height":540,"url":"https:\/\/i0.wp.com\/minutocerord.com\/wp-content\/uploads\/2021\/08\/Andrew-Cuomo-770x540-1.jpg?fit=770%2C540","type":"image\/jpeg"}],"author":"Genof\u00f3ntes Urb\u00e1ez","twitter_card":"summary_large_image","twitter_misc":{"Written by":"Genof\u00f3ntes Urb\u00e1ez","Est. reading time":"2 minutos"},"schema":{"@context":"https:\/\/schema.org","@graph":[{"@type":"Article","@id":"http:\/\/minutocerord.com\/?p=5321#article","isPartOf":{"@id":"http:\/\/minutocerord.com\/?p=5321"},"author":{"name":"Genof\u00f3ntes Urb\u00e1ez","@id":"https:\/\/minutocerord.com\/#\/schema\/person\/60b5372d60aaa0a5171fb6488be9aee6"},"headline":"Anuncia su renuncia el gobernador de Nueva York, Andrew Cuomo \u00abAsumo toda la responsabilidad por mis acciones\u00bb","datePublished":"2021-08-10T16:38:27+00:00","dateModified":"2021-08-10T17:35:03+00:00","mainEntityOfPage":{"@id":"http:\/\/minutocerord.com\/?p=5321"},"wordCount":395,"commentCount":0,"publisher":{"@id":"https:\/\/minutocerord.com\/#\/schema\/person\/60b5372d60aaa0a5171fb6488be9aee6"},"image":{"@id":"http:\/\/minutocerord.com\/?p=5321#primaryimage"},"thumbnailUrl":"https:\/\/i0.wp.com\/minutocerord.com\/wp-content\/uploads\/2021\/08\/Andrew-Cuomo-770x540-1.jpg?fit=770%2C540&ssl=1","articleSection":["New York"],"inLanguage":"es-DO","potentialAction":[{"@type":"CommentAction","name":"Comment","target":["http:\/\/minutocerord.com\/?p=5321#respond"]}]},{"@type":"WebPage","@id":"http:\/\/minutocerord.com\/?p=5321","url":"http:\/\/minutocerord.com\/?p=5321","name":"Anuncia su renuncia el gobernador de Nueva York, Andrew Cuomo \u00abAsumo toda la responsabilidad por mis acciones\u00bb - Minuto Cero RD","isPartOf":{"@id":"https:\/\/minutocerord.com\/#website"},"primaryImageOfPage":{"@id":"http:\/\/minutocerord.com\/?p=5321#primaryimage"},"image":{"@id":"http:\/\/minutocerord.com\/?p=5321#primaryimage"},"thumbnailUrl":"https:\/\/i0.wp.com\/minutocerord.com\/wp-content\/uploads\/2021\/08\/Andrew-Cuomo-770x540-1.jpg?fit=770%2C540&ssl=1","datePublished":"2021-08-10T16:38:27+00:00","dateModified":"2021-08-10T17:35:03+00:00","breadcrumb":{"@id":"http:\/\/minutocerord.com\/?p=5321#breadcrumb"},"inLanguage":"es-DO","potentialAction":[{"@type":"ReadAction","target":["http:\/\/minutocerord.com\/?p=5321"]}]},{"@type":"ImageObject","inLanguage":"es-DO","@id":"http:\/\/minutocerord.com\/?p=5321#primaryimage","url":"https:\/\/i0.wp.com\/minutocerord.com\/wp-content\/uploads\/2021\/08\/Andrew-Cuomo-770x540-1.jpg?fit=770%2C540&ssl=1","contentUrl":"https:\/\/i0.wp.com\/minutocerord.com\/wp-content\/uploads\/2021\/08\/Andrew-Cuomo-770x540-1.jpg?fit=770%2C540&ssl=1","width":770,"height":540},{"@type":"BreadcrumbList","@id":"http:\/\/minutocerord.com\/?p=5321#breadcrumb","itemListElement":[{"@type":"ListItem","position":1,"name":"Home","item":"https:\/\/minutocerord.com\/"},{"@type":"ListItem","position":2,"name":"Anuncia su renuncia el gobernador de Nueva York, Andrew Cuomo \u00abAsumo toda la responsabilidad por mis acciones\u00bb"}]},{"@type":"WebSite","@id":"https:\/\/minutocerord.com\/#website","url":"https:\/\/minutocerord.com\/","name":"Minuto Cero RD","description":"Periodismo serio y veraz","publisher":{"@id":"https:\/\/minutocerord.com\/#\/schema\/person\/60b5372d60aaa0a5171fb6488be9aee6"},"potentialAction":[{"@type":"SearchAction","target":{"@type":"EntryPoint","urlTemplate":"https:\/\/minutocerord.com\/?s={search_term_string}"},"query-input":{"@type":"PropertyValueSpecification","valueRequired":true,"valueName":"search_term_string"}}],"inLanguage":"es-DO"},{"@type":["Person","Organization"],"@id":"https:\/\/minutocerord.com\/#\/schema\/person\/60b5372d60aaa0a5171fb6488be9aee6","name":"Genof\u00f3ntes Urb\u00e1ez","image":{"@type":"ImageObject","inLanguage":"es-DO","@id":"https:\/\/secure.gravatar.com\/avatar\/a49ef3186a692098ac3e8a1612261e3ad70cf9e44553dff2929e67939a0ecb9d?s=96&d=identicon&r=g","url":"https:\/\/secure.gravatar.com\/avatar\/a49ef3186a692098ac3e8a1612261e3ad70cf9e44553dff2929e67939a0ecb9d?s=96&d=identicon&r=g","contentUrl":"https:\/\/secure.gravatar.com\/avatar\/a49ef3186a692098ac3e8a1612261e3ad70cf9e44553dff2929e67939a0ecb9d?s=96&d=identicon&r=g","caption":"Genof\u00f3ntes Urb\u00e1ez"},"logo":{"@id":"https:\/\/secure.gravatar.com\/avatar\/a49ef3186a692098ac3e8a1612261e3ad70cf9e44553dff2929e67939a0ecb9d?s=96&d=identicon&r=g"},"description":"Periodista \/ Locutor","sameAs":["https:\/\/www.facebook.com\/Genofnotes","https:\/\/www.instagram.com\/genofnotes\/"]}]}},"jetpack_publicize_connections":[],"jetpack_featured_media_url":"https:\/\/i0.wp.com\/minutocerord.com\/wp-content\/uploads\/2021\/08\/Andrew-Cuomo-770x540-1.jpg?fit=770%2C540&ssl=1","jetpack-related-posts":[],"jetpack_sharing_enabled":true,"_links":{"self":[{"href":"https:\/\/minutocerord.com\/index.php?rest_route=\/wp\/v2\/posts\/5321","targetHints":{"allow":["GET"]}}],"collection":[{"href":"https:\/\/minutocerord.com\/index.php?rest_route=\/wp\/v2\/posts"}],"about":[{"href":"https:\/\/minutocerord.com\/index.php?rest_route=\/wp\/v2\/types\/post"}],"author":[{"embeddable":true,"href":"https:\/\/minutocerord.com\/index.php?rest_route=\/wp\/v2\/users\/1"}],"replies":[{"embeddable":true,"href":"https:\/\/minutocerord.com\/index.php?rest_route=%2Fwp%2Fv2%2Fcomments&post=5321"}],"version-history":[{"count":4,"href":"https:\/\/minutocerord.com\/index.php?rest_route=\/wp\/v2\/posts\/5321\/revisions"}],"predecessor-version":[{"id":5326,"href":"https:\/\/minutocerord.com\/index.php?rest_route=\/wp\/v2\/posts\/5321\/revisions\/5326"}],"wp:featuredmedia":[{"embeddable":true,"href":"https:\/\/minutocerord.com\/index.php?rest_route=\/wp\/v2\/media\/5322"}],"wp:attachment":[{"href":"https:\/\/minutocerord.com\/index.php?rest_route=%2Fwp%2Fv2%2Fmedia&parent=5321"}],"wp:term":[{"taxonomy":"category","embeddable":true,"href":"https:\/\/minutocerord.com\/index.php?rest_route=%2Fwp%2Fv2%2Fcategories&post=5321"},{"taxonomy":"post_tag","embeddable":true,"href":"https:\/\/minutocerord.com\/index.php?rest_route=%2Fwp%2Fv2%2Ftags&post=5321"}],"curies":[{"name":"wp","href":"https:\/\/api.w.org\/{rel}","templated":true}]}}