{"id":5332,"date":"2021-08-10T15:52:12","date_gmt":"2021-08-10T19:52:12","guid":{"rendered":"https:\/\/minutocerord.com\/?p=5332"},"modified":"2021-08-10T15:52:15","modified_gmt":"2021-08-10T19:52:15","slug":"eeuu-gobernador-de-ny-no-aviso-a-la-casa-blanca-sobre-renuncia-segun-nbc","status":"publish","type":"post","link":"https:\/\/minutocerord.com\/?p=5332","title":{"rendered":"EEUU: Gobernador de NY no avis\u00f3 a la Casa Blanca sobre renuncia, seg\u00fan NBC"},"content":{"rendered":"\n<p><strong>WASHINGTON.-<\/strong> Un alto funcionario de la Casa Blanca dijo a NBC News que el gobernador Andrew Cuomo no le dio un aviso a la presidencia antes de ofrecer\u00a0<a href=\"https:\/\/www.telemundo47.com\/historias-destacadas\/abogada-de-cuomo-realizara-una-sesion-informativa-en-medio-del-escandalo-de-acoso-sexual-del-gobernador\/2206856\/\" target=\"_blank\" rel=\"noreferrer noopener\">su renuncia, efectiva en 14 d\u00edas<\/a>, tras las acusaciones de conducta inapropiada contra miembros de su equipo.<\/p>\n\n\n\n<p>El mismo funcionario indic\u00f3 que el gobernador de Nueva York y el presidente Joe Biden no han conversado desde la divulgaci\u00f3n de los resultados de la investigaci\u00f3n de la Fiscal\u00eda Estatal, que concluy\u00f3 con al menos 11 casos de supuesto abuso sexual por parte de Cuomo.<\/p>\n\n\n\n<p>La misma fuente dijo que parte del personal de la Casa Blanca vio por televisi\u00f3n y en silencio el anuncio de Cuomo y que Jen Psaki, secretaria de Prensa, retras\u00f3 su encuentro con la prensa hoy tras lo sucedido, en tanto la conversaci\u00f3n planificada girar\u00eda alrededor del reci\u00e9n aprobado plan de infraestructura.<\/p>\n\n\n\n<p>Cuando se divulgaron las conclusiones de la Fiscal\u00eda,&nbsp;<a href=\"https:\/\/www.telemundo47.com\/historias-destacadas\/el-presidente-joe-biden-y-la-lider-nancy-pelosi-demandan-la-renuncia-del-gobernador-cuomo\" target=\"_blank\" rel=\"noreferrer noopener\">el presidente Biden fue una de las voces dem\u00f3cratas<\/a>&nbsp;que llam\u00f3 al gobernador a separarse de su cargo.<\/p>\n\n\n\n<p><strong>Renuncia<\/strong><\/p>\n\n\n\n<p>Cuomo renunci\u00f3 el martes por una serie de acusaciones de acoso sexual, un a\u00f1o despu\u00e9s de que fuera aclamado a nivel nacional por sus detallados informes diarios y su liderazgo durante los d\u00edas m\u00e1s oscuros del COVID-19.<\/p>\n\n\n\n<p>La decisi\u00f3n del gobernador, que llevaba tres mandatos, entrar\u00e1 en vigor en dos semanas y fue anunciada mientras en la Legislatura estatal se evaluaba un posible juicio pol\u00edtico para destituirlo. La renuncia se da tambi\u00e9n d\u00edas despu\u00e9s de que la fiscal general de Nueva York public\u00f3 los resultados de una investigaci\u00f3n que encontr\u00f3 que Cuomo acos\u00f3 sexualmente al menos a 11 mujeres.<\/p>\n\n\n\n<p>Los investigadores dijeron que adem\u00e1s de besarlas sin autorizaci\u00f3n, las toc\u00f3 de manera inapropiada, incluso en pechos o gl\u00fateos; hizo comentarios insinuantes sobre su apariencia y su vida sexual; y cre\u00f3 un ambiente de trabajo \u201cplagado de miedo e intimidaci\u00f3n\u201d.<\/p>\n\n\n\n<p><a href=\"https:\/\/www.telemundo47.com\/historias-destacadas\/kathy-hochul-sera-la-primera-gobernadora-en-la-historia-de-nueva-york-tras-la-renuncia-de-cuomo\" target=\"_blank\" rel=\"noreferrer noopener\">La vicegobernadora Kathy Hochul<\/a>, una dem\u00f3crata de 62 a\u00f1os y excongresista del \u00e1rea de Buffalo, se convertir\u00e1 en la gobernadora n\u00famero 57 del estado y la primera mujer en ocupar el cargo.<\/p>\n","protected":false},"excerpt":{"rendered":"<p>WASHINGTON.- Un alto funcionario de la Casa Blanca dijo a NBC News que el gobernador Andrew Cuomo no le dio un aviso a la presidencia antes de ofrecer\u00a0su renuncia, efectiva en 14 d\u00edas, tras las acusaciones de conducta inapropiada contra miembros de su equipo. El mismo funcionario indic\u00f3 que el gobernador de Nueva York y [&hellip;]<\/p>\n","protected":false},"author":1,"featured_media":5334,"comment_status":"open","ping_status":"open","sticky":false,"template":"","format":"standard","meta":{"nf_dc_page":"","jetpack_post_was_ever_published":false,"_jetpack_newsletter_access":"","_jetpack_dont_email_post_to_subs":false,"_jetpack_newsletter_tier_id":0,"_jetpack_memberships_contains_paywalled_content":false,"_jetpack_memberships_contains_paid_content":false,"footnotes":"","jetpack_publicize_message":"","jetpack_publicize_feature_enabled":true,"jetpack_social_post_already_shared":false,"jetpack_social_options":{"image_generator_settings":{"template":"highway","default_image_id":0,"font":"","enabled":false},"version":2}},"categories":[83],"tags":[],"class_list":["post-5332","post","type-post","status-publish","format-standard","has-post-thumbnail","hentry","category-estados-unidos"],"yoast_head":"<!-- This site is optimized with the Yoast SEO plugin v27.5 - https:\/\/yoast.com\/product\/yoast-seo-wordpress\/ -->\n<title>EEUU: Gobernador de NY no avis\u00f3 a la Casa Blanca sobre renuncia, seg\u00fan NBC - Minuto Cero RD<\/title>\n<meta name=\"robots\" content=\"index, follow, max-snippet:-1, max-image-preview:large, max-video-preview:-1\" \/>\n<link rel=\"canonical\" href=\"http:\/\/minutocerord.com\/?p=5332\" \/>\n<meta property=\"og:locale\" content=\"es_ES\" \/>\n<meta property=\"og:type\" content=\"article\" \/>\n<meta property=\"og:title\" content=\"EEUU: Gobernador de NY no avis\u00f3 a la Casa Blanca sobre renuncia, seg\u00fan NBC - Minuto Cero RD\" \/>\n<meta property=\"og:description\" content=\"WASHINGTON.- Un alto funcionario de la Casa Blanca dijo a NBC News que el gobernador Andrew Cuomo no le dio un aviso a la presidencia antes de ofrecer\u00a0su renuncia, efectiva en 14 d\u00edas, tras las acusaciones de conducta inapropiada contra miembros de su equipo. El mismo funcionario indic\u00f3 que el gobernador de Nueva York y [&hellip;]\" \/>\n<meta property=\"og:url\" content=\"http:\/\/minutocerord.com\/?p=5332\" \/>\n<meta property=\"og:site_name\" content=\"Minuto Cero RD\" \/>\n<meta property=\"article:publisher\" content=\"https:\/\/www.facebook.com\/Genofnotes\" \/>\n<meta property=\"article:author\" content=\"https:\/\/www.facebook.com\/Genofnotes\" \/>\n<meta property=\"article:published_time\" content=\"2021-08-10T19:52:12+00:00\" \/>\n<meta property=\"article:modified_time\" content=\"2021-08-10T19:52:15+00:00\" \/>\n<meta property=\"og:image\" content=\"https:\/\/i0.wp.com\/minutocerord.com\/wp-content\/uploads\/2021\/08\/renuncia.jpg?fit=799%2C449\" \/>\n\t<meta property=\"og:image:width\" content=\"799\" \/>\n\t<meta property=\"og:image:height\" content=\"449\" \/>\n\t<meta property=\"og:image:type\" content=\"image\/jpeg\" \/>\n<meta name=\"author\" content=\"Genof\u00f3ntes Urb\u00e1ez\" \/>\n<meta name=\"twitter:card\" content=\"summary_large_image\" \/>\n<meta name=\"twitter:label1\" content=\"Written by\" \/>\n\t<meta name=\"twitter:data1\" content=\"Genof\u00f3ntes Urb\u00e1ez\" \/>\n\t<meta name=\"twitter:label2\" content=\"Est. reading time\" \/>\n\t<meta name=\"twitter:data2\" content=\"2 minutos\" \/>\n<script type=\"application\/ld+json\" class=\"yoast-schema-graph\">{\"@context\":\"https:\\\/\\\/schema.org\",\"@graph\":[{\"@type\":\"Article\",\"@id\":\"http:\\\/\\\/minutocerord.com\\\/?p=5332#article\",\"isPartOf\":{\"@id\":\"http:\\\/\\\/minutocerord.com\\\/?p=5332\"},\"author\":{\"name\":\"Genof\u00f3ntes Urb\u00e1ez\",\"@id\":\"https:\\\/\\\/minutocerord.com\\\/#\\\/schema\\\/person\\\/60b5372d60aaa0a5171fb6488be9aee6\"},\"headline\":\"EEUU: Gobernador de NY no avis\u00f3 a la Casa Blanca sobre renuncia, seg\u00fan NBC\",\"datePublished\":\"2021-08-10T19:52:12+00:00\",\"dateModified\":\"2021-08-10T19:52:15+00:00\",\"mainEntityOfPage\":{\"@id\":\"http:\\\/\\\/minutocerord.com\\\/?p=5332\"},\"wordCount\":381,\"commentCount\":0,\"publisher\":{\"@id\":\"https:\\\/\\\/minutocerord.com\\\/#\\\/schema\\\/person\\\/60b5372d60aaa0a5171fb6488be9aee6\"},\"image\":{\"@id\":\"http:\\\/\\\/minutocerord.com\\\/?p=5332#primaryimage\"},\"thumbnailUrl\":\"https:\\\/\\\/i0.wp.com\\\/minutocerord.com\\\/wp-content\\\/uploads\\\/2021\\\/08\\\/renuncia.jpg?fit=799%2C449&ssl=1\",\"articleSection\":[\"Estados Unidos\"],\"inLanguage\":\"es-DO\",\"potentialAction\":[{\"@type\":\"CommentAction\",\"name\":\"Comment\",\"target\":[\"http:\\\/\\\/minutocerord.com\\\/?p=5332#respond\"]}]},{\"@type\":\"WebPage\",\"@id\":\"http:\\\/\\\/minutocerord.com\\\/?p=5332\",\"url\":\"http:\\\/\\\/minutocerord.com\\\/?p=5332\",\"name\":\"EEUU: Gobernador de NY no avis\u00f3 a la Casa Blanca sobre renuncia, seg\u00fan NBC - Minuto Cero RD\",\"isPartOf\":{\"@id\":\"https:\\\/\\\/minutocerord.com\\\/#website\"},\"primaryImageOfPage\":{\"@id\":\"http:\\\/\\\/minutocerord.com\\\/?p=5332#primaryimage\"},\"image\":{\"@id\":\"http:\\\/\\\/minutocerord.com\\\/?p=5332#primaryimage\"},\"thumbnailUrl\":\"https:\\\/\\\/i0.wp.com\\\/minutocerord.com\\\/wp-content\\\/uploads\\\/2021\\\/08\\\/renuncia.jpg?fit=799%2C449&ssl=1\",\"datePublished\":\"2021-08-10T19:52:12+00:00\",\"dateModified\":\"2021-08-10T19:52:15+00:00\",\"breadcrumb\":{\"@id\":\"http:\\\/\\\/minutocerord.com\\\/?p=5332#breadcrumb\"},\"inLanguage\":\"es-DO\",\"potentialAction\":[{\"@type\":\"ReadAction\",\"target\":[\"http:\\\/\\\/minutocerord.com\\\/?p=5332\"]}]},{\"@type\":\"ImageObject\",\"inLanguage\":\"es-DO\",\"@id\":\"http:\\\/\\\/minutocerord.com\\\/?p=5332#primaryimage\",\"url\":\"https:\\\/\\\/i0.wp.com\\\/minutocerord.com\\\/wp-content\\\/uploads\\\/2021\\\/08\\\/renuncia.jpg?fit=799%2C449&ssl=1\",\"contentUrl\":\"https:\\\/\\\/i0.wp.com\\\/minutocerord.com\\\/wp-content\\\/uploads\\\/2021\\\/08\\\/renuncia.jpg?fit=799%2C449&ssl=1\",\"width\":799,\"height\":449},{\"@type\":\"BreadcrumbList\",\"@id\":\"http:\\\/\\\/minutocerord.com\\\/?p=5332#breadcrumb\",\"itemListElement\":[{\"@type\":\"ListItem\",\"position\":1,\"name\":\"Home\",\"item\":\"https:\\\/\\\/minutocerord.com\\\/\"},{\"@type\":\"ListItem\",\"position\":2,\"name\":\"EEUU: Gobernador de NY no avis\u00f3 a la Casa Blanca sobre renuncia, seg\u00fan NBC\"}]},{\"@type\":\"WebSite\",\"@id\":\"https:\\\/\\\/minutocerord.com\\\/#website\",\"url\":\"https:\\\/\\\/minutocerord.com\\\/\",\"name\":\"Minuto Cero RD\",\"description\":\"Periodismo serio y veraz\",\"publisher\":{\"@id\":\"https:\\\/\\\/minutocerord.com\\\/#\\\/schema\\\/person\\\/60b5372d60aaa0a5171fb6488be9aee6\"},\"potentialAction\":[{\"@type\":\"SearchAction\",\"target\":{\"@type\":\"EntryPoint\",\"urlTemplate\":\"https:\\\/\\\/minutocerord.com\\\/?s={search_term_string}\"},\"query-input\":{\"@type\":\"PropertyValueSpecification\",\"valueRequired\":true,\"valueName\":\"search_term_string\"}}],\"inLanguage\":\"es-DO\"},{\"@type\":[\"Person\",\"Organization\"],\"@id\":\"https:\\\/\\\/minutocerord.com\\\/#\\\/schema\\\/person\\\/60b5372d60aaa0a5171fb6488be9aee6\",\"name\":\"Genof\u00f3ntes Urb\u00e1ez\",\"image\":{\"@type\":\"ImageObject\",\"inLanguage\":\"es-DO\",\"@id\":\"https:\\\/\\\/secure.gravatar.com\\\/avatar\\\/a49ef3186a692098ac3e8a1612261e3ad70cf9e44553dff2929e67939a0ecb9d?s=96&d=identicon&r=g\",\"url\":\"https:\\\/\\\/secure.gravatar.com\\\/avatar\\\/a49ef3186a692098ac3e8a1612261e3ad70cf9e44553dff2929e67939a0ecb9d?s=96&d=identicon&r=g\",\"contentUrl\":\"https:\\\/\\\/secure.gravatar.com\\\/avatar\\\/a49ef3186a692098ac3e8a1612261e3ad70cf9e44553dff2929e67939a0ecb9d?s=96&d=identicon&r=g\",\"caption\":\"Genof\u00f3ntes Urb\u00e1ez\"},\"logo\":{\"@id\":\"https:\\\/\\\/secure.gravatar.com\\\/avatar\\\/a49ef3186a692098ac3e8a1612261e3ad70cf9e44553dff2929e67939a0ecb9d?s=96&d=identicon&r=g\"},\"description\":\"Periodista \\\/ Locutor\",\"sameAs\":[\"https:\\\/\\\/www.facebook.com\\\/Genofnotes\",\"https:\\\/\\\/www.instagram.com\\\/genofnotes\\\/\"]}]}<\/script>\n<!-- \/ Yoast SEO plugin. -->","yoast_head_json":{"title":"EEUU: Gobernador de NY no avis\u00f3 a la Casa Blanca sobre renuncia, seg\u00fan NBC - Minuto Cero RD","robots":{"index":"index","follow":"follow","max-snippet":"max-snippet:-1","max-image-preview":"max-image-preview:large","max-video-preview":"max-video-preview:-1"},"canonical":"http:\/\/minutocerord.com\/?p=5332","og_locale":"es_ES","og_type":"article","og_title":"EEUU: Gobernador de NY no avis\u00f3 a la Casa Blanca sobre renuncia, seg\u00fan NBC - Minuto Cero RD","og_description":"WASHINGTON.- Un alto funcionario de la Casa Blanca dijo a NBC News que el gobernador Andrew Cuomo no le dio un aviso a la presidencia antes de ofrecer\u00a0su renuncia, efectiva en 14 d\u00edas, tras las acusaciones de conducta inapropiada contra miembros de su equipo. El mismo funcionario indic\u00f3 que el gobernador de Nueva York y [&hellip;]","og_url":"http:\/\/minutocerord.com\/?p=5332","og_site_name":"Minuto Cero RD","article_publisher":"https:\/\/www.facebook.com\/Genofnotes","article_author":"https:\/\/www.facebook.com\/Genofnotes","article_published_time":"2021-08-10T19:52:12+00:00","article_modified_time":"2021-08-10T19:52:15+00:00","og_image":[{"width":799,"height":449,"url":"https:\/\/i0.wp.com\/minutocerord.com\/wp-content\/uploads\/2021\/08\/renuncia.jpg?fit=799%2C449","type":"image\/jpeg"}],"author":"Genof\u00f3ntes Urb\u00e1ez","twitter_card":"summary_large_image","twitter_misc":{"Written by":"Genof\u00f3ntes Urb\u00e1ez","Est. reading time":"2 minutos"},"schema":{"@context":"https:\/\/schema.org","@graph":[{"@type":"Article","@id":"http:\/\/minutocerord.com\/?p=5332#article","isPartOf":{"@id":"http:\/\/minutocerord.com\/?p=5332"},"author":{"name":"Genof\u00f3ntes Urb\u00e1ez","@id":"https:\/\/minutocerord.com\/#\/schema\/person\/60b5372d60aaa0a5171fb6488be9aee6"},"headline":"EEUU: Gobernador de NY no avis\u00f3 a la Casa Blanca sobre renuncia, seg\u00fan NBC","datePublished":"2021-08-10T19:52:12+00:00","dateModified":"2021-08-10T19:52:15+00:00","mainEntityOfPage":{"@id":"http:\/\/minutocerord.com\/?p=5332"},"wordCount":381,"commentCount":0,"publisher":{"@id":"https:\/\/minutocerord.com\/#\/schema\/person\/60b5372d60aaa0a5171fb6488be9aee6"},"image":{"@id":"http:\/\/minutocerord.com\/?p=5332#primaryimage"},"thumbnailUrl":"https:\/\/i0.wp.com\/minutocerord.com\/wp-content\/uploads\/2021\/08\/renuncia.jpg?fit=799%2C449&ssl=1","articleSection":["Estados Unidos"],"inLanguage":"es-DO","potentialAction":[{"@type":"CommentAction","name":"Comment","target":["http:\/\/minutocerord.com\/?p=5332#respond"]}]},{"@type":"WebPage","@id":"http:\/\/minutocerord.com\/?p=5332","url":"http:\/\/minutocerord.com\/?p=5332","name":"EEUU: Gobernador de NY no avis\u00f3 a la Casa Blanca sobre renuncia, seg\u00fan NBC - Minuto Cero RD","isPartOf":{"@id":"https:\/\/minutocerord.com\/#website"},"primaryImageOfPage":{"@id":"http:\/\/minutocerord.com\/?p=5332#primaryimage"},"image":{"@id":"http:\/\/minutocerord.com\/?p=5332#primaryimage"},"thumbnailUrl":"https:\/\/i0.wp.com\/minutocerord.com\/wp-content\/uploads\/2021\/08\/renuncia.jpg?fit=799%2C449&ssl=1","datePublished":"2021-08-10T19:52:12+00:00","dateModified":"2021-08-10T19:52:15+00:00","breadcrumb":{"@id":"http:\/\/minutocerord.com\/?p=5332#breadcrumb"},"inLanguage":"es-DO","potentialAction":[{"@type":"ReadAction","target":["http:\/\/minutocerord.com\/?p=5332"]}]},{"@type":"ImageObject","inLanguage":"es-DO","@id":"http:\/\/minutocerord.com\/?p=5332#primaryimage","url":"https:\/\/i0.wp.com\/minutocerord.com\/wp-content\/uploads\/2021\/08\/renuncia.jpg?fit=799%2C449&ssl=1","contentUrl":"https:\/\/i0.wp.com\/minutocerord.com\/wp-content\/uploads\/2021\/08\/renuncia.jpg?fit=799%2C449&ssl=1","width":799,"height":449},{"@type":"BreadcrumbList","@id":"http:\/\/minutocerord.com\/?p=5332#breadcrumb","itemListElement":[{"@type":"ListItem","position":1,"name":"Home","item":"https:\/\/minutocerord.com\/"},{"@type":"ListItem","position":2,"name":"EEUU: Gobernador de NY no avis\u00f3 a la Casa Blanca sobre renuncia, seg\u00fan NBC"}]},{"@type":"WebSite","@id":"https:\/\/minutocerord.com\/#website","url":"https:\/\/minutocerord.com\/","name":"Minuto Cero RD","description":"Periodismo serio y veraz","publisher":{"@id":"https:\/\/minutocerord.com\/#\/schema\/person\/60b5372d60aaa0a5171fb6488be9aee6"},"potentialAction":[{"@type":"SearchAction","target":{"@type":"EntryPoint","urlTemplate":"https:\/\/minutocerord.com\/?s={search_term_string}"},"query-input":{"@type":"PropertyValueSpecification","valueRequired":true,"valueName":"search_term_string"}}],"inLanguage":"es-DO"},{"@type":["Person","Organization"],"@id":"https:\/\/minutocerord.com\/#\/schema\/person\/60b5372d60aaa0a5171fb6488be9aee6","name":"Genof\u00f3ntes Urb\u00e1ez","image":{"@type":"ImageObject","inLanguage":"es-DO","@id":"https:\/\/secure.gravatar.com\/avatar\/a49ef3186a692098ac3e8a1612261e3ad70cf9e44553dff2929e67939a0ecb9d?s=96&d=identicon&r=g","url":"https:\/\/secure.gravatar.com\/avatar\/a49ef3186a692098ac3e8a1612261e3ad70cf9e44553dff2929e67939a0ecb9d?s=96&d=identicon&r=g","contentUrl":"https:\/\/secure.gravatar.com\/avatar\/a49ef3186a692098ac3e8a1612261e3ad70cf9e44553dff2929e67939a0ecb9d?s=96&d=identicon&r=g","caption":"Genof\u00f3ntes Urb\u00e1ez"},"logo":{"@id":"https:\/\/secure.gravatar.com\/avatar\/a49ef3186a692098ac3e8a1612261e3ad70cf9e44553dff2929e67939a0ecb9d?s=96&d=identicon&r=g"},"description":"Periodista \/ Locutor","sameAs":["https:\/\/www.facebook.com\/Genofnotes","https:\/\/www.instagram.com\/genofnotes\/"]}]}},"jetpack_publicize_connections":[],"jetpack_featured_media_url":"https:\/\/i0.wp.com\/minutocerord.com\/wp-content\/uploads\/2021\/08\/renuncia.jpg?fit=799%2C449&ssl=1","jetpack-related-posts":[],"jetpack_sharing_enabled":true,"_links":{"self":[{"href":"https:\/\/minutocerord.com\/index.php?rest_route=\/wp\/v2\/posts\/5332","targetHints":{"allow":["GET"]}}],"collection":[{"href":"https:\/\/minutocerord.com\/index.php?rest_route=\/wp\/v2\/posts"}],"about":[{"href":"https:\/\/minutocerord.com\/index.php?rest_route=\/wp\/v2\/types\/post"}],"author":[{"embeddable":true,"href":"https:\/\/minutocerord.com\/index.php?rest_route=\/wp\/v2\/users\/1"}],"replies":[{"embeddable":true,"href":"https:\/\/minutocerord.com\/index.php?rest_route=%2Fwp%2Fv2%2Fcomments&post=5332"}],"version-history":[{"count":1,"href":"https:\/\/minutocerord.com\/index.php?rest_route=\/wp\/v2\/posts\/5332\/revisions"}],"predecessor-version":[{"id":5335,"href":"https:\/\/minutocerord.com\/index.php?rest_route=\/wp\/v2\/posts\/5332\/revisions\/5335"}],"wp:featuredmedia":[{"embeddable":true,"href":"https:\/\/minutocerord.com\/index.php?rest_route=\/wp\/v2\/media\/5334"}],"wp:attachment":[{"href":"https:\/\/minutocerord.com\/index.php?rest_route=%2Fwp%2Fv2%2Fmedia&parent=5332"}],"wp:term":[{"taxonomy":"category","embeddable":true,"href":"https:\/\/minutocerord.com\/index.php?rest_route=%2Fwp%2Fv2%2Fcategories&post=5332"},{"taxonomy":"post_tag","embeddable":true,"href":"https:\/\/minutocerord.com\/index.php?rest_route=%2Fwp%2Fv2%2Ftags&post=5332"}],"curies":[{"name":"wp","href":"https:\/\/api.w.org\/{rel}","templated":true}]}}