{"id":5339,"date":"2021-08-10T16:01:19","date_gmt":"2021-08-10T20:01:19","guid":{"rendered":"https:\/\/minutocerord.com\/?p=5339"},"modified":"2021-08-10T16:01:23","modified_gmt":"2021-08-10T20:01:23","slug":"el-coe-deben-iniciarse-evacuaciones-ante-el-paso-de-potencial-tormenta-tropical","status":"publish","type":"post","link":"https:\/\/minutocerord.com\/?p=5339","title":{"rendered":"El COE: \u201cDeben iniciarse evacuaciones\u201d ante el paso de potencial tormenta tropical"},"content":{"rendered":"\n<p><strong>&nbsp;El director del COE, Juan Manuel M\u00e9ndez, dijo que la Defensa Civil, Fuerzas Armadas y Polic\u00eda Nacional deben iniciar con esta evacuaci\u00f3n de car\u00e1cter preventivo.<\/strong><\/p>\n\n\n\n<p><strong>Santo Domingo.- <\/strong>El Centro de Operaciones de Emergencia (COE) llam\u00f3 a los organismos de protecci\u00f3n civil a iniciar las evacuaciones en las provincias en alerta amarilla, que son seis por el momento, por los efectos que se prev\u00e9 provoquen las fuertes lluvias del potencial cicl\u00f3n tropical cuando pase ceca o sobre el pa\u00eds en las primeras horas de ma\u00f1ana.<\/p>\n\n\n\n<p>Las precipitaciones que se registrar\u00edan en Rep\u00fablica Dominicana, de fortalecerse hoy en tormenta tropical la depresi\u00f3n n\u00famero seis, ser\u00edan por encima de los 150 mil\u00edmetros y mayor a esta proporci\u00f3n en las regiones este, noreste, el Gran Santo Domingo y la Cordillera Central, inform\u00f3 el COE en una rueda de prensa antes de la 1:00 de la tarde.<\/p>\n\n\n\n<p>Las abundantes lluvias son las principales preocupaciones de las autoridades por los riesgos de inundaciones y derrumbes. Las provincias en las que deben empezarse a trasladarse a las personas de los lugares en riesgos son La Altagracia, Mar\u00eda Trinidad S\u00e1nchez, San Pedro de Macor\u00eds, La Romana, El Seibo y Saman\u00e1.<\/p>\n\n\n\n<p>El organismo reiter\u00f3 que se prev\u00e9 que antes de pasar cerca o sobre el territorio nacional, el fen\u00f3meno se intensificar\u00eda en la tormenta Fred por las condiciones en el mar&nbsp;<\/p>\n","protected":false},"excerpt":{"rendered":"<p>&nbsp;El director del COE, Juan Manuel M\u00e9ndez, dijo que la Defensa Civil, Fuerzas Armadas y Polic\u00eda Nacional deben iniciar con esta evacuaci\u00f3n de car\u00e1cter preventivo. Santo Domingo.- El Centro de Operaciones de Emergencia (COE) llam\u00f3 a los organismos de protecci\u00f3n civil a iniciar las evacuaciones en las provincias en alerta amarilla, que son seis por [&hellip;]<\/p>\n","protected":false},"author":1,"featured_media":5340,"comment_status":"open","ping_status":"open","sticky":false,"template":"","format":"standard","meta":{"nf_dc_page":"","jetpack_post_was_ever_published":false,"_jetpack_newsletter_access":"","_jetpack_dont_email_post_to_subs":false,"_jetpack_newsletter_tier_id":0,"_jetpack_memberships_contains_paywalled_content":false,"_jetpack_memberships_contains_paid_content":false,"footnotes":"","jetpack_publicize_message":"","jetpack_publicize_feature_enabled":true,"jetpack_social_post_already_shared":false,"jetpack_social_options":{"image_generator_settings":{"template":"highway","default_image_id":0,"font":"","enabled":false},"version":2}},"categories":[87],"tags":[],"class_list":["post-5339","post","type-post","status-publish","format-standard","has-post-thumbnail","hentry","category-el-clima"],"yoast_head":"<!-- This site is optimized with the Yoast SEO plugin v27.4 - https:\/\/yoast.com\/product\/yoast-seo-wordpress\/ -->\n<title>El COE: \u201cDeben iniciarse evacuaciones\u201d ante el paso de potencial tormenta tropical - Minuto Cero RD<\/title>\n<meta name=\"robots\" content=\"index, follow, max-snippet:-1, max-image-preview:large, max-video-preview:-1\" \/>\n<link rel=\"canonical\" href=\"http:\/\/minutocerord.com\/?p=5339\" \/>\n<meta property=\"og:locale\" content=\"es_ES\" \/>\n<meta property=\"og:type\" content=\"article\" \/>\n<meta property=\"og:title\" content=\"El COE: \u201cDeben iniciarse evacuaciones\u201d ante el paso de potencial tormenta tropical - Minuto Cero RD\" \/>\n<meta property=\"og:description\" content=\"&nbsp;El director del COE, Juan Manuel M\u00e9ndez, dijo que la Defensa Civil, Fuerzas Armadas y Polic\u00eda Nacional deben iniciar con esta evacuaci\u00f3n de car\u00e1cter preventivo. Santo Domingo.- El Centro de Operaciones de Emergencia (COE) llam\u00f3 a los organismos de protecci\u00f3n civil a iniciar las evacuaciones en las provincias en alerta amarilla, que son seis por [&hellip;]\" \/>\n<meta property=\"og:url\" content=\"http:\/\/minutocerord.com\/?p=5339\" \/>\n<meta property=\"og:site_name\" content=\"Minuto Cero RD\" \/>\n<meta property=\"article:publisher\" content=\"https:\/\/www.facebook.com\/Genofnotes\" \/>\n<meta property=\"article:author\" content=\"https:\/\/www.facebook.com\/Genofnotes\" \/>\n<meta property=\"article:published_time\" content=\"2021-08-10T20:01:19+00:00\" \/>\n<meta property=\"article:modified_time\" content=\"2021-08-10T20:01:23+00:00\" \/>\n<meta property=\"og:image\" content=\"https:\/\/i0.wp.com\/minutocerord.com\/wp-content\/uploads\/2021\/08\/Director-del-COE.png?fit=1280%2C800\" \/>\n\t<meta property=\"og:image:width\" content=\"1280\" \/>\n\t<meta property=\"og:image:height\" content=\"800\" \/>\n\t<meta property=\"og:image:type\" content=\"image\/png\" \/>\n<meta name=\"author\" content=\"Genof\u00f3ntes Urb\u00e1ez\" \/>\n<meta name=\"twitter:card\" content=\"summary_large_image\" \/>\n<meta name=\"twitter:label1\" content=\"Written by\" \/>\n\t<meta name=\"twitter:data1\" content=\"Genof\u00f3ntes Urb\u00e1ez\" \/>\n\t<meta name=\"twitter:label2\" content=\"Est. reading time\" \/>\n\t<meta name=\"twitter:data2\" content=\"1 minuto\" \/>\n<script type=\"application\/ld+json\" class=\"yoast-schema-graph\">{\"@context\":\"https:\\\/\\\/schema.org\",\"@graph\":[{\"@type\":\"Article\",\"@id\":\"http:\\\/\\\/minutocerord.com\\\/?p=5339#article\",\"isPartOf\":{\"@id\":\"http:\\\/\\\/minutocerord.com\\\/?p=5339\"},\"author\":{\"name\":\"Genof\u00f3ntes Urb\u00e1ez\",\"@id\":\"https:\\\/\\\/minutocerord.com\\\/#\\\/schema\\\/person\\\/60b5372d60aaa0a5171fb6488be9aee6\"},\"headline\":\"El COE: \u201cDeben iniciarse evacuaciones\u201d ante el paso de potencial tormenta tropical\",\"datePublished\":\"2021-08-10T20:01:19+00:00\",\"dateModified\":\"2021-08-10T20:01:23+00:00\",\"mainEntityOfPage\":{\"@id\":\"http:\\\/\\\/minutocerord.com\\\/?p=5339\"},\"wordCount\":255,\"commentCount\":0,\"publisher\":{\"@id\":\"https:\\\/\\\/minutocerord.com\\\/#\\\/schema\\\/person\\\/60b5372d60aaa0a5171fb6488be9aee6\"},\"image\":{\"@id\":\"http:\\\/\\\/minutocerord.com\\\/?p=5339#primaryimage\"},\"thumbnailUrl\":\"https:\\\/\\\/i0.wp.com\\\/minutocerord.com\\\/wp-content\\\/uploads\\\/2021\\\/08\\\/Director-del-COE.png?fit=1280%2C800&ssl=1\",\"articleSection\":[\"El clima\"],\"inLanguage\":\"es-DO\",\"potentialAction\":[{\"@type\":\"CommentAction\",\"name\":\"Comment\",\"target\":[\"http:\\\/\\\/minutocerord.com\\\/?p=5339#respond\"]}]},{\"@type\":\"WebPage\",\"@id\":\"http:\\\/\\\/minutocerord.com\\\/?p=5339\",\"url\":\"http:\\\/\\\/minutocerord.com\\\/?p=5339\",\"name\":\"El COE: \u201cDeben iniciarse evacuaciones\u201d ante el paso de potencial tormenta tropical - Minuto Cero RD\",\"isPartOf\":{\"@id\":\"https:\\\/\\\/minutocerord.com\\\/#website\"},\"primaryImageOfPage\":{\"@id\":\"http:\\\/\\\/minutocerord.com\\\/?p=5339#primaryimage\"},\"image\":{\"@id\":\"http:\\\/\\\/minutocerord.com\\\/?p=5339#primaryimage\"},\"thumbnailUrl\":\"https:\\\/\\\/i0.wp.com\\\/minutocerord.com\\\/wp-content\\\/uploads\\\/2021\\\/08\\\/Director-del-COE.png?fit=1280%2C800&ssl=1\",\"datePublished\":\"2021-08-10T20:01:19+00:00\",\"dateModified\":\"2021-08-10T20:01:23+00:00\",\"breadcrumb\":{\"@id\":\"http:\\\/\\\/minutocerord.com\\\/?p=5339#breadcrumb\"},\"inLanguage\":\"es-DO\",\"potentialAction\":[{\"@type\":\"ReadAction\",\"target\":[\"http:\\\/\\\/minutocerord.com\\\/?p=5339\"]}]},{\"@type\":\"ImageObject\",\"inLanguage\":\"es-DO\",\"@id\":\"http:\\\/\\\/minutocerord.com\\\/?p=5339#primaryimage\",\"url\":\"https:\\\/\\\/i0.wp.com\\\/minutocerord.com\\\/wp-content\\\/uploads\\\/2021\\\/08\\\/Director-del-COE.png?fit=1280%2C800&ssl=1\",\"contentUrl\":\"https:\\\/\\\/i0.wp.com\\\/minutocerord.com\\\/wp-content\\\/uploads\\\/2021\\\/08\\\/Director-del-COE.png?fit=1280%2C800&ssl=1\",\"width\":1280,\"height\":800},{\"@type\":\"BreadcrumbList\",\"@id\":\"http:\\\/\\\/minutocerord.com\\\/?p=5339#breadcrumb\",\"itemListElement\":[{\"@type\":\"ListItem\",\"position\":1,\"name\":\"Home\",\"item\":\"https:\\\/\\\/minutocerord.com\\\/\"},{\"@type\":\"ListItem\",\"position\":2,\"name\":\"El COE: \u201cDeben iniciarse evacuaciones\u201d ante el paso de potencial tormenta tropical\"}]},{\"@type\":\"WebSite\",\"@id\":\"https:\\\/\\\/minutocerord.com\\\/#website\",\"url\":\"https:\\\/\\\/minutocerord.com\\\/\",\"name\":\"Minuto Cero RD\",\"description\":\"Periodismo serio y veraz\",\"publisher\":{\"@id\":\"https:\\\/\\\/minutocerord.com\\\/#\\\/schema\\\/person\\\/60b5372d60aaa0a5171fb6488be9aee6\"},\"potentialAction\":[{\"@type\":\"SearchAction\",\"target\":{\"@type\":\"EntryPoint\",\"urlTemplate\":\"https:\\\/\\\/minutocerord.com\\\/?s={search_term_string}\"},\"query-input\":{\"@type\":\"PropertyValueSpecification\",\"valueRequired\":true,\"valueName\":\"search_term_string\"}}],\"inLanguage\":\"es-DO\"},{\"@type\":[\"Person\",\"Organization\"],\"@id\":\"https:\\\/\\\/minutocerord.com\\\/#\\\/schema\\\/person\\\/60b5372d60aaa0a5171fb6488be9aee6\",\"name\":\"Genof\u00f3ntes Urb\u00e1ez\",\"image\":{\"@type\":\"ImageObject\",\"inLanguage\":\"es-DO\",\"@id\":\"https:\\\/\\\/secure.gravatar.com\\\/avatar\\\/a49ef3186a692098ac3e8a1612261e3ad70cf9e44553dff2929e67939a0ecb9d?s=96&d=identicon&r=g\",\"url\":\"https:\\\/\\\/secure.gravatar.com\\\/avatar\\\/a49ef3186a692098ac3e8a1612261e3ad70cf9e44553dff2929e67939a0ecb9d?s=96&d=identicon&r=g\",\"contentUrl\":\"https:\\\/\\\/secure.gravatar.com\\\/avatar\\\/a49ef3186a692098ac3e8a1612261e3ad70cf9e44553dff2929e67939a0ecb9d?s=96&d=identicon&r=g\",\"caption\":\"Genof\u00f3ntes Urb\u00e1ez\"},\"logo\":{\"@id\":\"https:\\\/\\\/secure.gravatar.com\\\/avatar\\\/a49ef3186a692098ac3e8a1612261e3ad70cf9e44553dff2929e67939a0ecb9d?s=96&d=identicon&r=g\"},\"description\":\"Periodista \\\/ Locutor\",\"sameAs\":[\"https:\\\/\\\/www.facebook.com\\\/Genofnotes\",\"https:\\\/\\\/www.instagram.com\\\/genofnotes\\\/\"]}]}<\/script>\n<!-- \/ Yoast SEO plugin. -->","yoast_head_json":{"title":"El COE: \u201cDeben iniciarse evacuaciones\u201d ante el paso de potencial tormenta tropical - Minuto Cero RD","robots":{"index":"index","follow":"follow","max-snippet":"max-snippet:-1","max-image-preview":"max-image-preview:large","max-video-preview":"max-video-preview:-1"},"canonical":"http:\/\/minutocerord.com\/?p=5339","og_locale":"es_ES","og_type":"article","og_title":"El COE: \u201cDeben iniciarse evacuaciones\u201d ante el paso de potencial tormenta tropical - Minuto Cero RD","og_description":"&nbsp;El director del COE, Juan Manuel M\u00e9ndez, dijo que la Defensa Civil, Fuerzas Armadas y Polic\u00eda Nacional deben iniciar con esta evacuaci\u00f3n de car\u00e1cter preventivo. Santo Domingo.- El Centro de Operaciones de Emergencia (COE) llam\u00f3 a los organismos de protecci\u00f3n civil a iniciar las evacuaciones en las provincias en alerta amarilla, que son seis por [&hellip;]","og_url":"http:\/\/minutocerord.com\/?p=5339","og_site_name":"Minuto Cero RD","article_publisher":"https:\/\/www.facebook.com\/Genofnotes","article_author":"https:\/\/www.facebook.com\/Genofnotes","article_published_time":"2021-08-10T20:01:19+00:00","article_modified_time":"2021-08-10T20:01:23+00:00","og_image":[{"width":1280,"height":800,"url":"https:\/\/i0.wp.com\/minutocerord.com\/wp-content\/uploads\/2021\/08\/Director-del-COE.png?fit=1280%2C800","type":"image\/png"}],"author":"Genof\u00f3ntes Urb\u00e1ez","twitter_card":"summary_large_image","twitter_misc":{"Written by":"Genof\u00f3ntes Urb\u00e1ez","Est. reading time":"1 minuto"},"schema":{"@context":"https:\/\/schema.org","@graph":[{"@type":"Article","@id":"http:\/\/minutocerord.com\/?p=5339#article","isPartOf":{"@id":"http:\/\/minutocerord.com\/?p=5339"},"author":{"name":"Genof\u00f3ntes Urb\u00e1ez","@id":"https:\/\/minutocerord.com\/#\/schema\/person\/60b5372d60aaa0a5171fb6488be9aee6"},"headline":"El COE: \u201cDeben iniciarse evacuaciones\u201d ante el paso de potencial tormenta tropical","datePublished":"2021-08-10T20:01:19+00:00","dateModified":"2021-08-10T20:01:23+00:00","mainEntityOfPage":{"@id":"http:\/\/minutocerord.com\/?p=5339"},"wordCount":255,"commentCount":0,"publisher":{"@id":"https:\/\/minutocerord.com\/#\/schema\/person\/60b5372d60aaa0a5171fb6488be9aee6"},"image":{"@id":"http:\/\/minutocerord.com\/?p=5339#primaryimage"},"thumbnailUrl":"https:\/\/i0.wp.com\/minutocerord.com\/wp-content\/uploads\/2021\/08\/Director-del-COE.png?fit=1280%2C800&ssl=1","articleSection":["El clima"],"inLanguage":"es-DO","potentialAction":[{"@type":"CommentAction","name":"Comment","target":["http:\/\/minutocerord.com\/?p=5339#respond"]}]},{"@type":"WebPage","@id":"http:\/\/minutocerord.com\/?p=5339","url":"http:\/\/minutocerord.com\/?p=5339","name":"El COE: \u201cDeben iniciarse evacuaciones\u201d ante el paso de potencial tormenta tropical - Minuto Cero RD","isPartOf":{"@id":"https:\/\/minutocerord.com\/#website"},"primaryImageOfPage":{"@id":"http:\/\/minutocerord.com\/?p=5339#primaryimage"},"image":{"@id":"http:\/\/minutocerord.com\/?p=5339#primaryimage"},"thumbnailUrl":"https:\/\/i0.wp.com\/minutocerord.com\/wp-content\/uploads\/2021\/08\/Director-del-COE.png?fit=1280%2C800&ssl=1","datePublished":"2021-08-10T20:01:19+00:00","dateModified":"2021-08-10T20:01:23+00:00","breadcrumb":{"@id":"http:\/\/minutocerord.com\/?p=5339#breadcrumb"},"inLanguage":"es-DO","potentialAction":[{"@type":"ReadAction","target":["http:\/\/minutocerord.com\/?p=5339"]}]},{"@type":"ImageObject","inLanguage":"es-DO","@id":"http:\/\/minutocerord.com\/?p=5339#primaryimage","url":"https:\/\/i0.wp.com\/minutocerord.com\/wp-content\/uploads\/2021\/08\/Director-del-COE.png?fit=1280%2C800&ssl=1","contentUrl":"https:\/\/i0.wp.com\/minutocerord.com\/wp-content\/uploads\/2021\/08\/Director-del-COE.png?fit=1280%2C800&ssl=1","width":1280,"height":800},{"@type":"BreadcrumbList","@id":"http:\/\/minutocerord.com\/?p=5339#breadcrumb","itemListElement":[{"@type":"ListItem","position":1,"name":"Home","item":"https:\/\/minutocerord.com\/"},{"@type":"ListItem","position":2,"name":"El COE: \u201cDeben iniciarse evacuaciones\u201d ante el paso de potencial tormenta tropical"}]},{"@type":"WebSite","@id":"https:\/\/minutocerord.com\/#website","url":"https:\/\/minutocerord.com\/","name":"Minuto Cero RD","description":"Periodismo serio y veraz","publisher":{"@id":"https:\/\/minutocerord.com\/#\/schema\/person\/60b5372d60aaa0a5171fb6488be9aee6"},"potentialAction":[{"@type":"SearchAction","target":{"@type":"EntryPoint","urlTemplate":"https:\/\/minutocerord.com\/?s={search_term_string}"},"query-input":{"@type":"PropertyValueSpecification","valueRequired":true,"valueName":"search_term_string"}}],"inLanguage":"es-DO"},{"@type":["Person","Organization"],"@id":"https:\/\/minutocerord.com\/#\/schema\/person\/60b5372d60aaa0a5171fb6488be9aee6","name":"Genof\u00f3ntes Urb\u00e1ez","image":{"@type":"ImageObject","inLanguage":"es-DO","@id":"https:\/\/secure.gravatar.com\/avatar\/a49ef3186a692098ac3e8a1612261e3ad70cf9e44553dff2929e67939a0ecb9d?s=96&d=identicon&r=g","url":"https:\/\/secure.gravatar.com\/avatar\/a49ef3186a692098ac3e8a1612261e3ad70cf9e44553dff2929e67939a0ecb9d?s=96&d=identicon&r=g","contentUrl":"https:\/\/secure.gravatar.com\/avatar\/a49ef3186a692098ac3e8a1612261e3ad70cf9e44553dff2929e67939a0ecb9d?s=96&d=identicon&r=g","caption":"Genof\u00f3ntes Urb\u00e1ez"},"logo":{"@id":"https:\/\/secure.gravatar.com\/avatar\/a49ef3186a692098ac3e8a1612261e3ad70cf9e44553dff2929e67939a0ecb9d?s=96&d=identicon&r=g"},"description":"Periodista \/ Locutor","sameAs":["https:\/\/www.facebook.com\/Genofnotes","https:\/\/www.instagram.com\/genofnotes\/"]}]}},"jetpack_publicize_connections":[],"jetpack_featured_media_url":"https:\/\/i0.wp.com\/minutocerord.com\/wp-content\/uploads\/2021\/08\/Director-del-COE.png?fit=1280%2C800&ssl=1","jetpack-related-posts":[],"jetpack_sharing_enabled":true,"_links":{"self":[{"href":"https:\/\/minutocerord.com\/index.php?rest_route=\/wp\/v2\/posts\/5339","targetHints":{"allow":["GET"]}}],"collection":[{"href":"https:\/\/minutocerord.com\/index.php?rest_route=\/wp\/v2\/posts"}],"about":[{"href":"https:\/\/minutocerord.com\/index.php?rest_route=\/wp\/v2\/types\/post"}],"author":[{"embeddable":true,"href":"https:\/\/minutocerord.com\/index.php?rest_route=\/wp\/v2\/users\/1"}],"replies":[{"embeddable":true,"href":"https:\/\/minutocerord.com\/index.php?rest_route=%2Fwp%2Fv2%2Fcomments&post=5339"}],"version-history":[{"count":1,"href":"https:\/\/minutocerord.com\/index.php?rest_route=\/wp\/v2\/posts\/5339\/revisions"}],"predecessor-version":[{"id":5341,"href":"https:\/\/minutocerord.com\/index.php?rest_route=\/wp\/v2\/posts\/5339\/revisions\/5341"}],"wp:featuredmedia":[{"embeddable":true,"href":"https:\/\/minutocerord.com\/index.php?rest_route=\/wp\/v2\/media\/5340"}],"wp:attachment":[{"href":"https:\/\/minutocerord.com\/index.php?rest_route=%2Fwp%2Fv2%2Fmedia&parent=5339"}],"wp:term":[{"taxonomy":"category","embeddable":true,"href":"https:\/\/minutocerord.com\/index.php?rest_route=%2Fwp%2Fv2%2Fcategories&post=5339"},{"taxonomy":"post_tag","embeddable":true,"href":"https:\/\/minutocerord.com\/index.php?rest_route=%2Fwp%2Fv2%2Ftags&post=5339"}],"curies":[{"name":"wp","href":"https:\/\/api.w.org\/{rel}","templated":true}]}}