{"id":5342,"date":"2021-08-10T23:01:29","date_gmt":"2021-08-11T03:01:29","guid":{"rendered":"https:\/\/minutocerord.com\/?p=5342"},"modified":"2021-08-10T23:01:33","modified_gmt":"2021-08-11T03:01:33","slug":"incendio-afectan-clinica-canela-en-romana-y-hotel-iberostar-en-puerto-plata","status":"publish","type":"post","link":"https:\/\/minutocerord.com\/?p=5342","title":{"rendered":"Incendio afectan cl\u00ednica Canela, en Romana, y hotel Iberostar en Puerto Plata"},"content":{"rendered":"\n<p> Dos incendios de magnitud afectaron este martes dos el hotel Iberostar Costa Dorada, de Puerto Plata, y la cl\u00ednica Canela II, en La Romana, confirmaron las autoridades.<\/p>\n\n\n\n<p>El primero de los fuegos estall\u00f3 en horas de la tarde en dicha cl\u00ednica, ubicada en la avenida Padre Abreu, de La Romana,&nbsp; y oblig\u00f3 a una inmediata evacuaci\u00f3n de los pacientes que se encontraban all\u00ed, los cuales fueron llevados a otros centros de salud.<\/p>\n\n\n\n<div id=\"attachment_726164\" class=\"wp-block-image\"><figure class=\"alignright is-resized\"><a href=\"https:\/\/i0.wp.com\/almomento.net\/wp-content\/uploads\/2021\/08\/Pacientes-de-la-cl%C3%ADnica-Carela-2-de-La-Romana-tuvieron-que-ser-trasladados-a-otros-centros..jpg?ssl=1\"><img data-recalc-dims=\"1\" decoding=\"async\" loading=\"lazy\" src=\"https:\/\/i0.wp.com\/almomento.net\/wp-content\/uploads\/2021\/08\/Pacientes-de-la-cl%C3%ADnica-Carela-2-de-La-Romana-tuvieron-que-ser-trasladados-a-otros-centros..jpg?resize=335%2C194&#038;ssl=1\" alt=\"\" class=\"wp-image-726164\" width=\"335\" height=\"194\"\/><\/a><figcaption>Pacientes de la cl\u00ednica Carela 2, de La Romana, tuvieron que ser trasladados a otros centros.<\/figcaption><\/figure><\/div>\n\n\n\n<p>Reportes de prensa indican que algunos de ellos sufrieron desmayos por la inhalaci\u00f3n de humo.&nbsp; Hasta el momento no ha sido notificada ninguna muerte.<\/p>\n\n\n\n<p>Para sofocarlo intervinieron brigadas y camiones-tanque del Central Romana as\u00ed como de los bomberos de La Romana y &nbsp;Distrito Caleta<\/p>\n\n\n\n<p>Muchos de ellos sufrieron desmayos por lan inhalaci\u00f3n de humo. Hasta el cierre de esta informaci\u00f3n no se registr\u00f3 ninguna v\u00edctima.<\/p>\n\n\n\n<p><strong>EN PUERTO PLATA<\/strong> el siniestro estall\u00f3 en horas de la noche en el hotel \u00a0Iberostar Costa Dorada, ubicado que comunica esta ciudad con el municipio de Sos\u00faa.<\/p>\n\n\n\n<p>No ha habido reportes de muertos ni lesionados, pero se dijo que la mayor\u00eda de los 800 hu\u00e9spedes que estaban en el establecimiento fueron movilizados.<\/p>\n\n\n\n<p>Una intensa humareda arrop\u00f3 distintas \u00e1reas del Iberostar Costa Dorada as\u00ed como tambi\u00e9n del vecino &nbsp;hotel Be Life&nbsp; Collection Marien.<\/p>\n\n\n\n<p>Bomberos de Puerto Plata, Sos\u00faa y Montellanos trataban controlar el fuego.<\/p>\n","protected":false},"excerpt":{"rendered":"<p>Dos incendios de magnitud afectaron este martes dos el hotel Iberostar Costa Dorada, de Puerto Plata, y la cl\u00ednica Canela II, en La Romana, confirmaron las autoridades. El primero de los fuegos estall\u00f3 en horas de la tarde en dicha cl\u00ednica, ubicada en la avenida Padre Abreu, de La Romana,&nbsp; y oblig\u00f3 a una inmediata [&hellip;]<\/p>\n","protected":false},"author":1,"featured_media":5343,"comment_status":"open","ping_status":"open","sticky":false,"template":"","format":"standard","meta":{"nf_dc_page":"","jetpack_post_was_ever_published":false,"_jetpack_newsletter_access":"","_jetpack_dont_email_post_to_subs":false,"_jetpack_newsletter_tier_id":0,"_jetpack_memberships_contains_paywalled_content":false,"_jetpack_memberships_contains_paid_content":false,"footnotes":"","jetpack_publicize_message":"","jetpack_publicize_feature_enabled":true,"jetpack_social_post_already_shared":false,"jetpack_social_options":{"image_generator_settings":{"template":"highway","default_image_id":0,"font":"","enabled":false},"version":2}},"categories":[65],"tags":[],"class_list":["post-5342","post","type-post","status-publish","format-standard","has-post-thumbnail","hentry","category-nacionales"],"yoast_head":"<!-- This site is optimized with the Yoast SEO plugin v27.4 - https:\/\/yoast.com\/product\/yoast-seo-wordpress\/ -->\n<title>Incendio afectan cl\u00ednica Canela, en Romana, y hotel Iberostar en Puerto Plata - Minuto Cero RD<\/title>\n<meta name=\"robots\" content=\"index, follow, max-snippet:-1, max-image-preview:large, max-video-preview:-1\" \/>\n<link rel=\"canonical\" href=\"http:\/\/minutocerord.com\/?p=5342\" \/>\n<meta property=\"og:locale\" content=\"es_ES\" \/>\n<meta property=\"og:type\" content=\"article\" \/>\n<meta property=\"og:title\" content=\"Incendio afectan cl\u00ednica Canela, en Romana, y hotel Iberostar en Puerto Plata - Minuto Cero RD\" \/>\n<meta property=\"og:description\" content=\"Dos incendios de magnitud afectaron este martes dos el hotel Iberostar Costa Dorada, de Puerto Plata, y la cl\u00ednica Canela II, en La Romana, confirmaron las autoridades. El primero de los fuegos estall\u00f3 en horas de la tarde en dicha cl\u00ednica, ubicada en la avenida Padre Abreu, de La Romana,&nbsp; y oblig\u00f3 a una inmediata [&hellip;]\" \/>\n<meta property=\"og:url\" content=\"http:\/\/minutocerord.com\/?p=5342\" \/>\n<meta property=\"og:site_name\" content=\"Minuto Cero RD\" \/>\n<meta property=\"article:publisher\" content=\"https:\/\/www.facebook.com\/Genofnotes\" \/>\n<meta property=\"article:author\" content=\"https:\/\/www.facebook.com\/Genofnotes\" \/>\n<meta property=\"article:published_time\" content=\"2021-08-11T03:01:29+00:00\" \/>\n<meta property=\"article:modified_time\" content=\"2021-08-11T03:01:33+00:00\" \/>\n<meta property=\"og:image\" content=\"https:\/\/i0.wp.com\/minutocerord.com\/wp-content\/uploads\/2021\/08\/De-los-dos-incendios-de-este-martes-el-de-mayor-magnitud-se-registro-en-el-hotel-Iberostar-Costa-Caribe-eb-Puerto-Plata.-1.jpg?fit=679%2C409\" \/>\n\t<meta property=\"og:image:width\" content=\"679\" \/>\n\t<meta property=\"og:image:height\" content=\"409\" \/>\n\t<meta property=\"og:image:type\" content=\"image\/jpeg\" \/>\n<meta name=\"author\" content=\"Genof\u00f3ntes Urb\u00e1ez\" \/>\n<meta name=\"twitter:card\" content=\"summary_large_image\" \/>\n<meta name=\"twitter:label1\" content=\"Written by\" \/>\n\t<meta name=\"twitter:data1\" content=\"Genof\u00f3ntes Urb\u00e1ez\" \/>\n\t<meta name=\"twitter:label2\" content=\"Est. reading time\" \/>\n\t<meta name=\"twitter:data2\" content=\"2 minutos\" \/>\n<script type=\"application\/ld+json\" class=\"yoast-schema-graph\">{\"@context\":\"https:\\\/\\\/schema.org\",\"@graph\":[{\"@type\":\"Article\",\"@id\":\"http:\\\/\\\/minutocerord.com\\\/?p=5342#article\",\"isPartOf\":{\"@id\":\"http:\\\/\\\/minutocerord.com\\\/?p=5342\"},\"author\":{\"name\":\"Genof\u00f3ntes Urb\u00e1ez\",\"@id\":\"https:\\\/\\\/minutocerord.com\\\/#\\\/schema\\\/person\\\/60b5372d60aaa0a5171fb6488be9aee6\"},\"headline\":\"Incendio afectan cl\u00ednica Canela, en Romana, y hotel Iberostar en Puerto Plata\",\"datePublished\":\"2021-08-11T03:01:29+00:00\",\"dateModified\":\"2021-08-11T03:01:33+00:00\",\"mainEntityOfPage\":{\"@id\":\"http:\\\/\\\/minutocerord.com\\\/?p=5342\"},\"wordCount\":265,\"commentCount\":0,\"publisher\":{\"@id\":\"https:\\\/\\\/minutocerord.com\\\/#\\\/schema\\\/person\\\/60b5372d60aaa0a5171fb6488be9aee6\"},\"image\":{\"@id\":\"http:\\\/\\\/minutocerord.com\\\/?p=5342#primaryimage\"},\"thumbnailUrl\":\"https:\\\/\\\/i0.wp.com\\\/minutocerord.com\\\/wp-content\\\/uploads\\\/2021\\\/08\\\/De-los-dos-incendios-de-este-martes-el-de-mayor-magnitud-se-registro-en-el-hotel-Iberostar-Costa-Caribe-eb-Puerto-Plata.-1.jpg?fit=679%2C409&ssl=1\",\"articleSection\":[\"Nacionales\"],\"inLanguage\":\"es-DO\",\"potentialAction\":[{\"@type\":\"CommentAction\",\"name\":\"Comment\",\"target\":[\"http:\\\/\\\/minutocerord.com\\\/?p=5342#respond\"]}]},{\"@type\":\"WebPage\",\"@id\":\"http:\\\/\\\/minutocerord.com\\\/?p=5342\",\"url\":\"http:\\\/\\\/minutocerord.com\\\/?p=5342\",\"name\":\"Incendio afectan cl\u00ednica Canela, en Romana, y hotel Iberostar en Puerto Plata - Minuto Cero RD\",\"isPartOf\":{\"@id\":\"https:\\\/\\\/minutocerord.com\\\/#website\"},\"primaryImageOfPage\":{\"@id\":\"http:\\\/\\\/minutocerord.com\\\/?p=5342#primaryimage\"},\"image\":{\"@id\":\"http:\\\/\\\/minutocerord.com\\\/?p=5342#primaryimage\"},\"thumbnailUrl\":\"https:\\\/\\\/i0.wp.com\\\/minutocerord.com\\\/wp-content\\\/uploads\\\/2021\\\/08\\\/De-los-dos-incendios-de-este-martes-el-de-mayor-magnitud-se-registro-en-el-hotel-Iberostar-Costa-Caribe-eb-Puerto-Plata.-1.jpg?fit=679%2C409&ssl=1\",\"datePublished\":\"2021-08-11T03:01:29+00:00\",\"dateModified\":\"2021-08-11T03:01:33+00:00\",\"breadcrumb\":{\"@id\":\"http:\\\/\\\/minutocerord.com\\\/?p=5342#breadcrumb\"},\"inLanguage\":\"es-DO\",\"potentialAction\":[{\"@type\":\"ReadAction\",\"target\":[\"http:\\\/\\\/minutocerord.com\\\/?p=5342\"]}]},{\"@type\":\"ImageObject\",\"inLanguage\":\"es-DO\",\"@id\":\"http:\\\/\\\/minutocerord.com\\\/?p=5342#primaryimage\",\"url\":\"https:\\\/\\\/i0.wp.com\\\/minutocerord.com\\\/wp-content\\\/uploads\\\/2021\\\/08\\\/De-los-dos-incendios-de-este-martes-el-de-mayor-magnitud-se-registro-en-el-hotel-Iberostar-Costa-Caribe-eb-Puerto-Plata.-1.jpg?fit=679%2C409&ssl=1\",\"contentUrl\":\"https:\\\/\\\/i0.wp.com\\\/minutocerord.com\\\/wp-content\\\/uploads\\\/2021\\\/08\\\/De-los-dos-incendios-de-este-martes-el-de-mayor-magnitud-se-registro-en-el-hotel-Iberostar-Costa-Caribe-eb-Puerto-Plata.-1.jpg?fit=679%2C409&ssl=1\",\"width\":679,\"height\":409},{\"@type\":\"BreadcrumbList\",\"@id\":\"http:\\\/\\\/minutocerord.com\\\/?p=5342#breadcrumb\",\"itemListElement\":[{\"@type\":\"ListItem\",\"position\":1,\"name\":\"Home\",\"item\":\"https:\\\/\\\/minutocerord.com\\\/\"},{\"@type\":\"ListItem\",\"position\":2,\"name\":\"Incendio afectan cl\u00ednica Canela, en Romana, y hotel Iberostar en Puerto Plata\"}]},{\"@type\":\"WebSite\",\"@id\":\"https:\\\/\\\/minutocerord.com\\\/#website\",\"url\":\"https:\\\/\\\/minutocerord.com\\\/\",\"name\":\"Minuto Cero RD\",\"description\":\"Periodismo serio y veraz\",\"publisher\":{\"@id\":\"https:\\\/\\\/minutocerord.com\\\/#\\\/schema\\\/person\\\/60b5372d60aaa0a5171fb6488be9aee6\"},\"potentialAction\":[{\"@type\":\"SearchAction\",\"target\":{\"@type\":\"EntryPoint\",\"urlTemplate\":\"https:\\\/\\\/minutocerord.com\\\/?s={search_term_string}\"},\"query-input\":{\"@type\":\"PropertyValueSpecification\",\"valueRequired\":true,\"valueName\":\"search_term_string\"}}],\"inLanguage\":\"es-DO\"},{\"@type\":[\"Person\",\"Organization\"],\"@id\":\"https:\\\/\\\/minutocerord.com\\\/#\\\/schema\\\/person\\\/60b5372d60aaa0a5171fb6488be9aee6\",\"name\":\"Genof\u00f3ntes Urb\u00e1ez\",\"image\":{\"@type\":\"ImageObject\",\"inLanguage\":\"es-DO\",\"@id\":\"https:\\\/\\\/secure.gravatar.com\\\/avatar\\\/a49ef3186a692098ac3e8a1612261e3ad70cf9e44553dff2929e67939a0ecb9d?s=96&d=identicon&r=g\",\"url\":\"https:\\\/\\\/secure.gravatar.com\\\/avatar\\\/a49ef3186a692098ac3e8a1612261e3ad70cf9e44553dff2929e67939a0ecb9d?s=96&d=identicon&r=g\",\"contentUrl\":\"https:\\\/\\\/secure.gravatar.com\\\/avatar\\\/a49ef3186a692098ac3e8a1612261e3ad70cf9e44553dff2929e67939a0ecb9d?s=96&d=identicon&r=g\",\"caption\":\"Genof\u00f3ntes Urb\u00e1ez\"},\"logo\":{\"@id\":\"https:\\\/\\\/secure.gravatar.com\\\/avatar\\\/a49ef3186a692098ac3e8a1612261e3ad70cf9e44553dff2929e67939a0ecb9d?s=96&d=identicon&r=g\"},\"description\":\"Periodista \\\/ Locutor\",\"sameAs\":[\"https:\\\/\\\/www.facebook.com\\\/Genofnotes\",\"https:\\\/\\\/www.instagram.com\\\/genofnotes\\\/\"]}]}<\/script>\n<!-- \/ Yoast SEO plugin. -->","yoast_head_json":{"title":"Incendio afectan cl\u00ednica Canela, en Romana, y hotel Iberostar en Puerto Plata - Minuto Cero RD","robots":{"index":"index","follow":"follow","max-snippet":"max-snippet:-1","max-image-preview":"max-image-preview:large","max-video-preview":"max-video-preview:-1"},"canonical":"http:\/\/minutocerord.com\/?p=5342","og_locale":"es_ES","og_type":"article","og_title":"Incendio afectan cl\u00ednica Canela, en Romana, y hotel Iberostar en Puerto Plata - Minuto Cero RD","og_description":"Dos incendios de magnitud afectaron este martes dos el hotel Iberostar Costa Dorada, de Puerto Plata, y la cl\u00ednica Canela II, en La Romana, confirmaron las autoridades. El primero de los fuegos estall\u00f3 en horas de la tarde en dicha cl\u00ednica, ubicada en la avenida Padre Abreu, de La Romana,&nbsp; y oblig\u00f3 a una inmediata [&hellip;]","og_url":"http:\/\/minutocerord.com\/?p=5342","og_site_name":"Minuto Cero RD","article_publisher":"https:\/\/www.facebook.com\/Genofnotes","article_author":"https:\/\/www.facebook.com\/Genofnotes","article_published_time":"2021-08-11T03:01:29+00:00","article_modified_time":"2021-08-11T03:01:33+00:00","og_image":[{"width":679,"height":409,"url":"https:\/\/i0.wp.com\/minutocerord.com\/wp-content\/uploads\/2021\/08\/De-los-dos-incendios-de-este-martes-el-de-mayor-magnitud-se-registro-en-el-hotel-Iberostar-Costa-Caribe-eb-Puerto-Plata.-1.jpg?fit=679%2C409","type":"image\/jpeg"}],"author":"Genof\u00f3ntes Urb\u00e1ez","twitter_card":"summary_large_image","twitter_misc":{"Written by":"Genof\u00f3ntes Urb\u00e1ez","Est. reading time":"2 minutos"},"schema":{"@context":"https:\/\/schema.org","@graph":[{"@type":"Article","@id":"http:\/\/minutocerord.com\/?p=5342#article","isPartOf":{"@id":"http:\/\/minutocerord.com\/?p=5342"},"author":{"name":"Genof\u00f3ntes Urb\u00e1ez","@id":"https:\/\/minutocerord.com\/#\/schema\/person\/60b5372d60aaa0a5171fb6488be9aee6"},"headline":"Incendio afectan cl\u00ednica Canela, en Romana, y hotel Iberostar en Puerto Plata","datePublished":"2021-08-11T03:01:29+00:00","dateModified":"2021-08-11T03:01:33+00:00","mainEntityOfPage":{"@id":"http:\/\/minutocerord.com\/?p=5342"},"wordCount":265,"commentCount":0,"publisher":{"@id":"https:\/\/minutocerord.com\/#\/schema\/person\/60b5372d60aaa0a5171fb6488be9aee6"},"image":{"@id":"http:\/\/minutocerord.com\/?p=5342#primaryimage"},"thumbnailUrl":"https:\/\/i0.wp.com\/minutocerord.com\/wp-content\/uploads\/2021\/08\/De-los-dos-incendios-de-este-martes-el-de-mayor-magnitud-se-registro-en-el-hotel-Iberostar-Costa-Caribe-eb-Puerto-Plata.-1.jpg?fit=679%2C409&ssl=1","articleSection":["Nacionales"],"inLanguage":"es-DO","potentialAction":[{"@type":"CommentAction","name":"Comment","target":["http:\/\/minutocerord.com\/?p=5342#respond"]}]},{"@type":"WebPage","@id":"http:\/\/minutocerord.com\/?p=5342","url":"http:\/\/minutocerord.com\/?p=5342","name":"Incendio afectan cl\u00ednica Canela, en Romana, y hotel Iberostar en Puerto Plata - Minuto Cero RD","isPartOf":{"@id":"https:\/\/minutocerord.com\/#website"},"primaryImageOfPage":{"@id":"http:\/\/minutocerord.com\/?p=5342#primaryimage"},"image":{"@id":"http:\/\/minutocerord.com\/?p=5342#primaryimage"},"thumbnailUrl":"https:\/\/i0.wp.com\/minutocerord.com\/wp-content\/uploads\/2021\/08\/De-los-dos-incendios-de-este-martes-el-de-mayor-magnitud-se-registro-en-el-hotel-Iberostar-Costa-Caribe-eb-Puerto-Plata.-1.jpg?fit=679%2C409&ssl=1","datePublished":"2021-08-11T03:01:29+00:00","dateModified":"2021-08-11T03:01:33+00:00","breadcrumb":{"@id":"http:\/\/minutocerord.com\/?p=5342#breadcrumb"},"inLanguage":"es-DO","potentialAction":[{"@type":"ReadAction","target":["http:\/\/minutocerord.com\/?p=5342"]}]},{"@type":"ImageObject","inLanguage":"es-DO","@id":"http:\/\/minutocerord.com\/?p=5342#primaryimage","url":"https:\/\/i0.wp.com\/minutocerord.com\/wp-content\/uploads\/2021\/08\/De-los-dos-incendios-de-este-martes-el-de-mayor-magnitud-se-registro-en-el-hotel-Iberostar-Costa-Caribe-eb-Puerto-Plata.-1.jpg?fit=679%2C409&ssl=1","contentUrl":"https:\/\/i0.wp.com\/minutocerord.com\/wp-content\/uploads\/2021\/08\/De-los-dos-incendios-de-este-martes-el-de-mayor-magnitud-se-registro-en-el-hotel-Iberostar-Costa-Caribe-eb-Puerto-Plata.-1.jpg?fit=679%2C409&ssl=1","width":679,"height":409},{"@type":"BreadcrumbList","@id":"http:\/\/minutocerord.com\/?p=5342#breadcrumb","itemListElement":[{"@type":"ListItem","position":1,"name":"Home","item":"https:\/\/minutocerord.com\/"},{"@type":"ListItem","position":2,"name":"Incendio afectan cl\u00ednica Canela, en Romana, y hotel Iberostar en Puerto Plata"}]},{"@type":"WebSite","@id":"https:\/\/minutocerord.com\/#website","url":"https:\/\/minutocerord.com\/","name":"Minuto Cero RD","description":"Periodismo serio y veraz","publisher":{"@id":"https:\/\/minutocerord.com\/#\/schema\/person\/60b5372d60aaa0a5171fb6488be9aee6"},"potentialAction":[{"@type":"SearchAction","target":{"@type":"EntryPoint","urlTemplate":"https:\/\/minutocerord.com\/?s={search_term_string}"},"query-input":{"@type":"PropertyValueSpecification","valueRequired":true,"valueName":"search_term_string"}}],"inLanguage":"es-DO"},{"@type":["Person","Organization"],"@id":"https:\/\/minutocerord.com\/#\/schema\/person\/60b5372d60aaa0a5171fb6488be9aee6","name":"Genof\u00f3ntes Urb\u00e1ez","image":{"@type":"ImageObject","inLanguage":"es-DO","@id":"https:\/\/secure.gravatar.com\/avatar\/a49ef3186a692098ac3e8a1612261e3ad70cf9e44553dff2929e67939a0ecb9d?s=96&d=identicon&r=g","url":"https:\/\/secure.gravatar.com\/avatar\/a49ef3186a692098ac3e8a1612261e3ad70cf9e44553dff2929e67939a0ecb9d?s=96&d=identicon&r=g","contentUrl":"https:\/\/secure.gravatar.com\/avatar\/a49ef3186a692098ac3e8a1612261e3ad70cf9e44553dff2929e67939a0ecb9d?s=96&d=identicon&r=g","caption":"Genof\u00f3ntes Urb\u00e1ez"},"logo":{"@id":"https:\/\/secure.gravatar.com\/avatar\/a49ef3186a692098ac3e8a1612261e3ad70cf9e44553dff2929e67939a0ecb9d?s=96&d=identicon&r=g"},"description":"Periodista \/ Locutor","sameAs":["https:\/\/www.facebook.com\/Genofnotes","https:\/\/www.instagram.com\/genofnotes\/"]}]}},"jetpack_publicize_connections":[],"jetpack_featured_media_url":"https:\/\/i0.wp.com\/minutocerord.com\/wp-content\/uploads\/2021\/08\/De-los-dos-incendios-de-este-martes-el-de-mayor-magnitud-se-registro-en-el-hotel-Iberostar-Costa-Caribe-eb-Puerto-Plata.-1.jpg?fit=679%2C409&ssl=1","jetpack-related-posts":[],"jetpack_sharing_enabled":true,"_links":{"self":[{"href":"https:\/\/minutocerord.com\/index.php?rest_route=\/wp\/v2\/posts\/5342","targetHints":{"allow":["GET"]}}],"collection":[{"href":"https:\/\/minutocerord.com\/index.php?rest_route=\/wp\/v2\/posts"}],"about":[{"href":"https:\/\/minutocerord.com\/index.php?rest_route=\/wp\/v2\/types\/post"}],"author":[{"embeddable":true,"href":"https:\/\/minutocerord.com\/index.php?rest_route=\/wp\/v2\/users\/1"}],"replies":[{"embeddable":true,"href":"https:\/\/minutocerord.com\/index.php?rest_route=%2Fwp%2Fv2%2Fcomments&post=5342"}],"version-history":[{"count":1,"href":"https:\/\/minutocerord.com\/index.php?rest_route=\/wp\/v2\/posts\/5342\/revisions"}],"predecessor-version":[{"id":5344,"href":"https:\/\/minutocerord.com\/index.php?rest_route=\/wp\/v2\/posts\/5342\/revisions\/5344"}],"wp:featuredmedia":[{"embeddable":true,"href":"https:\/\/minutocerord.com\/index.php?rest_route=\/wp\/v2\/media\/5343"}],"wp:attachment":[{"href":"https:\/\/minutocerord.com\/index.php?rest_route=%2Fwp%2Fv2%2Fmedia&parent=5342"}],"wp:term":[{"taxonomy":"category","embeddable":true,"href":"https:\/\/minutocerord.com\/index.php?rest_route=%2Fwp%2Fv2%2Fcategories&post=5342"},{"taxonomy":"post_tag","embeddable":true,"href":"https:\/\/minutocerord.com\/index.php?rest_route=%2Fwp%2Fv2%2Ftags&post=5342"}],"curies":[{"name":"wp","href":"https:\/\/api.w.org\/{rel}","templated":true}]}}