{"id":5345,"date":"2021-08-10T23:22:13","date_gmt":"2021-08-11T03:22:13","guid":{"rendered":"https:\/\/minutocerord.com\/?p=5345"},"modified":"2021-08-10T23:25:28","modified_gmt":"2021-08-11T03:25:28","slug":"espana-la-hallaron-en-estado-de-descomposicion-dentro-de-la-residencia","status":"publish","type":"post","link":"https:\/\/minutocerord.com\/?p=5345","title":{"rendered":"Espa\u00f1a: Dominicano es principal sospecho de quitarle la vida a su pareja"},"content":{"rendered":"\n<p><strong>Madrid.-<\/strong> Las autoridades de Espa\u00f1a buscan a un dominicano identificado como Jos\u00e9 Abel Paulino, como el principal sospechoso de quitarle la vida a su pareja, la joven de nacionalidad colombiana identificada como Dary Luz Berrio Rodr\u00edguez de 30 a\u00f1os.<\/p>\n\n\n\n<p>La joven, oriunda de Fundaci\u00f3n, en el departamento del Magdalena en Colombia, se dedicaba a cuidar adultos mayores entre Bogot\u00e1 y Medell\u00edn, pero cerca de cumplir los 30 a\u00f1os vio una oportunidad para mejorar su vida en Europa.<\/p>\n\n\n\n<p>\u201cElla viaj\u00f3 porque se iba a encontrar con una amiga, pero nos dijo mentiras y desvi\u00f3 su camino. Se fue a encontrar con un novio que tuvo en Bogot\u00e1, y con el que hab\u00eda compartido por dos meses\u201d, narr\u00f3 su madre a la prensa<\/p>\n\n\n\n<p>El pasado viernes 6 de agosto la familia de Dary Luz recibi\u00f3 una llamada desde Espa\u00f1a que les congel\u00f3 hasta los huesos. Hab\u00edan encontrado sin vida a Dary Luz y su cuerpo ya estaba en estado de descompocisi\u00f3n.<\/p>\n\n\n\n<p>El primer sospechoso es el hombre con quien convivi\u00f3 en Bogot\u00e1, Colombia por dos meses y por quien desvi\u00f3 el camino en Europa y nunca lleg\u00f3 a la cita con su amiga, sino que termin\u00f3 en los brazos del dominicano a&nbsp; quien identifican como Jos\u00e9 Abel Paulino.<\/p>\n\n\n\n<p>\u201cYo la estaba esperando. Desde enero ven\u00edamos hablando porque ella quer\u00eda trabajar en Barcelona. Le dije que le abr\u00eda las puertas de mi casa. Ella pag\u00f3 sus tiquetes y todo, pero me qued\u00e9 esper\u00e1ndola porque tom\u00f3 otro camino y se fue a vivir con este hombre\u201d, relat\u00f3 la amiga Yorledis Mozo a la prensa.<\/p>\n\n\n\n<p>Las redes sociales luego de conocerse la noticia han ejercido tambien presi\u00f3n a fin de dar con el paradero del presunto asesino de Dary Luz y esta cuenta se muestra un video de Jos\u00e9 Abel Paulino bailando y cantando despu\u00e9s de que encontraron sin vida a su pareja<\/p>\n\n\n\n<p>En una de las llamadas a su padre, Carlos Arturo Berrio Ariza, Dary Luz confes\u00f3 estar muy enamorada del hombre que la hab\u00eda recibido. Incluso, el hombre se uni\u00f3 a la llamada y le prometi\u00f3 al padre que cuidar\u00eda de la joven\u201d.<\/p>\n\n\n\n<p>\u201cTodos los d\u00edas nos contact\u00e1bamos por video llamada o por WhatsApp, nos dec\u00eda que estaba contenta, que estaba muy enamorada\u2026 que todo estaba bien\u201d, a\u00f1ade hoy \u00a0desconcertado su padre \u00a0Carlos Arturo Berrio Ariza.<\/p>\n\n\n\n<p><strong>Informaci\u00f3n del portal El Tiempo<\/strong><\/p>\n","protected":false},"excerpt":{"rendered":"<p>Madrid.- Las autoridades de Espa\u00f1a buscan a un dominicano identificado como Jos\u00e9 Abel Paulino, como el principal sospechoso de quitarle la vida a su pareja, la joven de nacionalidad colombiana identificada como Dary Luz Berrio Rodr\u00edguez de 30 a\u00f1os. La joven, oriunda de Fundaci\u00f3n, en el departamento del Magdalena en Colombia, se dedicaba a cuidar [&hellip;]<\/p>\n","protected":false},"author":1,"featured_media":5346,"comment_status":"open","ping_status":"open","sticky":false,"template":"","format":"standard","meta":{"nf_dc_page":"","jetpack_post_was_ever_published":false,"_jetpack_newsletter_access":"","_jetpack_dont_email_post_to_subs":false,"_jetpack_newsletter_tier_id":0,"_jetpack_memberships_contains_paywalled_content":false,"_jetpack_memberships_contains_paid_content":false,"footnotes":"","jetpack_publicize_message":"","jetpack_publicize_feature_enabled":true,"jetpack_social_post_already_shared":false,"jetpack_social_options":{"image_generator_settings":{"template":"highway","default_image_id":0,"font":"","enabled":false},"version":2}},"categories":[79],"tags":[],"class_list":["post-5345","post","type-post","status-publish","format-standard","has-post-thumbnail","hentry"],"yoast_head":"<!-- This site is optimized with the Yoast SEO plugin v27.4 - https:\/\/yoast.com\/product\/yoast-seo-wordpress\/ -->\n<title>Espa\u00f1a: Dominicano es principal sospecho de quitarle la vida a su pareja - Minuto Cero RD<\/title>\n<meta name=\"robots\" content=\"index, follow, max-snippet:-1, max-image-preview:large, max-video-preview:-1\" \/>\n<link rel=\"canonical\" href=\"http:\/\/minutocerord.com\/?p=5345\" \/>\n<meta property=\"og:locale\" content=\"es_ES\" \/>\n<meta property=\"og:type\" content=\"article\" \/>\n<meta property=\"og:title\" content=\"Espa\u00f1a: Dominicano es principal sospecho de quitarle la vida a su pareja - Minuto Cero RD\" \/>\n<meta property=\"og:description\" content=\"Madrid.- Las autoridades de Espa\u00f1a buscan a un dominicano identificado como Jos\u00e9 Abel Paulino, como el principal sospechoso de quitarle la vida a su pareja, la joven de nacionalidad colombiana identificada como Dary Luz Berrio Rodr\u00edguez de 30 a\u00f1os. La joven, oriunda de Fundaci\u00f3n, en el departamento del Magdalena en Colombia, se dedicaba a cuidar [&hellip;]\" \/>\n<meta property=\"og:url\" content=\"http:\/\/minutocerord.com\/?p=5345\" \/>\n<meta property=\"og:site_name\" content=\"Minuto Cero RD\" \/>\n<meta property=\"article:publisher\" content=\"https:\/\/www.facebook.com\/Genofnotes\" \/>\n<meta property=\"article:author\" content=\"https:\/\/www.facebook.com\/Genofnotes\" \/>\n<meta property=\"article:published_time\" content=\"2021-08-11T03:22:13+00:00\" \/>\n<meta property=\"article:modified_time\" content=\"2021-08-11T03:25:28+00:00\" \/>\n<meta property=\"og:image\" content=\"https:\/\/i0.wp.com\/minutocerord.com\/wp-content\/uploads\/2021\/08\/safe_image.jpg?fit=500%2C261\" \/>\n\t<meta property=\"og:image:width\" content=\"500\" \/>\n\t<meta property=\"og:image:height\" content=\"261\" \/>\n\t<meta property=\"og:image:type\" content=\"image\/jpeg\" \/>\n<meta name=\"author\" content=\"Genof\u00f3ntes Urb\u00e1ez\" \/>\n<meta name=\"twitter:card\" content=\"summary_large_image\" \/>\n<meta name=\"twitter:label1\" content=\"Written by\" \/>\n\t<meta name=\"twitter:data1\" content=\"Genof\u00f3ntes Urb\u00e1ez\" \/>\n\t<meta name=\"twitter:label2\" content=\"Est. reading time\" \/>\n\t<meta name=\"twitter:data2\" content=\"2 minutos\" \/>\n<script type=\"application\/ld+json\" class=\"yoast-schema-graph\">{\"@context\":\"https:\\\/\\\/schema.org\",\"@graph\":[{\"@type\":\"Article\",\"@id\":\"http:\\\/\\\/minutocerord.com\\\/?p=5345#article\",\"isPartOf\":{\"@id\":\"http:\\\/\\\/minutocerord.com\\\/?p=5345\"},\"author\":{\"name\":\"Genof\u00f3ntes Urb\u00e1ez\",\"@id\":\"https:\\\/\\\/minutocerord.com\\\/#\\\/schema\\\/person\\\/60b5372d60aaa0a5171fb6488be9aee6\"},\"headline\":\"Espa\u00f1a: Dominicano es principal sospecho de quitarle la vida a su pareja\",\"datePublished\":\"2021-08-11T03:22:13+00:00\",\"dateModified\":\"2021-08-11T03:25:28+00:00\",\"mainEntityOfPage\":{\"@id\":\"http:\\\/\\\/minutocerord.com\\\/?p=5345\"},\"wordCount\":423,\"commentCount\":0,\"publisher\":{\"@id\":\"https:\\\/\\\/minutocerord.com\\\/#\\\/schema\\\/person\\\/60b5372d60aaa0a5171fb6488be9aee6\"},\"image\":{\"@id\":\"http:\\\/\\\/minutocerord.com\\\/?p=5345#primaryimage\"},\"thumbnailUrl\":\"https:\\\/\\\/i0.wp.com\\\/minutocerord.com\\\/wp-content\\\/uploads\\\/2021\\\/08\\\/safe_image.jpg?fit=500%2C261&ssl=1\",\"articleSection\":[\"Espa\u00f1a\"],\"inLanguage\":\"es-DO\",\"potentialAction\":[{\"@type\":\"CommentAction\",\"name\":\"Comment\",\"target\":[\"http:\\\/\\\/minutocerord.com\\\/?p=5345#respond\"]}]},{\"@type\":\"WebPage\",\"@id\":\"http:\\\/\\\/minutocerord.com\\\/?p=5345\",\"url\":\"http:\\\/\\\/minutocerord.com\\\/?p=5345\",\"name\":\"Espa\u00f1a: Dominicano es principal sospecho de quitarle la vida a su pareja - Minuto Cero RD\",\"isPartOf\":{\"@id\":\"https:\\\/\\\/minutocerord.com\\\/#website\"},\"primaryImageOfPage\":{\"@id\":\"http:\\\/\\\/minutocerord.com\\\/?p=5345#primaryimage\"},\"image\":{\"@id\":\"http:\\\/\\\/minutocerord.com\\\/?p=5345#primaryimage\"},\"thumbnailUrl\":\"https:\\\/\\\/i0.wp.com\\\/minutocerord.com\\\/wp-content\\\/uploads\\\/2021\\\/08\\\/safe_image.jpg?fit=500%2C261&ssl=1\",\"datePublished\":\"2021-08-11T03:22:13+00:00\",\"dateModified\":\"2021-08-11T03:25:28+00:00\",\"breadcrumb\":{\"@id\":\"http:\\\/\\\/minutocerord.com\\\/?p=5345#breadcrumb\"},\"inLanguage\":\"es-DO\",\"potentialAction\":[{\"@type\":\"ReadAction\",\"target\":[\"http:\\\/\\\/minutocerord.com\\\/?p=5345\"]}]},{\"@type\":\"ImageObject\",\"inLanguage\":\"es-DO\",\"@id\":\"http:\\\/\\\/minutocerord.com\\\/?p=5345#primaryimage\",\"url\":\"https:\\\/\\\/i0.wp.com\\\/minutocerord.com\\\/wp-content\\\/uploads\\\/2021\\\/08\\\/safe_image.jpg?fit=500%2C261&ssl=1\",\"contentUrl\":\"https:\\\/\\\/i0.wp.com\\\/minutocerord.com\\\/wp-content\\\/uploads\\\/2021\\\/08\\\/safe_image.jpg?fit=500%2C261&ssl=1\",\"width\":500,\"height\":261},{\"@type\":\"BreadcrumbList\",\"@id\":\"http:\\\/\\\/minutocerord.com\\\/?p=5345#breadcrumb\",\"itemListElement\":[{\"@type\":\"ListItem\",\"position\":1,\"name\":\"Home\",\"item\":\"https:\\\/\\\/minutocerord.com\\\/\"},{\"@type\":\"ListItem\",\"position\":2,\"name\":\"Espa\u00f1a: Dominicano es principal sospecho de quitarle la vida a su pareja\"}]},{\"@type\":\"WebSite\",\"@id\":\"https:\\\/\\\/minutocerord.com\\\/#website\",\"url\":\"https:\\\/\\\/minutocerord.com\\\/\",\"name\":\"Minuto Cero RD\",\"description\":\"Periodismo serio y veraz\",\"publisher\":{\"@id\":\"https:\\\/\\\/minutocerord.com\\\/#\\\/schema\\\/person\\\/60b5372d60aaa0a5171fb6488be9aee6\"},\"potentialAction\":[{\"@type\":\"SearchAction\",\"target\":{\"@type\":\"EntryPoint\",\"urlTemplate\":\"https:\\\/\\\/minutocerord.com\\\/?s={search_term_string}\"},\"query-input\":{\"@type\":\"PropertyValueSpecification\",\"valueRequired\":true,\"valueName\":\"search_term_string\"}}],\"inLanguage\":\"es-DO\"},{\"@type\":[\"Person\",\"Organization\"],\"@id\":\"https:\\\/\\\/minutocerord.com\\\/#\\\/schema\\\/person\\\/60b5372d60aaa0a5171fb6488be9aee6\",\"name\":\"Genof\u00f3ntes Urb\u00e1ez\",\"image\":{\"@type\":\"ImageObject\",\"inLanguage\":\"es-DO\",\"@id\":\"https:\\\/\\\/secure.gravatar.com\\\/avatar\\\/a49ef3186a692098ac3e8a1612261e3ad70cf9e44553dff2929e67939a0ecb9d?s=96&d=identicon&r=g\",\"url\":\"https:\\\/\\\/secure.gravatar.com\\\/avatar\\\/a49ef3186a692098ac3e8a1612261e3ad70cf9e44553dff2929e67939a0ecb9d?s=96&d=identicon&r=g\",\"contentUrl\":\"https:\\\/\\\/secure.gravatar.com\\\/avatar\\\/a49ef3186a692098ac3e8a1612261e3ad70cf9e44553dff2929e67939a0ecb9d?s=96&d=identicon&r=g\",\"caption\":\"Genof\u00f3ntes Urb\u00e1ez\"},\"logo\":{\"@id\":\"https:\\\/\\\/secure.gravatar.com\\\/avatar\\\/a49ef3186a692098ac3e8a1612261e3ad70cf9e44553dff2929e67939a0ecb9d?s=96&d=identicon&r=g\"},\"description\":\"Periodista \\\/ Locutor\",\"sameAs\":[\"https:\\\/\\\/www.facebook.com\\\/Genofnotes\",\"https:\\\/\\\/www.instagram.com\\\/genofnotes\\\/\"]}]}<\/script>\n<!-- \/ Yoast SEO plugin. -->","yoast_head_json":{"title":"Espa\u00f1a: Dominicano es principal sospecho de quitarle la vida a su pareja - Minuto Cero RD","robots":{"index":"index","follow":"follow","max-snippet":"max-snippet:-1","max-image-preview":"max-image-preview:large","max-video-preview":"max-video-preview:-1"},"canonical":"http:\/\/minutocerord.com\/?p=5345","og_locale":"es_ES","og_type":"article","og_title":"Espa\u00f1a: Dominicano es principal sospecho de quitarle la vida a su pareja - Minuto Cero RD","og_description":"Madrid.- Las autoridades de Espa\u00f1a buscan a un dominicano identificado como Jos\u00e9 Abel Paulino, como el principal sospechoso de quitarle la vida a su pareja, la joven de nacionalidad colombiana identificada como Dary Luz Berrio Rodr\u00edguez de 30 a\u00f1os. La joven, oriunda de Fundaci\u00f3n, en el departamento del Magdalena en Colombia, se dedicaba a cuidar [&hellip;]","og_url":"http:\/\/minutocerord.com\/?p=5345","og_site_name":"Minuto Cero RD","article_publisher":"https:\/\/www.facebook.com\/Genofnotes","article_author":"https:\/\/www.facebook.com\/Genofnotes","article_published_time":"2021-08-11T03:22:13+00:00","article_modified_time":"2021-08-11T03:25:28+00:00","og_image":[{"width":500,"height":261,"url":"https:\/\/i0.wp.com\/minutocerord.com\/wp-content\/uploads\/2021\/08\/safe_image.jpg?fit=500%2C261","type":"image\/jpeg"}],"author":"Genof\u00f3ntes Urb\u00e1ez","twitter_card":"summary_large_image","twitter_misc":{"Written by":"Genof\u00f3ntes Urb\u00e1ez","Est. reading time":"2 minutos"},"schema":{"@context":"https:\/\/schema.org","@graph":[{"@type":"Article","@id":"http:\/\/minutocerord.com\/?p=5345#article","isPartOf":{"@id":"http:\/\/minutocerord.com\/?p=5345"},"author":{"name":"Genof\u00f3ntes Urb\u00e1ez","@id":"https:\/\/minutocerord.com\/#\/schema\/person\/60b5372d60aaa0a5171fb6488be9aee6"},"headline":"Espa\u00f1a: Dominicano es principal sospecho de quitarle la vida a su pareja","datePublished":"2021-08-11T03:22:13+00:00","dateModified":"2021-08-11T03:25:28+00:00","mainEntityOfPage":{"@id":"http:\/\/minutocerord.com\/?p=5345"},"wordCount":423,"commentCount":0,"publisher":{"@id":"https:\/\/minutocerord.com\/#\/schema\/person\/60b5372d60aaa0a5171fb6488be9aee6"},"image":{"@id":"http:\/\/minutocerord.com\/?p=5345#primaryimage"},"thumbnailUrl":"https:\/\/i0.wp.com\/minutocerord.com\/wp-content\/uploads\/2021\/08\/safe_image.jpg?fit=500%2C261&ssl=1","articleSection":["Espa\u00f1a"],"inLanguage":"es-DO","potentialAction":[{"@type":"CommentAction","name":"Comment","target":["http:\/\/minutocerord.com\/?p=5345#respond"]}]},{"@type":"WebPage","@id":"http:\/\/minutocerord.com\/?p=5345","url":"http:\/\/minutocerord.com\/?p=5345","name":"Espa\u00f1a: Dominicano es principal sospecho de quitarle la vida a su pareja - Minuto Cero RD","isPartOf":{"@id":"https:\/\/minutocerord.com\/#website"},"primaryImageOfPage":{"@id":"http:\/\/minutocerord.com\/?p=5345#primaryimage"},"image":{"@id":"http:\/\/minutocerord.com\/?p=5345#primaryimage"},"thumbnailUrl":"https:\/\/i0.wp.com\/minutocerord.com\/wp-content\/uploads\/2021\/08\/safe_image.jpg?fit=500%2C261&ssl=1","datePublished":"2021-08-11T03:22:13+00:00","dateModified":"2021-08-11T03:25:28+00:00","breadcrumb":{"@id":"http:\/\/minutocerord.com\/?p=5345#breadcrumb"},"inLanguage":"es-DO","potentialAction":[{"@type":"ReadAction","target":["http:\/\/minutocerord.com\/?p=5345"]}]},{"@type":"ImageObject","inLanguage":"es-DO","@id":"http:\/\/minutocerord.com\/?p=5345#primaryimage","url":"https:\/\/i0.wp.com\/minutocerord.com\/wp-content\/uploads\/2021\/08\/safe_image.jpg?fit=500%2C261&ssl=1","contentUrl":"https:\/\/i0.wp.com\/minutocerord.com\/wp-content\/uploads\/2021\/08\/safe_image.jpg?fit=500%2C261&ssl=1","width":500,"height":261},{"@type":"BreadcrumbList","@id":"http:\/\/minutocerord.com\/?p=5345#breadcrumb","itemListElement":[{"@type":"ListItem","position":1,"name":"Home","item":"https:\/\/minutocerord.com\/"},{"@type":"ListItem","position":2,"name":"Espa\u00f1a: Dominicano es principal sospecho de quitarle la vida a su pareja"}]},{"@type":"WebSite","@id":"https:\/\/minutocerord.com\/#website","url":"https:\/\/minutocerord.com\/","name":"Minuto Cero RD","description":"Periodismo serio y veraz","publisher":{"@id":"https:\/\/minutocerord.com\/#\/schema\/person\/60b5372d60aaa0a5171fb6488be9aee6"},"potentialAction":[{"@type":"SearchAction","target":{"@type":"EntryPoint","urlTemplate":"https:\/\/minutocerord.com\/?s={search_term_string}"},"query-input":{"@type":"PropertyValueSpecification","valueRequired":true,"valueName":"search_term_string"}}],"inLanguage":"es-DO"},{"@type":["Person","Organization"],"@id":"https:\/\/minutocerord.com\/#\/schema\/person\/60b5372d60aaa0a5171fb6488be9aee6","name":"Genof\u00f3ntes Urb\u00e1ez","image":{"@type":"ImageObject","inLanguage":"es-DO","@id":"https:\/\/secure.gravatar.com\/avatar\/a49ef3186a692098ac3e8a1612261e3ad70cf9e44553dff2929e67939a0ecb9d?s=96&d=identicon&r=g","url":"https:\/\/secure.gravatar.com\/avatar\/a49ef3186a692098ac3e8a1612261e3ad70cf9e44553dff2929e67939a0ecb9d?s=96&d=identicon&r=g","contentUrl":"https:\/\/secure.gravatar.com\/avatar\/a49ef3186a692098ac3e8a1612261e3ad70cf9e44553dff2929e67939a0ecb9d?s=96&d=identicon&r=g","caption":"Genof\u00f3ntes Urb\u00e1ez"},"logo":{"@id":"https:\/\/secure.gravatar.com\/avatar\/a49ef3186a692098ac3e8a1612261e3ad70cf9e44553dff2929e67939a0ecb9d?s=96&d=identicon&r=g"},"description":"Periodista \/ Locutor","sameAs":["https:\/\/www.facebook.com\/Genofnotes","https:\/\/www.instagram.com\/genofnotes\/"]}]}},"jetpack_publicize_connections":[],"jetpack_featured_media_url":"https:\/\/i0.wp.com\/minutocerord.com\/wp-content\/uploads\/2021\/08\/safe_image.jpg?fit=500%2C261&ssl=1","jetpack-related-posts":[],"jetpack_sharing_enabled":true,"_links":{"self":[{"href":"https:\/\/minutocerord.com\/index.php?rest_route=\/wp\/v2\/posts\/5345","targetHints":{"allow":["GET"]}}],"collection":[{"href":"https:\/\/minutocerord.com\/index.php?rest_route=\/wp\/v2\/posts"}],"about":[{"href":"https:\/\/minutocerord.com\/index.php?rest_route=\/wp\/v2\/types\/post"}],"author":[{"embeddable":true,"href":"https:\/\/minutocerord.com\/index.php?rest_route=\/wp\/v2\/users\/1"}],"replies":[{"embeddable":true,"href":"https:\/\/minutocerord.com\/index.php?rest_route=%2Fwp%2Fv2%2Fcomments&post=5345"}],"version-history":[{"count":2,"href":"https:\/\/minutocerord.com\/index.php?rest_route=\/wp\/v2\/posts\/5345\/revisions"}],"predecessor-version":[{"id":5348,"href":"https:\/\/minutocerord.com\/index.php?rest_route=\/wp\/v2\/posts\/5345\/revisions\/5348"}],"wp:featuredmedia":[{"embeddable":true,"href":"https:\/\/minutocerord.com\/index.php?rest_route=\/wp\/v2\/media\/5346"}],"wp:attachment":[{"href":"https:\/\/minutocerord.com\/index.php?rest_route=%2Fwp%2Fv2%2Fmedia&parent=5345"}],"wp:term":[{"taxonomy":"category","embeddable":true,"href":"https:\/\/minutocerord.com\/index.php?rest_route=%2Fwp%2Fv2%2Fcategories&post=5345"},{"taxonomy":"post_tag","embeddable":true,"href":"https:\/\/minutocerord.com\/index.php?rest_route=%2Fwp%2Fv2%2Ftags&post=5345"}],"curies":[{"name":"wp","href":"https:\/\/api.w.org\/{rel}","templated":true}]}}