{"id":5349,"date":"2021-08-10T23:39:18","date_gmt":"2021-08-11T03:39:18","guid":{"rendered":"https:\/\/minutocerord.com\/?p=5349"},"modified":"2021-08-10T23:39:21","modified_gmt":"2021-08-11T03:39:21","slug":"emiten-alerta-maxima-para-ocho-provincias-y-el-distrito-nacional","status":"publish","type":"post","link":"https:\/\/minutocerord.com\/?p=5349","title":{"rendered":"Emiten alerta m\u00e1xima para ocho provincias y el Distrito Nacional"},"content":{"rendered":"\n<p><strong>SANTO DOMINGO.-<\/strong> Las autoridades de socorro han colocado en alerta m\u00e1xima a ocho provincias y el Distrito Nacional ante las crecidas de r\u00edos, arroyos y ca\u00f1adas que eventualmente causen las lluvias provocadas por un potencial cicl\u00f3n tropical que se espera afecte el pa\u00eds desde la madrugada de este mi\u00e9rcoles.<\/p>\n\n\n\n<p>El fen\u00f3meno fue ubicado a las 7 de la noche de este martes a unos 325 kil\u00f3metros al este-sureste de la isla Saona, con vientos m\u00e1ximos sostenidos de 55 kil\u00f3metros por hora, mientras se mueve al oeste a unos 28 kil\u00f3metros por hora.<\/p>\n\n\n\n<p>Las provincias en alerta roja son La Altagracia, La Romana, Santo Domingo, San Pedro de Macor\u00eds, El Seibo, San Crist\u00f3bal, Monse\u00f1or Nouel, San Jos\u00e9 de Ocoa y el Distrito Nacional.<\/p>\n\n\n\n<p>Mientras que en alerta amarilla est\u00e1n Duarte, Saman\u00e1, Monte Plata, Puerto Plata, Espaillat, La Vega, S\u00e1nchez Ram\u00edrez, Hato Mayor y Mar\u00eda Trinidad S\u00e1nchez.<\/p>\n\n\n\n<p>En alerta verde se encuentran Santiago, Santiago Rodr\u00edguez, Hermanas Mirabal, Dajab\u00f3n, Valverde, Montecristi, y Peravia.<\/p>\n\n\n\n<p>El director del Centro de Operaciones de Emergencias (COE), Juan Manuel M\u00e9ndez, dijo en rueda de prensa que se espera que el disturbio atmosf\u00e9rico cause \u00abmuchas lluvias\u00bb en gran parte del pa\u00eds.<\/p>\n","protected":false},"excerpt":{"rendered":"<p>SANTO DOMINGO.- Las autoridades de socorro han colocado en alerta m\u00e1xima a ocho provincias y el Distrito Nacional ante las crecidas de r\u00edos, arroyos y ca\u00f1adas que eventualmente causen las lluvias provocadas por un potencial cicl\u00f3n tropical que se espera afecte el pa\u00eds desde la madrugada de este mi\u00e9rcoles. El fen\u00f3meno fue ubicado a las [&hellip;]<\/p>\n","protected":false},"author":1,"featured_media":5350,"comment_status":"open","ping_status":"open","sticky":false,"template":"","format":"standard","meta":{"nf_dc_page":"","jetpack_post_was_ever_published":false,"_jetpack_newsletter_access":"","_jetpack_dont_email_post_to_subs":false,"_jetpack_newsletter_tier_id":0,"_jetpack_memberships_contains_paywalled_content":false,"_jetpack_memberships_contains_paid_content":false,"footnotes":"","jetpack_publicize_message":"","jetpack_publicize_feature_enabled":true,"jetpack_social_post_already_shared":false,"jetpack_social_options":{"image_generator_settings":{"template":"highway","default_image_id":0,"font":"","enabled":false},"version":2}},"categories":[87],"tags":[],"class_list":["post-5349","post","type-post","status-publish","format-standard","has-post-thumbnail","hentry","category-el-clima"],"yoast_head":"<!-- This site is optimized with the Yoast SEO plugin v27.4 - https:\/\/yoast.com\/product\/yoast-seo-wordpress\/ -->\n<title>Emiten alerta m\u00e1xima para ocho provincias y el Distrito Nacional - Minuto Cero RD<\/title>\n<meta name=\"robots\" content=\"index, follow, max-snippet:-1, max-image-preview:large, max-video-preview:-1\" \/>\n<link rel=\"canonical\" href=\"http:\/\/minutocerord.com\/?p=5349\" \/>\n<meta property=\"og:locale\" content=\"es_ES\" \/>\n<meta property=\"og:type\" content=\"article\" \/>\n<meta property=\"og:title\" content=\"Emiten alerta m\u00e1xima para ocho provincias y el Distrito Nacional - Minuto Cero RD\" \/>\n<meta property=\"og:description\" content=\"SANTO DOMINGO.- Las autoridades de socorro han colocado en alerta m\u00e1xima a ocho provincias y el Distrito Nacional ante las crecidas de r\u00edos, arroyos y ca\u00f1adas que eventualmente causen las lluvias provocadas por un potencial cicl\u00f3n tropical que se espera afecte el pa\u00eds desde la madrugada de este mi\u00e9rcoles. El fen\u00f3meno fue ubicado a las [&hellip;]\" \/>\n<meta property=\"og:url\" content=\"http:\/\/minutocerord.com\/?p=5349\" \/>\n<meta property=\"og:site_name\" content=\"Minuto Cero RD\" \/>\n<meta property=\"article:publisher\" content=\"https:\/\/www.facebook.com\/Genofnotes\" \/>\n<meta property=\"article:author\" content=\"https:\/\/www.facebook.com\/Genofnotes\" \/>\n<meta property=\"article:published_time\" content=\"2021-08-11T03:39:18+00:00\" \/>\n<meta property=\"article:modified_time\" content=\"2021-08-11T03:39:21+00:00\" \/>\n<meta property=\"og:image\" content=\"https:\/\/i0.wp.com\/minutocerord.com\/wp-content\/uploads\/2021\/08\/en.jpg?fit=500%2C262\" \/>\n\t<meta property=\"og:image:width\" content=\"500\" \/>\n\t<meta property=\"og:image:height\" content=\"262\" \/>\n\t<meta property=\"og:image:type\" content=\"image\/jpeg\" \/>\n<meta name=\"author\" content=\"Genof\u00f3ntes Urb\u00e1ez\" \/>\n<meta name=\"twitter:card\" content=\"summary_large_image\" \/>\n<meta name=\"twitter:label1\" content=\"Written by\" \/>\n\t<meta name=\"twitter:data1\" content=\"Genof\u00f3ntes Urb\u00e1ez\" \/>\n\t<meta name=\"twitter:label2\" content=\"Est. reading time\" \/>\n\t<meta name=\"twitter:data2\" content=\"1 minuto\" \/>\n<script type=\"application\/ld+json\" class=\"yoast-schema-graph\">{\"@context\":\"https:\\\/\\\/schema.org\",\"@graph\":[{\"@type\":\"Article\",\"@id\":\"http:\\\/\\\/minutocerord.com\\\/?p=5349#article\",\"isPartOf\":{\"@id\":\"http:\\\/\\\/minutocerord.com\\\/?p=5349\"},\"author\":{\"name\":\"Genof\u00f3ntes Urb\u00e1ez\",\"@id\":\"https:\\\/\\\/minutocerord.com\\\/#\\\/schema\\\/person\\\/60b5372d60aaa0a5171fb6488be9aee6\"},\"headline\":\"Emiten alerta m\u00e1xima para ocho provincias y el Distrito Nacional\",\"datePublished\":\"2021-08-11T03:39:18+00:00\",\"dateModified\":\"2021-08-11T03:39:21+00:00\",\"mainEntityOfPage\":{\"@id\":\"http:\\\/\\\/minutocerord.com\\\/?p=5349\"},\"wordCount\":224,\"commentCount\":0,\"publisher\":{\"@id\":\"https:\\\/\\\/minutocerord.com\\\/#\\\/schema\\\/person\\\/60b5372d60aaa0a5171fb6488be9aee6\"},\"image\":{\"@id\":\"http:\\\/\\\/minutocerord.com\\\/?p=5349#primaryimage\"},\"thumbnailUrl\":\"https:\\\/\\\/i0.wp.com\\\/minutocerord.com\\\/wp-content\\\/uploads\\\/2021\\\/08\\\/en.jpg?fit=500%2C262&ssl=1\",\"articleSection\":[\"El clima\"],\"inLanguage\":\"es-DO\",\"potentialAction\":[{\"@type\":\"CommentAction\",\"name\":\"Comment\",\"target\":[\"http:\\\/\\\/minutocerord.com\\\/?p=5349#respond\"]}]},{\"@type\":\"WebPage\",\"@id\":\"http:\\\/\\\/minutocerord.com\\\/?p=5349\",\"url\":\"http:\\\/\\\/minutocerord.com\\\/?p=5349\",\"name\":\"Emiten alerta m\u00e1xima para ocho provincias y el Distrito Nacional - Minuto Cero RD\",\"isPartOf\":{\"@id\":\"https:\\\/\\\/minutocerord.com\\\/#website\"},\"primaryImageOfPage\":{\"@id\":\"http:\\\/\\\/minutocerord.com\\\/?p=5349#primaryimage\"},\"image\":{\"@id\":\"http:\\\/\\\/minutocerord.com\\\/?p=5349#primaryimage\"},\"thumbnailUrl\":\"https:\\\/\\\/i0.wp.com\\\/minutocerord.com\\\/wp-content\\\/uploads\\\/2021\\\/08\\\/en.jpg?fit=500%2C262&ssl=1\",\"datePublished\":\"2021-08-11T03:39:18+00:00\",\"dateModified\":\"2021-08-11T03:39:21+00:00\",\"breadcrumb\":{\"@id\":\"http:\\\/\\\/minutocerord.com\\\/?p=5349#breadcrumb\"},\"inLanguage\":\"es-DO\",\"potentialAction\":[{\"@type\":\"ReadAction\",\"target\":[\"http:\\\/\\\/minutocerord.com\\\/?p=5349\"]}]},{\"@type\":\"ImageObject\",\"inLanguage\":\"es-DO\",\"@id\":\"http:\\\/\\\/minutocerord.com\\\/?p=5349#primaryimage\",\"url\":\"https:\\\/\\\/i0.wp.com\\\/minutocerord.com\\\/wp-content\\\/uploads\\\/2021\\\/08\\\/en.jpg?fit=500%2C262&ssl=1\",\"contentUrl\":\"https:\\\/\\\/i0.wp.com\\\/minutocerord.com\\\/wp-content\\\/uploads\\\/2021\\\/08\\\/en.jpg?fit=500%2C262&ssl=1\",\"width\":500,\"height\":262},{\"@type\":\"BreadcrumbList\",\"@id\":\"http:\\\/\\\/minutocerord.com\\\/?p=5349#breadcrumb\",\"itemListElement\":[{\"@type\":\"ListItem\",\"position\":1,\"name\":\"Home\",\"item\":\"https:\\\/\\\/minutocerord.com\\\/\"},{\"@type\":\"ListItem\",\"position\":2,\"name\":\"Emiten alerta m\u00e1xima para ocho provincias y el Distrito Nacional\"}]},{\"@type\":\"WebSite\",\"@id\":\"https:\\\/\\\/minutocerord.com\\\/#website\",\"url\":\"https:\\\/\\\/minutocerord.com\\\/\",\"name\":\"Minuto Cero RD\",\"description\":\"Periodismo serio y veraz\",\"publisher\":{\"@id\":\"https:\\\/\\\/minutocerord.com\\\/#\\\/schema\\\/person\\\/60b5372d60aaa0a5171fb6488be9aee6\"},\"potentialAction\":[{\"@type\":\"SearchAction\",\"target\":{\"@type\":\"EntryPoint\",\"urlTemplate\":\"https:\\\/\\\/minutocerord.com\\\/?s={search_term_string}\"},\"query-input\":{\"@type\":\"PropertyValueSpecification\",\"valueRequired\":true,\"valueName\":\"search_term_string\"}}],\"inLanguage\":\"es-DO\"},{\"@type\":[\"Person\",\"Organization\"],\"@id\":\"https:\\\/\\\/minutocerord.com\\\/#\\\/schema\\\/person\\\/60b5372d60aaa0a5171fb6488be9aee6\",\"name\":\"Genof\u00f3ntes Urb\u00e1ez\",\"image\":{\"@type\":\"ImageObject\",\"inLanguage\":\"es-DO\",\"@id\":\"https:\\\/\\\/secure.gravatar.com\\\/avatar\\\/a49ef3186a692098ac3e8a1612261e3ad70cf9e44553dff2929e67939a0ecb9d?s=96&d=identicon&r=g\",\"url\":\"https:\\\/\\\/secure.gravatar.com\\\/avatar\\\/a49ef3186a692098ac3e8a1612261e3ad70cf9e44553dff2929e67939a0ecb9d?s=96&d=identicon&r=g\",\"contentUrl\":\"https:\\\/\\\/secure.gravatar.com\\\/avatar\\\/a49ef3186a692098ac3e8a1612261e3ad70cf9e44553dff2929e67939a0ecb9d?s=96&d=identicon&r=g\",\"caption\":\"Genof\u00f3ntes Urb\u00e1ez\"},\"logo\":{\"@id\":\"https:\\\/\\\/secure.gravatar.com\\\/avatar\\\/a49ef3186a692098ac3e8a1612261e3ad70cf9e44553dff2929e67939a0ecb9d?s=96&d=identicon&r=g\"},\"description\":\"Periodista \\\/ Locutor\",\"sameAs\":[\"https:\\\/\\\/www.facebook.com\\\/Genofnotes\",\"https:\\\/\\\/www.instagram.com\\\/genofnotes\\\/\"]}]}<\/script>\n<!-- \/ Yoast SEO plugin. -->","yoast_head_json":{"title":"Emiten alerta m\u00e1xima para ocho provincias y el Distrito Nacional - Minuto Cero RD","robots":{"index":"index","follow":"follow","max-snippet":"max-snippet:-1","max-image-preview":"max-image-preview:large","max-video-preview":"max-video-preview:-1"},"canonical":"http:\/\/minutocerord.com\/?p=5349","og_locale":"es_ES","og_type":"article","og_title":"Emiten alerta m\u00e1xima para ocho provincias y el Distrito Nacional - Minuto Cero RD","og_description":"SANTO DOMINGO.- Las autoridades de socorro han colocado en alerta m\u00e1xima a ocho provincias y el Distrito Nacional ante las crecidas de r\u00edos, arroyos y ca\u00f1adas que eventualmente causen las lluvias provocadas por un potencial cicl\u00f3n tropical que se espera afecte el pa\u00eds desde la madrugada de este mi\u00e9rcoles. El fen\u00f3meno fue ubicado a las [&hellip;]","og_url":"http:\/\/minutocerord.com\/?p=5349","og_site_name":"Minuto Cero RD","article_publisher":"https:\/\/www.facebook.com\/Genofnotes","article_author":"https:\/\/www.facebook.com\/Genofnotes","article_published_time":"2021-08-11T03:39:18+00:00","article_modified_time":"2021-08-11T03:39:21+00:00","og_image":[{"width":500,"height":262,"url":"https:\/\/i0.wp.com\/minutocerord.com\/wp-content\/uploads\/2021\/08\/en.jpg?fit=500%2C262","type":"image\/jpeg"}],"author":"Genof\u00f3ntes Urb\u00e1ez","twitter_card":"summary_large_image","twitter_misc":{"Written by":"Genof\u00f3ntes Urb\u00e1ez","Est. reading time":"1 minuto"},"schema":{"@context":"https:\/\/schema.org","@graph":[{"@type":"Article","@id":"http:\/\/minutocerord.com\/?p=5349#article","isPartOf":{"@id":"http:\/\/minutocerord.com\/?p=5349"},"author":{"name":"Genof\u00f3ntes Urb\u00e1ez","@id":"https:\/\/minutocerord.com\/#\/schema\/person\/60b5372d60aaa0a5171fb6488be9aee6"},"headline":"Emiten alerta m\u00e1xima para ocho provincias y el Distrito Nacional","datePublished":"2021-08-11T03:39:18+00:00","dateModified":"2021-08-11T03:39:21+00:00","mainEntityOfPage":{"@id":"http:\/\/minutocerord.com\/?p=5349"},"wordCount":224,"commentCount":0,"publisher":{"@id":"https:\/\/minutocerord.com\/#\/schema\/person\/60b5372d60aaa0a5171fb6488be9aee6"},"image":{"@id":"http:\/\/minutocerord.com\/?p=5349#primaryimage"},"thumbnailUrl":"https:\/\/i0.wp.com\/minutocerord.com\/wp-content\/uploads\/2021\/08\/en.jpg?fit=500%2C262&ssl=1","articleSection":["El clima"],"inLanguage":"es-DO","potentialAction":[{"@type":"CommentAction","name":"Comment","target":["http:\/\/minutocerord.com\/?p=5349#respond"]}]},{"@type":"WebPage","@id":"http:\/\/minutocerord.com\/?p=5349","url":"http:\/\/minutocerord.com\/?p=5349","name":"Emiten alerta m\u00e1xima para ocho provincias y el Distrito Nacional - Minuto Cero RD","isPartOf":{"@id":"https:\/\/minutocerord.com\/#website"},"primaryImageOfPage":{"@id":"http:\/\/minutocerord.com\/?p=5349#primaryimage"},"image":{"@id":"http:\/\/minutocerord.com\/?p=5349#primaryimage"},"thumbnailUrl":"https:\/\/i0.wp.com\/minutocerord.com\/wp-content\/uploads\/2021\/08\/en.jpg?fit=500%2C262&ssl=1","datePublished":"2021-08-11T03:39:18+00:00","dateModified":"2021-08-11T03:39:21+00:00","breadcrumb":{"@id":"http:\/\/minutocerord.com\/?p=5349#breadcrumb"},"inLanguage":"es-DO","potentialAction":[{"@type":"ReadAction","target":["http:\/\/minutocerord.com\/?p=5349"]}]},{"@type":"ImageObject","inLanguage":"es-DO","@id":"http:\/\/minutocerord.com\/?p=5349#primaryimage","url":"https:\/\/i0.wp.com\/minutocerord.com\/wp-content\/uploads\/2021\/08\/en.jpg?fit=500%2C262&ssl=1","contentUrl":"https:\/\/i0.wp.com\/minutocerord.com\/wp-content\/uploads\/2021\/08\/en.jpg?fit=500%2C262&ssl=1","width":500,"height":262},{"@type":"BreadcrumbList","@id":"http:\/\/minutocerord.com\/?p=5349#breadcrumb","itemListElement":[{"@type":"ListItem","position":1,"name":"Home","item":"https:\/\/minutocerord.com\/"},{"@type":"ListItem","position":2,"name":"Emiten alerta m\u00e1xima para ocho provincias y el Distrito Nacional"}]},{"@type":"WebSite","@id":"https:\/\/minutocerord.com\/#website","url":"https:\/\/minutocerord.com\/","name":"Minuto Cero RD","description":"Periodismo serio y veraz","publisher":{"@id":"https:\/\/minutocerord.com\/#\/schema\/person\/60b5372d60aaa0a5171fb6488be9aee6"},"potentialAction":[{"@type":"SearchAction","target":{"@type":"EntryPoint","urlTemplate":"https:\/\/minutocerord.com\/?s={search_term_string}"},"query-input":{"@type":"PropertyValueSpecification","valueRequired":true,"valueName":"search_term_string"}}],"inLanguage":"es-DO"},{"@type":["Person","Organization"],"@id":"https:\/\/minutocerord.com\/#\/schema\/person\/60b5372d60aaa0a5171fb6488be9aee6","name":"Genof\u00f3ntes Urb\u00e1ez","image":{"@type":"ImageObject","inLanguage":"es-DO","@id":"https:\/\/secure.gravatar.com\/avatar\/a49ef3186a692098ac3e8a1612261e3ad70cf9e44553dff2929e67939a0ecb9d?s=96&d=identicon&r=g","url":"https:\/\/secure.gravatar.com\/avatar\/a49ef3186a692098ac3e8a1612261e3ad70cf9e44553dff2929e67939a0ecb9d?s=96&d=identicon&r=g","contentUrl":"https:\/\/secure.gravatar.com\/avatar\/a49ef3186a692098ac3e8a1612261e3ad70cf9e44553dff2929e67939a0ecb9d?s=96&d=identicon&r=g","caption":"Genof\u00f3ntes Urb\u00e1ez"},"logo":{"@id":"https:\/\/secure.gravatar.com\/avatar\/a49ef3186a692098ac3e8a1612261e3ad70cf9e44553dff2929e67939a0ecb9d?s=96&d=identicon&r=g"},"description":"Periodista \/ Locutor","sameAs":["https:\/\/www.facebook.com\/Genofnotes","https:\/\/www.instagram.com\/genofnotes\/"]}]}},"jetpack_publicize_connections":[],"jetpack_featured_media_url":"https:\/\/i0.wp.com\/minutocerord.com\/wp-content\/uploads\/2021\/08\/en.jpg?fit=500%2C262&ssl=1","jetpack-related-posts":[],"jetpack_sharing_enabled":true,"_links":{"self":[{"href":"https:\/\/minutocerord.com\/index.php?rest_route=\/wp\/v2\/posts\/5349","targetHints":{"allow":["GET"]}}],"collection":[{"href":"https:\/\/minutocerord.com\/index.php?rest_route=\/wp\/v2\/posts"}],"about":[{"href":"https:\/\/minutocerord.com\/index.php?rest_route=\/wp\/v2\/types\/post"}],"author":[{"embeddable":true,"href":"https:\/\/minutocerord.com\/index.php?rest_route=\/wp\/v2\/users\/1"}],"replies":[{"embeddable":true,"href":"https:\/\/minutocerord.com\/index.php?rest_route=%2Fwp%2Fv2%2Fcomments&post=5349"}],"version-history":[{"count":1,"href":"https:\/\/minutocerord.com\/index.php?rest_route=\/wp\/v2\/posts\/5349\/revisions"}],"predecessor-version":[{"id":5351,"href":"https:\/\/minutocerord.com\/index.php?rest_route=\/wp\/v2\/posts\/5349\/revisions\/5351"}],"wp:featuredmedia":[{"embeddable":true,"href":"https:\/\/minutocerord.com\/index.php?rest_route=\/wp\/v2\/media\/5350"}],"wp:attachment":[{"href":"https:\/\/minutocerord.com\/index.php?rest_route=%2Fwp%2Fv2%2Fmedia&parent=5349"}],"wp:term":[{"taxonomy":"category","embeddable":true,"href":"https:\/\/minutocerord.com\/index.php?rest_route=%2Fwp%2Fv2%2Fcategories&post=5349"},{"taxonomy":"post_tag","embeddable":true,"href":"https:\/\/minutocerord.com\/index.php?rest_route=%2Fwp%2Fv2%2Ftags&post=5349"}],"curies":[{"name":"wp","href":"https:\/\/api.w.org\/{rel}","templated":true}]}}