{"id":5352,"date":"2021-08-11T10:44:18","date_gmt":"2021-08-11T14:44:18","guid":{"rendered":"https:\/\/minutocerord.com\/?p=5352"},"modified":"2021-08-11T10:44:24","modified_gmt":"2021-08-11T14:44:24","slug":"rep-dominicana-notifica-cero-muertes-por-covid-19-y-282-nuevos-contagios","status":"publish","type":"post","link":"https:\/\/minutocerord.com\/?p=5352","title":{"rendered":"Rep. Dominicana notifica cero muertes por COVID-19 y 282 nuevos contagios"},"content":{"rendered":"\n<p><strong>SANTO DOMINGO.- <\/strong>Rep\u00fablica Dominicana report\u00f3 este mi\u00e9rcoles 282 nuevos casos de Covid-19 y ninguna muerte por esa causa en las \u00faltimas 24 horas.<\/p>\n\n\n\n<p>El bolet\u00edn 510 de la Direcci\u00f3n General de Epidemiologia (DIGEPI) refleja 71 casos m\u00e1s que el martes, cuando fueron notificados 211.<\/p>\n\n\n\n<p><strong>Casos activos<\/strong><\/p>\n\n\n\n<p>Los casos activos son 8,121 casos activos, mientras 333,022 personas se han recuperado de la enfermedad.<\/p>\n\n\n\n<p>El informe indica que en las \u00faltimas 24 horas fueron procesadas 4,665 pruebas.<\/p>\n\n\n\n<p>En el Distrito Nacional fueron reportados 63 nuevos contagios, en la provincia Santo Domingo 60 , Santiago 23, San Crist\u00f3bal 7, San Pedro de Macor\u00eds 7, La Vega 19, La Romana 14 y La Altagracia 8.<\/p>\n\n\n\n<p>El total de muertos por COVID-19 en Rep\u00fablica Dominicana es de 3,971, el 25.51% de los cuales era hipertenso y el 15.92% diab\u00e9tico.<\/p>\n\n\n\n<p>Entre los infectados hay 1,409 trabajadores de la salud, 1,195 embarazadas y 38,050 menores de 20 a\u00f1os.<\/p>\n\n\n\n<p><strong>Ocupaci\u00f3n hospitalaria<\/strong><\/p>\n\n\n\n<p>En el pa\u00eds hay disponibilidad de 2,623 camas para pacientes de COVID, de las cuales 499 est\u00e1n ocupadas (19%).<\/p>\n\n\n\n<p>Hay disponibles 615 camas en unidades de cuidados intensivos, de las cuales 168 est\u00e1n ocupadas (27%), mientras que 516 ventiladores disponibles en la red hospitalaria, hay 127 ocupados (23%).<\/p>\n\n\n\n<p><strong>Cifras de contagios y muertes<\/strong><\/p>\n\n\n\n<p>1 agosto \u2013 362 contagios, 0 defunciones<\/p>\n\n\n\n<p>2 agosto \u2013 393 contagios, 0 defunciones<\/p>\n\n\n\n<p>3 agosto \u2013 583 contagios, 5 defunciones<\/p>\n\n\n\n<p>4 agosto \u2013 336 contagios, 3 defunciones<\/p>\n\n\n\n<p>5 agosto \u2013 326 contagios, 2 defunciones<\/p>\n\n\n\n<p>6 agosto \u2013 317 contagios, 0 defunciones<\/p>\n\n\n\n<p>7 agosto \u2013 322 contagios, 1 defunciones<\/p>\n\n\n\n<p>8 agosto \u2013 344 contagios, 0 defunciones<\/p>\n\n\n\n<p>9 agosto \u2013 130 contagios, 0 defunciones<\/p>\n\n\n\n<p>10 agosto \u2013 211 contagios, 1 defunciones<\/p>\n\n\n\n<p>11 agosto \u2013 282 contagios, 0 defunciones<\/p>\n\n\n\n<p><ins>https:\/\/googleads.g.doubleclick.net\/pagead\/ads?client=ca-pub-6934466600950236&amp;output=html&amp;h=250&amp;slotname=6633333257&amp;adk=590152199&amp;adf=517626511&amp;pi=t.ma~as.6633333257&amp;w=300&amp;lmt=1628700483&amp;psa=1&amp;format=300&#215;250&amp;url=https%3A%2F%2Falmomento.net%2Frep-dominicana-notifica-cero-muertes-por-covid-19-y-282-nuevos-contagios%2F&amp;flash=0&amp;wgl=1&amp;uach=WyJXaW5kb3dzIiwiMTAuMCIsIng4NiIsIiIsIjkyLjAuNDUxNS4xMzEiLFtdLG51bGwsbnVsbCxudWxsXQ..&amp;tt_state=W3siaXNzdWVyT3JpZ2luIjoiaHR0cHM6Ly9hdHRlc3RhdGlvbi5hbmRyb2lkLmNvbSIsInN0YXRlIjo3fV0.&amp;dt=1628700482132&amp;bpp=2&amp;bdt=1136&amp;idt=1150&amp;shv=r20210809&amp;mjsv=m202108100101&amp;ptt=9&amp;saldr=aa&amp;abxe=1&amp;cookie=ID%3D1d8b01efa8993690%3AT%3D1628051725%3AS%3DALNI_MaZ7LtwUGbnr-MgoARctPd-KrFZKw&amp;prev_fmts=0x0%2C160x600%2C160x600&amp;nras=1&amp;correlator=4331468620876&amp;frm=20&amp;pv=2&amp;ga_vid=897051583.1596206997&amp;ga_sid=1628700483&amp;ga_hid=197691732&amp;ga_fc=0&amp;u_tz=-240&amp;u_his=5&amp;u_java=0&amp;u_h=768&amp;u_w=1366&amp;u_ah=728&amp;u_aw=1366&amp;u_cd=24&amp;u_nplug=3&amp;u_nmime=4&amp;adx=263&amp;ady=1869&amp;biw=1349&amp;bih=625&amp;scr_x=0&amp;scr_y=200&amp;eid=20211866%2C21067496&amp;oid=3&amp;pvsid=4499185513133010&amp;pem=559&amp;ref=https%3A%2F%2Falmomento.net%2F&amp;eae=0&amp;fc=1920&amp;brdim=0%2C0%2C0%2C0%2C1366%2C0%2C1366%2C728%2C1366%2C625&amp;vis=1&amp;rsz=%7C%7CpeEbr%7C&amp;abl=CS&amp;pfx=0&amp;fu=0&amp;bc=31&amp;ifi=4&amp;uci=a!4&amp;btvi=2&amp;fsb=1&amp;xpc=cWET4gnIwY&amp;p=https%3A\/\/almomento.net&amp;dtd=1159<\/ins><\/p>\n","protected":false},"excerpt":{"rendered":"<p>SANTO DOMINGO.- Rep\u00fablica Dominicana report\u00f3 este mi\u00e9rcoles 282 nuevos casos de Covid-19 y ninguna muerte por esa causa en las \u00faltimas 24 horas. El bolet\u00edn 510 de la Direcci\u00f3n General de Epidemiologia (DIGEPI) refleja 71 casos m\u00e1s que el martes, cuando fueron notificados 211. Casos activos Los casos activos son 8,121 casos activos, mientras 333,022 [&hellip;]<\/p>\n","protected":false},"author":1,"featured_media":5353,"comment_status":"open","ping_status":"open","sticky":false,"template":"","format":"standard","meta":{"nf_dc_page":"","jetpack_post_was_ever_published":false,"_jetpack_newsletter_access":"","_jetpack_dont_email_post_to_subs":false,"_jetpack_newsletter_tier_id":0,"_jetpack_memberships_contains_paywalled_content":false,"_jetpack_memberships_contains_paid_content":false,"footnotes":"","jetpack_publicize_message":"","jetpack_publicize_feature_enabled":true,"jetpack_social_post_already_shared":false,"jetpack_social_options":{"image_generator_settings":{"template":"highway","default_image_id":0,"font":"","enabled":false},"version":2}},"categories":[67],"tags":[],"class_list":["post-5352","post","type-post","status-publish","format-standard","has-post-thumbnail","hentry","category-salud"],"yoast_head":"<!-- This site is optimized with the Yoast SEO plugin v27.4 - https:\/\/yoast.com\/product\/yoast-seo-wordpress\/ -->\n<title>Rep. Dominicana notifica cero muertes por COVID-19 y 282 nuevos contagios - Minuto Cero RD<\/title>\n<meta name=\"robots\" content=\"index, follow, max-snippet:-1, max-image-preview:large, max-video-preview:-1\" \/>\n<link rel=\"canonical\" href=\"http:\/\/minutocerord.com\/?p=5352\" \/>\n<meta property=\"og:locale\" content=\"es_ES\" \/>\n<meta property=\"og:type\" content=\"article\" \/>\n<meta property=\"og:title\" content=\"Rep. Dominicana notifica cero muertes por COVID-19 y 282 nuevos contagios - Minuto Cero RD\" \/>\n<meta property=\"og:description\" content=\"SANTO DOMINGO.- Rep\u00fablica Dominicana report\u00f3 este mi\u00e9rcoles 282 nuevos casos de Covid-19 y ninguna muerte por esa causa en las \u00faltimas 24 horas. El bolet\u00edn 510 de la Direcci\u00f3n General de Epidemiologia (DIGEPI) refleja 71 casos m\u00e1s que el martes, cuando fueron notificados 211. Casos activos Los casos activos son 8,121 casos activos, mientras 333,022 [&hellip;]\" \/>\n<meta property=\"og:url\" content=\"http:\/\/minutocerord.com\/?p=5352\" \/>\n<meta property=\"og:site_name\" content=\"Minuto Cero RD\" \/>\n<meta property=\"article:publisher\" content=\"https:\/\/www.facebook.com\/Genofnotes\" \/>\n<meta property=\"article:author\" content=\"https:\/\/www.facebook.com\/Genofnotes\" \/>\n<meta property=\"article:published_time\" content=\"2021-08-11T14:44:18+00:00\" \/>\n<meta property=\"article:modified_time\" content=\"2021-08-11T14:44:24+00:00\" \/>\n<meta property=\"og:image\" content=\"https:\/\/i0.wp.com\/minutocerord.com\/wp-content\/uploads\/2021\/08\/covid-15424163-20201221235446_15589263_20210118170857-2.jpg?fit=544%2C295\" \/>\n\t<meta property=\"og:image:width\" content=\"544\" \/>\n\t<meta property=\"og:image:height\" content=\"295\" \/>\n\t<meta property=\"og:image:type\" content=\"image\/jpeg\" \/>\n<meta name=\"author\" content=\"Genof\u00f3ntes Urb\u00e1ez\" \/>\n<meta name=\"twitter:card\" content=\"summary_large_image\" \/>\n<meta name=\"twitter:label1\" content=\"Written by\" \/>\n\t<meta name=\"twitter:data1\" content=\"Genof\u00f3ntes Urb\u00e1ez\" \/>\n\t<meta name=\"twitter:label2\" content=\"Est. reading time\" \/>\n\t<meta name=\"twitter:data2\" content=\"2 minutos\" \/>\n<script type=\"application\/ld+json\" class=\"yoast-schema-graph\">{\"@context\":\"https:\\\/\\\/schema.org\",\"@graph\":[{\"@type\":\"Article\",\"@id\":\"http:\\\/\\\/minutocerord.com\\\/?p=5352#article\",\"isPartOf\":{\"@id\":\"http:\\\/\\\/minutocerord.com\\\/?p=5352\"},\"author\":{\"name\":\"Genof\u00f3ntes Urb\u00e1ez\",\"@id\":\"https:\\\/\\\/minutocerord.com\\\/#\\\/schema\\\/person\\\/60b5372d60aaa0a5171fb6488be9aee6\"},\"headline\":\"Rep. Dominicana notifica cero muertes por COVID-19 y 282 nuevos contagios\",\"datePublished\":\"2021-08-11T14:44:18+00:00\",\"dateModified\":\"2021-08-11T14:44:24+00:00\",\"mainEntityOfPage\":{\"@id\":\"http:\\\/\\\/minutocerord.com\\\/?p=5352\"},\"wordCount\":478,\"commentCount\":0,\"publisher\":{\"@id\":\"https:\\\/\\\/minutocerord.com\\\/#\\\/schema\\\/person\\\/60b5372d60aaa0a5171fb6488be9aee6\"},\"image\":{\"@id\":\"http:\\\/\\\/minutocerord.com\\\/?p=5352#primaryimage\"},\"thumbnailUrl\":\"https:\\\/\\\/i0.wp.com\\\/minutocerord.com\\\/wp-content\\\/uploads\\\/2021\\\/08\\\/covid-15424163-20201221235446_15589263_20210118170857-2.jpg?fit=544%2C295&ssl=1\",\"articleSection\":[\"Salud\"],\"inLanguage\":\"es-DO\",\"potentialAction\":[{\"@type\":\"CommentAction\",\"name\":\"Comment\",\"target\":[\"http:\\\/\\\/minutocerord.com\\\/?p=5352#respond\"]}]},{\"@type\":\"WebPage\",\"@id\":\"http:\\\/\\\/minutocerord.com\\\/?p=5352\",\"url\":\"http:\\\/\\\/minutocerord.com\\\/?p=5352\",\"name\":\"Rep. Dominicana notifica cero muertes por COVID-19 y 282 nuevos contagios - Minuto Cero RD\",\"isPartOf\":{\"@id\":\"https:\\\/\\\/minutocerord.com\\\/#website\"},\"primaryImageOfPage\":{\"@id\":\"http:\\\/\\\/minutocerord.com\\\/?p=5352#primaryimage\"},\"image\":{\"@id\":\"http:\\\/\\\/minutocerord.com\\\/?p=5352#primaryimage\"},\"thumbnailUrl\":\"https:\\\/\\\/i0.wp.com\\\/minutocerord.com\\\/wp-content\\\/uploads\\\/2021\\\/08\\\/covid-15424163-20201221235446_15589263_20210118170857-2.jpg?fit=544%2C295&ssl=1\",\"datePublished\":\"2021-08-11T14:44:18+00:00\",\"dateModified\":\"2021-08-11T14:44:24+00:00\",\"breadcrumb\":{\"@id\":\"http:\\\/\\\/minutocerord.com\\\/?p=5352#breadcrumb\"},\"inLanguage\":\"es-DO\",\"potentialAction\":[{\"@type\":\"ReadAction\",\"target\":[\"http:\\\/\\\/minutocerord.com\\\/?p=5352\"]}]},{\"@type\":\"ImageObject\",\"inLanguage\":\"es-DO\",\"@id\":\"http:\\\/\\\/minutocerord.com\\\/?p=5352#primaryimage\",\"url\":\"https:\\\/\\\/i0.wp.com\\\/minutocerord.com\\\/wp-content\\\/uploads\\\/2021\\\/08\\\/covid-15424163-20201221235446_15589263_20210118170857-2.jpg?fit=544%2C295&ssl=1\",\"contentUrl\":\"https:\\\/\\\/i0.wp.com\\\/minutocerord.com\\\/wp-content\\\/uploads\\\/2021\\\/08\\\/covid-15424163-20201221235446_15589263_20210118170857-2.jpg?fit=544%2C295&ssl=1\",\"width\":544,\"height\":295},{\"@type\":\"BreadcrumbList\",\"@id\":\"http:\\\/\\\/minutocerord.com\\\/?p=5352#breadcrumb\",\"itemListElement\":[{\"@type\":\"ListItem\",\"position\":1,\"name\":\"Home\",\"item\":\"https:\\\/\\\/minutocerord.com\\\/\"},{\"@type\":\"ListItem\",\"position\":2,\"name\":\"Rep. Dominicana notifica cero muertes por COVID-19 y 282 nuevos contagios\"}]},{\"@type\":\"WebSite\",\"@id\":\"https:\\\/\\\/minutocerord.com\\\/#website\",\"url\":\"https:\\\/\\\/minutocerord.com\\\/\",\"name\":\"Minuto Cero RD\",\"description\":\"Periodismo serio y veraz\",\"publisher\":{\"@id\":\"https:\\\/\\\/minutocerord.com\\\/#\\\/schema\\\/person\\\/60b5372d60aaa0a5171fb6488be9aee6\"},\"potentialAction\":[{\"@type\":\"SearchAction\",\"target\":{\"@type\":\"EntryPoint\",\"urlTemplate\":\"https:\\\/\\\/minutocerord.com\\\/?s={search_term_string}\"},\"query-input\":{\"@type\":\"PropertyValueSpecification\",\"valueRequired\":true,\"valueName\":\"search_term_string\"}}],\"inLanguage\":\"es-DO\"},{\"@type\":[\"Person\",\"Organization\"],\"@id\":\"https:\\\/\\\/minutocerord.com\\\/#\\\/schema\\\/person\\\/60b5372d60aaa0a5171fb6488be9aee6\",\"name\":\"Genof\u00f3ntes Urb\u00e1ez\",\"image\":{\"@type\":\"ImageObject\",\"inLanguage\":\"es-DO\",\"@id\":\"https:\\\/\\\/secure.gravatar.com\\\/avatar\\\/a49ef3186a692098ac3e8a1612261e3ad70cf9e44553dff2929e67939a0ecb9d?s=96&d=identicon&r=g\",\"url\":\"https:\\\/\\\/secure.gravatar.com\\\/avatar\\\/a49ef3186a692098ac3e8a1612261e3ad70cf9e44553dff2929e67939a0ecb9d?s=96&d=identicon&r=g\",\"contentUrl\":\"https:\\\/\\\/secure.gravatar.com\\\/avatar\\\/a49ef3186a692098ac3e8a1612261e3ad70cf9e44553dff2929e67939a0ecb9d?s=96&d=identicon&r=g\",\"caption\":\"Genof\u00f3ntes Urb\u00e1ez\"},\"logo\":{\"@id\":\"https:\\\/\\\/secure.gravatar.com\\\/avatar\\\/a49ef3186a692098ac3e8a1612261e3ad70cf9e44553dff2929e67939a0ecb9d?s=96&d=identicon&r=g\"},\"description\":\"Periodista \\\/ Locutor\",\"sameAs\":[\"https:\\\/\\\/www.facebook.com\\\/Genofnotes\",\"https:\\\/\\\/www.instagram.com\\\/genofnotes\\\/\"]}]}<\/script>\n<!-- \/ Yoast SEO plugin. -->","yoast_head_json":{"title":"Rep. Dominicana notifica cero muertes por COVID-19 y 282 nuevos contagios - Minuto Cero RD","robots":{"index":"index","follow":"follow","max-snippet":"max-snippet:-1","max-image-preview":"max-image-preview:large","max-video-preview":"max-video-preview:-1"},"canonical":"http:\/\/minutocerord.com\/?p=5352","og_locale":"es_ES","og_type":"article","og_title":"Rep. Dominicana notifica cero muertes por COVID-19 y 282 nuevos contagios - Minuto Cero RD","og_description":"SANTO DOMINGO.- Rep\u00fablica Dominicana report\u00f3 este mi\u00e9rcoles 282 nuevos casos de Covid-19 y ninguna muerte por esa causa en las \u00faltimas 24 horas. El bolet\u00edn 510 de la Direcci\u00f3n General de Epidemiologia (DIGEPI) refleja 71 casos m\u00e1s que el martes, cuando fueron notificados 211. Casos activos Los casos activos son 8,121 casos activos, mientras 333,022 [&hellip;]","og_url":"http:\/\/minutocerord.com\/?p=5352","og_site_name":"Minuto Cero RD","article_publisher":"https:\/\/www.facebook.com\/Genofnotes","article_author":"https:\/\/www.facebook.com\/Genofnotes","article_published_time":"2021-08-11T14:44:18+00:00","article_modified_time":"2021-08-11T14:44:24+00:00","og_image":[{"width":544,"height":295,"url":"https:\/\/i0.wp.com\/minutocerord.com\/wp-content\/uploads\/2021\/08\/covid-15424163-20201221235446_15589263_20210118170857-2.jpg?fit=544%2C295","type":"image\/jpeg"}],"author":"Genof\u00f3ntes Urb\u00e1ez","twitter_card":"summary_large_image","twitter_misc":{"Written by":"Genof\u00f3ntes Urb\u00e1ez","Est. reading time":"2 minutos"},"schema":{"@context":"https:\/\/schema.org","@graph":[{"@type":"Article","@id":"http:\/\/minutocerord.com\/?p=5352#article","isPartOf":{"@id":"http:\/\/minutocerord.com\/?p=5352"},"author":{"name":"Genof\u00f3ntes Urb\u00e1ez","@id":"https:\/\/minutocerord.com\/#\/schema\/person\/60b5372d60aaa0a5171fb6488be9aee6"},"headline":"Rep. Dominicana notifica cero muertes por COVID-19 y 282 nuevos contagios","datePublished":"2021-08-11T14:44:18+00:00","dateModified":"2021-08-11T14:44:24+00:00","mainEntityOfPage":{"@id":"http:\/\/minutocerord.com\/?p=5352"},"wordCount":478,"commentCount":0,"publisher":{"@id":"https:\/\/minutocerord.com\/#\/schema\/person\/60b5372d60aaa0a5171fb6488be9aee6"},"image":{"@id":"http:\/\/minutocerord.com\/?p=5352#primaryimage"},"thumbnailUrl":"https:\/\/i0.wp.com\/minutocerord.com\/wp-content\/uploads\/2021\/08\/covid-15424163-20201221235446_15589263_20210118170857-2.jpg?fit=544%2C295&ssl=1","articleSection":["Salud"],"inLanguage":"es-DO","potentialAction":[{"@type":"CommentAction","name":"Comment","target":["http:\/\/minutocerord.com\/?p=5352#respond"]}]},{"@type":"WebPage","@id":"http:\/\/minutocerord.com\/?p=5352","url":"http:\/\/minutocerord.com\/?p=5352","name":"Rep. Dominicana notifica cero muertes por COVID-19 y 282 nuevos contagios - Minuto Cero RD","isPartOf":{"@id":"https:\/\/minutocerord.com\/#website"},"primaryImageOfPage":{"@id":"http:\/\/minutocerord.com\/?p=5352#primaryimage"},"image":{"@id":"http:\/\/minutocerord.com\/?p=5352#primaryimage"},"thumbnailUrl":"https:\/\/i0.wp.com\/minutocerord.com\/wp-content\/uploads\/2021\/08\/covid-15424163-20201221235446_15589263_20210118170857-2.jpg?fit=544%2C295&ssl=1","datePublished":"2021-08-11T14:44:18+00:00","dateModified":"2021-08-11T14:44:24+00:00","breadcrumb":{"@id":"http:\/\/minutocerord.com\/?p=5352#breadcrumb"},"inLanguage":"es-DO","potentialAction":[{"@type":"ReadAction","target":["http:\/\/minutocerord.com\/?p=5352"]}]},{"@type":"ImageObject","inLanguage":"es-DO","@id":"http:\/\/minutocerord.com\/?p=5352#primaryimage","url":"https:\/\/i0.wp.com\/minutocerord.com\/wp-content\/uploads\/2021\/08\/covid-15424163-20201221235446_15589263_20210118170857-2.jpg?fit=544%2C295&ssl=1","contentUrl":"https:\/\/i0.wp.com\/minutocerord.com\/wp-content\/uploads\/2021\/08\/covid-15424163-20201221235446_15589263_20210118170857-2.jpg?fit=544%2C295&ssl=1","width":544,"height":295},{"@type":"BreadcrumbList","@id":"http:\/\/minutocerord.com\/?p=5352#breadcrumb","itemListElement":[{"@type":"ListItem","position":1,"name":"Home","item":"https:\/\/minutocerord.com\/"},{"@type":"ListItem","position":2,"name":"Rep. Dominicana notifica cero muertes por COVID-19 y 282 nuevos contagios"}]},{"@type":"WebSite","@id":"https:\/\/minutocerord.com\/#website","url":"https:\/\/minutocerord.com\/","name":"Minuto Cero RD","description":"Periodismo serio y veraz","publisher":{"@id":"https:\/\/minutocerord.com\/#\/schema\/person\/60b5372d60aaa0a5171fb6488be9aee6"},"potentialAction":[{"@type":"SearchAction","target":{"@type":"EntryPoint","urlTemplate":"https:\/\/minutocerord.com\/?s={search_term_string}"},"query-input":{"@type":"PropertyValueSpecification","valueRequired":true,"valueName":"search_term_string"}}],"inLanguage":"es-DO"},{"@type":["Person","Organization"],"@id":"https:\/\/minutocerord.com\/#\/schema\/person\/60b5372d60aaa0a5171fb6488be9aee6","name":"Genof\u00f3ntes Urb\u00e1ez","image":{"@type":"ImageObject","inLanguage":"es-DO","@id":"https:\/\/secure.gravatar.com\/avatar\/a49ef3186a692098ac3e8a1612261e3ad70cf9e44553dff2929e67939a0ecb9d?s=96&d=identicon&r=g","url":"https:\/\/secure.gravatar.com\/avatar\/a49ef3186a692098ac3e8a1612261e3ad70cf9e44553dff2929e67939a0ecb9d?s=96&d=identicon&r=g","contentUrl":"https:\/\/secure.gravatar.com\/avatar\/a49ef3186a692098ac3e8a1612261e3ad70cf9e44553dff2929e67939a0ecb9d?s=96&d=identicon&r=g","caption":"Genof\u00f3ntes Urb\u00e1ez"},"logo":{"@id":"https:\/\/secure.gravatar.com\/avatar\/a49ef3186a692098ac3e8a1612261e3ad70cf9e44553dff2929e67939a0ecb9d?s=96&d=identicon&r=g"},"description":"Periodista \/ Locutor","sameAs":["https:\/\/www.facebook.com\/Genofnotes","https:\/\/www.instagram.com\/genofnotes\/"]}]}},"jetpack_publicize_connections":[],"jetpack_featured_media_url":"https:\/\/i0.wp.com\/minutocerord.com\/wp-content\/uploads\/2021\/08\/covid-15424163-20201221235446_15589263_20210118170857-2.jpg?fit=544%2C295&ssl=1","jetpack-related-posts":[],"jetpack_sharing_enabled":true,"_links":{"self":[{"href":"https:\/\/minutocerord.com\/index.php?rest_route=\/wp\/v2\/posts\/5352","targetHints":{"allow":["GET"]}}],"collection":[{"href":"https:\/\/minutocerord.com\/index.php?rest_route=\/wp\/v2\/posts"}],"about":[{"href":"https:\/\/minutocerord.com\/index.php?rest_route=\/wp\/v2\/types\/post"}],"author":[{"embeddable":true,"href":"https:\/\/minutocerord.com\/index.php?rest_route=\/wp\/v2\/users\/1"}],"replies":[{"embeddable":true,"href":"https:\/\/minutocerord.com\/index.php?rest_route=%2Fwp%2Fv2%2Fcomments&post=5352"}],"version-history":[{"count":1,"href":"https:\/\/minutocerord.com\/index.php?rest_route=\/wp\/v2\/posts\/5352\/revisions"}],"predecessor-version":[{"id":5354,"href":"https:\/\/minutocerord.com\/index.php?rest_route=\/wp\/v2\/posts\/5352\/revisions\/5354"}],"wp:featuredmedia":[{"embeddable":true,"href":"https:\/\/minutocerord.com\/index.php?rest_route=\/wp\/v2\/media\/5353"}],"wp:attachment":[{"href":"https:\/\/minutocerord.com\/index.php?rest_route=%2Fwp%2Fv2%2Fmedia&parent=5352"}],"wp:term":[{"taxonomy":"category","embeddable":true,"href":"https:\/\/minutocerord.com\/index.php?rest_route=%2Fwp%2Fv2%2Fcategories&post=5352"},{"taxonomy":"post_tag","embeddable":true,"href":"https:\/\/minutocerord.com\/index.php?rest_route=%2Fwp%2Fv2%2Ftags&post=5352"}],"curies":[{"name":"wp","href":"https:\/\/api.w.org\/{rel}","templated":true}]}}