{"id":5355,"date":"2021-08-11T10:52:04","date_gmt":"2021-08-11T14:52:04","guid":{"rendered":"https:\/\/minutocerord.com\/?p=5355"},"modified":"2021-08-11T10:54:28","modified_gmt":"2021-08-11T14:54:28","slug":"estado-debe-pagar-danos-a-hombre-preso-por-12-anos","status":"publish","type":"post","link":"https:\/\/minutocerord.com\/?p=5355","title":{"rendered":"EL Estado debe pagar da\u00f1os a hombre que estuvo preso por 12 a\u00f1os"},"content":{"rendered":"\n<p><strong>\u00a0Santo Domingo.-<\/strong> El Estado dominicano a trav\u00e9s de la Procuradur\u00eda General de la Rep\u00fablica (PGR) y funcionarios del sistema carcelario debe indemnizar a Luis Pe\u00f1a Valdez, tras haber purgado 12 a\u00f1os en la c\u00e1rcel de La Victoria sin haber cometido ning\u00fan delito ni haber sido procesado judicialmente. Algo violatorio de la Constituci\u00f3n, las leyes y sus derechos humanos.<\/p>\n\n\n\n<p>Pero adem\u00e1s de las autoridades, las personas que motivaron la injusticia deben ser identificadas, y procesadas civilmente por el da\u00f1o que le causaron a este alba\u00f1il de 56 a\u00f1os.<\/p>\n\n\n\n<p>Esta es una opini\u00f3n compartida de varios abogados que fueron consultados sobre este caso, calificado como \u201cins\u00f3lito\u201d en el pa\u00eds, y que revela la necesidad de constataci\u00f3n de la situaci\u00f3n de cada uno de los internos en el sistema carcelario.<\/p>\n\n\n\n<p>El jurista Carlos Salcedo explica que el procurador general de la Rep\u00fablica es un representante de la sociedad y defensor de los derechos humanos, consagrado en la Constituci\u00f3n y en la Ley 133-11 (Ley Org\u00e1nica del Ministerio P\u00fablico), la cual establece en el art\u00edculo 20 el principio de responsabilidad del Ministerio P\u00fablico.<a><\/a><\/p>\n\n\n\n<p>Cit\u00f3: \u201cEl Ministerio P\u00fablico es responsable solidariamente por las consecuencias que su falta de actuaci\u00f3n oportuna, su inacci\u00f3n u omisi\u00f3n, y por las conductas antijur\u00eddicas o arbitrarias contra un ciudadano\u201d.<\/p>\n\n\n\n<p>Igual parecer extern\u00f3 la abogada constitucionalista Patricia Santana Nina. Consider\u00f3 que la privaci\u00f3n de la libertad es de las peores afectaciones a derechos humanos fundamentales.<\/p>\n\n\n\n<p>\u201cEl sacrificio al derecho a la libertad al que se ha visto expuesta esta persona, no tiene justificaci\u00f3n alguna. Es un da\u00f1o moralmente irreparable, pero constitucionalmente reparable y exigible, porque compromete la responsabilidad del Estado\u201d, puntualiz\u00f3.<\/p>\n\n\n\n<p>Basada en el art\u00edculo 148 de la Constituci\u00f3n justific\u00f3 que el Estado es responsable por los da\u00f1os y perjuicios ocasionados a las personas f\u00edsicas por una actuaci\u00f3n u omisi\u00f3n administrativa antijur\u00eddica.<\/p>\n\n\n\n<p>En tanto que el abogado Jos\u00e9 Ricardo Taveras consider\u00f3 que el Estado, en el presente caso, fue un actor negligente y c\u00f3mplice por omisi\u00f3n.<\/p>\n\n\n\n<p>\u201cEn mi personal opini\u00f3n, el presente caso no aplica para ser considerado como un error judicial en los t\u00e9rminos en que lo conciben los art\u00edculos 20 y 255 y siguientes del C\u00f3digo Procesal Penal, tampoco encaja en el \u00e1mbito del desacato, toda vez que en ning\u00fan momento, conforme lo que se publica, el ciudadano fue puesto a disposici\u00f3n de la justicia, por lo cual, la persecuci\u00f3n de una indemnizaci\u00f3n debe derivarse en virtud del tipo penal denominado detenci\u00f3n y encierro ilegal\u201d, manifest\u00f3 el jurista.<\/p>\n\n\n\n<p>Sugiere que la v\u00edctima tendr\u00eda la opci\u00f3n de perseguir en calidad de actor civil la persecuci\u00f3n del il\u00edcito a trav\u00e9s de la jurisdicci\u00f3n penal, en cuyo caso, los culpables ser\u00edan pasibles de la imposici\u00f3n de la penas que podr\u00edan ir de tres a veinte a\u00f1os, al margen de la indemnizaci\u00f3n, as\u00ed como tambi\u00e9n podr\u00eda perseguir la indemnizaci\u00f3n del da\u00f1o por la v\u00eda civil, en virtud de los art\u00edculos 1382 y siguientes del C\u00f3digo Civil.<\/p>\n\n\n\n<p><strong>Lo que dice el C\u00f3digo Procesal<\/strong><\/p>\n\n\n\n<p>Mientras que el abogado y catedr\u00e1tico universitario Ram\u00f3n N\u00fa\u00f1ez argument\u00f3 que el art\u00edculo 257 de C\u00f3digo Procesal Penal tambi\u00e9n contempla la indemnizaci\u00f3n a una persona cuando \u201cse declare que el hecho no existe, no reviste car\u00e1cter penal o no se compruebe la participaci\u00f3n del imputado, y \u00e9ste ha sufrido prisi\u00f3n preventiva durante el proceso\u201d. Se\u00f1ala que la indemnizaci\u00f3n es una obligaci\u00f3n del Estado.<\/p>\n","protected":false},"excerpt":{"rendered":"<p>\u00a0Santo Domingo.- El Estado dominicano a trav\u00e9s de la Procuradur\u00eda General de la Rep\u00fablica (PGR) y funcionarios del sistema carcelario debe indemnizar a Luis Pe\u00f1a Valdez, tras haber purgado 12 a\u00f1os en la c\u00e1rcel de La Victoria sin haber cometido ning\u00fan delito ni haber sido procesado judicialmente. Algo violatorio de la Constituci\u00f3n, las leyes y [&hellip;]<\/p>\n","protected":false},"author":1,"featured_media":5356,"comment_status":"open","ping_status":"open","sticky":false,"template":"","format":"standard","meta":{"nf_dc_page":"","jetpack_post_was_ever_published":false,"_jetpack_newsletter_access":"","_jetpack_dont_email_post_to_subs":false,"_jetpack_newsletter_tier_id":0,"_jetpack_memberships_contains_paywalled_content":false,"_jetpack_memberships_contains_paid_content":false,"footnotes":"","jetpack_publicize_message":"","jetpack_publicize_feature_enabled":true,"jetpack_social_post_already_shared":false,"jetpack_social_options":{"image_generator_settings":{"template":"highway","default_image_id":0,"font":"","enabled":false},"version":2}},"categories":[93],"tags":[],"class_list":["post-5355","post","type-post","status-publish","format-standard","has-post-thumbnail","hentry","category-justicia"],"yoast_head":"<!-- This site is optimized with the Yoast SEO plugin v27.4 - https:\/\/yoast.com\/product\/yoast-seo-wordpress\/ -->\n<title>EL Estado debe pagar da\u00f1os a hombre que estuvo preso por 12 a\u00f1os - Minuto Cero RD<\/title>\n<meta name=\"robots\" content=\"index, follow, max-snippet:-1, max-image-preview:large, max-video-preview:-1\" \/>\n<link rel=\"canonical\" href=\"http:\/\/minutocerord.com\/?p=5355\" \/>\n<meta property=\"og:locale\" content=\"es_ES\" \/>\n<meta property=\"og:type\" content=\"article\" \/>\n<meta property=\"og:title\" content=\"EL Estado debe pagar da\u00f1os a hombre que estuvo preso por 12 a\u00f1os - Minuto Cero RD\" \/>\n<meta property=\"og:description\" content=\"\u00a0Santo Domingo.- El Estado dominicano a trav\u00e9s de la Procuradur\u00eda General de la Rep\u00fablica (PGR) y funcionarios del sistema carcelario debe indemnizar a Luis Pe\u00f1a Valdez, tras haber purgado 12 a\u00f1os en la c\u00e1rcel de La Victoria sin haber cometido ning\u00fan delito ni haber sido procesado judicialmente. Algo violatorio de la Constituci\u00f3n, las leyes y [&hellip;]\" \/>\n<meta property=\"og:url\" content=\"http:\/\/minutocerord.com\/?p=5355\" \/>\n<meta property=\"og:site_name\" content=\"Minuto Cero RD\" \/>\n<meta property=\"article:publisher\" content=\"https:\/\/www.facebook.com\/Genofnotes\" \/>\n<meta property=\"article:author\" content=\"https:\/\/www.facebook.com\/Genofnotes\" \/>\n<meta property=\"article:published_time\" content=\"2021-08-11T14:52:04+00:00\" \/>\n<meta property=\"article:modified_time\" content=\"2021-08-11T14:54:28+00:00\" \/>\n<meta property=\"og:image\" content=\"https:\/\/i0.wp.com\/minutocerord.com\/wp-content\/uploads\/2021\/08\/dl13923_17006411_20210811003518.jpg?fit=546%2C350\" \/>\n\t<meta property=\"og:image:width\" content=\"546\" \/>\n\t<meta property=\"og:image:height\" content=\"350\" \/>\n\t<meta property=\"og:image:type\" content=\"image\/jpeg\" \/>\n<meta name=\"author\" content=\"Genof\u00f3ntes Urb\u00e1ez\" \/>\n<meta name=\"twitter:card\" content=\"summary_large_image\" \/>\n<meta name=\"twitter:label1\" content=\"Written by\" \/>\n\t<meta name=\"twitter:data1\" content=\"Genof\u00f3ntes Urb\u00e1ez\" \/>\n\t<meta name=\"twitter:label2\" content=\"Est. reading time\" \/>\n\t<meta name=\"twitter:data2\" content=\"3 minutos\" \/>\n<script type=\"application\/ld+json\" class=\"yoast-schema-graph\">{\"@context\":\"https:\\\/\\\/schema.org\",\"@graph\":[{\"@type\":\"Article\",\"@id\":\"http:\\\/\\\/minutocerord.com\\\/?p=5355#article\",\"isPartOf\":{\"@id\":\"http:\\\/\\\/minutocerord.com\\\/?p=5355\"},\"author\":{\"name\":\"Genof\u00f3ntes Urb\u00e1ez\",\"@id\":\"https:\\\/\\\/minutocerord.com\\\/#\\\/schema\\\/person\\\/60b5372d60aaa0a5171fb6488be9aee6\"},\"headline\":\"EL Estado debe pagar da\u00f1os a hombre que estuvo preso por 12 a\u00f1os\",\"datePublished\":\"2021-08-11T14:52:04+00:00\",\"dateModified\":\"2021-08-11T14:54:28+00:00\",\"mainEntityOfPage\":{\"@id\":\"http:\\\/\\\/minutocerord.com\\\/?p=5355\"},\"wordCount\":641,\"commentCount\":0,\"publisher\":{\"@id\":\"https:\\\/\\\/minutocerord.com\\\/#\\\/schema\\\/person\\\/60b5372d60aaa0a5171fb6488be9aee6\"},\"image\":{\"@id\":\"http:\\\/\\\/minutocerord.com\\\/?p=5355#primaryimage\"},\"thumbnailUrl\":\"https:\\\/\\\/i0.wp.com\\\/minutocerord.com\\\/wp-content\\\/uploads\\\/2021\\\/08\\\/dl13923_17006411_20210811003518.jpg?fit=546%2C350&ssl=1\",\"articleSection\":[\"Justicia\"],\"inLanguage\":\"es-DO\",\"potentialAction\":[{\"@type\":\"CommentAction\",\"name\":\"Comment\",\"target\":[\"http:\\\/\\\/minutocerord.com\\\/?p=5355#respond\"]}]},{\"@type\":\"WebPage\",\"@id\":\"http:\\\/\\\/minutocerord.com\\\/?p=5355\",\"url\":\"http:\\\/\\\/minutocerord.com\\\/?p=5355\",\"name\":\"EL Estado debe pagar da\u00f1os a hombre que estuvo preso por 12 a\u00f1os - Minuto Cero RD\",\"isPartOf\":{\"@id\":\"https:\\\/\\\/minutocerord.com\\\/#website\"},\"primaryImageOfPage\":{\"@id\":\"http:\\\/\\\/minutocerord.com\\\/?p=5355#primaryimage\"},\"image\":{\"@id\":\"http:\\\/\\\/minutocerord.com\\\/?p=5355#primaryimage\"},\"thumbnailUrl\":\"https:\\\/\\\/i0.wp.com\\\/minutocerord.com\\\/wp-content\\\/uploads\\\/2021\\\/08\\\/dl13923_17006411_20210811003518.jpg?fit=546%2C350&ssl=1\",\"datePublished\":\"2021-08-11T14:52:04+00:00\",\"dateModified\":\"2021-08-11T14:54:28+00:00\",\"breadcrumb\":{\"@id\":\"http:\\\/\\\/minutocerord.com\\\/?p=5355#breadcrumb\"},\"inLanguage\":\"es-DO\",\"potentialAction\":[{\"@type\":\"ReadAction\",\"target\":[\"http:\\\/\\\/minutocerord.com\\\/?p=5355\"]}]},{\"@type\":\"ImageObject\",\"inLanguage\":\"es-DO\",\"@id\":\"http:\\\/\\\/minutocerord.com\\\/?p=5355#primaryimage\",\"url\":\"https:\\\/\\\/i0.wp.com\\\/minutocerord.com\\\/wp-content\\\/uploads\\\/2021\\\/08\\\/dl13923_17006411_20210811003518.jpg?fit=546%2C350&ssl=1\",\"contentUrl\":\"https:\\\/\\\/i0.wp.com\\\/minutocerord.com\\\/wp-content\\\/uploads\\\/2021\\\/08\\\/dl13923_17006411_20210811003518.jpg?fit=546%2C350&ssl=1\",\"width\":546,\"height\":350},{\"@type\":\"BreadcrumbList\",\"@id\":\"http:\\\/\\\/minutocerord.com\\\/?p=5355#breadcrumb\",\"itemListElement\":[{\"@type\":\"ListItem\",\"position\":1,\"name\":\"Home\",\"item\":\"https:\\\/\\\/minutocerord.com\\\/\"},{\"@type\":\"ListItem\",\"position\":2,\"name\":\"EL Estado debe pagar da\u00f1os a hombre que estuvo preso por 12 a\u00f1os\"}]},{\"@type\":\"WebSite\",\"@id\":\"https:\\\/\\\/minutocerord.com\\\/#website\",\"url\":\"https:\\\/\\\/minutocerord.com\\\/\",\"name\":\"Minuto Cero RD\",\"description\":\"Periodismo serio y veraz\",\"publisher\":{\"@id\":\"https:\\\/\\\/minutocerord.com\\\/#\\\/schema\\\/person\\\/60b5372d60aaa0a5171fb6488be9aee6\"},\"potentialAction\":[{\"@type\":\"SearchAction\",\"target\":{\"@type\":\"EntryPoint\",\"urlTemplate\":\"https:\\\/\\\/minutocerord.com\\\/?s={search_term_string}\"},\"query-input\":{\"@type\":\"PropertyValueSpecification\",\"valueRequired\":true,\"valueName\":\"search_term_string\"}}],\"inLanguage\":\"es-DO\"},{\"@type\":[\"Person\",\"Organization\"],\"@id\":\"https:\\\/\\\/minutocerord.com\\\/#\\\/schema\\\/person\\\/60b5372d60aaa0a5171fb6488be9aee6\",\"name\":\"Genof\u00f3ntes Urb\u00e1ez\",\"image\":{\"@type\":\"ImageObject\",\"inLanguage\":\"es-DO\",\"@id\":\"https:\\\/\\\/secure.gravatar.com\\\/avatar\\\/a49ef3186a692098ac3e8a1612261e3ad70cf9e44553dff2929e67939a0ecb9d?s=96&d=identicon&r=g\",\"url\":\"https:\\\/\\\/secure.gravatar.com\\\/avatar\\\/a49ef3186a692098ac3e8a1612261e3ad70cf9e44553dff2929e67939a0ecb9d?s=96&d=identicon&r=g\",\"contentUrl\":\"https:\\\/\\\/secure.gravatar.com\\\/avatar\\\/a49ef3186a692098ac3e8a1612261e3ad70cf9e44553dff2929e67939a0ecb9d?s=96&d=identicon&r=g\",\"caption\":\"Genof\u00f3ntes Urb\u00e1ez\"},\"logo\":{\"@id\":\"https:\\\/\\\/secure.gravatar.com\\\/avatar\\\/a49ef3186a692098ac3e8a1612261e3ad70cf9e44553dff2929e67939a0ecb9d?s=96&d=identicon&r=g\"},\"description\":\"Periodista \\\/ Locutor\",\"sameAs\":[\"https:\\\/\\\/www.facebook.com\\\/Genofnotes\",\"https:\\\/\\\/www.instagram.com\\\/genofnotes\\\/\"]}]}<\/script>\n<!-- \/ Yoast SEO plugin. -->","yoast_head_json":{"title":"EL Estado debe pagar da\u00f1os a hombre que estuvo preso por 12 a\u00f1os - Minuto Cero RD","robots":{"index":"index","follow":"follow","max-snippet":"max-snippet:-1","max-image-preview":"max-image-preview:large","max-video-preview":"max-video-preview:-1"},"canonical":"http:\/\/minutocerord.com\/?p=5355","og_locale":"es_ES","og_type":"article","og_title":"EL Estado debe pagar da\u00f1os a hombre que estuvo preso por 12 a\u00f1os - Minuto Cero RD","og_description":"\u00a0Santo Domingo.- El Estado dominicano a trav\u00e9s de la Procuradur\u00eda General de la Rep\u00fablica (PGR) y funcionarios del sistema carcelario debe indemnizar a Luis Pe\u00f1a Valdez, tras haber purgado 12 a\u00f1os en la c\u00e1rcel de La Victoria sin haber cometido ning\u00fan delito ni haber sido procesado judicialmente. Algo violatorio de la Constituci\u00f3n, las leyes y [&hellip;]","og_url":"http:\/\/minutocerord.com\/?p=5355","og_site_name":"Minuto Cero RD","article_publisher":"https:\/\/www.facebook.com\/Genofnotes","article_author":"https:\/\/www.facebook.com\/Genofnotes","article_published_time":"2021-08-11T14:52:04+00:00","article_modified_time":"2021-08-11T14:54:28+00:00","og_image":[{"width":546,"height":350,"url":"https:\/\/i0.wp.com\/minutocerord.com\/wp-content\/uploads\/2021\/08\/dl13923_17006411_20210811003518.jpg?fit=546%2C350","type":"image\/jpeg"}],"author":"Genof\u00f3ntes Urb\u00e1ez","twitter_card":"summary_large_image","twitter_misc":{"Written by":"Genof\u00f3ntes Urb\u00e1ez","Est. reading time":"3 minutos"},"schema":{"@context":"https:\/\/schema.org","@graph":[{"@type":"Article","@id":"http:\/\/minutocerord.com\/?p=5355#article","isPartOf":{"@id":"http:\/\/minutocerord.com\/?p=5355"},"author":{"name":"Genof\u00f3ntes Urb\u00e1ez","@id":"https:\/\/minutocerord.com\/#\/schema\/person\/60b5372d60aaa0a5171fb6488be9aee6"},"headline":"EL Estado debe pagar da\u00f1os a hombre que estuvo preso por 12 a\u00f1os","datePublished":"2021-08-11T14:52:04+00:00","dateModified":"2021-08-11T14:54:28+00:00","mainEntityOfPage":{"@id":"http:\/\/minutocerord.com\/?p=5355"},"wordCount":641,"commentCount":0,"publisher":{"@id":"https:\/\/minutocerord.com\/#\/schema\/person\/60b5372d60aaa0a5171fb6488be9aee6"},"image":{"@id":"http:\/\/minutocerord.com\/?p=5355#primaryimage"},"thumbnailUrl":"https:\/\/i0.wp.com\/minutocerord.com\/wp-content\/uploads\/2021\/08\/dl13923_17006411_20210811003518.jpg?fit=546%2C350&ssl=1","articleSection":["Justicia"],"inLanguage":"es-DO","potentialAction":[{"@type":"CommentAction","name":"Comment","target":["http:\/\/minutocerord.com\/?p=5355#respond"]}]},{"@type":"WebPage","@id":"http:\/\/minutocerord.com\/?p=5355","url":"http:\/\/minutocerord.com\/?p=5355","name":"EL Estado debe pagar da\u00f1os a hombre que estuvo preso por 12 a\u00f1os - Minuto Cero RD","isPartOf":{"@id":"https:\/\/minutocerord.com\/#website"},"primaryImageOfPage":{"@id":"http:\/\/minutocerord.com\/?p=5355#primaryimage"},"image":{"@id":"http:\/\/minutocerord.com\/?p=5355#primaryimage"},"thumbnailUrl":"https:\/\/i0.wp.com\/minutocerord.com\/wp-content\/uploads\/2021\/08\/dl13923_17006411_20210811003518.jpg?fit=546%2C350&ssl=1","datePublished":"2021-08-11T14:52:04+00:00","dateModified":"2021-08-11T14:54:28+00:00","breadcrumb":{"@id":"http:\/\/minutocerord.com\/?p=5355#breadcrumb"},"inLanguage":"es-DO","potentialAction":[{"@type":"ReadAction","target":["http:\/\/minutocerord.com\/?p=5355"]}]},{"@type":"ImageObject","inLanguage":"es-DO","@id":"http:\/\/minutocerord.com\/?p=5355#primaryimage","url":"https:\/\/i0.wp.com\/minutocerord.com\/wp-content\/uploads\/2021\/08\/dl13923_17006411_20210811003518.jpg?fit=546%2C350&ssl=1","contentUrl":"https:\/\/i0.wp.com\/minutocerord.com\/wp-content\/uploads\/2021\/08\/dl13923_17006411_20210811003518.jpg?fit=546%2C350&ssl=1","width":546,"height":350},{"@type":"BreadcrumbList","@id":"http:\/\/minutocerord.com\/?p=5355#breadcrumb","itemListElement":[{"@type":"ListItem","position":1,"name":"Home","item":"https:\/\/minutocerord.com\/"},{"@type":"ListItem","position":2,"name":"EL Estado debe pagar da\u00f1os a hombre que estuvo preso por 12 a\u00f1os"}]},{"@type":"WebSite","@id":"https:\/\/minutocerord.com\/#website","url":"https:\/\/minutocerord.com\/","name":"Minuto Cero RD","description":"Periodismo serio y veraz","publisher":{"@id":"https:\/\/minutocerord.com\/#\/schema\/person\/60b5372d60aaa0a5171fb6488be9aee6"},"potentialAction":[{"@type":"SearchAction","target":{"@type":"EntryPoint","urlTemplate":"https:\/\/minutocerord.com\/?s={search_term_string}"},"query-input":{"@type":"PropertyValueSpecification","valueRequired":true,"valueName":"search_term_string"}}],"inLanguage":"es-DO"},{"@type":["Person","Organization"],"@id":"https:\/\/minutocerord.com\/#\/schema\/person\/60b5372d60aaa0a5171fb6488be9aee6","name":"Genof\u00f3ntes Urb\u00e1ez","image":{"@type":"ImageObject","inLanguage":"es-DO","@id":"https:\/\/secure.gravatar.com\/avatar\/a49ef3186a692098ac3e8a1612261e3ad70cf9e44553dff2929e67939a0ecb9d?s=96&d=identicon&r=g","url":"https:\/\/secure.gravatar.com\/avatar\/a49ef3186a692098ac3e8a1612261e3ad70cf9e44553dff2929e67939a0ecb9d?s=96&d=identicon&r=g","contentUrl":"https:\/\/secure.gravatar.com\/avatar\/a49ef3186a692098ac3e8a1612261e3ad70cf9e44553dff2929e67939a0ecb9d?s=96&d=identicon&r=g","caption":"Genof\u00f3ntes Urb\u00e1ez"},"logo":{"@id":"https:\/\/secure.gravatar.com\/avatar\/a49ef3186a692098ac3e8a1612261e3ad70cf9e44553dff2929e67939a0ecb9d?s=96&d=identicon&r=g"},"description":"Periodista \/ Locutor","sameAs":["https:\/\/www.facebook.com\/Genofnotes","https:\/\/www.instagram.com\/genofnotes\/"]}]}},"jetpack_publicize_connections":[],"jetpack_featured_media_url":"https:\/\/i0.wp.com\/minutocerord.com\/wp-content\/uploads\/2021\/08\/dl13923_17006411_20210811003518.jpg?fit=546%2C350&ssl=1","jetpack-related-posts":[],"jetpack_sharing_enabled":true,"_links":{"self":[{"href":"https:\/\/minutocerord.com\/index.php?rest_route=\/wp\/v2\/posts\/5355","targetHints":{"allow":["GET"]}}],"collection":[{"href":"https:\/\/minutocerord.com\/index.php?rest_route=\/wp\/v2\/posts"}],"about":[{"href":"https:\/\/minutocerord.com\/index.php?rest_route=\/wp\/v2\/types\/post"}],"author":[{"embeddable":true,"href":"https:\/\/minutocerord.com\/index.php?rest_route=\/wp\/v2\/users\/1"}],"replies":[{"embeddable":true,"href":"https:\/\/minutocerord.com\/index.php?rest_route=%2Fwp%2Fv2%2Fcomments&post=5355"}],"version-history":[{"count":2,"href":"https:\/\/minutocerord.com\/index.php?rest_route=\/wp\/v2\/posts\/5355\/revisions"}],"predecessor-version":[{"id":5358,"href":"https:\/\/minutocerord.com\/index.php?rest_route=\/wp\/v2\/posts\/5355\/revisions\/5358"}],"wp:featuredmedia":[{"embeddable":true,"href":"https:\/\/minutocerord.com\/index.php?rest_route=\/wp\/v2\/media\/5356"}],"wp:attachment":[{"href":"https:\/\/minutocerord.com\/index.php?rest_route=%2Fwp%2Fv2%2Fmedia&parent=5355"}],"wp:term":[{"taxonomy":"category","embeddable":true,"href":"https:\/\/minutocerord.com\/index.php?rest_route=%2Fwp%2Fv2%2Fcategories&post=5355"},{"taxonomy":"post_tag","embeddable":true,"href":"https:\/\/minutocerord.com\/index.php?rest_route=%2Fwp%2Fv2%2Ftags&post=5355"}],"curies":[{"name":"wp","href":"https:\/\/api.w.org\/{rel}","templated":true}]}}