{"id":5359,"date":"2021-08-11T11:00:45","date_gmt":"2021-08-11T15:00:45","guid":{"rendered":"https:\/\/minutocerord.com\/?p=5359"},"modified":"2021-08-11T11:00:53","modified_gmt":"2021-08-11T15:00:53","slug":"muere-enfermera-y-una-paciente-tras-incendio-en-clinica-de-la-romana","status":"publish","type":"post","link":"https:\/\/minutocerord.com\/?p=5359","title":{"rendered":"Muere enfermera y una paciente tras incendio en cl\u00ednica de La Romana"},"content":{"rendered":"\n<p><strong>\u00a0La Romana, RD.-<\/strong>Falleci\u00f3 tras el incendio producido en la cl\u00ednica Canela 2 de La Romana, Jeovanny M\u00e9ndez, una enfermera que laboraba all\u00ed, y otra mujer que se hab\u00eda realizado una cirug\u00eda horas antes, y se encontraba en etapa de recuperaci\u00f3n. La paciente fallecida a\u00fan no ha sido identificada.\u00a0<\/p>\n\n\n\n<p>Tambi\u00e9n se notific\u00f3 que la enfermera Nora Polanco, se encuentra en estado cr\u00edtico y entubada, tras ser afectada por el incendio.&nbsp;<\/p>\n\n\n\n<p>La cl\u00ednica emiti\u00f3 un comunicado agradeciendo el apoyo de la poblaci\u00f3n, en el que indican que las autoridades correspondientes realizan el levantamiento en las instalaciones para determinar las causas del incendio.<\/p>\n\n\n\n<p>El hecho fue reportado alrededor de las 6:30 de la tarde por el Sistema Nacional de Atenci\u00f3n a Emergencias y Seguridad 911, quienes indicaron que unas 40 personas fueron evacuadas en la cl\u00ednica ubicada del sector Los Multi, y una de las m\u00e1s grande de La Romana.<a><\/a><\/p>\n\n\n\n<p>Unas cuatro unidades de bomberos de la provincia de La Romana asistieron para sofocar el fuego.<\/p>\n\n\n\n<p>Adem\u00e1s, al lugar se presentaron dos unidades de la Polic\u00eda, 13 del Servicio Nacional de Salud (SNS), junto a cuatro de la Direcci\u00f3n General de Transito y Transporte Terrestre (Digesett), y otras cuatro del Ministerio de Obras P\u00fablicas.&nbsp;<\/p>\n","protected":false},"excerpt":{"rendered":"<p>\u00a0La Romana, RD.-Falleci\u00f3 tras el incendio producido en la cl\u00ednica Canela 2 de La Romana, Jeovanny M\u00e9ndez, una enfermera que laboraba all\u00ed, y otra mujer que se hab\u00eda realizado una cirug\u00eda horas antes, y se encontraba en etapa de recuperaci\u00f3n. La paciente fallecida a\u00fan no ha sido identificada.\u00a0 Tambi\u00e9n se notific\u00f3 que la enfermera Nora [&hellip;]<\/p>\n","protected":false},"author":1,"featured_media":5360,"comment_status":"open","ping_status":"open","sticky":false,"template":"","format":"standard","meta":{"nf_dc_page":"","jetpack_post_was_ever_published":false,"_jetpack_newsletter_access":"","_jetpack_dont_email_post_to_subs":false,"_jetpack_newsletter_tier_id":0,"_jetpack_memberships_contains_paywalled_content":false,"_jetpack_memberships_contains_paid_content":false,"footnotes":"","jetpack_publicize_message":"","jetpack_publicize_feature_enabled":true,"jetpack_social_post_already_shared":false,"jetpack_social_options":{"image_generator_settings":{"template":"highway","default_image_id":0,"font":"","enabled":false},"version":2}},"categories":[91],"tags":[],"class_list":["post-5359","post","type-post","status-publish","format-standard","has-post-thumbnail","hentry","category-provincia"],"yoast_head":"<!-- This site is optimized with the Yoast SEO plugin v27.4 - https:\/\/yoast.com\/product\/yoast-seo-wordpress\/ -->\n<title>Muere enfermera y una paciente tras incendio en cl\u00ednica de La Romana - Minuto Cero RD<\/title>\n<meta name=\"robots\" content=\"index, follow, max-snippet:-1, max-image-preview:large, max-video-preview:-1\" \/>\n<link rel=\"canonical\" href=\"http:\/\/minutocerord.com\/?p=5359\" \/>\n<meta property=\"og:locale\" content=\"es_ES\" \/>\n<meta property=\"og:type\" content=\"article\" \/>\n<meta property=\"og:title\" content=\"Muere enfermera y una paciente tras incendio en cl\u00ednica de La Romana - Minuto Cero RD\" \/>\n<meta property=\"og:description\" content=\"\u00a0La Romana, RD.-Falleci\u00f3 tras el incendio producido en la cl\u00ednica Canela 2 de La Romana, Jeovanny M\u00e9ndez, una enfermera que laboraba all\u00ed, y otra mujer que se hab\u00eda realizado una cirug\u00eda horas antes, y se encontraba en etapa de recuperaci\u00f3n. La paciente fallecida a\u00fan no ha sido identificada.\u00a0 Tambi\u00e9n se notific\u00f3 que la enfermera Nora [&hellip;]\" \/>\n<meta property=\"og:url\" content=\"http:\/\/minutocerord.com\/?p=5359\" \/>\n<meta property=\"og:site_name\" content=\"Minuto Cero RD\" \/>\n<meta property=\"article:publisher\" content=\"https:\/\/www.facebook.com\/Genofnotes\" \/>\n<meta property=\"article:author\" content=\"https:\/\/www.facebook.com\/Genofnotes\" \/>\n<meta property=\"article:published_time\" content=\"2021-08-11T15:00:45+00:00\" \/>\n<meta property=\"article:modified_time\" content=\"2021-08-11T15:00:53+00:00\" \/>\n<meta property=\"og:image\" content=\"https:\/\/i0.wp.com\/minutocerord.com\/wp-content\/uploads\/2021\/08\/111111111111111111111111.png?fit=843%2C555\" \/>\n\t<meta property=\"og:image:width\" content=\"843\" \/>\n\t<meta property=\"og:image:height\" content=\"555\" \/>\n\t<meta property=\"og:image:type\" content=\"image\/png\" \/>\n<meta name=\"author\" content=\"Genof\u00f3ntes Urb\u00e1ez\" \/>\n<meta name=\"twitter:card\" content=\"summary_large_image\" \/>\n<meta name=\"twitter:label1\" content=\"Written by\" \/>\n\t<meta name=\"twitter:data1\" content=\"Genof\u00f3ntes Urb\u00e1ez\" \/>\n\t<meta name=\"twitter:label2\" content=\"Est. reading time\" \/>\n\t<meta name=\"twitter:data2\" content=\"1 minuto\" \/>\n<script type=\"application\/ld+json\" class=\"yoast-schema-graph\">{\"@context\":\"https:\\\/\\\/schema.org\",\"@graph\":[{\"@type\":\"Article\",\"@id\":\"http:\\\/\\\/minutocerord.com\\\/?p=5359#article\",\"isPartOf\":{\"@id\":\"http:\\\/\\\/minutocerord.com\\\/?p=5359\"},\"author\":{\"name\":\"Genof\u00f3ntes Urb\u00e1ez\",\"@id\":\"https:\\\/\\\/minutocerord.com\\\/#\\\/schema\\\/person\\\/60b5372d60aaa0a5171fb6488be9aee6\"},\"headline\":\"Muere enfermera y una paciente tras incendio en cl\u00ednica de La Romana\",\"datePublished\":\"2021-08-11T15:00:45+00:00\",\"dateModified\":\"2021-08-11T15:00:53+00:00\",\"mainEntityOfPage\":{\"@id\":\"http:\\\/\\\/minutocerord.com\\\/?p=5359\"},\"wordCount\":229,\"commentCount\":0,\"publisher\":{\"@id\":\"https:\\\/\\\/minutocerord.com\\\/#\\\/schema\\\/person\\\/60b5372d60aaa0a5171fb6488be9aee6\"},\"image\":{\"@id\":\"http:\\\/\\\/minutocerord.com\\\/?p=5359#primaryimage\"},\"thumbnailUrl\":\"https:\\\/\\\/i0.wp.com\\\/minutocerord.com\\\/wp-content\\\/uploads\\\/2021\\\/08\\\/111111111111111111111111.png?fit=843%2C555&ssl=1\",\"articleSection\":[\"Provincia\"],\"inLanguage\":\"es-DO\",\"potentialAction\":[{\"@type\":\"CommentAction\",\"name\":\"Comment\",\"target\":[\"http:\\\/\\\/minutocerord.com\\\/?p=5359#respond\"]}]},{\"@type\":\"WebPage\",\"@id\":\"http:\\\/\\\/minutocerord.com\\\/?p=5359\",\"url\":\"http:\\\/\\\/minutocerord.com\\\/?p=5359\",\"name\":\"Muere enfermera y una paciente tras incendio en cl\u00ednica de La Romana - Minuto Cero RD\",\"isPartOf\":{\"@id\":\"https:\\\/\\\/minutocerord.com\\\/#website\"},\"primaryImageOfPage\":{\"@id\":\"http:\\\/\\\/minutocerord.com\\\/?p=5359#primaryimage\"},\"image\":{\"@id\":\"http:\\\/\\\/minutocerord.com\\\/?p=5359#primaryimage\"},\"thumbnailUrl\":\"https:\\\/\\\/i0.wp.com\\\/minutocerord.com\\\/wp-content\\\/uploads\\\/2021\\\/08\\\/111111111111111111111111.png?fit=843%2C555&ssl=1\",\"datePublished\":\"2021-08-11T15:00:45+00:00\",\"dateModified\":\"2021-08-11T15:00:53+00:00\",\"breadcrumb\":{\"@id\":\"http:\\\/\\\/minutocerord.com\\\/?p=5359#breadcrumb\"},\"inLanguage\":\"es-DO\",\"potentialAction\":[{\"@type\":\"ReadAction\",\"target\":[\"http:\\\/\\\/minutocerord.com\\\/?p=5359\"]}]},{\"@type\":\"ImageObject\",\"inLanguage\":\"es-DO\",\"@id\":\"http:\\\/\\\/minutocerord.com\\\/?p=5359#primaryimage\",\"url\":\"https:\\\/\\\/i0.wp.com\\\/minutocerord.com\\\/wp-content\\\/uploads\\\/2021\\\/08\\\/111111111111111111111111.png?fit=843%2C555&ssl=1\",\"contentUrl\":\"https:\\\/\\\/i0.wp.com\\\/minutocerord.com\\\/wp-content\\\/uploads\\\/2021\\\/08\\\/111111111111111111111111.png?fit=843%2C555&ssl=1\",\"width\":843,\"height\":555},{\"@type\":\"BreadcrumbList\",\"@id\":\"http:\\\/\\\/minutocerord.com\\\/?p=5359#breadcrumb\",\"itemListElement\":[{\"@type\":\"ListItem\",\"position\":1,\"name\":\"Home\",\"item\":\"https:\\\/\\\/minutocerord.com\\\/\"},{\"@type\":\"ListItem\",\"position\":2,\"name\":\"Muere enfermera y una paciente tras incendio en cl\u00ednica de La Romana\"}]},{\"@type\":\"WebSite\",\"@id\":\"https:\\\/\\\/minutocerord.com\\\/#website\",\"url\":\"https:\\\/\\\/minutocerord.com\\\/\",\"name\":\"Minuto Cero RD\",\"description\":\"Periodismo serio y veraz\",\"publisher\":{\"@id\":\"https:\\\/\\\/minutocerord.com\\\/#\\\/schema\\\/person\\\/60b5372d60aaa0a5171fb6488be9aee6\"},\"potentialAction\":[{\"@type\":\"SearchAction\",\"target\":{\"@type\":\"EntryPoint\",\"urlTemplate\":\"https:\\\/\\\/minutocerord.com\\\/?s={search_term_string}\"},\"query-input\":{\"@type\":\"PropertyValueSpecification\",\"valueRequired\":true,\"valueName\":\"search_term_string\"}}],\"inLanguage\":\"es-DO\"},{\"@type\":[\"Person\",\"Organization\"],\"@id\":\"https:\\\/\\\/minutocerord.com\\\/#\\\/schema\\\/person\\\/60b5372d60aaa0a5171fb6488be9aee6\",\"name\":\"Genof\u00f3ntes Urb\u00e1ez\",\"image\":{\"@type\":\"ImageObject\",\"inLanguage\":\"es-DO\",\"@id\":\"https:\\\/\\\/secure.gravatar.com\\\/avatar\\\/a49ef3186a692098ac3e8a1612261e3ad70cf9e44553dff2929e67939a0ecb9d?s=96&d=identicon&r=g\",\"url\":\"https:\\\/\\\/secure.gravatar.com\\\/avatar\\\/a49ef3186a692098ac3e8a1612261e3ad70cf9e44553dff2929e67939a0ecb9d?s=96&d=identicon&r=g\",\"contentUrl\":\"https:\\\/\\\/secure.gravatar.com\\\/avatar\\\/a49ef3186a692098ac3e8a1612261e3ad70cf9e44553dff2929e67939a0ecb9d?s=96&d=identicon&r=g\",\"caption\":\"Genof\u00f3ntes Urb\u00e1ez\"},\"logo\":{\"@id\":\"https:\\\/\\\/secure.gravatar.com\\\/avatar\\\/a49ef3186a692098ac3e8a1612261e3ad70cf9e44553dff2929e67939a0ecb9d?s=96&d=identicon&r=g\"},\"description\":\"Periodista \\\/ Locutor\",\"sameAs\":[\"https:\\\/\\\/www.facebook.com\\\/Genofnotes\",\"https:\\\/\\\/www.instagram.com\\\/genofnotes\\\/\"]}]}<\/script>\n<!-- \/ Yoast SEO plugin. -->","yoast_head_json":{"title":"Muere enfermera y una paciente tras incendio en cl\u00ednica de La Romana - Minuto Cero RD","robots":{"index":"index","follow":"follow","max-snippet":"max-snippet:-1","max-image-preview":"max-image-preview:large","max-video-preview":"max-video-preview:-1"},"canonical":"http:\/\/minutocerord.com\/?p=5359","og_locale":"es_ES","og_type":"article","og_title":"Muere enfermera y una paciente tras incendio en cl\u00ednica de La Romana - Minuto Cero RD","og_description":"\u00a0La Romana, RD.-Falleci\u00f3 tras el incendio producido en la cl\u00ednica Canela 2 de La Romana, Jeovanny M\u00e9ndez, una enfermera que laboraba all\u00ed, y otra mujer que se hab\u00eda realizado una cirug\u00eda horas antes, y se encontraba en etapa de recuperaci\u00f3n. La paciente fallecida a\u00fan no ha sido identificada.\u00a0 Tambi\u00e9n se notific\u00f3 que la enfermera Nora [&hellip;]","og_url":"http:\/\/minutocerord.com\/?p=5359","og_site_name":"Minuto Cero RD","article_publisher":"https:\/\/www.facebook.com\/Genofnotes","article_author":"https:\/\/www.facebook.com\/Genofnotes","article_published_time":"2021-08-11T15:00:45+00:00","article_modified_time":"2021-08-11T15:00:53+00:00","og_image":[{"width":843,"height":555,"url":"https:\/\/i0.wp.com\/minutocerord.com\/wp-content\/uploads\/2021\/08\/111111111111111111111111.png?fit=843%2C555","type":"image\/png"}],"author":"Genof\u00f3ntes Urb\u00e1ez","twitter_card":"summary_large_image","twitter_misc":{"Written by":"Genof\u00f3ntes Urb\u00e1ez","Est. reading time":"1 minuto"},"schema":{"@context":"https:\/\/schema.org","@graph":[{"@type":"Article","@id":"http:\/\/minutocerord.com\/?p=5359#article","isPartOf":{"@id":"http:\/\/minutocerord.com\/?p=5359"},"author":{"name":"Genof\u00f3ntes Urb\u00e1ez","@id":"https:\/\/minutocerord.com\/#\/schema\/person\/60b5372d60aaa0a5171fb6488be9aee6"},"headline":"Muere enfermera y una paciente tras incendio en cl\u00ednica de La Romana","datePublished":"2021-08-11T15:00:45+00:00","dateModified":"2021-08-11T15:00:53+00:00","mainEntityOfPage":{"@id":"http:\/\/minutocerord.com\/?p=5359"},"wordCount":229,"commentCount":0,"publisher":{"@id":"https:\/\/minutocerord.com\/#\/schema\/person\/60b5372d60aaa0a5171fb6488be9aee6"},"image":{"@id":"http:\/\/minutocerord.com\/?p=5359#primaryimage"},"thumbnailUrl":"https:\/\/i0.wp.com\/minutocerord.com\/wp-content\/uploads\/2021\/08\/111111111111111111111111.png?fit=843%2C555&ssl=1","articleSection":["Provincia"],"inLanguage":"es-DO","potentialAction":[{"@type":"CommentAction","name":"Comment","target":["http:\/\/minutocerord.com\/?p=5359#respond"]}]},{"@type":"WebPage","@id":"http:\/\/minutocerord.com\/?p=5359","url":"http:\/\/minutocerord.com\/?p=5359","name":"Muere enfermera y una paciente tras incendio en cl\u00ednica de La Romana - Minuto Cero RD","isPartOf":{"@id":"https:\/\/minutocerord.com\/#website"},"primaryImageOfPage":{"@id":"http:\/\/minutocerord.com\/?p=5359#primaryimage"},"image":{"@id":"http:\/\/minutocerord.com\/?p=5359#primaryimage"},"thumbnailUrl":"https:\/\/i0.wp.com\/minutocerord.com\/wp-content\/uploads\/2021\/08\/111111111111111111111111.png?fit=843%2C555&ssl=1","datePublished":"2021-08-11T15:00:45+00:00","dateModified":"2021-08-11T15:00:53+00:00","breadcrumb":{"@id":"http:\/\/minutocerord.com\/?p=5359#breadcrumb"},"inLanguage":"es-DO","potentialAction":[{"@type":"ReadAction","target":["http:\/\/minutocerord.com\/?p=5359"]}]},{"@type":"ImageObject","inLanguage":"es-DO","@id":"http:\/\/minutocerord.com\/?p=5359#primaryimage","url":"https:\/\/i0.wp.com\/minutocerord.com\/wp-content\/uploads\/2021\/08\/111111111111111111111111.png?fit=843%2C555&ssl=1","contentUrl":"https:\/\/i0.wp.com\/minutocerord.com\/wp-content\/uploads\/2021\/08\/111111111111111111111111.png?fit=843%2C555&ssl=1","width":843,"height":555},{"@type":"BreadcrumbList","@id":"http:\/\/minutocerord.com\/?p=5359#breadcrumb","itemListElement":[{"@type":"ListItem","position":1,"name":"Home","item":"https:\/\/minutocerord.com\/"},{"@type":"ListItem","position":2,"name":"Muere enfermera y una paciente tras incendio en cl\u00ednica de La Romana"}]},{"@type":"WebSite","@id":"https:\/\/minutocerord.com\/#website","url":"https:\/\/minutocerord.com\/","name":"Minuto Cero RD","description":"Periodismo serio y veraz","publisher":{"@id":"https:\/\/minutocerord.com\/#\/schema\/person\/60b5372d60aaa0a5171fb6488be9aee6"},"potentialAction":[{"@type":"SearchAction","target":{"@type":"EntryPoint","urlTemplate":"https:\/\/minutocerord.com\/?s={search_term_string}"},"query-input":{"@type":"PropertyValueSpecification","valueRequired":true,"valueName":"search_term_string"}}],"inLanguage":"es-DO"},{"@type":["Person","Organization"],"@id":"https:\/\/minutocerord.com\/#\/schema\/person\/60b5372d60aaa0a5171fb6488be9aee6","name":"Genof\u00f3ntes Urb\u00e1ez","image":{"@type":"ImageObject","inLanguage":"es-DO","@id":"https:\/\/secure.gravatar.com\/avatar\/a49ef3186a692098ac3e8a1612261e3ad70cf9e44553dff2929e67939a0ecb9d?s=96&d=identicon&r=g","url":"https:\/\/secure.gravatar.com\/avatar\/a49ef3186a692098ac3e8a1612261e3ad70cf9e44553dff2929e67939a0ecb9d?s=96&d=identicon&r=g","contentUrl":"https:\/\/secure.gravatar.com\/avatar\/a49ef3186a692098ac3e8a1612261e3ad70cf9e44553dff2929e67939a0ecb9d?s=96&d=identicon&r=g","caption":"Genof\u00f3ntes Urb\u00e1ez"},"logo":{"@id":"https:\/\/secure.gravatar.com\/avatar\/a49ef3186a692098ac3e8a1612261e3ad70cf9e44553dff2929e67939a0ecb9d?s=96&d=identicon&r=g"},"description":"Periodista \/ Locutor","sameAs":["https:\/\/www.facebook.com\/Genofnotes","https:\/\/www.instagram.com\/genofnotes\/"]}]}},"jetpack_publicize_connections":[],"jetpack_featured_media_url":"https:\/\/i0.wp.com\/minutocerord.com\/wp-content\/uploads\/2021\/08\/111111111111111111111111.png?fit=843%2C555&ssl=1","jetpack-related-posts":[],"jetpack_sharing_enabled":true,"_links":{"self":[{"href":"https:\/\/minutocerord.com\/index.php?rest_route=\/wp\/v2\/posts\/5359","targetHints":{"allow":["GET"]}}],"collection":[{"href":"https:\/\/minutocerord.com\/index.php?rest_route=\/wp\/v2\/posts"}],"about":[{"href":"https:\/\/minutocerord.com\/index.php?rest_route=\/wp\/v2\/types\/post"}],"author":[{"embeddable":true,"href":"https:\/\/minutocerord.com\/index.php?rest_route=\/wp\/v2\/users\/1"}],"replies":[{"embeddable":true,"href":"https:\/\/minutocerord.com\/index.php?rest_route=%2Fwp%2Fv2%2Fcomments&post=5359"}],"version-history":[{"count":1,"href":"https:\/\/minutocerord.com\/index.php?rest_route=\/wp\/v2\/posts\/5359\/revisions"}],"predecessor-version":[{"id":5361,"href":"https:\/\/minutocerord.com\/index.php?rest_route=\/wp\/v2\/posts\/5359\/revisions\/5361"}],"wp:featuredmedia":[{"embeddable":true,"href":"https:\/\/minutocerord.com\/index.php?rest_route=\/wp\/v2\/media\/5360"}],"wp:attachment":[{"href":"https:\/\/minutocerord.com\/index.php?rest_route=%2Fwp%2Fv2%2Fmedia&parent=5359"}],"wp:term":[{"taxonomy":"category","embeddable":true,"href":"https:\/\/minutocerord.com\/index.php?rest_route=%2Fwp%2Fv2%2Fcategories&post=5359"},{"taxonomy":"post_tag","embeddable":true,"href":"https:\/\/minutocerord.com\/index.php?rest_route=%2Fwp%2Fv2%2Ftags&post=5359"}],"curies":[{"name":"wp","href":"https:\/\/api.w.org\/{rel}","templated":true}]}}