{"id":5365,"date":"2021-08-11T13:27:49","date_gmt":"2021-08-11T17:27:49","guid":{"rendered":"https:\/\/minutocerord.com\/?p=5365"},"modified":"2021-08-11T13:28:01","modified_gmt":"2021-08-11T17:28:01","slug":"autoridades-no-permitiran-que-nadie-se-resista-a-evacuaciones-por-tormenta","status":"publish","type":"post","link":"https:\/\/minutocerord.com\/?p=5365","title":{"rendered":"Autoridades no permitir\u00e1n que nadie se resista a evacuaciones por tormenta"},"content":{"rendered":"\n<p><strong>SANTO DOMINGO.- <\/strong>El director del Centro de Operaciones de Emergencia (COE), Juan Manuel M\u00e9ndez, afirm\u00f3 este lunes que no se permitir\u00e1 que ninguna persona permanezca en su vivienda en caso de evacuaci\u00f3n como consecuencia de los efectos del paso de la tormenta tropical Fred sobre el territorio nacional.<\/p>\n\n\n\n<p>Al informar en rueda de prensa sobre el avance del fen\u00f3meno, M\u00e9ndez se mostr\u00f3 tajante con respecto a los desalojos que los servicios de emergencia llevan a cabo en las \u00e1reas m\u00e1s vulnerables, dado que su cometido es \u00absalvar vidas\u00bb ante las incidencias que desencadene el fen\u00f3meno meteorol\u00f3gico.<\/p>\n\n\n\n<p>\u00abNo podemos permitir que las personas\u00bb permanezcan en sus hogares cuando se ordena una evacuaci\u00f3n ante un evento de este tipo, \u00ablas evacuaciones fueron ordenadas con tiempo suficiente\u00bb y son de obligado cumplimiento, \u00abson una orden y se van a tener que cumplir\u00bb, insisti\u00f3 M\u00e9ndez.<\/p>\n\n\n\n<p>En cuanto a las medidas dispuestas por el COE, su director indic\u00f3 que se han elevado de ocho a 14 las provincias en alerta roja a consecuencia del paso de la tormenta sobre el territorio nacional, mientras que otras ocho est\u00e1n en alerta amarilla y nueve en verde.<\/p>\n\n\n\n<p>El \u00faltimo bolet\u00edn de la Oficina Nacional de Meteorolog\u00eda (Onamet) establece que el centro de la tormenta Fred ya se encuentra muy pr\u00f3ximo a La isla Saona donde ya est\u00e1 produciendo lluvias, as\u00ed como en La Altagracia, Isla Saona, Boca de Yuma, y otras localidades cercanas, de acuerdo a las im\u00e1genes satelitales.<\/p>\n\n\n\n<p>A las 10.00 de esta ma\u00f1ana Fred estaba a unos 85 km al sureste de la ciudad de Santo Domingo, con vientos m\u00e1ximos sostenidos de 65 kph y se mueve hacia el oeste\/noroeste a unos 26 kph, seg\u00fan el reporte de la Oficina Nacional de Meteorolog\u00eda (Onamet).<\/p>\n\n\n\n<p>La tormenta puede descargar precipitaciones de hasta 6 pulgadas (152 mil\u00edmetros), con riesgo de inundaciones repentinas y urbanas, crecidas de los r\u00edos y deslizamientos de tierra, indican las predicciones del Centro Nacional de Huracanes (NHC) de Estados Unidos, que tambi\u00e9n advierte de oleaje, resaca y corrientes a causa del viento en la zona bajo alerta por Fred.<\/p>\n\n\n\n<p>Las provincias en alerta roja son La Altagracia, Hato Mayor, La Romana, Azua, El Gran Santo Domingo, Peravia, San Pedro de Macor\u00eds, Barahona, El Seibo, S\u00e1nchez Ram\u00edrez, San Crist\u00f3bal, La Vega, Monse\u00f1or Nouel y San Jos\u00e9 de Ocoa.<\/p>\n\n\n\n<p>El alerta amarilla est\u00e1n Duarte, Saman\u00e1, Monte Plata, Independencia, Puerto Plata, Espaillat, Santiago, y Mar\u00eda Trinidad S\u00e1nchez, mientras que Santiago Rodr\u00edguez, Montecristi, Valverde, Dajab\u00f3n, Independencia, Pedernales, Bahoruco, El\u00edas Pi\u00f1a y Hermanas Mirabal.<\/p>\n\n\n\n<p>Adem\u00e1s, en la costa se mantiene una alerta roja por condiciones de tormenta tropical desde la Isla Saona, en la Romana, hasta la Bah\u00eda de Manzanillo, en Montecristi, as\u00ed como en la frontera con Hait\u00ed y desde la Isla Saona hasta Punta Palenque, en San Crist\u00f3bal.<\/p>\n\n\n\n<p>La Defensa Civil coordina junto a otras instituciones el manejo de los 2,405 albergues disponibles, con capacidad para unas 600,000 personas, tomando en consideraci\u00f3n los protocolos por COVID-19, as\u00ed como tambi\u00e9n para la adecuada recepci\u00f3n de ayudas que se requiera para los afectados.<\/p>\n\n\n\n<p>La instituci\u00f3n est\u00e1 en sesi\u00f3n permanente desde la pasada noche para preservar la vida y bienes materiales de los ciudadanos ante cualquier emergencia que pudiera presentarse por el paso de la tormenta tropical Fred sobre territorio dominicano.<\/p>\n\n\n\n<p><ins>https:\/\/googleads.g.doubleclick.net\/pagead\/ads?client=ca-pub-6934466600950236&amp;output=html&amp;h=250&amp;slotname=6633333257&amp;adk=1824602973&amp;adf=2706233435&amp;pi=t.ma~as.6633333257&amp;w=300&amp;lmt=1628710273&amp;psa=1&amp;format=300&#215;250&amp;url=https%3A%2F%2Falmomento.net%2Fautoridades-no-permitiran-que-nadie-se-resista-a-evacuaciones-por-tormenta%2F&amp;flash=0&amp;wgl=1&amp;uach=WyJXaW5kb3dzIiwiMTAuMCIsIng4NiIsIiIsIjkyLjAuNDUxNS4xMzEiLFtdLG51bGwsbnVsbCxudWxsXQ..&amp;tt_state=W3siaXNzdWVyT3JpZ2luIjoiaHR0cHM6Ly9hdHRlc3RhdGlvbi5hbmRyb2lkLmNvbSIsInN0YXRlIjo3fV0.&amp;dt=1628710273058&amp;bpp=1&amp;bdt=1102&amp;idt=723&amp;shv=r20210809&amp;mjsv=m202108100101&amp;ptt=9&amp;saldr=aa&amp;abxe=1&amp;cookie=ID%3D1d8b01efa8993690%3AT%3D1628051725%3AS%3DALNI_MaZ7LtwUGbnr-MgoARctPd-KrFZKw&amp;prev_fmts=0x0%2C160x600%2C160x600&amp;nras=1&amp;correlator=6002931602423&amp;frm=20&amp;pv=2&amp;ga_vid=897051583.1596206997&amp;ga_sid=1628710273&amp;ga_hid=1207096258&amp;ga_fc=0&amp;u_tz=-240&amp;u_his=5&amp;u_java=0&amp;u_h=768&amp;u_w=1366&amp;u_ah=728&amp;u_aw=1366&amp;u_cd=24&amp;u_nplug=3&amp;u_nmime=4&amp;adx=263&amp;ady=2042&amp;biw=1349&amp;bih=568&amp;scr_x=0&amp;scr_y=200&amp;eid=42530671%2C20211866%2C21067496&amp;oid=3&amp;pvsid=3392469710076074&amp;pem=559&amp;ref=https%3A%2F%2Falmomento.net%2F&amp;eae=0&amp;fc=1920&amp;brdim=0%2C0%2C0%2C0%2C1366%2C0%2C1366%2C728%2C1366%2C568&amp;vis=1&amp;rsz=%7C%7CpeEbr%7C&amp;abl=CS&amp;pfx=0&amp;fu=0&amp;bc=31&amp;ifi=4&amp;uci=a!4&amp;btvi=2&amp;fsb=1&amp;xpc=8Zi8ipSsHY&amp;p=https%3A\/\/almomento.net&amp;dtd=746<\/ins><\/p>\n","protected":false},"excerpt":{"rendered":"<p>SANTO DOMINGO.- El director del Centro de Operaciones de Emergencia (COE), Juan Manuel M\u00e9ndez, afirm\u00f3 este lunes que no se permitir\u00e1 que ninguna persona permanezca en su vivienda en caso de evacuaci\u00f3n como consecuencia de los efectos del paso de la tormenta tropical Fred sobre el territorio nacional. Al informar en rueda de prensa sobre [&hellip;]<\/p>\n","protected":false},"author":1,"featured_media":5366,"comment_status":"open","ping_status":"open","sticky":false,"template":"","format":"standard","meta":{"nf_dc_page":"","jetpack_post_was_ever_published":false,"_jetpack_newsletter_access":"","_jetpack_dont_email_post_to_subs":false,"_jetpack_newsletter_tier_id":0,"_jetpack_memberships_contains_paywalled_content":false,"_jetpack_memberships_contains_paid_content":false,"footnotes":"","jetpack_publicize_message":"","jetpack_publicize_feature_enabled":true,"jetpack_social_post_already_shared":false,"jetpack_social_options":{"image_generator_settings":{"template":"highway","default_image_id":0,"font":"","enabled":false},"version":2}},"categories":[65],"tags":[],"class_list":["post-5365","post","type-post","status-publish","format-standard","has-post-thumbnail","hentry","category-nacionales"],"yoast_head":"<!-- This site is optimized with the Yoast SEO plugin v27.4 - https:\/\/yoast.com\/product\/yoast-seo-wordpress\/ -->\n<title>Autoridades no permitir\u00e1n que nadie se resista a evacuaciones por tormenta - Minuto Cero RD<\/title>\n<meta name=\"robots\" content=\"index, follow, max-snippet:-1, max-image-preview:large, max-video-preview:-1\" \/>\n<link rel=\"canonical\" href=\"http:\/\/minutocerord.com\/?p=5365\" \/>\n<meta property=\"og:locale\" content=\"es_ES\" \/>\n<meta property=\"og:type\" content=\"article\" \/>\n<meta property=\"og:title\" content=\"Autoridades no permitir\u00e1n que nadie se resista a evacuaciones por tormenta - Minuto Cero RD\" \/>\n<meta property=\"og:description\" content=\"SANTO DOMINGO.- El director del Centro de Operaciones de Emergencia (COE), Juan Manuel M\u00e9ndez, afirm\u00f3 este lunes que no se permitir\u00e1 que ninguna persona permanezca en su vivienda en caso de evacuaci\u00f3n como consecuencia de los efectos del paso de la tormenta tropical Fred sobre el territorio nacional. Al informar en rueda de prensa sobre [&hellip;]\" \/>\n<meta property=\"og:url\" content=\"http:\/\/minutocerord.com\/?p=5365\" \/>\n<meta property=\"og:site_name\" content=\"Minuto Cero RD\" \/>\n<meta property=\"article:publisher\" content=\"https:\/\/www.facebook.com\/Genofnotes\" \/>\n<meta property=\"article:author\" content=\"https:\/\/www.facebook.com\/Genofnotes\" \/>\n<meta property=\"article:published_time\" content=\"2021-08-11T17:27:49+00:00\" \/>\n<meta property=\"article:modified_time\" content=\"2021-08-11T17:28:01+00:00\" \/>\n<meta property=\"og:image\" content=\"https:\/\/i0.wp.com\/minutocerord.com\/wp-content\/uploads\/2021\/08\/JU.jpg?fit=680%2C380\" \/>\n\t<meta property=\"og:image:width\" content=\"680\" \/>\n\t<meta property=\"og:image:height\" content=\"380\" \/>\n\t<meta property=\"og:image:type\" content=\"image\/jpeg\" \/>\n<meta name=\"author\" content=\"Genof\u00f3ntes Urb\u00e1ez\" \/>\n<meta name=\"twitter:card\" content=\"summary_large_image\" \/>\n<meta name=\"twitter:label1\" content=\"Written by\" \/>\n\t<meta name=\"twitter:data1\" content=\"Genof\u00f3ntes Urb\u00e1ez\" \/>\n\t<meta name=\"twitter:label2\" content=\"Est. reading time\" \/>\n\t<meta name=\"twitter:data2\" content=\"3 minutos\" \/>\n<script type=\"application\/ld+json\" class=\"yoast-schema-graph\">{\"@context\":\"https:\\\/\\\/schema.org\",\"@graph\":[{\"@type\":\"Article\",\"@id\":\"http:\\\/\\\/minutocerord.com\\\/?p=5365#article\",\"isPartOf\":{\"@id\":\"http:\\\/\\\/minutocerord.com\\\/?p=5365\"},\"author\":{\"name\":\"Genof\u00f3ntes Urb\u00e1ez\",\"@id\":\"https:\\\/\\\/minutocerord.com\\\/#\\\/schema\\\/person\\\/60b5372d60aaa0a5171fb6488be9aee6\"},\"headline\":\"Autoridades no permitir\u00e1n que nadie se resista a evacuaciones por tormenta\",\"datePublished\":\"2021-08-11T17:27:49+00:00\",\"dateModified\":\"2021-08-11T17:28:01+00:00\",\"mainEntityOfPage\":{\"@id\":\"http:\\\/\\\/minutocerord.com\\\/?p=5365\"},\"wordCount\":834,\"commentCount\":0,\"publisher\":{\"@id\":\"https:\\\/\\\/minutocerord.com\\\/#\\\/schema\\\/person\\\/60b5372d60aaa0a5171fb6488be9aee6\"},\"image\":{\"@id\":\"http:\\\/\\\/minutocerord.com\\\/?p=5365#primaryimage\"},\"thumbnailUrl\":\"https:\\\/\\\/i0.wp.com\\\/minutocerord.com\\\/wp-content\\\/uploads\\\/2021\\\/08\\\/JU.jpg?fit=680%2C380&ssl=1\",\"articleSection\":[\"Nacionales\"],\"inLanguage\":\"es-DO\",\"potentialAction\":[{\"@type\":\"CommentAction\",\"name\":\"Comment\",\"target\":[\"http:\\\/\\\/minutocerord.com\\\/?p=5365#respond\"]}]},{\"@type\":\"WebPage\",\"@id\":\"http:\\\/\\\/minutocerord.com\\\/?p=5365\",\"url\":\"http:\\\/\\\/minutocerord.com\\\/?p=5365\",\"name\":\"Autoridades no permitir\u00e1n que nadie se resista a evacuaciones por tormenta - Minuto Cero RD\",\"isPartOf\":{\"@id\":\"https:\\\/\\\/minutocerord.com\\\/#website\"},\"primaryImageOfPage\":{\"@id\":\"http:\\\/\\\/minutocerord.com\\\/?p=5365#primaryimage\"},\"image\":{\"@id\":\"http:\\\/\\\/minutocerord.com\\\/?p=5365#primaryimage\"},\"thumbnailUrl\":\"https:\\\/\\\/i0.wp.com\\\/minutocerord.com\\\/wp-content\\\/uploads\\\/2021\\\/08\\\/JU.jpg?fit=680%2C380&ssl=1\",\"datePublished\":\"2021-08-11T17:27:49+00:00\",\"dateModified\":\"2021-08-11T17:28:01+00:00\",\"breadcrumb\":{\"@id\":\"http:\\\/\\\/minutocerord.com\\\/?p=5365#breadcrumb\"},\"inLanguage\":\"es-DO\",\"potentialAction\":[{\"@type\":\"ReadAction\",\"target\":[\"http:\\\/\\\/minutocerord.com\\\/?p=5365\"]}]},{\"@type\":\"ImageObject\",\"inLanguage\":\"es-DO\",\"@id\":\"http:\\\/\\\/minutocerord.com\\\/?p=5365#primaryimage\",\"url\":\"https:\\\/\\\/i0.wp.com\\\/minutocerord.com\\\/wp-content\\\/uploads\\\/2021\\\/08\\\/JU.jpg?fit=680%2C380&ssl=1\",\"contentUrl\":\"https:\\\/\\\/i0.wp.com\\\/minutocerord.com\\\/wp-content\\\/uploads\\\/2021\\\/08\\\/JU.jpg?fit=680%2C380&ssl=1\",\"width\":680,\"height\":380},{\"@type\":\"BreadcrumbList\",\"@id\":\"http:\\\/\\\/minutocerord.com\\\/?p=5365#breadcrumb\",\"itemListElement\":[{\"@type\":\"ListItem\",\"position\":1,\"name\":\"Home\",\"item\":\"https:\\\/\\\/minutocerord.com\\\/\"},{\"@type\":\"ListItem\",\"position\":2,\"name\":\"Autoridades no permitir\u00e1n que nadie se resista a evacuaciones por tormenta\"}]},{\"@type\":\"WebSite\",\"@id\":\"https:\\\/\\\/minutocerord.com\\\/#website\",\"url\":\"https:\\\/\\\/minutocerord.com\\\/\",\"name\":\"Minuto Cero RD\",\"description\":\"Periodismo serio y veraz\",\"publisher\":{\"@id\":\"https:\\\/\\\/minutocerord.com\\\/#\\\/schema\\\/person\\\/60b5372d60aaa0a5171fb6488be9aee6\"},\"potentialAction\":[{\"@type\":\"SearchAction\",\"target\":{\"@type\":\"EntryPoint\",\"urlTemplate\":\"https:\\\/\\\/minutocerord.com\\\/?s={search_term_string}\"},\"query-input\":{\"@type\":\"PropertyValueSpecification\",\"valueRequired\":true,\"valueName\":\"search_term_string\"}}],\"inLanguage\":\"es-DO\"},{\"@type\":[\"Person\",\"Organization\"],\"@id\":\"https:\\\/\\\/minutocerord.com\\\/#\\\/schema\\\/person\\\/60b5372d60aaa0a5171fb6488be9aee6\",\"name\":\"Genof\u00f3ntes Urb\u00e1ez\",\"image\":{\"@type\":\"ImageObject\",\"inLanguage\":\"es-DO\",\"@id\":\"https:\\\/\\\/secure.gravatar.com\\\/avatar\\\/a49ef3186a692098ac3e8a1612261e3ad70cf9e44553dff2929e67939a0ecb9d?s=96&d=identicon&r=g\",\"url\":\"https:\\\/\\\/secure.gravatar.com\\\/avatar\\\/a49ef3186a692098ac3e8a1612261e3ad70cf9e44553dff2929e67939a0ecb9d?s=96&d=identicon&r=g\",\"contentUrl\":\"https:\\\/\\\/secure.gravatar.com\\\/avatar\\\/a49ef3186a692098ac3e8a1612261e3ad70cf9e44553dff2929e67939a0ecb9d?s=96&d=identicon&r=g\",\"caption\":\"Genof\u00f3ntes Urb\u00e1ez\"},\"logo\":{\"@id\":\"https:\\\/\\\/secure.gravatar.com\\\/avatar\\\/a49ef3186a692098ac3e8a1612261e3ad70cf9e44553dff2929e67939a0ecb9d?s=96&d=identicon&r=g\"},\"description\":\"Periodista \\\/ Locutor\",\"sameAs\":[\"https:\\\/\\\/www.facebook.com\\\/Genofnotes\",\"https:\\\/\\\/www.instagram.com\\\/genofnotes\\\/\"]}]}<\/script>\n<!-- \/ Yoast SEO plugin. -->","yoast_head_json":{"title":"Autoridades no permitir\u00e1n que nadie se resista a evacuaciones por tormenta - Minuto Cero RD","robots":{"index":"index","follow":"follow","max-snippet":"max-snippet:-1","max-image-preview":"max-image-preview:large","max-video-preview":"max-video-preview:-1"},"canonical":"http:\/\/minutocerord.com\/?p=5365","og_locale":"es_ES","og_type":"article","og_title":"Autoridades no permitir\u00e1n que nadie se resista a evacuaciones por tormenta - Minuto Cero RD","og_description":"SANTO DOMINGO.- El director del Centro de Operaciones de Emergencia (COE), Juan Manuel M\u00e9ndez, afirm\u00f3 este lunes que no se permitir\u00e1 que ninguna persona permanezca en su vivienda en caso de evacuaci\u00f3n como consecuencia de los efectos del paso de la tormenta tropical Fred sobre el territorio nacional. Al informar en rueda de prensa sobre [&hellip;]","og_url":"http:\/\/minutocerord.com\/?p=5365","og_site_name":"Minuto Cero RD","article_publisher":"https:\/\/www.facebook.com\/Genofnotes","article_author":"https:\/\/www.facebook.com\/Genofnotes","article_published_time":"2021-08-11T17:27:49+00:00","article_modified_time":"2021-08-11T17:28:01+00:00","og_image":[{"width":680,"height":380,"url":"https:\/\/i0.wp.com\/minutocerord.com\/wp-content\/uploads\/2021\/08\/JU.jpg?fit=680%2C380","type":"image\/jpeg"}],"author":"Genof\u00f3ntes Urb\u00e1ez","twitter_card":"summary_large_image","twitter_misc":{"Written by":"Genof\u00f3ntes Urb\u00e1ez","Est. reading time":"3 minutos"},"schema":{"@context":"https:\/\/schema.org","@graph":[{"@type":"Article","@id":"http:\/\/minutocerord.com\/?p=5365#article","isPartOf":{"@id":"http:\/\/minutocerord.com\/?p=5365"},"author":{"name":"Genof\u00f3ntes Urb\u00e1ez","@id":"https:\/\/minutocerord.com\/#\/schema\/person\/60b5372d60aaa0a5171fb6488be9aee6"},"headline":"Autoridades no permitir\u00e1n que nadie se resista a evacuaciones por tormenta","datePublished":"2021-08-11T17:27:49+00:00","dateModified":"2021-08-11T17:28:01+00:00","mainEntityOfPage":{"@id":"http:\/\/minutocerord.com\/?p=5365"},"wordCount":834,"commentCount":0,"publisher":{"@id":"https:\/\/minutocerord.com\/#\/schema\/person\/60b5372d60aaa0a5171fb6488be9aee6"},"image":{"@id":"http:\/\/minutocerord.com\/?p=5365#primaryimage"},"thumbnailUrl":"https:\/\/i0.wp.com\/minutocerord.com\/wp-content\/uploads\/2021\/08\/JU.jpg?fit=680%2C380&ssl=1","articleSection":["Nacionales"],"inLanguage":"es-DO","potentialAction":[{"@type":"CommentAction","name":"Comment","target":["http:\/\/minutocerord.com\/?p=5365#respond"]}]},{"@type":"WebPage","@id":"http:\/\/minutocerord.com\/?p=5365","url":"http:\/\/minutocerord.com\/?p=5365","name":"Autoridades no permitir\u00e1n que nadie se resista a evacuaciones por tormenta - Minuto Cero RD","isPartOf":{"@id":"https:\/\/minutocerord.com\/#website"},"primaryImageOfPage":{"@id":"http:\/\/minutocerord.com\/?p=5365#primaryimage"},"image":{"@id":"http:\/\/minutocerord.com\/?p=5365#primaryimage"},"thumbnailUrl":"https:\/\/i0.wp.com\/minutocerord.com\/wp-content\/uploads\/2021\/08\/JU.jpg?fit=680%2C380&ssl=1","datePublished":"2021-08-11T17:27:49+00:00","dateModified":"2021-08-11T17:28:01+00:00","breadcrumb":{"@id":"http:\/\/minutocerord.com\/?p=5365#breadcrumb"},"inLanguage":"es-DO","potentialAction":[{"@type":"ReadAction","target":["http:\/\/minutocerord.com\/?p=5365"]}]},{"@type":"ImageObject","inLanguage":"es-DO","@id":"http:\/\/minutocerord.com\/?p=5365#primaryimage","url":"https:\/\/i0.wp.com\/minutocerord.com\/wp-content\/uploads\/2021\/08\/JU.jpg?fit=680%2C380&ssl=1","contentUrl":"https:\/\/i0.wp.com\/minutocerord.com\/wp-content\/uploads\/2021\/08\/JU.jpg?fit=680%2C380&ssl=1","width":680,"height":380},{"@type":"BreadcrumbList","@id":"http:\/\/minutocerord.com\/?p=5365#breadcrumb","itemListElement":[{"@type":"ListItem","position":1,"name":"Home","item":"https:\/\/minutocerord.com\/"},{"@type":"ListItem","position":2,"name":"Autoridades no permitir\u00e1n que nadie se resista a evacuaciones por tormenta"}]},{"@type":"WebSite","@id":"https:\/\/minutocerord.com\/#website","url":"https:\/\/minutocerord.com\/","name":"Minuto Cero RD","description":"Periodismo serio y veraz","publisher":{"@id":"https:\/\/minutocerord.com\/#\/schema\/person\/60b5372d60aaa0a5171fb6488be9aee6"},"potentialAction":[{"@type":"SearchAction","target":{"@type":"EntryPoint","urlTemplate":"https:\/\/minutocerord.com\/?s={search_term_string}"},"query-input":{"@type":"PropertyValueSpecification","valueRequired":true,"valueName":"search_term_string"}}],"inLanguage":"es-DO"},{"@type":["Person","Organization"],"@id":"https:\/\/minutocerord.com\/#\/schema\/person\/60b5372d60aaa0a5171fb6488be9aee6","name":"Genof\u00f3ntes Urb\u00e1ez","image":{"@type":"ImageObject","inLanguage":"es-DO","@id":"https:\/\/secure.gravatar.com\/avatar\/a49ef3186a692098ac3e8a1612261e3ad70cf9e44553dff2929e67939a0ecb9d?s=96&d=identicon&r=g","url":"https:\/\/secure.gravatar.com\/avatar\/a49ef3186a692098ac3e8a1612261e3ad70cf9e44553dff2929e67939a0ecb9d?s=96&d=identicon&r=g","contentUrl":"https:\/\/secure.gravatar.com\/avatar\/a49ef3186a692098ac3e8a1612261e3ad70cf9e44553dff2929e67939a0ecb9d?s=96&d=identicon&r=g","caption":"Genof\u00f3ntes Urb\u00e1ez"},"logo":{"@id":"https:\/\/secure.gravatar.com\/avatar\/a49ef3186a692098ac3e8a1612261e3ad70cf9e44553dff2929e67939a0ecb9d?s=96&d=identicon&r=g"},"description":"Periodista \/ Locutor","sameAs":["https:\/\/www.facebook.com\/Genofnotes","https:\/\/www.instagram.com\/genofnotes\/"]}]}},"jetpack_publicize_connections":[],"jetpack_featured_media_url":"https:\/\/i0.wp.com\/minutocerord.com\/wp-content\/uploads\/2021\/08\/JU.jpg?fit=680%2C380&ssl=1","jetpack-related-posts":[],"jetpack_sharing_enabled":true,"_links":{"self":[{"href":"https:\/\/minutocerord.com\/index.php?rest_route=\/wp\/v2\/posts\/5365","targetHints":{"allow":["GET"]}}],"collection":[{"href":"https:\/\/minutocerord.com\/index.php?rest_route=\/wp\/v2\/posts"}],"about":[{"href":"https:\/\/minutocerord.com\/index.php?rest_route=\/wp\/v2\/types\/post"}],"author":[{"embeddable":true,"href":"https:\/\/minutocerord.com\/index.php?rest_route=\/wp\/v2\/users\/1"}],"replies":[{"embeddable":true,"href":"https:\/\/minutocerord.com\/index.php?rest_route=%2Fwp%2Fv2%2Fcomments&post=5365"}],"version-history":[{"count":1,"href":"https:\/\/minutocerord.com\/index.php?rest_route=\/wp\/v2\/posts\/5365\/revisions"}],"predecessor-version":[{"id":5367,"href":"https:\/\/minutocerord.com\/index.php?rest_route=\/wp\/v2\/posts\/5365\/revisions\/5367"}],"wp:featuredmedia":[{"embeddable":true,"href":"https:\/\/minutocerord.com\/index.php?rest_route=\/wp\/v2\/media\/5366"}],"wp:attachment":[{"href":"https:\/\/minutocerord.com\/index.php?rest_route=%2Fwp%2Fv2%2Fmedia&parent=5365"}],"wp:term":[{"taxonomy":"category","embeddable":true,"href":"https:\/\/minutocerord.com\/index.php?rest_route=%2Fwp%2Fv2%2Fcategories&post=5365"},{"taxonomy":"post_tag","embeddable":true,"href":"https:\/\/minutocerord.com\/index.php?rest_route=%2Fwp%2Fv2%2Ftags&post=5365"}],"curies":[{"name":"wp","href":"https:\/\/api.w.org\/{rel}","templated":true}]}}