{"id":5371,"date":"2021-08-11T19:17:43","date_gmt":"2021-08-11T23:17:43","guid":{"rendered":"https:\/\/minutocerord.com\/?p=5371"},"modified":"2021-08-11T19:17:49","modified_gmt":"2021-08-11T23:17:49","slug":"la-tormenta-tropical-fred-se-debilita-a-su-paso-por-la-republica-dominicana","status":"publish","type":"post","link":"https:\/\/minutocerord.com\/?p=5371","title":{"rendered":"La tormenta tropical Fred se debilita a su paso por la Rep\u00fablica Dominicana"},"content":{"rendered":"\n<p><strong>Miami, EEUU.-<\/strong>La tormenta tropical Fred, la sexta de este a\u00f1o en el Atl\u00e1ntico, se debilit\u00f3 este mi\u00e9rcoles a su paso por la Rep\u00fablica Dominicana al bajar sus vientos m\u00e1ximos sostenidos a 40 millas por hora (65 km\/h).<\/p>\n\n\n\n<p>El Centro Nacional de Huracanes (NHC) de Estados Unidos indic\u00f3 en su bolet\u00edn de las 17.00 horas (21.00 GMT) que Fred se encuentra a 75 millas (125 km) al oeste-noroeste de Santo Domingo, en Rep\u00fablica Dominicana, y a 210 millas (335 km) al sureste de la isla de Great Inagua, en el Caribe.<\/p>\n\n\n\n<p>El sistema se mueve en direcci\u00f3n oeste-noroeste con una velocidad de traslaci\u00f3n de 15 mph (24 km\/h).<\/p>\n\n\n\n<p>Los meteor\u00f3logos de NHC, con sede en Miami (Florida), pronostican que Fred seguir\u00e1 debilit\u00e1ndose hasta degradarse a depresi\u00f3n tropical esta noche mientras atraviesa la isla de La Espa\u00f1ola (Rep\u00fablica Dominicana y Hait\u00ed), aunque el jueves podr\u00eda &#8220;lentamente intensificarse de nuevo&#8221;.<a><\/a><\/p>\n\n\n\n<p>Seg\u00fan las proyecciones del NHC, el centro de Fred estar\u00e1 durante las pr\u00f3ximas horas sobre la isla de La Espa\u00f1ola para moverse luego cerca de las islas de Turcos y Caicos y el sureste de Bahamas el jueves.<\/p>\n\n\n\n<p>Se prev\u00e9 que el viernes el ojo de Fred se desplace al norte de la costa septentrional del centro de Cuba.<\/p>\n\n\n\n<p>El NHC emiti\u00f3 avisos del paso de la tormenta tropical en las pr\u00f3ximas 12 horas para la costa sur de Rep\u00fablica Dominicana desde Punta Palenque hacia el este y en la costa norte hasta la frontera con Hait\u00ed.<\/p>\n\n\n\n<p>Tambi\u00e9n hay una vigilancia de tormenta tropical para las provincias cubanas de Ciego de \u00c1vila, Camag\u00fcey, Las Tunas, Holgu\u00edn, Granma, Santiago de Cuba y Guant\u00e1namo.<\/p>\n\n\n\n<p>En el cono de la trayectoria pronosticada para Fred est\u00e1 tambi\u00e9n Florida (EE.UU.) a partir de las primeras horas del s\u00e1bado.<\/p>\n\n\n\n<p>Fred puede producir lluvias intensas sobre Puerto Rico y Rep\u00fablica Dominicana, en algunos lugares de hasta 6 pulgadas (152 mil\u00edmetros), con riesgo de inundaciones repentinas y urbanas, crecidas de los r\u00edos y deslizamientos de tierra, advirtieron los expertos del NHC.<\/p>\n\n\n\n<p>Adem\u00e1s del azote del viento, la zona bajo alerta por Fred puede sufrir oleaje, resaca y corrientes.<\/p>\n\n\n\n<p>La Administraci\u00f3n Nacional de Oc\u00e9anos y Atm\u00f3sfera de EE.UU. (NOAA) dio a conocer en d\u00edas recientes su pron\u00f3stico actualizado para la actual temporada, seg\u00fan el cual en el Atl\u00e1ntico se registrar\u00e1 una actividad por encima del promedio.<\/p>\n\n\n\n<p>La actualizaci\u00f3n hecha por el Centro de Predicci\u00f3n Clim\u00e1tica de la NOAA refleja que este a\u00f1o se pueden registrar entre 15 y 21 tormentas con nombre, de las cuales entre 7 y 10 podr\u00edan llegar a la categor\u00eda de hurac\u00e1n, y de ellas de 3 a 5 pueden ser mayores, esto es de categor\u00eda 3, 4 \u00f3 5 en la escala Saffir-Simpson.<\/p>\n\n\n\n<p>Cerca de alcanzar el ecuador de la actual temporada de huracanes en el Atl\u00e1ntico, que comenz\u00f3 de forma oficial el 1 de junio, la cuenta hasta la fecha es de seis tormentas tropicales: Ana, Bill, Claudette, Danny, Elsa y Fred.<\/p>\n\n\n\n<p>Solo Elsa, formada a comienzos de julio, lleg\u00f3 a ser hurac\u00e1n.<\/p>\n\n\n\n<p>\u00a0EFE<\/p>\n","protected":false},"excerpt":{"rendered":"<p>Miami, EEUU.-La tormenta tropical Fred, la sexta de este a\u00f1o en el Atl\u00e1ntico, se debilit\u00f3 este mi\u00e9rcoles a su paso por la Rep\u00fablica Dominicana al bajar sus vientos m\u00e1ximos sostenidos a 40 millas por hora (65 km\/h). El Centro Nacional de Huracanes (NHC) de Estados Unidos indic\u00f3 en su bolet\u00edn de las 17.00 horas (21.00 [&hellip;]<\/p>\n","protected":false},"author":1,"featured_media":5372,"comment_status":"open","ping_status":"open","sticky":false,"template":"","format":"standard","meta":{"nf_dc_page":"","jetpack_post_was_ever_published":false,"_jetpack_newsletter_access":"","_jetpack_dont_email_post_to_subs":false,"_jetpack_newsletter_tier_id":0,"_jetpack_memberships_contains_paywalled_content":false,"_jetpack_memberships_contains_paid_content":false,"footnotes":"","jetpack_publicize_message":"","jetpack_publicize_feature_enabled":true,"jetpack_social_post_already_shared":false,"jetpack_social_options":{"image_generator_settings":{"template":"highway","default_image_id":0,"font":"","enabled":false},"version":2}},"categories":[87],"tags":[],"class_list":["post-5371","post","type-post","status-publish","format-standard","has-post-thumbnail","hentry","category-el-clima"],"yoast_head":"<!-- This site is optimized with the Yoast SEO plugin v27.4 - https:\/\/yoast.com\/product\/yoast-seo-wordpress\/ -->\n<title>La tormenta tropical Fred se debilita a su paso por la Rep\u00fablica Dominicana - Minuto Cero RD<\/title>\n<meta name=\"robots\" content=\"index, follow, max-snippet:-1, max-image-preview:large, max-video-preview:-1\" \/>\n<link rel=\"canonical\" href=\"https:\/\/minutocerord.com\/?p=5371\" \/>\n<meta property=\"og:locale\" content=\"es_ES\" \/>\n<meta property=\"og:type\" content=\"article\" \/>\n<meta property=\"og:title\" content=\"La tormenta tropical Fred se debilita a su paso por la Rep\u00fablica Dominicana - Minuto Cero RD\" \/>\n<meta property=\"og:description\" content=\"Miami, EEUU.-La tormenta tropical Fred, la sexta de este a\u00f1o en el Atl\u00e1ntico, se debilit\u00f3 este mi\u00e9rcoles a su paso por la Rep\u00fablica Dominicana al bajar sus vientos m\u00e1ximos sostenidos a 40 millas por hora (65 km\/h). El Centro Nacional de Huracanes (NHC) de Estados Unidos indic\u00f3 en su bolet\u00edn de las 17.00 horas (21.00 [&hellip;]\" \/>\n<meta property=\"og:url\" content=\"https:\/\/minutocerord.com\/?p=5371\" \/>\n<meta property=\"og:site_name\" content=\"Minuto Cero RD\" \/>\n<meta property=\"article:publisher\" content=\"https:\/\/www.facebook.com\/Genofnotes\" \/>\n<meta property=\"article:author\" content=\"https:\/\/www.facebook.com\/Genofnotes\" \/>\n<meta property=\"article:published_time\" content=\"2021-08-11T23:17:43+00:00\" \/>\n<meta property=\"article:modified_time\" content=\"2021-08-11T23:17:49+00:00\" \/>\n<meta property=\"og:image\" content=\"https:\/\/i0.wp.com\/minutocerord.com\/wp-content\/uploads\/2021\/08\/202108112227581.png?fit=680%2C402&ssl=1\" \/>\n\t<meta property=\"og:image:width\" content=\"680\" \/>\n\t<meta property=\"og:image:height\" content=\"402\" \/>\n\t<meta property=\"og:image:type\" content=\"image\/png\" \/>\n<meta name=\"author\" content=\"Genof\u00f3ntes Urb\u00e1ez\" \/>\n<meta name=\"twitter:card\" content=\"summary_large_image\" \/>\n<meta name=\"twitter:label1\" content=\"Written by\" \/>\n\t<meta name=\"twitter:data1\" content=\"Genof\u00f3ntes Urb\u00e1ez\" \/>\n\t<meta name=\"twitter:label2\" content=\"Est. reading time\" \/>\n\t<meta name=\"twitter:data2\" content=\"3 minutos\" \/>\n<script type=\"application\/ld+json\" class=\"yoast-schema-graph\">{\"@context\":\"https:\\\/\\\/schema.org\",\"@graph\":[{\"@type\":\"Article\",\"@id\":\"https:\\\/\\\/minutocerord.com\\\/?p=5371#article\",\"isPartOf\":{\"@id\":\"https:\\\/\\\/minutocerord.com\\\/?p=5371\"},\"author\":{\"name\":\"Genof\u00f3ntes Urb\u00e1ez\",\"@id\":\"https:\\\/\\\/minutocerord.com\\\/#\\\/schema\\\/person\\\/60b5372d60aaa0a5171fb6488be9aee6\"},\"headline\":\"La tormenta tropical Fred se debilita a su paso por la Rep\u00fablica Dominicana\",\"datePublished\":\"2021-08-11T23:17:43+00:00\",\"dateModified\":\"2021-08-11T23:17:49+00:00\",\"mainEntityOfPage\":{\"@id\":\"https:\\\/\\\/minutocerord.com\\\/?p=5371\"},\"wordCount\":540,\"commentCount\":0,\"publisher\":{\"@id\":\"https:\\\/\\\/minutocerord.com\\\/#\\\/schema\\\/person\\\/60b5372d60aaa0a5171fb6488be9aee6\"},\"image\":{\"@id\":\"https:\\\/\\\/minutocerord.com\\\/?p=5371#primaryimage\"},\"thumbnailUrl\":\"https:\\\/\\\/i0.wp.com\\\/minutocerord.com\\\/wp-content\\\/uploads\\\/2021\\\/08\\\/202108112227581.png?fit=680%2C402&ssl=1\",\"articleSection\":[\"El clima\"],\"inLanguage\":\"es-DO\",\"potentialAction\":[{\"@type\":\"CommentAction\",\"name\":\"Comment\",\"target\":[\"https:\\\/\\\/minutocerord.com\\\/?p=5371#respond\"]}]},{\"@type\":\"WebPage\",\"@id\":\"https:\\\/\\\/minutocerord.com\\\/?p=5371\",\"url\":\"https:\\\/\\\/minutocerord.com\\\/?p=5371\",\"name\":\"La tormenta tropical Fred se debilita a su paso por la Rep\u00fablica Dominicana - Minuto Cero RD\",\"isPartOf\":{\"@id\":\"https:\\\/\\\/minutocerord.com\\\/#website\"},\"primaryImageOfPage\":{\"@id\":\"https:\\\/\\\/minutocerord.com\\\/?p=5371#primaryimage\"},\"image\":{\"@id\":\"https:\\\/\\\/minutocerord.com\\\/?p=5371#primaryimage\"},\"thumbnailUrl\":\"https:\\\/\\\/i0.wp.com\\\/minutocerord.com\\\/wp-content\\\/uploads\\\/2021\\\/08\\\/202108112227581.png?fit=680%2C402&ssl=1\",\"datePublished\":\"2021-08-11T23:17:43+00:00\",\"dateModified\":\"2021-08-11T23:17:49+00:00\",\"breadcrumb\":{\"@id\":\"https:\\\/\\\/minutocerord.com\\\/?p=5371#breadcrumb\"},\"inLanguage\":\"es-DO\",\"potentialAction\":[{\"@type\":\"ReadAction\",\"target\":[\"https:\\\/\\\/minutocerord.com\\\/?p=5371\"]}]},{\"@type\":\"ImageObject\",\"inLanguage\":\"es-DO\",\"@id\":\"https:\\\/\\\/minutocerord.com\\\/?p=5371#primaryimage\",\"url\":\"https:\\\/\\\/i0.wp.com\\\/minutocerord.com\\\/wp-content\\\/uploads\\\/2021\\\/08\\\/202108112227581.png?fit=680%2C402&ssl=1\",\"contentUrl\":\"https:\\\/\\\/i0.wp.com\\\/minutocerord.com\\\/wp-content\\\/uploads\\\/2021\\\/08\\\/202108112227581.png?fit=680%2C402&ssl=1\",\"width\":680,\"height\":402},{\"@type\":\"BreadcrumbList\",\"@id\":\"https:\\\/\\\/minutocerord.com\\\/?p=5371#breadcrumb\",\"itemListElement\":[{\"@type\":\"ListItem\",\"position\":1,\"name\":\"Home\",\"item\":\"https:\\\/\\\/minutocerord.com\\\/\"},{\"@type\":\"ListItem\",\"position\":2,\"name\":\"La tormenta tropical Fred se debilita a su paso por la Rep\u00fablica Dominicana\"}]},{\"@type\":\"WebSite\",\"@id\":\"https:\\\/\\\/minutocerord.com\\\/#website\",\"url\":\"https:\\\/\\\/minutocerord.com\\\/\",\"name\":\"Minuto Cero RD\",\"description\":\"Periodismo serio y veraz\",\"publisher\":{\"@id\":\"https:\\\/\\\/minutocerord.com\\\/#\\\/schema\\\/person\\\/60b5372d60aaa0a5171fb6488be9aee6\"},\"potentialAction\":[{\"@type\":\"SearchAction\",\"target\":{\"@type\":\"EntryPoint\",\"urlTemplate\":\"https:\\\/\\\/minutocerord.com\\\/?s={search_term_string}\"},\"query-input\":{\"@type\":\"PropertyValueSpecification\",\"valueRequired\":true,\"valueName\":\"search_term_string\"}}],\"inLanguage\":\"es-DO\"},{\"@type\":[\"Person\",\"Organization\"],\"@id\":\"https:\\\/\\\/minutocerord.com\\\/#\\\/schema\\\/person\\\/60b5372d60aaa0a5171fb6488be9aee6\",\"name\":\"Genof\u00f3ntes Urb\u00e1ez\",\"image\":{\"@type\":\"ImageObject\",\"inLanguage\":\"es-DO\",\"@id\":\"https:\\\/\\\/secure.gravatar.com\\\/avatar\\\/a49ef3186a692098ac3e8a1612261e3ad70cf9e44553dff2929e67939a0ecb9d?s=96&d=identicon&r=g\",\"url\":\"https:\\\/\\\/secure.gravatar.com\\\/avatar\\\/a49ef3186a692098ac3e8a1612261e3ad70cf9e44553dff2929e67939a0ecb9d?s=96&d=identicon&r=g\",\"contentUrl\":\"https:\\\/\\\/secure.gravatar.com\\\/avatar\\\/a49ef3186a692098ac3e8a1612261e3ad70cf9e44553dff2929e67939a0ecb9d?s=96&d=identicon&r=g\",\"caption\":\"Genof\u00f3ntes Urb\u00e1ez\"},\"logo\":{\"@id\":\"https:\\\/\\\/secure.gravatar.com\\\/avatar\\\/a49ef3186a692098ac3e8a1612261e3ad70cf9e44553dff2929e67939a0ecb9d?s=96&d=identicon&r=g\"},\"description\":\"Periodista \\\/ Locutor\",\"sameAs\":[\"https:\\\/\\\/www.facebook.com\\\/Genofnotes\",\"https:\\\/\\\/www.instagram.com\\\/genofnotes\\\/\"]}]}<\/script>\n<!-- \/ Yoast SEO plugin. -->","yoast_head_json":{"title":"La tormenta tropical Fred se debilita a su paso por la Rep\u00fablica Dominicana - Minuto Cero RD","robots":{"index":"index","follow":"follow","max-snippet":"max-snippet:-1","max-image-preview":"max-image-preview:large","max-video-preview":"max-video-preview:-1"},"canonical":"https:\/\/minutocerord.com\/?p=5371","og_locale":"es_ES","og_type":"article","og_title":"La tormenta tropical Fred se debilita a su paso por la Rep\u00fablica Dominicana - Minuto Cero RD","og_description":"Miami, EEUU.-La tormenta tropical Fred, la sexta de este a\u00f1o en el Atl\u00e1ntico, se debilit\u00f3 este mi\u00e9rcoles a su paso por la Rep\u00fablica Dominicana al bajar sus vientos m\u00e1ximos sostenidos a 40 millas por hora (65 km\/h). El Centro Nacional de Huracanes (NHC) de Estados Unidos indic\u00f3 en su bolet\u00edn de las 17.00 horas (21.00 [&hellip;]","og_url":"https:\/\/minutocerord.com\/?p=5371","og_site_name":"Minuto Cero RD","article_publisher":"https:\/\/www.facebook.com\/Genofnotes","article_author":"https:\/\/www.facebook.com\/Genofnotes","article_published_time":"2021-08-11T23:17:43+00:00","article_modified_time":"2021-08-11T23:17:49+00:00","og_image":[{"width":680,"height":402,"url":"https:\/\/i0.wp.com\/minutocerord.com\/wp-content\/uploads\/2021\/08\/202108112227581.png?fit=680%2C402&ssl=1","type":"image\/png"}],"author":"Genof\u00f3ntes Urb\u00e1ez","twitter_card":"summary_large_image","twitter_misc":{"Written by":"Genof\u00f3ntes Urb\u00e1ez","Est. reading time":"3 minutos"},"schema":{"@context":"https:\/\/schema.org","@graph":[{"@type":"Article","@id":"https:\/\/minutocerord.com\/?p=5371#article","isPartOf":{"@id":"https:\/\/minutocerord.com\/?p=5371"},"author":{"name":"Genof\u00f3ntes Urb\u00e1ez","@id":"https:\/\/minutocerord.com\/#\/schema\/person\/60b5372d60aaa0a5171fb6488be9aee6"},"headline":"La tormenta tropical Fred se debilita a su paso por la Rep\u00fablica Dominicana","datePublished":"2021-08-11T23:17:43+00:00","dateModified":"2021-08-11T23:17:49+00:00","mainEntityOfPage":{"@id":"https:\/\/minutocerord.com\/?p=5371"},"wordCount":540,"commentCount":0,"publisher":{"@id":"https:\/\/minutocerord.com\/#\/schema\/person\/60b5372d60aaa0a5171fb6488be9aee6"},"image":{"@id":"https:\/\/minutocerord.com\/?p=5371#primaryimage"},"thumbnailUrl":"https:\/\/i0.wp.com\/minutocerord.com\/wp-content\/uploads\/2021\/08\/202108112227581.png?fit=680%2C402&ssl=1","articleSection":["El clima"],"inLanguage":"es-DO","potentialAction":[{"@type":"CommentAction","name":"Comment","target":["https:\/\/minutocerord.com\/?p=5371#respond"]}]},{"@type":"WebPage","@id":"https:\/\/minutocerord.com\/?p=5371","url":"https:\/\/minutocerord.com\/?p=5371","name":"La tormenta tropical Fred se debilita a su paso por la Rep\u00fablica Dominicana - Minuto Cero RD","isPartOf":{"@id":"https:\/\/minutocerord.com\/#website"},"primaryImageOfPage":{"@id":"https:\/\/minutocerord.com\/?p=5371#primaryimage"},"image":{"@id":"https:\/\/minutocerord.com\/?p=5371#primaryimage"},"thumbnailUrl":"https:\/\/i0.wp.com\/minutocerord.com\/wp-content\/uploads\/2021\/08\/202108112227581.png?fit=680%2C402&ssl=1","datePublished":"2021-08-11T23:17:43+00:00","dateModified":"2021-08-11T23:17:49+00:00","breadcrumb":{"@id":"https:\/\/minutocerord.com\/?p=5371#breadcrumb"},"inLanguage":"es-DO","potentialAction":[{"@type":"ReadAction","target":["https:\/\/minutocerord.com\/?p=5371"]}]},{"@type":"ImageObject","inLanguage":"es-DO","@id":"https:\/\/minutocerord.com\/?p=5371#primaryimage","url":"https:\/\/i0.wp.com\/minutocerord.com\/wp-content\/uploads\/2021\/08\/202108112227581.png?fit=680%2C402&ssl=1","contentUrl":"https:\/\/i0.wp.com\/minutocerord.com\/wp-content\/uploads\/2021\/08\/202108112227581.png?fit=680%2C402&ssl=1","width":680,"height":402},{"@type":"BreadcrumbList","@id":"https:\/\/minutocerord.com\/?p=5371#breadcrumb","itemListElement":[{"@type":"ListItem","position":1,"name":"Home","item":"https:\/\/minutocerord.com\/"},{"@type":"ListItem","position":2,"name":"La tormenta tropical Fred se debilita a su paso por la Rep\u00fablica Dominicana"}]},{"@type":"WebSite","@id":"https:\/\/minutocerord.com\/#website","url":"https:\/\/minutocerord.com\/","name":"Minuto Cero RD","description":"Periodismo serio y veraz","publisher":{"@id":"https:\/\/minutocerord.com\/#\/schema\/person\/60b5372d60aaa0a5171fb6488be9aee6"},"potentialAction":[{"@type":"SearchAction","target":{"@type":"EntryPoint","urlTemplate":"https:\/\/minutocerord.com\/?s={search_term_string}"},"query-input":{"@type":"PropertyValueSpecification","valueRequired":true,"valueName":"search_term_string"}}],"inLanguage":"es-DO"},{"@type":["Person","Organization"],"@id":"https:\/\/minutocerord.com\/#\/schema\/person\/60b5372d60aaa0a5171fb6488be9aee6","name":"Genof\u00f3ntes Urb\u00e1ez","image":{"@type":"ImageObject","inLanguage":"es-DO","@id":"https:\/\/secure.gravatar.com\/avatar\/a49ef3186a692098ac3e8a1612261e3ad70cf9e44553dff2929e67939a0ecb9d?s=96&d=identicon&r=g","url":"https:\/\/secure.gravatar.com\/avatar\/a49ef3186a692098ac3e8a1612261e3ad70cf9e44553dff2929e67939a0ecb9d?s=96&d=identicon&r=g","contentUrl":"https:\/\/secure.gravatar.com\/avatar\/a49ef3186a692098ac3e8a1612261e3ad70cf9e44553dff2929e67939a0ecb9d?s=96&d=identicon&r=g","caption":"Genof\u00f3ntes Urb\u00e1ez"},"logo":{"@id":"https:\/\/secure.gravatar.com\/avatar\/a49ef3186a692098ac3e8a1612261e3ad70cf9e44553dff2929e67939a0ecb9d?s=96&d=identicon&r=g"},"description":"Periodista \/ Locutor","sameAs":["https:\/\/www.facebook.com\/Genofnotes","https:\/\/www.instagram.com\/genofnotes\/"]}]}},"jetpack_publicize_connections":[],"jetpack_featured_media_url":"https:\/\/i0.wp.com\/minutocerord.com\/wp-content\/uploads\/2021\/08\/202108112227581.png?fit=680%2C402&ssl=1","jetpack-related-posts":[],"jetpack_sharing_enabled":true,"_links":{"self":[{"href":"https:\/\/minutocerord.com\/index.php?rest_route=\/wp\/v2\/posts\/5371","targetHints":{"allow":["GET"]}}],"collection":[{"href":"https:\/\/minutocerord.com\/index.php?rest_route=\/wp\/v2\/posts"}],"about":[{"href":"https:\/\/minutocerord.com\/index.php?rest_route=\/wp\/v2\/types\/post"}],"author":[{"embeddable":true,"href":"https:\/\/minutocerord.com\/index.php?rest_route=\/wp\/v2\/users\/1"}],"replies":[{"embeddable":true,"href":"https:\/\/minutocerord.com\/index.php?rest_route=%2Fwp%2Fv2%2Fcomments&post=5371"}],"version-history":[{"count":1,"href":"https:\/\/minutocerord.com\/index.php?rest_route=\/wp\/v2\/posts\/5371\/revisions"}],"predecessor-version":[{"id":5373,"href":"https:\/\/minutocerord.com\/index.php?rest_route=\/wp\/v2\/posts\/5371\/revisions\/5373"}],"wp:featuredmedia":[{"embeddable":true,"href":"https:\/\/minutocerord.com\/index.php?rest_route=\/wp\/v2\/media\/5372"}],"wp:attachment":[{"href":"https:\/\/minutocerord.com\/index.php?rest_route=%2Fwp%2Fv2%2Fmedia&parent=5371"}],"wp:term":[{"taxonomy":"category","embeddable":true,"href":"https:\/\/minutocerord.com\/index.php?rest_route=%2Fwp%2Fv2%2Fcategories&post=5371"},{"taxonomy":"post_tag","embeddable":true,"href":"https:\/\/minutocerord.com\/index.php?rest_route=%2Fwp%2Fv2%2Ftags&post=5371"}],"curies":[{"name":"wp","href":"https:\/\/api.w.org\/{rel}","templated":true}]}}