{"id":5417,"date":"2021-08-12T17:44:55","date_gmt":"2021-08-12T21:44:55","guid":{"rendered":"https:\/\/minutocerord.com\/?p=5417"},"modified":"2021-08-12T21:29:54","modified_gmt":"2021-08-13T01:29:54","slug":"la-victoria-es-el-pueblo-invitado-al-gran-desfile-la-gran-parada-dominicana-del-bronx-en-nueva-york","status":"publish","type":"post","link":"https:\/\/minutocerord.com\/?p=5417","title":{"rendered":"El pueblo de La Victoria es el invitado de &#8220;La Gran Parada Dominicana del Bronx, en Nueva York&#8221;."},"content":{"rendered":"\n<p><strong>La Victoria, SDN.- <\/strong>El pueblo de la Victoria es el invitado de &#8220;La Gran Parada Dominicana del Bronx&#8221;. Adem\u00e1s su alcalde Miguel Sabi\u00f1on (El Gringo), ser\u00e1 el padrino del desfile y tendr\u00e1 el honor de cortar la cinta que dar\u00e1 inicio al evento que se ha mantenido por m\u00e1s de 30 a\u00f1os en la gran manzana.<\/p>\n\n\n\n<p>El desfile se celebrar\u00e1 el jueves 21 de julio del pr\u00f3ximo a\u00f1o (2022), donde participar\u00e1n pol\u00edticos, empresarios y distintas personalidades destacadas de la ciudad de Nueva York.<\/p>\n\n\n\n<p>El Fundador y Director Ejecutivo del desfile newyorkino, el se\u00f1or Felipe Febles, expres\u00f3 a trav\u00e9s de un comunicado dirigido al alcalde Sabi\u00f1on, que acepto la solicitud que le hicieran los se\u00f1ores Alberto Guzm\u00e1n y Luis Freddy Guzm\u00e1n Moreno, en representaci\u00f3n de la alcald\u00eda para que La victoria sea el pueblo invitado en el tradicional desfile.<\/p>\n\n\n\n<p>Al participar en este evento el pueblo de La Victoria trascender\u00e1, lo que puede repercutir en inversiones extranjeras y locales que activaran la econom\u00eda y generar\u00e1 fuentes de empleos en este Distrito Municipal, lo que permitir\u00e1 el desarrollo de esa comunidad.<\/p>\n\n\n\n<p><\/p>\n\n\n\n<p><\/p>\n\n\n\n<div class=\"wp-block-image\"><figure class=\"aligncenter size-large is-resized\"><img data-recalc-dims=\"1\" decoding=\"async\" loading=\"lazy\" src=\"https:\/\/i0.wp.com\/minutocerord.com\/wp-content\/uploads\/2021\/08\/WhatsApp-Image-2021-08-12-at-4.30.53-PM-2.jpeg?resize=284%2C399\" alt=\"\" class=\"wp-image-5425\" width=\"284\" height=\"399\"\/><\/figure><\/div>\n\n\n\n<div class=\"wp-block-image\"><figure class=\"aligncenter is-resized\"><img data-recalc-dims=\"1\" decoding=\"async\" loading=\"lazy\" src=\"https:\/\/i0.wp.com\/minutocerord.com\/wp-content\/uploads\/2021\/08\/WhatsApp-Image-2021-08-12-at-4.30.53-PM-1.jpeg?resize=262%2C320\" alt=\"La imagen tiene un atributo ALT vac\u00edo; su nombre de archivo es WhatsApp-Image-2021-08-12-at-4.30.53-PM-1.jpeg\" width=\"262\" height=\"320\"\/><\/figure><\/div>\n","protected":false},"excerpt":{"rendered":"<p>La Victoria, SDN.- El pueblo de la Victoria es el invitado de &#8220;La Gran Parada Dominicana del Bronx&#8221;. Adem\u00e1s su alcalde Miguel Sabi\u00f1on (El Gringo), ser\u00e1 el padrino del desfile y tendr\u00e1 el honor de cortar la cinta que dar\u00e1 inicio al evento que se ha mantenido por m\u00e1s de 30 a\u00f1os en la gran [&hellip;]<\/p>\n","protected":false},"author":1,"featured_media":5436,"comment_status":"open","ping_status":"open","sticky":false,"template":"","format":"standard","meta":{"nf_dc_page":"","jetpack_post_was_ever_published":false,"_jetpack_newsletter_access":"","_jetpack_dont_email_post_to_subs":false,"_jetpack_newsletter_tier_id":0,"_jetpack_memberships_contains_paywalled_content":false,"_jetpack_memberships_contains_paid_content":false,"footnotes":"","jetpack_publicize_message":"","jetpack_publicize_feature_enabled":true,"jetpack_social_post_already_shared":false,"jetpack_social_options":{"image_generator_settings":{"template":"highway","default_image_id":0,"font":"","enabled":false},"version":2}},"categories":[103],"tags":[],"class_list":["post-5417","post","type-post","status-publish","format-standard","has-post-thumbnail","hentry","category-municipio"],"yoast_head":"<!-- This site is optimized with the Yoast SEO plugin v27.4 - https:\/\/yoast.com\/product\/yoast-seo-wordpress\/ -->\n<title>El pueblo de La Victoria es el invitado de &quot;La Gran Parada Dominicana del Bronx, en Nueva York&quot;. - Minuto Cero RD<\/title>\n<meta name=\"robots\" content=\"index, follow, max-snippet:-1, max-image-preview:large, max-video-preview:-1\" \/>\n<link rel=\"canonical\" href=\"http:\/\/minutocerord.com\/?p=5417\" \/>\n<meta property=\"og:locale\" content=\"es_ES\" \/>\n<meta property=\"og:type\" content=\"article\" \/>\n<meta property=\"og:title\" content=\"El pueblo de La Victoria es el invitado de &quot;La Gran Parada Dominicana del Bronx, en Nueva York&quot;. - Minuto Cero RD\" \/>\n<meta property=\"og:description\" content=\"La Victoria, SDN.- El pueblo de la Victoria es el invitado de &#8220;La Gran Parada Dominicana del Bronx&#8221;. Adem\u00e1s su alcalde Miguel Sabi\u00f1on (El Gringo), ser\u00e1 el padrino del desfile y tendr\u00e1 el honor de cortar la cinta que dar\u00e1 inicio al evento que se ha mantenido por m\u00e1s de 30 a\u00f1os en la gran [&hellip;]\" \/>\n<meta property=\"og:url\" content=\"http:\/\/minutocerord.com\/?p=5417\" \/>\n<meta property=\"og:site_name\" content=\"Minuto Cero RD\" \/>\n<meta property=\"article:publisher\" content=\"https:\/\/www.facebook.com\/Genofnotes\" \/>\n<meta property=\"article:author\" content=\"https:\/\/www.facebook.com\/Genofnotes\" \/>\n<meta property=\"article:published_time\" content=\"2021-08-12T21:44:55+00:00\" \/>\n<meta property=\"article:modified_time\" content=\"2021-08-13T01:29:54+00:00\" \/>\n<meta property=\"og:image\" content=\"https:\/\/i0.wp.com\/minutocerord.com\/wp-content\/uploads\/2021\/08\/4f151db9-whatsapp-image-2020-05-14-at-1-54-59-pm-5ebd87b85627c.jpeg?fit=1280%2C720\" \/>\n\t<meta property=\"og:image:width\" content=\"1280\" \/>\n\t<meta property=\"og:image:height\" content=\"720\" \/>\n\t<meta property=\"og:image:type\" content=\"image\/jpeg\" \/>\n<meta name=\"author\" content=\"Genof\u00f3ntes Urb\u00e1ez\" \/>\n<meta name=\"twitter:card\" content=\"summary_large_image\" \/>\n<meta name=\"twitter:label1\" content=\"Written by\" \/>\n\t<meta name=\"twitter:data1\" content=\"Genof\u00f3ntes Urb\u00e1ez\" \/>\n\t<meta name=\"twitter:label2\" content=\"Est. reading time\" \/>\n\t<meta name=\"twitter:data2\" content=\"2 minutos\" \/>\n<script type=\"application\/ld+json\" class=\"yoast-schema-graph\">{\"@context\":\"https:\\\/\\\/schema.org\",\"@graph\":[{\"@type\":\"Article\",\"@id\":\"http:\\\/\\\/minutocerord.com\\\/?p=5417#article\",\"isPartOf\":{\"@id\":\"http:\\\/\\\/minutocerord.com\\\/?p=5417\"},\"author\":{\"name\":\"Genof\u00f3ntes Urb\u00e1ez\",\"@id\":\"https:\\\/\\\/minutocerord.com\\\/#\\\/schema\\\/person\\\/60b5372d60aaa0a5171fb6488be9aee6\"},\"headline\":\"El pueblo de La Victoria es el invitado de &#8220;La Gran Parada Dominicana del Bronx, en Nueva York&#8221;.\",\"datePublished\":\"2021-08-12T21:44:55+00:00\",\"dateModified\":\"2021-08-13T01:29:54+00:00\",\"mainEntityOfPage\":{\"@id\":\"http:\\\/\\\/minutocerord.com\\\/?p=5417\"},\"wordCount\":212,\"commentCount\":0,\"publisher\":{\"@id\":\"https:\\\/\\\/minutocerord.com\\\/#\\\/schema\\\/person\\\/60b5372d60aaa0a5171fb6488be9aee6\"},\"image\":{\"@id\":\"http:\\\/\\\/minutocerord.com\\\/?p=5417#primaryimage\"},\"thumbnailUrl\":\"https:\\\/\\\/i0.wp.com\\\/minutocerord.com\\\/wp-content\\\/uploads\\\/2021\\\/08\\\/4f151db9-whatsapp-image-2020-05-14-at-1-54-59-pm-5ebd87b85627c.jpeg?fit=1280%2C720&ssl=1\",\"articleSection\":[\"Municipio\"],\"inLanguage\":\"es-DO\",\"potentialAction\":[{\"@type\":\"CommentAction\",\"name\":\"Comment\",\"target\":[\"http:\\\/\\\/minutocerord.com\\\/?p=5417#respond\"]}]},{\"@type\":\"WebPage\",\"@id\":\"http:\\\/\\\/minutocerord.com\\\/?p=5417\",\"url\":\"http:\\\/\\\/minutocerord.com\\\/?p=5417\",\"name\":\"El pueblo de La Victoria es el invitado de \\\"La Gran Parada Dominicana del Bronx, en Nueva York\\\". - Minuto Cero RD\",\"isPartOf\":{\"@id\":\"https:\\\/\\\/minutocerord.com\\\/#website\"},\"primaryImageOfPage\":{\"@id\":\"http:\\\/\\\/minutocerord.com\\\/?p=5417#primaryimage\"},\"image\":{\"@id\":\"http:\\\/\\\/minutocerord.com\\\/?p=5417#primaryimage\"},\"thumbnailUrl\":\"https:\\\/\\\/i0.wp.com\\\/minutocerord.com\\\/wp-content\\\/uploads\\\/2021\\\/08\\\/4f151db9-whatsapp-image-2020-05-14-at-1-54-59-pm-5ebd87b85627c.jpeg?fit=1280%2C720&ssl=1\",\"datePublished\":\"2021-08-12T21:44:55+00:00\",\"dateModified\":\"2021-08-13T01:29:54+00:00\",\"breadcrumb\":{\"@id\":\"http:\\\/\\\/minutocerord.com\\\/?p=5417#breadcrumb\"},\"inLanguage\":\"es-DO\",\"potentialAction\":[{\"@type\":\"ReadAction\",\"target\":[\"http:\\\/\\\/minutocerord.com\\\/?p=5417\"]}]},{\"@type\":\"ImageObject\",\"inLanguage\":\"es-DO\",\"@id\":\"http:\\\/\\\/minutocerord.com\\\/?p=5417#primaryimage\",\"url\":\"https:\\\/\\\/i0.wp.com\\\/minutocerord.com\\\/wp-content\\\/uploads\\\/2021\\\/08\\\/4f151db9-whatsapp-image-2020-05-14-at-1-54-59-pm-5ebd87b85627c.jpeg?fit=1280%2C720&ssl=1\",\"contentUrl\":\"https:\\\/\\\/i0.wp.com\\\/minutocerord.com\\\/wp-content\\\/uploads\\\/2021\\\/08\\\/4f151db9-whatsapp-image-2020-05-14-at-1-54-59-pm-5ebd87b85627c.jpeg?fit=1280%2C720&ssl=1\",\"width\":1280,\"height\":720},{\"@type\":\"BreadcrumbList\",\"@id\":\"http:\\\/\\\/minutocerord.com\\\/?p=5417#breadcrumb\",\"itemListElement\":[{\"@type\":\"ListItem\",\"position\":1,\"name\":\"Home\",\"item\":\"https:\\\/\\\/minutocerord.com\\\/\"},{\"@type\":\"ListItem\",\"position\":2,\"name\":\"El pueblo de La Victoria es el invitado de &#8220;La Gran Parada Dominicana del Bronx, en Nueva York&#8221;.\"}]},{\"@type\":\"WebSite\",\"@id\":\"https:\\\/\\\/minutocerord.com\\\/#website\",\"url\":\"https:\\\/\\\/minutocerord.com\\\/\",\"name\":\"Minuto Cero RD\",\"description\":\"Periodismo serio y veraz\",\"publisher\":{\"@id\":\"https:\\\/\\\/minutocerord.com\\\/#\\\/schema\\\/person\\\/60b5372d60aaa0a5171fb6488be9aee6\"},\"potentialAction\":[{\"@type\":\"SearchAction\",\"target\":{\"@type\":\"EntryPoint\",\"urlTemplate\":\"https:\\\/\\\/minutocerord.com\\\/?s={search_term_string}\"},\"query-input\":{\"@type\":\"PropertyValueSpecification\",\"valueRequired\":true,\"valueName\":\"search_term_string\"}}],\"inLanguage\":\"es-DO\"},{\"@type\":[\"Person\",\"Organization\"],\"@id\":\"https:\\\/\\\/minutocerord.com\\\/#\\\/schema\\\/person\\\/60b5372d60aaa0a5171fb6488be9aee6\",\"name\":\"Genof\u00f3ntes Urb\u00e1ez\",\"image\":{\"@type\":\"ImageObject\",\"inLanguage\":\"es-DO\",\"@id\":\"https:\\\/\\\/secure.gravatar.com\\\/avatar\\\/a49ef3186a692098ac3e8a1612261e3ad70cf9e44553dff2929e67939a0ecb9d?s=96&d=identicon&r=g\",\"url\":\"https:\\\/\\\/secure.gravatar.com\\\/avatar\\\/a49ef3186a692098ac3e8a1612261e3ad70cf9e44553dff2929e67939a0ecb9d?s=96&d=identicon&r=g\",\"contentUrl\":\"https:\\\/\\\/secure.gravatar.com\\\/avatar\\\/a49ef3186a692098ac3e8a1612261e3ad70cf9e44553dff2929e67939a0ecb9d?s=96&d=identicon&r=g\",\"caption\":\"Genof\u00f3ntes Urb\u00e1ez\"},\"logo\":{\"@id\":\"https:\\\/\\\/secure.gravatar.com\\\/avatar\\\/a49ef3186a692098ac3e8a1612261e3ad70cf9e44553dff2929e67939a0ecb9d?s=96&d=identicon&r=g\"},\"description\":\"Periodista \\\/ Locutor\",\"sameAs\":[\"https:\\\/\\\/www.facebook.com\\\/Genofnotes\",\"https:\\\/\\\/www.instagram.com\\\/genofnotes\\\/\"]}]}<\/script>\n<!-- \/ Yoast SEO plugin. -->","yoast_head_json":{"title":"El pueblo de La Victoria es el invitado de \"La Gran Parada Dominicana del Bronx, en Nueva York\". - Minuto Cero RD","robots":{"index":"index","follow":"follow","max-snippet":"max-snippet:-1","max-image-preview":"max-image-preview:large","max-video-preview":"max-video-preview:-1"},"canonical":"http:\/\/minutocerord.com\/?p=5417","og_locale":"es_ES","og_type":"article","og_title":"El pueblo de La Victoria es el invitado de \"La Gran Parada Dominicana del Bronx, en Nueva York\". - Minuto Cero RD","og_description":"La Victoria, SDN.- El pueblo de la Victoria es el invitado de &#8220;La Gran Parada Dominicana del Bronx&#8221;. Adem\u00e1s su alcalde Miguel Sabi\u00f1on (El Gringo), ser\u00e1 el padrino del desfile y tendr\u00e1 el honor de cortar la cinta que dar\u00e1 inicio al evento que se ha mantenido por m\u00e1s de 30 a\u00f1os en la gran [&hellip;]","og_url":"http:\/\/minutocerord.com\/?p=5417","og_site_name":"Minuto Cero RD","article_publisher":"https:\/\/www.facebook.com\/Genofnotes","article_author":"https:\/\/www.facebook.com\/Genofnotes","article_published_time":"2021-08-12T21:44:55+00:00","article_modified_time":"2021-08-13T01:29:54+00:00","og_image":[{"width":1280,"height":720,"url":"https:\/\/i0.wp.com\/minutocerord.com\/wp-content\/uploads\/2021\/08\/4f151db9-whatsapp-image-2020-05-14-at-1-54-59-pm-5ebd87b85627c.jpeg?fit=1280%2C720","type":"image\/jpeg"}],"author":"Genof\u00f3ntes Urb\u00e1ez","twitter_card":"summary_large_image","twitter_misc":{"Written by":"Genof\u00f3ntes Urb\u00e1ez","Est. reading time":"2 minutos"},"schema":{"@context":"https:\/\/schema.org","@graph":[{"@type":"Article","@id":"http:\/\/minutocerord.com\/?p=5417#article","isPartOf":{"@id":"http:\/\/minutocerord.com\/?p=5417"},"author":{"name":"Genof\u00f3ntes Urb\u00e1ez","@id":"https:\/\/minutocerord.com\/#\/schema\/person\/60b5372d60aaa0a5171fb6488be9aee6"},"headline":"El pueblo de La Victoria es el invitado de &#8220;La Gran Parada Dominicana del Bronx, en Nueva York&#8221;.","datePublished":"2021-08-12T21:44:55+00:00","dateModified":"2021-08-13T01:29:54+00:00","mainEntityOfPage":{"@id":"http:\/\/minutocerord.com\/?p=5417"},"wordCount":212,"commentCount":0,"publisher":{"@id":"https:\/\/minutocerord.com\/#\/schema\/person\/60b5372d60aaa0a5171fb6488be9aee6"},"image":{"@id":"http:\/\/minutocerord.com\/?p=5417#primaryimage"},"thumbnailUrl":"https:\/\/i0.wp.com\/minutocerord.com\/wp-content\/uploads\/2021\/08\/4f151db9-whatsapp-image-2020-05-14-at-1-54-59-pm-5ebd87b85627c.jpeg?fit=1280%2C720&ssl=1","articleSection":["Municipio"],"inLanguage":"es-DO","potentialAction":[{"@type":"CommentAction","name":"Comment","target":["http:\/\/minutocerord.com\/?p=5417#respond"]}]},{"@type":"WebPage","@id":"http:\/\/minutocerord.com\/?p=5417","url":"http:\/\/minutocerord.com\/?p=5417","name":"El pueblo de La Victoria es el invitado de \"La Gran Parada Dominicana del Bronx, en Nueva York\". - Minuto Cero RD","isPartOf":{"@id":"https:\/\/minutocerord.com\/#website"},"primaryImageOfPage":{"@id":"http:\/\/minutocerord.com\/?p=5417#primaryimage"},"image":{"@id":"http:\/\/minutocerord.com\/?p=5417#primaryimage"},"thumbnailUrl":"https:\/\/i0.wp.com\/minutocerord.com\/wp-content\/uploads\/2021\/08\/4f151db9-whatsapp-image-2020-05-14-at-1-54-59-pm-5ebd87b85627c.jpeg?fit=1280%2C720&ssl=1","datePublished":"2021-08-12T21:44:55+00:00","dateModified":"2021-08-13T01:29:54+00:00","breadcrumb":{"@id":"http:\/\/minutocerord.com\/?p=5417#breadcrumb"},"inLanguage":"es-DO","potentialAction":[{"@type":"ReadAction","target":["http:\/\/minutocerord.com\/?p=5417"]}]},{"@type":"ImageObject","inLanguage":"es-DO","@id":"http:\/\/minutocerord.com\/?p=5417#primaryimage","url":"https:\/\/i0.wp.com\/minutocerord.com\/wp-content\/uploads\/2021\/08\/4f151db9-whatsapp-image-2020-05-14-at-1-54-59-pm-5ebd87b85627c.jpeg?fit=1280%2C720&ssl=1","contentUrl":"https:\/\/i0.wp.com\/minutocerord.com\/wp-content\/uploads\/2021\/08\/4f151db9-whatsapp-image-2020-05-14-at-1-54-59-pm-5ebd87b85627c.jpeg?fit=1280%2C720&ssl=1","width":1280,"height":720},{"@type":"BreadcrumbList","@id":"http:\/\/minutocerord.com\/?p=5417#breadcrumb","itemListElement":[{"@type":"ListItem","position":1,"name":"Home","item":"https:\/\/minutocerord.com\/"},{"@type":"ListItem","position":2,"name":"El pueblo de La Victoria es el invitado de &#8220;La Gran Parada Dominicana del Bronx, en Nueva York&#8221;."}]},{"@type":"WebSite","@id":"https:\/\/minutocerord.com\/#website","url":"https:\/\/minutocerord.com\/","name":"Minuto Cero RD","description":"Periodismo serio y veraz","publisher":{"@id":"https:\/\/minutocerord.com\/#\/schema\/person\/60b5372d60aaa0a5171fb6488be9aee6"},"potentialAction":[{"@type":"SearchAction","target":{"@type":"EntryPoint","urlTemplate":"https:\/\/minutocerord.com\/?s={search_term_string}"},"query-input":{"@type":"PropertyValueSpecification","valueRequired":true,"valueName":"search_term_string"}}],"inLanguage":"es-DO"},{"@type":["Person","Organization"],"@id":"https:\/\/minutocerord.com\/#\/schema\/person\/60b5372d60aaa0a5171fb6488be9aee6","name":"Genof\u00f3ntes Urb\u00e1ez","image":{"@type":"ImageObject","inLanguage":"es-DO","@id":"https:\/\/secure.gravatar.com\/avatar\/a49ef3186a692098ac3e8a1612261e3ad70cf9e44553dff2929e67939a0ecb9d?s=96&d=identicon&r=g","url":"https:\/\/secure.gravatar.com\/avatar\/a49ef3186a692098ac3e8a1612261e3ad70cf9e44553dff2929e67939a0ecb9d?s=96&d=identicon&r=g","contentUrl":"https:\/\/secure.gravatar.com\/avatar\/a49ef3186a692098ac3e8a1612261e3ad70cf9e44553dff2929e67939a0ecb9d?s=96&d=identicon&r=g","caption":"Genof\u00f3ntes Urb\u00e1ez"},"logo":{"@id":"https:\/\/secure.gravatar.com\/avatar\/a49ef3186a692098ac3e8a1612261e3ad70cf9e44553dff2929e67939a0ecb9d?s=96&d=identicon&r=g"},"description":"Periodista \/ Locutor","sameAs":["https:\/\/www.facebook.com\/Genofnotes","https:\/\/www.instagram.com\/genofnotes\/"]}]}},"jetpack_publicize_connections":[],"jetpack_featured_media_url":"https:\/\/i0.wp.com\/minutocerord.com\/wp-content\/uploads\/2021\/08\/4f151db9-whatsapp-image-2020-05-14-at-1-54-59-pm-5ebd87b85627c.jpeg?fit=1280%2C720&ssl=1","jetpack-related-posts":[],"jetpack_sharing_enabled":true,"_links":{"self":[{"href":"https:\/\/minutocerord.com\/index.php?rest_route=\/wp\/v2\/posts\/5417","targetHints":{"allow":["GET"]}}],"collection":[{"href":"https:\/\/minutocerord.com\/index.php?rest_route=\/wp\/v2\/posts"}],"about":[{"href":"https:\/\/minutocerord.com\/index.php?rest_route=\/wp\/v2\/types\/post"}],"author":[{"embeddable":true,"href":"https:\/\/minutocerord.com\/index.php?rest_route=\/wp\/v2\/users\/1"}],"replies":[{"embeddable":true,"href":"https:\/\/minutocerord.com\/index.php?rest_route=%2Fwp%2Fv2%2Fcomments&post=5417"}],"version-history":[{"count":5,"href":"https:\/\/minutocerord.com\/index.php?rest_route=\/wp\/v2\/posts\/5417\/revisions"}],"predecessor-version":[{"id":5441,"href":"https:\/\/minutocerord.com\/index.php?rest_route=\/wp\/v2\/posts\/5417\/revisions\/5441"}],"wp:featuredmedia":[{"embeddable":true,"href":"https:\/\/minutocerord.com\/index.php?rest_route=\/wp\/v2\/media\/5436"}],"wp:attachment":[{"href":"https:\/\/minutocerord.com\/index.php?rest_route=%2Fwp%2Fv2%2Fmedia&parent=5417"}],"wp:term":[{"taxonomy":"category","embeddable":true,"href":"https:\/\/minutocerord.com\/index.php?rest_route=%2Fwp%2Fv2%2Fcategories&post=5417"},{"taxonomy":"post_tag","embeddable":true,"href":"https:\/\/minutocerord.com\/index.php?rest_route=%2Fwp%2Fv2%2Ftags&post=5417"}],"curies":[{"name":"wp","href":"https:\/\/api.w.org\/{rel}","templated":true}]}}