{"id":6314,"date":"2021-10-13T10:02:39","date_gmt":"2021-10-13T14:02:39","guid":{"rendered":"https:\/\/minutocerord.com\/?p=6314"},"modified":"2021-10-13T10:02:41","modified_gmt":"2021-10-13T14:02:41","slug":"colombia-duque-pide-solucion-hemisferica-para-los-haitianos","status":"publish","type":"post","link":"https:\/\/minutocerord.com\/?p=6314","title":{"rendered":"Colombia: Duque pide soluci\u00f3n \u201chemisf\u00e9rica\u201d para los haitianos"},"content":{"rendered":"\n<p><strong>BOGOTA.- <\/strong>El presidente colombiano Iv\u00e1n Duque hizo un llamado este martes para lograr una respuesta \u201chemisf\u00e9rica\u201d a la crisis migratoria encabezada por haitianos que viajan masivamente hacia Estados Unidos.<\/p>\n\n\n\n<p>Duque dijo que el incremento en la llegada de haitianos durante los \u00faltimos meses a Colombia y a Panam\u00e1 en su camino a Estados Unidos ya solo no es un problema de esos dos pa\u00edses.<\/p>\n\n\n\n<p>Hait\u00ed sufre los efectos de un terremoto, la pandemia de COVID-19 y altos niveles de desempleo, entre muchos otros problemas, afirm\u00f3.<\/p>\n\n\n\n<p>\u201cLa manera en la que se va a atender esta situaci\u00f3n tiene que invitar a todos los pa\u00edses de la regi\u00f3n, y casi que del hemisferio, a actuar de manera responsable\u201d, a\u00f1adi\u00f3 el Presidente a periodistas en Nueva York.<\/p>\n\n\n\n<p>En los \u00faltimos meses ha aumentado en Colombia el flujo de migrantes, en su mayor\u00eda haitianos, provenientes de Chile y Brasil, adonde llegaron tras el devastador terremoto registrado en su pa\u00eds en 2010. En su camino al norte arriesgan la vida en la peligrosa selva del Dari\u00e9n, la frontera natural entre Colombia y Panam\u00e1.<\/p>\n\n\n\n<p>M\u00e1s de 67,100 personas han cruzado de manera irregular la frontera entre enero y agosto de este a\u00f1o, de acuerdo con el Servicio Nacional de Migraci\u00f3n de Panam\u00e1.<\/p>\n\n\n\n<p>Duque, que finaliz\u00f3 el lunes por la noche un viaje a Estados Unidos para captar inversi\u00f3n, dijo que debe \u201chaber claridad\u201d en las ofertas de estatus migratorio temporal que Estados Unidos ha concedido a haitianos que ya viven en territorio estadounidense.<\/p>\n\n\n\n<p>Indic\u00f3 que \u00ablos haitianos que migran hacia el norte creen que estas concesiones de EEUU son una especie de cheque en blanco para todos los que llegan a ese pa\u00eds, cuando en realidad no es as\u00ed\u00bb.<\/p>\n\n\n\n<p>\u201cHay personas que han tratado de vender esa idea, tratando de capturar rentas promoviendo la migraci\u00f3n ilegal hacia la frontera sur de Estados Unidos\u201d, expres\u00f3.<\/p>\n\n\n\n<p>Por ello, llam\u00f3 a realizar \u2018r\u00e1pidamente\u2019 una reuni\u00f3n entre pa\u00edses para coordinar esfuerzos con el objetivo de resolver la crisis migratoria.<\/p>\n\n\n\n<p>Duque clarific\u00f3 tambi\u00e9n que el estatus de protecci\u00f3n temporal que Colombia ha ofrecido es para la enorme cantidad de migrantes venezolanos que estaban en Colombia.<\/p>\n\n\n\n<p>\u201cNosotros en ese momento acompa\u00f1amos una soluci\u00f3n hemisf\u00e9rica frente a esta situaci\u00f3n (de crisis migratoria haitiana)\u201d, dijo.<\/p>\n","protected":false},"excerpt":{"rendered":"<p>BOGOTA.- El presidente colombiano Iv\u00e1n Duque hizo un llamado este martes para lograr una respuesta \u201chemisf\u00e9rica\u201d a la crisis migratoria encabezada por haitianos que viajan masivamente hacia Estados Unidos. Duque dijo que el incremento en la llegada de haitianos durante los \u00faltimos meses a Colombia y a Panam\u00e1 en su camino a Estados Unidos ya [&hellip;]<\/p>\n","protected":false},"author":1,"featured_media":6315,"comment_status":"open","ping_status":"open","sticky":false,"template":"","format":"standard","meta":{"nf_dc_page":"","jetpack_post_was_ever_published":false,"_jetpack_newsletter_access":"","_jetpack_dont_email_post_to_subs":false,"_jetpack_newsletter_tier_id":0,"_jetpack_memberships_contains_paywalled_content":false,"_jetpack_memberships_contains_paid_content":false,"footnotes":"","jetpack_publicize_message":"","jetpack_publicize_feature_enabled":true,"jetpack_social_post_already_shared":false,"jetpack_social_options":{"image_generator_settings":{"template":"highway","default_image_id":0,"font":"","enabled":false},"version":2}},"categories":[66],"tags":[],"class_list":["post-6314","post","type-post","status-publish","format-standard","has-post-thumbnail","hentry","category-internacionales"],"yoast_head":"<!-- This site is optimized with the Yoast SEO plugin v27.4 - https:\/\/yoast.com\/product\/yoast-seo-wordpress\/ -->\n<title>Colombia: Duque pide soluci\u00f3n \u201chemisf\u00e9rica\u201d para los haitianos - Minuto Cero RD<\/title>\n<meta name=\"robots\" content=\"index, follow, max-snippet:-1, max-image-preview:large, max-video-preview:-1\" \/>\n<link rel=\"canonical\" href=\"http:\/\/minutocerord.com\/?p=6314\" \/>\n<meta property=\"og:locale\" content=\"es_ES\" \/>\n<meta property=\"og:type\" content=\"article\" \/>\n<meta property=\"og:title\" content=\"Colombia: Duque pide soluci\u00f3n \u201chemisf\u00e9rica\u201d para los haitianos - Minuto Cero RD\" \/>\n<meta property=\"og:description\" content=\"BOGOTA.- El presidente colombiano Iv\u00e1n Duque hizo un llamado este martes para lograr una respuesta \u201chemisf\u00e9rica\u201d a la crisis migratoria encabezada por haitianos que viajan masivamente hacia Estados Unidos. Duque dijo que el incremento en la llegada de haitianos durante los \u00faltimos meses a Colombia y a Panam\u00e1 en su camino a Estados Unidos ya [&hellip;]\" \/>\n<meta property=\"og:url\" content=\"http:\/\/minutocerord.com\/?p=6314\" \/>\n<meta property=\"og:site_name\" content=\"Minuto Cero RD\" \/>\n<meta property=\"article:publisher\" content=\"https:\/\/www.facebook.com\/Genofnotes\" \/>\n<meta property=\"article:author\" content=\"https:\/\/www.facebook.com\/Genofnotes\" \/>\n<meta property=\"article:published_time\" content=\"2021-10-13T14:02:39+00:00\" \/>\n<meta property=\"article:modified_time\" content=\"2021-10-13T14:02:41+00:00\" \/>\n<meta property=\"og:image\" content=\"https:\/\/i0.wp.com\/minutocerord.com\/wp-content\/uploads\/2021\/10\/q.jpg?fit=909%2C426\" \/>\n\t<meta property=\"og:image:width\" content=\"909\" \/>\n\t<meta property=\"og:image:height\" content=\"426\" \/>\n\t<meta property=\"og:image:type\" content=\"image\/jpeg\" \/>\n<meta name=\"author\" content=\"Genof\u00f3ntes Urb\u00e1ez\" \/>\n<meta name=\"twitter:card\" content=\"summary_large_image\" \/>\n<meta name=\"twitter:label1\" content=\"Written by\" \/>\n\t<meta name=\"twitter:data1\" content=\"Genof\u00f3ntes Urb\u00e1ez\" \/>\n\t<meta name=\"twitter:label2\" content=\"Est. reading time\" \/>\n\t<meta name=\"twitter:data2\" content=\"2 minutos\" \/>\n<script type=\"application\/ld+json\" class=\"yoast-schema-graph\">{\"@context\":\"https:\\\/\\\/schema.org\",\"@graph\":[{\"@type\":\"Article\",\"@id\":\"http:\\\/\\\/minutocerord.com\\\/?p=6314#article\",\"isPartOf\":{\"@id\":\"http:\\\/\\\/minutocerord.com\\\/?p=6314\"},\"author\":{\"name\":\"Genof\u00f3ntes Urb\u00e1ez\",\"@id\":\"https:\\\/\\\/minutocerord.com\\\/#\\\/schema\\\/person\\\/60b5372d60aaa0a5171fb6488be9aee6\"},\"headline\":\"Colombia: Duque pide soluci\u00f3n \u201chemisf\u00e9rica\u201d para los haitianos\",\"datePublished\":\"2021-10-13T14:02:39+00:00\",\"dateModified\":\"2021-10-13T14:02:41+00:00\",\"mainEntityOfPage\":{\"@id\":\"http:\\\/\\\/minutocerord.com\\\/?p=6314\"},\"wordCount\":405,\"commentCount\":0,\"publisher\":{\"@id\":\"https:\\\/\\\/minutocerord.com\\\/#\\\/schema\\\/person\\\/60b5372d60aaa0a5171fb6488be9aee6\"},\"image\":{\"@id\":\"http:\\\/\\\/minutocerord.com\\\/?p=6314#primaryimage\"},\"thumbnailUrl\":\"https:\\\/\\\/i0.wp.com\\\/minutocerord.com\\\/wp-content\\\/uploads\\\/2021\\\/10\\\/q.jpg?fit=909%2C426&ssl=1\",\"articleSection\":[\"Internacionales\"],\"inLanguage\":\"es-DO\",\"potentialAction\":[{\"@type\":\"CommentAction\",\"name\":\"Comment\",\"target\":[\"http:\\\/\\\/minutocerord.com\\\/?p=6314#respond\"]}]},{\"@type\":\"WebPage\",\"@id\":\"http:\\\/\\\/minutocerord.com\\\/?p=6314\",\"url\":\"http:\\\/\\\/minutocerord.com\\\/?p=6314\",\"name\":\"Colombia: Duque pide soluci\u00f3n \u201chemisf\u00e9rica\u201d para los haitianos - Minuto Cero RD\",\"isPartOf\":{\"@id\":\"https:\\\/\\\/minutocerord.com\\\/#website\"},\"primaryImageOfPage\":{\"@id\":\"http:\\\/\\\/minutocerord.com\\\/?p=6314#primaryimage\"},\"image\":{\"@id\":\"http:\\\/\\\/minutocerord.com\\\/?p=6314#primaryimage\"},\"thumbnailUrl\":\"https:\\\/\\\/i0.wp.com\\\/minutocerord.com\\\/wp-content\\\/uploads\\\/2021\\\/10\\\/q.jpg?fit=909%2C426&ssl=1\",\"datePublished\":\"2021-10-13T14:02:39+00:00\",\"dateModified\":\"2021-10-13T14:02:41+00:00\",\"breadcrumb\":{\"@id\":\"http:\\\/\\\/minutocerord.com\\\/?p=6314#breadcrumb\"},\"inLanguage\":\"es-DO\",\"potentialAction\":[{\"@type\":\"ReadAction\",\"target\":[\"http:\\\/\\\/minutocerord.com\\\/?p=6314\"]}]},{\"@type\":\"ImageObject\",\"inLanguage\":\"es-DO\",\"@id\":\"http:\\\/\\\/minutocerord.com\\\/?p=6314#primaryimage\",\"url\":\"https:\\\/\\\/i0.wp.com\\\/minutocerord.com\\\/wp-content\\\/uploads\\\/2021\\\/10\\\/q.jpg?fit=909%2C426&ssl=1\",\"contentUrl\":\"https:\\\/\\\/i0.wp.com\\\/minutocerord.com\\\/wp-content\\\/uploads\\\/2021\\\/10\\\/q.jpg?fit=909%2C426&ssl=1\",\"width\":909,\"height\":426},{\"@type\":\"BreadcrumbList\",\"@id\":\"http:\\\/\\\/minutocerord.com\\\/?p=6314#breadcrumb\",\"itemListElement\":[{\"@type\":\"ListItem\",\"position\":1,\"name\":\"Home\",\"item\":\"https:\\\/\\\/minutocerord.com\\\/\"},{\"@type\":\"ListItem\",\"position\":2,\"name\":\"Colombia: Duque pide soluci\u00f3n \u201chemisf\u00e9rica\u201d para los haitianos\"}]},{\"@type\":\"WebSite\",\"@id\":\"https:\\\/\\\/minutocerord.com\\\/#website\",\"url\":\"https:\\\/\\\/minutocerord.com\\\/\",\"name\":\"Minuto Cero RD\",\"description\":\"Periodismo serio y veraz\",\"publisher\":{\"@id\":\"https:\\\/\\\/minutocerord.com\\\/#\\\/schema\\\/person\\\/60b5372d60aaa0a5171fb6488be9aee6\"},\"potentialAction\":[{\"@type\":\"SearchAction\",\"target\":{\"@type\":\"EntryPoint\",\"urlTemplate\":\"https:\\\/\\\/minutocerord.com\\\/?s={search_term_string}\"},\"query-input\":{\"@type\":\"PropertyValueSpecification\",\"valueRequired\":true,\"valueName\":\"search_term_string\"}}],\"inLanguage\":\"es-DO\"},{\"@type\":[\"Person\",\"Organization\"],\"@id\":\"https:\\\/\\\/minutocerord.com\\\/#\\\/schema\\\/person\\\/60b5372d60aaa0a5171fb6488be9aee6\",\"name\":\"Genof\u00f3ntes Urb\u00e1ez\",\"image\":{\"@type\":\"ImageObject\",\"inLanguage\":\"es-DO\",\"@id\":\"https:\\\/\\\/secure.gravatar.com\\\/avatar\\\/a49ef3186a692098ac3e8a1612261e3ad70cf9e44553dff2929e67939a0ecb9d?s=96&d=identicon&r=g\",\"url\":\"https:\\\/\\\/secure.gravatar.com\\\/avatar\\\/a49ef3186a692098ac3e8a1612261e3ad70cf9e44553dff2929e67939a0ecb9d?s=96&d=identicon&r=g\",\"contentUrl\":\"https:\\\/\\\/secure.gravatar.com\\\/avatar\\\/a49ef3186a692098ac3e8a1612261e3ad70cf9e44553dff2929e67939a0ecb9d?s=96&d=identicon&r=g\",\"caption\":\"Genof\u00f3ntes Urb\u00e1ez\"},\"logo\":{\"@id\":\"https:\\\/\\\/secure.gravatar.com\\\/avatar\\\/a49ef3186a692098ac3e8a1612261e3ad70cf9e44553dff2929e67939a0ecb9d?s=96&d=identicon&r=g\"},\"description\":\"Periodista \\\/ Locutor\",\"sameAs\":[\"https:\\\/\\\/www.facebook.com\\\/Genofnotes\",\"https:\\\/\\\/www.instagram.com\\\/genofnotes\\\/\"]}]}<\/script>\n<!-- \/ Yoast SEO plugin. -->","yoast_head_json":{"title":"Colombia: Duque pide soluci\u00f3n \u201chemisf\u00e9rica\u201d para los haitianos - Minuto Cero RD","robots":{"index":"index","follow":"follow","max-snippet":"max-snippet:-1","max-image-preview":"max-image-preview:large","max-video-preview":"max-video-preview:-1"},"canonical":"http:\/\/minutocerord.com\/?p=6314","og_locale":"es_ES","og_type":"article","og_title":"Colombia: Duque pide soluci\u00f3n \u201chemisf\u00e9rica\u201d para los haitianos - Minuto Cero RD","og_description":"BOGOTA.- El presidente colombiano Iv\u00e1n Duque hizo un llamado este martes para lograr una respuesta \u201chemisf\u00e9rica\u201d a la crisis migratoria encabezada por haitianos que viajan masivamente hacia Estados Unidos. Duque dijo que el incremento en la llegada de haitianos durante los \u00faltimos meses a Colombia y a Panam\u00e1 en su camino a Estados Unidos ya [&hellip;]","og_url":"http:\/\/minutocerord.com\/?p=6314","og_site_name":"Minuto Cero RD","article_publisher":"https:\/\/www.facebook.com\/Genofnotes","article_author":"https:\/\/www.facebook.com\/Genofnotes","article_published_time":"2021-10-13T14:02:39+00:00","article_modified_time":"2021-10-13T14:02:41+00:00","og_image":[{"width":909,"height":426,"url":"https:\/\/i0.wp.com\/minutocerord.com\/wp-content\/uploads\/2021\/10\/q.jpg?fit=909%2C426","type":"image\/jpeg"}],"author":"Genof\u00f3ntes Urb\u00e1ez","twitter_card":"summary_large_image","twitter_misc":{"Written by":"Genof\u00f3ntes Urb\u00e1ez","Est. reading time":"2 minutos"},"schema":{"@context":"https:\/\/schema.org","@graph":[{"@type":"Article","@id":"http:\/\/minutocerord.com\/?p=6314#article","isPartOf":{"@id":"http:\/\/minutocerord.com\/?p=6314"},"author":{"name":"Genof\u00f3ntes Urb\u00e1ez","@id":"https:\/\/minutocerord.com\/#\/schema\/person\/60b5372d60aaa0a5171fb6488be9aee6"},"headline":"Colombia: Duque pide soluci\u00f3n \u201chemisf\u00e9rica\u201d para los haitianos","datePublished":"2021-10-13T14:02:39+00:00","dateModified":"2021-10-13T14:02:41+00:00","mainEntityOfPage":{"@id":"http:\/\/minutocerord.com\/?p=6314"},"wordCount":405,"commentCount":0,"publisher":{"@id":"https:\/\/minutocerord.com\/#\/schema\/person\/60b5372d60aaa0a5171fb6488be9aee6"},"image":{"@id":"http:\/\/minutocerord.com\/?p=6314#primaryimage"},"thumbnailUrl":"https:\/\/i0.wp.com\/minutocerord.com\/wp-content\/uploads\/2021\/10\/q.jpg?fit=909%2C426&ssl=1","articleSection":["Internacionales"],"inLanguage":"es-DO","potentialAction":[{"@type":"CommentAction","name":"Comment","target":["http:\/\/minutocerord.com\/?p=6314#respond"]}]},{"@type":"WebPage","@id":"http:\/\/minutocerord.com\/?p=6314","url":"http:\/\/minutocerord.com\/?p=6314","name":"Colombia: Duque pide soluci\u00f3n \u201chemisf\u00e9rica\u201d para los haitianos - Minuto Cero RD","isPartOf":{"@id":"https:\/\/minutocerord.com\/#website"},"primaryImageOfPage":{"@id":"http:\/\/minutocerord.com\/?p=6314#primaryimage"},"image":{"@id":"http:\/\/minutocerord.com\/?p=6314#primaryimage"},"thumbnailUrl":"https:\/\/i0.wp.com\/minutocerord.com\/wp-content\/uploads\/2021\/10\/q.jpg?fit=909%2C426&ssl=1","datePublished":"2021-10-13T14:02:39+00:00","dateModified":"2021-10-13T14:02:41+00:00","breadcrumb":{"@id":"http:\/\/minutocerord.com\/?p=6314#breadcrumb"},"inLanguage":"es-DO","potentialAction":[{"@type":"ReadAction","target":["http:\/\/minutocerord.com\/?p=6314"]}]},{"@type":"ImageObject","inLanguage":"es-DO","@id":"http:\/\/minutocerord.com\/?p=6314#primaryimage","url":"https:\/\/i0.wp.com\/minutocerord.com\/wp-content\/uploads\/2021\/10\/q.jpg?fit=909%2C426&ssl=1","contentUrl":"https:\/\/i0.wp.com\/minutocerord.com\/wp-content\/uploads\/2021\/10\/q.jpg?fit=909%2C426&ssl=1","width":909,"height":426},{"@type":"BreadcrumbList","@id":"http:\/\/minutocerord.com\/?p=6314#breadcrumb","itemListElement":[{"@type":"ListItem","position":1,"name":"Home","item":"https:\/\/minutocerord.com\/"},{"@type":"ListItem","position":2,"name":"Colombia: Duque pide soluci\u00f3n \u201chemisf\u00e9rica\u201d para los haitianos"}]},{"@type":"WebSite","@id":"https:\/\/minutocerord.com\/#website","url":"https:\/\/minutocerord.com\/","name":"Minuto Cero RD","description":"Periodismo serio y veraz","publisher":{"@id":"https:\/\/minutocerord.com\/#\/schema\/person\/60b5372d60aaa0a5171fb6488be9aee6"},"potentialAction":[{"@type":"SearchAction","target":{"@type":"EntryPoint","urlTemplate":"https:\/\/minutocerord.com\/?s={search_term_string}"},"query-input":{"@type":"PropertyValueSpecification","valueRequired":true,"valueName":"search_term_string"}}],"inLanguage":"es-DO"},{"@type":["Person","Organization"],"@id":"https:\/\/minutocerord.com\/#\/schema\/person\/60b5372d60aaa0a5171fb6488be9aee6","name":"Genof\u00f3ntes Urb\u00e1ez","image":{"@type":"ImageObject","inLanguage":"es-DO","@id":"https:\/\/secure.gravatar.com\/avatar\/a49ef3186a692098ac3e8a1612261e3ad70cf9e44553dff2929e67939a0ecb9d?s=96&d=identicon&r=g","url":"https:\/\/secure.gravatar.com\/avatar\/a49ef3186a692098ac3e8a1612261e3ad70cf9e44553dff2929e67939a0ecb9d?s=96&d=identicon&r=g","contentUrl":"https:\/\/secure.gravatar.com\/avatar\/a49ef3186a692098ac3e8a1612261e3ad70cf9e44553dff2929e67939a0ecb9d?s=96&d=identicon&r=g","caption":"Genof\u00f3ntes Urb\u00e1ez"},"logo":{"@id":"https:\/\/secure.gravatar.com\/avatar\/a49ef3186a692098ac3e8a1612261e3ad70cf9e44553dff2929e67939a0ecb9d?s=96&d=identicon&r=g"},"description":"Periodista \/ Locutor","sameAs":["https:\/\/www.facebook.com\/Genofnotes","https:\/\/www.instagram.com\/genofnotes\/"]}]}},"jetpack_publicize_connections":[],"jetpack_featured_media_url":"https:\/\/i0.wp.com\/minutocerord.com\/wp-content\/uploads\/2021\/10\/q.jpg?fit=909%2C426&ssl=1","jetpack-related-posts":[],"jetpack_sharing_enabled":true,"_links":{"self":[{"href":"https:\/\/minutocerord.com\/index.php?rest_route=\/wp\/v2\/posts\/6314","targetHints":{"allow":["GET"]}}],"collection":[{"href":"https:\/\/minutocerord.com\/index.php?rest_route=\/wp\/v2\/posts"}],"about":[{"href":"https:\/\/minutocerord.com\/index.php?rest_route=\/wp\/v2\/types\/post"}],"author":[{"embeddable":true,"href":"https:\/\/minutocerord.com\/index.php?rest_route=\/wp\/v2\/users\/1"}],"replies":[{"embeddable":true,"href":"https:\/\/minutocerord.com\/index.php?rest_route=%2Fwp%2Fv2%2Fcomments&post=6314"}],"version-history":[{"count":1,"href":"https:\/\/minutocerord.com\/index.php?rest_route=\/wp\/v2\/posts\/6314\/revisions"}],"predecessor-version":[{"id":6316,"href":"https:\/\/minutocerord.com\/index.php?rest_route=\/wp\/v2\/posts\/6314\/revisions\/6316"}],"wp:featuredmedia":[{"embeddable":true,"href":"https:\/\/minutocerord.com\/index.php?rest_route=\/wp\/v2\/media\/6315"}],"wp:attachment":[{"href":"https:\/\/minutocerord.com\/index.php?rest_route=%2Fwp%2Fv2%2Fmedia&parent=6314"}],"wp:term":[{"taxonomy":"category","embeddable":true,"href":"https:\/\/minutocerord.com\/index.php?rest_route=%2Fwp%2Fv2%2Fcategories&post=6314"},{"taxonomy":"post_tag","embeddable":true,"href":"https:\/\/minutocerord.com\/index.php?rest_route=%2Fwp%2Fv2%2Ftags&post=6314"}],"curies":[{"name":"wp","href":"https:\/\/api.w.org\/{rel}","templated":true}]}}