{"id":6317,"date":"2021-10-13T10:14:41","date_gmt":"2021-10-13T14:14:41","guid":{"rendered":"https:\/\/minutocerord.com\/?p=6317"},"modified":"2021-10-13T10:14:44","modified_gmt":"2021-10-13T14:14:44","slug":"policia-abate-asaltante-y-apresa-otro-en-la-comunicad-de-guerra","status":"publish","type":"post","link":"https:\/\/minutocerord.com\/?p=6317","title":{"rendered":"Polic\u00eda abate asaltante y apresa otro en la comunicad de Guerra"},"content":{"rendered":"\n<p><strong>GUERRA, SDE<\/strong>.-\u00a0\u00a0Uno de tres\u00a0 alegados asaltantes fue abatido a tiros por agentes policiales y otro capturado por ciudadanos en una acci\u00f3n que conmovi\u00f3 este martes esta comunidad.Los delincuentes fueron perseguidos tras asaltar, golpear y despojar a un cabo policial de su arma de reglamento.<\/p>\n\n\n\n<p>Un tercero antisocial de nombre Chanty logr\u00f3 escapar, pero est\u00e1 siendo buscado por agentes policiales.La v\u00edctima fue identificada como Kelvin Valdez L\u00f3pez (Kelvito), de 21 a\u00f1os, quien resid\u00eda en la calle Juan Mar\u00eda Lora Fern\u00e1ndez, del sector Los R\u00edos, del Distrito Nacional.Bryan Mart\u00ednez fue &nbsp;apresado por comunitarios y entregado a los polic\u00edas, quienes impidieron que fuera linchado e&nbsp;identific\u00f3 al tercer sujeto pr\u00f3fugo.La persecuci\u00f3n policial contra los tres hombres se inici\u00f3 luego de que en horas de la tarde de este martes el cabo Rafael Valdez, quien presta servicio en el destacamento de Guerra, fue &nbsp;despojado de &nbsp;su arma de reglamento.De inmediato, varias unidades policiales incursionaron en todos los sectores del municipio de Guerra y, al verse asediados por los agentes, los tres hombres se dirigieron y huyeron por diferentes direcciones para tratar de evadir la persecuci\u00f3n policial.El primero en ser detenido fue Bryan Mart\u00ednez, quien fue sorprendido por comunitarios cuando trataba de evadir la persecuci\u00f3n de la Polic\u00eda a quien los moradores golpearon.&nbsp; Los comunitarios dieron cuenta a la Polic\u00eda de la direcci\u00f3n por donde huy\u00f3 el tal \u201cKervito\u201d, alertando a los agentes que \u00e9ste iba armado con un arma en las manos.&nbsp; Tras verse rodeado por la Polic\u00eda, el tal \u201cKervito\u201d la emprendi\u00f3 a tiros contra los agentes, que repelieron el ataque, cayendo el delincuente herido, siendo conducido de inmediato al Hospital Elvira Echavarr\u00eda, de Guerra, donde falleci\u00f3.<\/p>\n","protected":false},"excerpt":{"rendered":"<p>GUERRA, SDE.-\u00a0\u00a0Uno de tres\u00a0 alegados asaltantes fue abatido a tiros por agentes policiales y otro capturado por ciudadanos en una acci\u00f3n que conmovi\u00f3 este martes esta comunidad.Los delincuentes fueron perseguidos tras asaltar, golpear y despojar a un cabo policial de su arma de reglamento. Un tercero antisocial de nombre Chanty logr\u00f3 escapar, pero est\u00e1 siendo [&hellip;]<\/p>\n","protected":false},"author":1,"featured_media":6318,"comment_status":"open","ping_status":"open","sticky":false,"template":"","format":"standard","meta":{"nf_dc_page":"","jetpack_post_was_ever_published":false,"_jetpack_newsletter_access":"","_jetpack_dont_email_post_to_subs":false,"_jetpack_newsletter_tier_id":0,"_jetpack_memberships_contains_paywalled_content":false,"_jetpack_memberships_contains_paid_content":false,"footnotes":"","jetpack_publicize_message":"","jetpack_publicize_feature_enabled":true,"jetpack_social_post_already_shared":false,"jetpack_social_options":{"image_generator_settings":{"template":"highway","default_image_id":0,"font":"","enabled":false},"version":2}},"categories":[103],"tags":[],"class_list":["post-6317","post","type-post","status-publish","format-standard","has-post-thumbnail","hentry","category-municipio"],"yoast_head":"<!-- This site is optimized with the Yoast SEO plugin v27.4 - https:\/\/yoast.com\/product\/yoast-seo-wordpress\/ -->\n<title>Polic\u00eda abate asaltante y apresa otro en la comunicad de Guerra - Minuto Cero RD<\/title>\n<meta name=\"robots\" content=\"index, follow, max-snippet:-1, max-image-preview:large, max-video-preview:-1\" \/>\n<link rel=\"canonical\" href=\"http:\/\/minutocerord.com\/?p=6317\" \/>\n<meta property=\"og:locale\" content=\"es_ES\" \/>\n<meta property=\"og:type\" content=\"article\" \/>\n<meta property=\"og:title\" content=\"Polic\u00eda abate asaltante y apresa otro en la comunicad de Guerra - Minuto Cero RD\" \/>\n<meta property=\"og:description\" content=\"GUERRA, SDE.-\u00a0\u00a0Uno de tres\u00a0 alegados asaltantes fue abatido a tiros por agentes policiales y otro capturado por ciudadanos en una acci\u00f3n que conmovi\u00f3 este martes esta comunidad.Los delincuentes fueron perseguidos tras asaltar, golpear y despojar a un cabo policial de su arma de reglamento. Un tercero antisocial de nombre Chanty logr\u00f3 escapar, pero est\u00e1 siendo [&hellip;]\" \/>\n<meta property=\"og:url\" content=\"http:\/\/minutocerord.com\/?p=6317\" \/>\n<meta property=\"og:site_name\" content=\"Minuto Cero RD\" \/>\n<meta property=\"article:publisher\" content=\"https:\/\/www.facebook.com\/Genofnotes\" \/>\n<meta property=\"article:author\" content=\"https:\/\/www.facebook.com\/Genofnotes\" \/>\n<meta property=\"article:published_time\" content=\"2021-10-13T14:14:41+00:00\" \/>\n<meta property=\"article:modified_time\" content=\"2021-10-13T14:14:44+00:00\" \/>\n<meta property=\"og:image\" content=\"https:\/\/i0.wp.com\/minutocerord.com\/wp-content\/uploads\/2021\/10\/Bryan-Martinez.jpg?fit=595%2C337\" \/>\n\t<meta property=\"og:image:width\" content=\"595\" \/>\n\t<meta property=\"og:image:height\" content=\"337\" \/>\n\t<meta property=\"og:image:type\" content=\"image\/jpeg\" \/>\n<meta name=\"author\" content=\"Genof\u00f3ntes Urb\u00e1ez\" \/>\n<meta name=\"twitter:card\" content=\"summary_large_image\" \/>\n<meta name=\"twitter:label1\" content=\"Written by\" \/>\n\t<meta name=\"twitter:data1\" content=\"Genof\u00f3ntes Urb\u00e1ez\" \/>\n\t<meta name=\"twitter:label2\" content=\"Est. reading time\" \/>\n\t<meta name=\"twitter:data2\" content=\"2 minutos\" \/>\n<script type=\"application\/ld+json\" class=\"yoast-schema-graph\">{\"@context\":\"https:\\\/\\\/schema.org\",\"@graph\":[{\"@type\":\"Article\",\"@id\":\"http:\\\/\\\/minutocerord.com\\\/?p=6317#article\",\"isPartOf\":{\"@id\":\"http:\\\/\\\/minutocerord.com\\\/?p=6317\"},\"author\":{\"name\":\"Genof\u00f3ntes Urb\u00e1ez\",\"@id\":\"https:\\\/\\\/minutocerord.com\\\/#\\\/schema\\\/person\\\/60b5372d60aaa0a5171fb6488be9aee6\"},\"headline\":\"Polic\u00eda abate asaltante y apresa otro en la comunicad de Guerra\",\"datePublished\":\"2021-10-13T14:14:41+00:00\",\"dateModified\":\"2021-10-13T14:14:44+00:00\",\"mainEntityOfPage\":{\"@id\":\"http:\\\/\\\/minutocerord.com\\\/?p=6317\"},\"wordCount\":319,\"commentCount\":0,\"publisher\":{\"@id\":\"https:\\\/\\\/minutocerord.com\\\/#\\\/schema\\\/person\\\/60b5372d60aaa0a5171fb6488be9aee6\"},\"image\":{\"@id\":\"http:\\\/\\\/minutocerord.com\\\/?p=6317#primaryimage\"},\"thumbnailUrl\":\"https:\\\/\\\/i0.wp.com\\\/minutocerord.com\\\/wp-content\\\/uploads\\\/2021\\\/10\\\/Bryan-Martinez.jpg?fit=595%2C337&ssl=1\",\"articleSection\":[\"Municipio\"],\"inLanguage\":\"es-DO\",\"potentialAction\":[{\"@type\":\"CommentAction\",\"name\":\"Comment\",\"target\":[\"http:\\\/\\\/minutocerord.com\\\/?p=6317#respond\"]}]},{\"@type\":\"WebPage\",\"@id\":\"http:\\\/\\\/minutocerord.com\\\/?p=6317\",\"url\":\"http:\\\/\\\/minutocerord.com\\\/?p=6317\",\"name\":\"Polic\u00eda abate asaltante y apresa otro en la comunicad de Guerra - Minuto Cero RD\",\"isPartOf\":{\"@id\":\"https:\\\/\\\/minutocerord.com\\\/#website\"},\"primaryImageOfPage\":{\"@id\":\"http:\\\/\\\/minutocerord.com\\\/?p=6317#primaryimage\"},\"image\":{\"@id\":\"http:\\\/\\\/minutocerord.com\\\/?p=6317#primaryimage\"},\"thumbnailUrl\":\"https:\\\/\\\/i0.wp.com\\\/minutocerord.com\\\/wp-content\\\/uploads\\\/2021\\\/10\\\/Bryan-Martinez.jpg?fit=595%2C337&ssl=1\",\"datePublished\":\"2021-10-13T14:14:41+00:00\",\"dateModified\":\"2021-10-13T14:14:44+00:00\",\"breadcrumb\":{\"@id\":\"http:\\\/\\\/minutocerord.com\\\/?p=6317#breadcrumb\"},\"inLanguage\":\"es-DO\",\"potentialAction\":[{\"@type\":\"ReadAction\",\"target\":[\"http:\\\/\\\/minutocerord.com\\\/?p=6317\"]}]},{\"@type\":\"ImageObject\",\"inLanguage\":\"es-DO\",\"@id\":\"http:\\\/\\\/minutocerord.com\\\/?p=6317#primaryimage\",\"url\":\"https:\\\/\\\/i0.wp.com\\\/minutocerord.com\\\/wp-content\\\/uploads\\\/2021\\\/10\\\/Bryan-Martinez.jpg?fit=595%2C337&ssl=1\",\"contentUrl\":\"https:\\\/\\\/i0.wp.com\\\/minutocerord.com\\\/wp-content\\\/uploads\\\/2021\\\/10\\\/Bryan-Martinez.jpg?fit=595%2C337&ssl=1\",\"width\":595,\"height\":337},{\"@type\":\"BreadcrumbList\",\"@id\":\"http:\\\/\\\/minutocerord.com\\\/?p=6317#breadcrumb\",\"itemListElement\":[{\"@type\":\"ListItem\",\"position\":1,\"name\":\"Home\",\"item\":\"https:\\\/\\\/minutocerord.com\\\/\"},{\"@type\":\"ListItem\",\"position\":2,\"name\":\"Polic\u00eda abate asaltante y apresa otro en la comunicad de Guerra\"}]},{\"@type\":\"WebSite\",\"@id\":\"https:\\\/\\\/minutocerord.com\\\/#website\",\"url\":\"https:\\\/\\\/minutocerord.com\\\/\",\"name\":\"Minuto Cero RD\",\"description\":\"Periodismo serio y veraz\",\"publisher\":{\"@id\":\"https:\\\/\\\/minutocerord.com\\\/#\\\/schema\\\/person\\\/60b5372d60aaa0a5171fb6488be9aee6\"},\"potentialAction\":[{\"@type\":\"SearchAction\",\"target\":{\"@type\":\"EntryPoint\",\"urlTemplate\":\"https:\\\/\\\/minutocerord.com\\\/?s={search_term_string}\"},\"query-input\":{\"@type\":\"PropertyValueSpecification\",\"valueRequired\":true,\"valueName\":\"search_term_string\"}}],\"inLanguage\":\"es-DO\"},{\"@type\":[\"Person\",\"Organization\"],\"@id\":\"https:\\\/\\\/minutocerord.com\\\/#\\\/schema\\\/person\\\/60b5372d60aaa0a5171fb6488be9aee6\",\"name\":\"Genof\u00f3ntes Urb\u00e1ez\",\"image\":{\"@type\":\"ImageObject\",\"inLanguage\":\"es-DO\",\"@id\":\"https:\\\/\\\/secure.gravatar.com\\\/avatar\\\/a49ef3186a692098ac3e8a1612261e3ad70cf9e44553dff2929e67939a0ecb9d?s=96&d=identicon&r=g\",\"url\":\"https:\\\/\\\/secure.gravatar.com\\\/avatar\\\/a49ef3186a692098ac3e8a1612261e3ad70cf9e44553dff2929e67939a0ecb9d?s=96&d=identicon&r=g\",\"contentUrl\":\"https:\\\/\\\/secure.gravatar.com\\\/avatar\\\/a49ef3186a692098ac3e8a1612261e3ad70cf9e44553dff2929e67939a0ecb9d?s=96&d=identicon&r=g\",\"caption\":\"Genof\u00f3ntes Urb\u00e1ez\"},\"logo\":{\"@id\":\"https:\\\/\\\/secure.gravatar.com\\\/avatar\\\/a49ef3186a692098ac3e8a1612261e3ad70cf9e44553dff2929e67939a0ecb9d?s=96&d=identicon&r=g\"},\"description\":\"Periodista \\\/ Locutor\",\"sameAs\":[\"https:\\\/\\\/www.facebook.com\\\/Genofnotes\",\"https:\\\/\\\/www.instagram.com\\\/genofnotes\\\/\"]}]}<\/script>\n<!-- \/ Yoast SEO plugin. -->","yoast_head_json":{"title":"Polic\u00eda abate asaltante y apresa otro en la comunicad de Guerra - Minuto Cero RD","robots":{"index":"index","follow":"follow","max-snippet":"max-snippet:-1","max-image-preview":"max-image-preview:large","max-video-preview":"max-video-preview:-1"},"canonical":"http:\/\/minutocerord.com\/?p=6317","og_locale":"es_ES","og_type":"article","og_title":"Polic\u00eda abate asaltante y apresa otro en la comunicad de Guerra - Minuto Cero RD","og_description":"GUERRA, SDE.-\u00a0\u00a0Uno de tres\u00a0 alegados asaltantes fue abatido a tiros por agentes policiales y otro capturado por ciudadanos en una acci\u00f3n que conmovi\u00f3 este martes esta comunidad.Los delincuentes fueron perseguidos tras asaltar, golpear y despojar a un cabo policial de su arma de reglamento. Un tercero antisocial de nombre Chanty logr\u00f3 escapar, pero est\u00e1 siendo [&hellip;]","og_url":"http:\/\/minutocerord.com\/?p=6317","og_site_name":"Minuto Cero RD","article_publisher":"https:\/\/www.facebook.com\/Genofnotes","article_author":"https:\/\/www.facebook.com\/Genofnotes","article_published_time":"2021-10-13T14:14:41+00:00","article_modified_time":"2021-10-13T14:14:44+00:00","og_image":[{"width":595,"height":337,"url":"https:\/\/i0.wp.com\/minutocerord.com\/wp-content\/uploads\/2021\/10\/Bryan-Martinez.jpg?fit=595%2C337","type":"image\/jpeg"}],"author":"Genof\u00f3ntes Urb\u00e1ez","twitter_card":"summary_large_image","twitter_misc":{"Written by":"Genof\u00f3ntes Urb\u00e1ez","Est. reading time":"2 minutos"},"schema":{"@context":"https:\/\/schema.org","@graph":[{"@type":"Article","@id":"http:\/\/minutocerord.com\/?p=6317#article","isPartOf":{"@id":"http:\/\/minutocerord.com\/?p=6317"},"author":{"name":"Genof\u00f3ntes Urb\u00e1ez","@id":"https:\/\/minutocerord.com\/#\/schema\/person\/60b5372d60aaa0a5171fb6488be9aee6"},"headline":"Polic\u00eda abate asaltante y apresa otro en la comunicad de Guerra","datePublished":"2021-10-13T14:14:41+00:00","dateModified":"2021-10-13T14:14:44+00:00","mainEntityOfPage":{"@id":"http:\/\/minutocerord.com\/?p=6317"},"wordCount":319,"commentCount":0,"publisher":{"@id":"https:\/\/minutocerord.com\/#\/schema\/person\/60b5372d60aaa0a5171fb6488be9aee6"},"image":{"@id":"http:\/\/minutocerord.com\/?p=6317#primaryimage"},"thumbnailUrl":"https:\/\/i0.wp.com\/minutocerord.com\/wp-content\/uploads\/2021\/10\/Bryan-Martinez.jpg?fit=595%2C337&ssl=1","articleSection":["Municipio"],"inLanguage":"es-DO","potentialAction":[{"@type":"CommentAction","name":"Comment","target":["http:\/\/minutocerord.com\/?p=6317#respond"]}]},{"@type":"WebPage","@id":"http:\/\/minutocerord.com\/?p=6317","url":"http:\/\/minutocerord.com\/?p=6317","name":"Polic\u00eda abate asaltante y apresa otro en la comunicad de Guerra - Minuto Cero RD","isPartOf":{"@id":"https:\/\/minutocerord.com\/#website"},"primaryImageOfPage":{"@id":"http:\/\/minutocerord.com\/?p=6317#primaryimage"},"image":{"@id":"http:\/\/minutocerord.com\/?p=6317#primaryimage"},"thumbnailUrl":"https:\/\/i0.wp.com\/minutocerord.com\/wp-content\/uploads\/2021\/10\/Bryan-Martinez.jpg?fit=595%2C337&ssl=1","datePublished":"2021-10-13T14:14:41+00:00","dateModified":"2021-10-13T14:14:44+00:00","breadcrumb":{"@id":"http:\/\/minutocerord.com\/?p=6317#breadcrumb"},"inLanguage":"es-DO","potentialAction":[{"@type":"ReadAction","target":["http:\/\/minutocerord.com\/?p=6317"]}]},{"@type":"ImageObject","inLanguage":"es-DO","@id":"http:\/\/minutocerord.com\/?p=6317#primaryimage","url":"https:\/\/i0.wp.com\/minutocerord.com\/wp-content\/uploads\/2021\/10\/Bryan-Martinez.jpg?fit=595%2C337&ssl=1","contentUrl":"https:\/\/i0.wp.com\/minutocerord.com\/wp-content\/uploads\/2021\/10\/Bryan-Martinez.jpg?fit=595%2C337&ssl=1","width":595,"height":337},{"@type":"BreadcrumbList","@id":"http:\/\/minutocerord.com\/?p=6317#breadcrumb","itemListElement":[{"@type":"ListItem","position":1,"name":"Home","item":"https:\/\/minutocerord.com\/"},{"@type":"ListItem","position":2,"name":"Polic\u00eda abate asaltante y apresa otro en la comunicad de Guerra"}]},{"@type":"WebSite","@id":"https:\/\/minutocerord.com\/#website","url":"https:\/\/minutocerord.com\/","name":"Minuto Cero RD","description":"Periodismo serio y veraz","publisher":{"@id":"https:\/\/minutocerord.com\/#\/schema\/person\/60b5372d60aaa0a5171fb6488be9aee6"},"potentialAction":[{"@type":"SearchAction","target":{"@type":"EntryPoint","urlTemplate":"https:\/\/minutocerord.com\/?s={search_term_string}"},"query-input":{"@type":"PropertyValueSpecification","valueRequired":true,"valueName":"search_term_string"}}],"inLanguage":"es-DO"},{"@type":["Person","Organization"],"@id":"https:\/\/minutocerord.com\/#\/schema\/person\/60b5372d60aaa0a5171fb6488be9aee6","name":"Genof\u00f3ntes Urb\u00e1ez","image":{"@type":"ImageObject","inLanguage":"es-DO","@id":"https:\/\/secure.gravatar.com\/avatar\/a49ef3186a692098ac3e8a1612261e3ad70cf9e44553dff2929e67939a0ecb9d?s=96&d=identicon&r=g","url":"https:\/\/secure.gravatar.com\/avatar\/a49ef3186a692098ac3e8a1612261e3ad70cf9e44553dff2929e67939a0ecb9d?s=96&d=identicon&r=g","contentUrl":"https:\/\/secure.gravatar.com\/avatar\/a49ef3186a692098ac3e8a1612261e3ad70cf9e44553dff2929e67939a0ecb9d?s=96&d=identicon&r=g","caption":"Genof\u00f3ntes Urb\u00e1ez"},"logo":{"@id":"https:\/\/secure.gravatar.com\/avatar\/a49ef3186a692098ac3e8a1612261e3ad70cf9e44553dff2929e67939a0ecb9d?s=96&d=identicon&r=g"},"description":"Periodista \/ Locutor","sameAs":["https:\/\/www.facebook.com\/Genofnotes","https:\/\/www.instagram.com\/genofnotes\/"]}]}},"jetpack_publicize_connections":[],"jetpack_featured_media_url":"https:\/\/i0.wp.com\/minutocerord.com\/wp-content\/uploads\/2021\/10\/Bryan-Martinez.jpg?fit=595%2C337&ssl=1","jetpack-related-posts":[],"jetpack_sharing_enabled":true,"_links":{"self":[{"href":"https:\/\/minutocerord.com\/index.php?rest_route=\/wp\/v2\/posts\/6317","targetHints":{"allow":["GET"]}}],"collection":[{"href":"https:\/\/minutocerord.com\/index.php?rest_route=\/wp\/v2\/posts"}],"about":[{"href":"https:\/\/minutocerord.com\/index.php?rest_route=\/wp\/v2\/types\/post"}],"author":[{"embeddable":true,"href":"https:\/\/minutocerord.com\/index.php?rest_route=\/wp\/v2\/users\/1"}],"replies":[{"embeddable":true,"href":"https:\/\/minutocerord.com\/index.php?rest_route=%2Fwp%2Fv2%2Fcomments&post=6317"}],"version-history":[{"count":1,"href":"https:\/\/minutocerord.com\/index.php?rest_route=\/wp\/v2\/posts\/6317\/revisions"}],"predecessor-version":[{"id":6319,"href":"https:\/\/minutocerord.com\/index.php?rest_route=\/wp\/v2\/posts\/6317\/revisions\/6319"}],"wp:featuredmedia":[{"embeddable":true,"href":"https:\/\/minutocerord.com\/index.php?rest_route=\/wp\/v2\/media\/6318"}],"wp:attachment":[{"href":"https:\/\/minutocerord.com\/index.php?rest_route=%2Fwp%2Fv2%2Fmedia&parent=6317"}],"wp:term":[{"taxonomy":"category","embeddable":true,"href":"https:\/\/minutocerord.com\/index.php?rest_route=%2Fwp%2Fv2%2Fcategories&post=6317"},{"taxonomy":"post_tag","embeddable":true,"href":"https:\/\/minutocerord.com\/index.php?rest_route=%2Fwp%2Fv2%2Ftags&post=6317"}],"curies":[{"name":"wp","href":"https:\/\/api.w.org\/{rel}","templated":true}]}}