{"id":6657,"date":"2021-10-28T10:03:17","date_gmt":"2021-10-28T14:03:17","guid":{"rendered":"https:\/\/minutocerord.com\/?p=6657"},"modified":"2021-10-28T10:03:20","modified_gmt":"2021-10-28T14:03:20","slug":"mueren-tres-bomberos-al-tratar-de-sofocar-un-incendio-en-la-vega","status":"publish","type":"post","link":"https:\/\/minutocerord.com\/?p=6657","title":{"rendered":"Mueren tres bomberos al tratar de sofocar un incendio en La Vega"},"content":{"rendered":"\n<figure class=\"wp-block-embed is-type-rich is-provider-embed-handler wp-block-embed-embed-handler wp-embed-aspect-16-9 wp-has-aspect-ratio\"><div class=\"wp-block-embed__wrapper\">\n<div class=\"youtube-embed\" data-video_id=\"YyV848TOktM\"><iframe loading=\"lazy\" title=\"Lamentable! Estos son algunos de los bomberos fallecidos en incendio de La Vega\" width=\"640\" height=\"360\" src=\"https:\/\/www.youtube.com\/embed\/YyV848TOktM?feature=oembed&#038;enablejsapi=1\" frameborder=\"0\" allow=\"accelerometer; autoplay; clipboard-write; encrypted-media; gyroscope; picture-in-picture; web-share\" referrerpolicy=\"strict-origin-when-cross-origin\" allowfullscreen><\/iframe><\/div>\n<\/div><\/figure>\n\n\n\n<p>Tres bomberos fallecieron este mi\u00e9rcoles al quedar atrapados en el interior de una tienda en La Vega, cuando trataban de sofocar un incendio de gran magnitud, seg\u00fan informaron fuentes de organismos de emergencia.<\/p>\n\n\n\n<p>Los bomberos fallecidos fueron identificados como Olvis de Jes\u00fas Far\u00edas, Juan Mar\u00eda Concepci\u00f3n y Jos\u00e9 Luis Mojica.<\/p>\n\n\n\n<p>Al menos trece veh\u00edculos de bomberos de varias provincias acudieron a tratar de apagar el fuego, con el apoyo de cinco ambulancias del Sistema Nacional de Salud, una patrulla de la Polic\u00eda Nacional y una unidad del Ministerio de Obras P\u00fablicas, seg\u00fan informaciones del servicio de emergencias 911.<\/p>\n\n\n\n<p>El fuego se desencaden\u00f3 en horas de la tarde en la tienda textil Casa Mora, por razones todav\u00eda no informadas por las autoridades, lo que ocasion\u00f3 el desplome del techo del establecimiento comercial.<\/p>\n\n\n\n<p><strong>PRESIDENTE ABINADER LAMENTA<\/strong><\/p>\n\n\n\n<p>Inmediatamente el presidente Luis Abinader se enter\u00f3 de esta tragedia&nbsp; emiti\u00f3 en Twiter el siguiente mensaje:&nbsp; \u00abMuy lamentable la p\u00e9rdida de la vida de tres bomberos en el cumplimiento de su deber sofocando incendio en La Vega. Mis condolencias a sus familiares y paz a sus almas\u00bb.<\/p>\n\n\n\n<p><strong>SENADOR EMITE MENSAJE<\/strong><\/p>\n\n\n\n<div id=\"attachment_234300\" class=\"wp-block-image\"><figure class=\"alignright\"><a href=\"https:\/\/i0.wp.com\/almomento.net\/wp-content\/uploads\/2016\/08\/rogelio-genao-e1516157643922.jpg?ssl=1\"><img data-recalc-dims=\"1\" decoding=\"async\" loading=\"lazy\" src=\"https:\/\/i0.wp.com\/almomento.net\/wp-content\/uploads\/2016\/08\/rogelio-genao-e1516157643922.jpg?w=640&#038;ssl=1\" alt=\"\" class=\"wp-image-234300\"\/><\/a><figcaption>Ram\u00f3n Rogelio Genao.<\/figcaption><\/figure><\/div>\n\n\n\n<p>Sobre este hecho el senador de la Vega por el Partido Reformista Social Cristiano, Ram\u00f3n Rogelio Genao, emiti\u00f3 el siguiente mensaje:<\/p>\n\n\n\n<p>\u00abEl incendio de la #CasaMora nos roba 3 nobles j\u00f3venes bomberos Veganos, que tras pasar por el martirio se convierten en nuevos h\u00e9roes: Yunior Concepci\u00f3n, Jos\u00e9 Luis Mojica y Olvis de Jes\u00fas (Faria) Quezada.Pero sobre todo destapa la situaci\u00f3n vergonzosamente calamitosa que viven nuestros Cuerpos de Bomberos y la Impostergable necesidad de que el Estado dignifique la funci\u00f3n de Bomberos y de apoyo presupuestario a los que protegen bienes ajenos y arriesgan permanentemente sus vidas por salvar las vidas de otros como hoy en La Vega.&nbsp;Como Legislador me comprometo a impulsar acciones en esa direcci\u00f3n, llamo al Presidente Luis Abinader a los empresarios y la clase pol\u00edtica en sentido general, a que tomemos esta tragedia para poner en primer plano a los Bomberos Dominicanos. Con triste Pesar presento mis condolencias a todos!\u00bb..of-am<\/p>\n\n\n\n<figure class=\"wp-block-embed is-type-rich is-provider-embed-handler wp-block-embed-embed-handler wp-embed-aspect-16-9 wp-has-aspect-ratio\"><div class=\"wp-block-embed__wrapper\">\nhttps:\/\/youtube.com\/watch?v=3mSg9mYGSzw\n<\/div><\/figure>\n","protected":false},"excerpt":{"rendered":"<p>Tres bomberos fallecieron este mi\u00e9rcoles al quedar atrapados en el interior de una tienda en La Vega, cuando trataban de sofocar un incendio de gran magnitud, seg\u00fan informaron fuentes de organismos de emergencia. Los bomberos fallecidos fueron identificados como Olvis de Jes\u00fas Far\u00edas, Juan Mar\u00eda Concepci\u00f3n y Jos\u00e9 Luis Mojica. Al menos trece veh\u00edculos de [&hellip;]<\/p>\n","protected":false},"author":1,"featured_media":6660,"comment_status":"open","ping_status":"open","sticky":false,"template":"","format":"standard","meta":{"nf_dc_page":"","jetpack_post_was_ever_published":false,"_jetpack_newsletter_access":"","_jetpack_dont_email_post_to_subs":false,"_jetpack_newsletter_tier_id":0,"_jetpack_memberships_contains_paywalled_content":false,"_jetpack_memberships_contains_paid_content":false,"footnotes":"","jetpack_publicize_message":"","jetpack_publicize_feature_enabled":true,"jetpack_social_post_already_shared":false,"jetpack_social_options":{"image_generator_settings":{"template":"highway","default_image_id":0,"font":"","enabled":false},"version":2}},"categories":[103],"tags":[],"class_list":["post-6657","post","type-post","status-publish","format-standard","has-post-thumbnail","hentry","category-municipio"],"yoast_head":"<!-- This site is optimized with the Yoast SEO plugin v27.4 - https:\/\/yoast.com\/product\/yoast-seo-wordpress\/ -->\n<title>Mueren tres bomberos al tratar de sofocar un incendio en La Vega - Minuto Cero RD<\/title>\n<meta name=\"robots\" content=\"index, follow, max-snippet:-1, max-image-preview:large, max-video-preview:-1\" \/>\n<link rel=\"canonical\" href=\"https:\/\/minutocerord.com\/?p=6657\" \/>\n<meta property=\"og:locale\" content=\"es_ES\" \/>\n<meta property=\"og:type\" content=\"article\" \/>\n<meta property=\"og:title\" content=\"Mueren tres bomberos al tratar de sofocar un incendio en La Vega - Minuto Cero RD\" \/>\n<meta property=\"og:description\" content=\"Tres bomberos fallecieron este mi\u00e9rcoles al quedar atrapados en el interior de una tienda en La Vega, cuando trataban de sofocar un incendio de gran magnitud, seg\u00fan informaron fuentes de organismos de emergencia. Los bomberos fallecidos fueron identificados como Olvis de Jes\u00fas Far\u00edas, Juan Mar\u00eda Concepci\u00f3n y Jos\u00e9 Luis Mojica. Al menos trece veh\u00edculos de [&hellip;]\" \/>\n<meta property=\"og:url\" content=\"https:\/\/minutocerord.com\/?p=6657\" \/>\n<meta property=\"og:site_name\" content=\"Minuto Cero RD\" \/>\n<meta property=\"article:publisher\" content=\"https:\/\/www.facebook.com\/Genofnotes\" \/>\n<meta property=\"article:author\" content=\"https:\/\/www.facebook.com\/Genofnotes\" \/>\n<meta property=\"article:published_time\" content=\"2021-10-28T14:03:17+00:00\" \/>\n<meta property=\"article:modified_time\" content=\"2021-10-28T14:03:20+00:00\" \/>\n<meta property=\"og:image\" content=\"https:\/\/i0.wp.com\/minutocerord.com\/wp-content\/uploads\/2021\/10\/Imagenes-captadas-por-mnedios-locales-sobre-el-incendio-en-La-Vega-este-miercoles-38-octubre-2021.jpg?fit=886%2C348&ssl=1\" \/>\n\t<meta property=\"og:image:width\" content=\"886\" \/>\n\t<meta property=\"og:image:height\" content=\"348\" \/>\n\t<meta property=\"og:image:type\" content=\"image\/jpeg\" \/>\n<meta name=\"author\" content=\"Genof\u00f3ntes Urb\u00e1ez\" \/>\n<meta name=\"twitter:card\" content=\"summary_large_image\" \/>\n<meta name=\"twitter:label1\" content=\"Written by\" \/>\n\t<meta name=\"twitter:data1\" content=\"Genof\u00f3ntes Urb\u00e1ez\" \/>\n\t<meta name=\"twitter:label2\" content=\"Est. reading time\" \/>\n\t<meta name=\"twitter:data2\" content=\"2 minutos\" \/>\n<script type=\"application\/ld+json\" class=\"yoast-schema-graph\">{\"@context\":\"https:\\\/\\\/schema.org\",\"@graph\":[{\"@type\":\"Article\",\"@id\":\"https:\\\/\\\/minutocerord.com\\\/?p=6657#article\",\"isPartOf\":{\"@id\":\"https:\\\/\\\/minutocerord.com\\\/?p=6657\"},\"author\":{\"name\":\"Genof\u00f3ntes Urb\u00e1ez\",\"@id\":\"https:\\\/\\\/minutocerord.com\\\/#\\\/schema\\\/person\\\/60b5372d60aaa0a5171fb6488be9aee6\"},\"headline\":\"Mueren tres bomberos al tratar de sofocar un incendio en La Vega\",\"datePublished\":\"2021-10-28T14:03:17+00:00\",\"dateModified\":\"2021-10-28T14:03:20+00:00\",\"mainEntityOfPage\":{\"@id\":\"https:\\\/\\\/minutocerord.com\\\/?p=6657\"},\"wordCount\":392,\"commentCount\":0,\"publisher\":{\"@id\":\"https:\\\/\\\/minutocerord.com\\\/#\\\/schema\\\/person\\\/60b5372d60aaa0a5171fb6488be9aee6\"},\"image\":{\"@id\":\"https:\\\/\\\/minutocerord.com\\\/?p=6657#primaryimage\"},\"thumbnailUrl\":\"https:\\\/\\\/i0.wp.com\\\/minutocerord.com\\\/wp-content\\\/uploads\\\/2021\\\/10\\\/Imagenes-captadas-por-mnedios-locales-sobre-el-incendio-en-La-Vega-este-miercoles-38-octubre-2021.jpg?fit=886%2C348&ssl=1\",\"articleSection\":[\"Municipio\"],\"inLanguage\":\"es-DO\",\"potentialAction\":[{\"@type\":\"CommentAction\",\"name\":\"Comment\",\"target\":[\"https:\\\/\\\/minutocerord.com\\\/?p=6657#respond\"]}]},{\"@type\":\"WebPage\",\"@id\":\"https:\\\/\\\/minutocerord.com\\\/?p=6657\",\"url\":\"https:\\\/\\\/minutocerord.com\\\/?p=6657\",\"name\":\"Mueren tres bomberos al tratar de sofocar un incendio en La Vega - Minuto Cero RD\",\"isPartOf\":{\"@id\":\"https:\\\/\\\/minutocerord.com\\\/#website\"},\"primaryImageOfPage\":{\"@id\":\"https:\\\/\\\/minutocerord.com\\\/?p=6657#primaryimage\"},\"image\":{\"@id\":\"https:\\\/\\\/minutocerord.com\\\/?p=6657#primaryimage\"},\"thumbnailUrl\":\"https:\\\/\\\/i0.wp.com\\\/minutocerord.com\\\/wp-content\\\/uploads\\\/2021\\\/10\\\/Imagenes-captadas-por-mnedios-locales-sobre-el-incendio-en-La-Vega-este-miercoles-38-octubre-2021.jpg?fit=886%2C348&ssl=1\",\"datePublished\":\"2021-10-28T14:03:17+00:00\",\"dateModified\":\"2021-10-28T14:03:20+00:00\",\"breadcrumb\":{\"@id\":\"https:\\\/\\\/minutocerord.com\\\/?p=6657#breadcrumb\"},\"inLanguage\":\"es-DO\",\"potentialAction\":[{\"@type\":\"ReadAction\",\"target\":[\"https:\\\/\\\/minutocerord.com\\\/?p=6657\"]}]},{\"@type\":\"ImageObject\",\"inLanguage\":\"es-DO\",\"@id\":\"https:\\\/\\\/minutocerord.com\\\/?p=6657#primaryimage\",\"url\":\"https:\\\/\\\/i0.wp.com\\\/minutocerord.com\\\/wp-content\\\/uploads\\\/2021\\\/10\\\/Imagenes-captadas-por-mnedios-locales-sobre-el-incendio-en-La-Vega-este-miercoles-38-octubre-2021.jpg?fit=886%2C348&ssl=1\",\"contentUrl\":\"https:\\\/\\\/i0.wp.com\\\/minutocerord.com\\\/wp-content\\\/uploads\\\/2021\\\/10\\\/Imagenes-captadas-por-mnedios-locales-sobre-el-incendio-en-La-Vega-este-miercoles-38-octubre-2021.jpg?fit=886%2C348&ssl=1\",\"width\":886,\"height\":348},{\"@type\":\"BreadcrumbList\",\"@id\":\"https:\\\/\\\/minutocerord.com\\\/?p=6657#breadcrumb\",\"itemListElement\":[{\"@type\":\"ListItem\",\"position\":1,\"name\":\"Home\",\"item\":\"https:\\\/\\\/minutocerord.com\\\/\"},{\"@type\":\"ListItem\",\"position\":2,\"name\":\"Mueren tres bomberos al tratar de sofocar un incendio en La Vega\"}]},{\"@type\":\"WebSite\",\"@id\":\"https:\\\/\\\/minutocerord.com\\\/#website\",\"url\":\"https:\\\/\\\/minutocerord.com\\\/\",\"name\":\"Minuto Cero RD\",\"description\":\"Periodismo serio y veraz\",\"publisher\":{\"@id\":\"https:\\\/\\\/minutocerord.com\\\/#\\\/schema\\\/person\\\/60b5372d60aaa0a5171fb6488be9aee6\"},\"potentialAction\":[{\"@type\":\"SearchAction\",\"target\":{\"@type\":\"EntryPoint\",\"urlTemplate\":\"https:\\\/\\\/minutocerord.com\\\/?s={search_term_string}\"},\"query-input\":{\"@type\":\"PropertyValueSpecification\",\"valueRequired\":true,\"valueName\":\"search_term_string\"}}],\"inLanguage\":\"es-DO\"},{\"@type\":[\"Person\",\"Organization\"],\"@id\":\"https:\\\/\\\/minutocerord.com\\\/#\\\/schema\\\/person\\\/60b5372d60aaa0a5171fb6488be9aee6\",\"name\":\"Genof\u00f3ntes Urb\u00e1ez\",\"image\":{\"@type\":\"ImageObject\",\"inLanguage\":\"es-DO\",\"@id\":\"https:\\\/\\\/secure.gravatar.com\\\/avatar\\\/a49ef3186a692098ac3e8a1612261e3ad70cf9e44553dff2929e67939a0ecb9d?s=96&d=identicon&r=g\",\"url\":\"https:\\\/\\\/secure.gravatar.com\\\/avatar\\\/a49ef3186a692098ac3e8a1612261e3ad70cf9e44553dff2929e67939a0ecb9d?s=96&d=identicon&r=g\",\"contentUrl\":\"https:\\\/\\\/secure.gravatar.com\\\/avatar\\\/a49ef3186a692098ac3e8a1612261e3ad70cf9e44553dff2929e67939a0ecb9d?s=96&d=identicon&r=g\",\"caption\":\"Genof\u00f3ntes Urb\u00e1ez\"},\"logo\":{\"@id\":\"https:\\\/\\\/secure.gravatar.com\\\/avatar\\\/a49ef3186a692098ac3e8a1612261e3ad70cf9e44553dff2929e67939a0ecb9d?s=96&d=identicon&r=g\"},\"description\":\"Periodista \\\/ Locutor\",\"sameAs\":[\"https:\\\/\\\/www.facebook.com\\\/Genofnotes\",\"https:\\\/\\\/www.instagram.com\\\/genofnotes\\\/\"]}]}<\/script>\n<!-- \/ Yoast SEO plugin. -->","yoast_head_json":{"title":"Mueren tres bomberos al tratar de sofocar un incendio en La Vega - Minuto Cero RD","robots":{"index":"index","follow":"follow","max-snippet":"max-snippet:-1","max-image-preview":"max-image-preview:large","max-video-preview":"max-video-preview:-1"},"canonical":"https:\/\/minutocerord.com\/?p=6657","og_locale":"es_ES","og_type":"article","og_title":"Mueren tres bomberos al tratar de sofocar un incendio en La Vega - Minuto Cero RD","og_description":"Tres bomberos fallecieron este mi\u00e9rcoles al quedar atrapados en el interior de una tienda en La Vega, cuando trataban de sofocar un incendio de gran magnitud, seg\u00fan informaron fuentes de organismos de emergencia. Los bomberos fallecidos fueron identificados como Olvis de Jes\u00fas Far\u00edas, Juan Mar\u00eda Concepci\u00f3n y Jos\u00e9 Luis Mojica. Al menos trece veh\u00edculos de [&hellip;]","og_url":"https:\/\/minutocerord.com\/?p=6657","og_site_name":"Minuto Cero RD","article_publisher":"https:\/\/www.facebook.com\/Genofnotes","article_author":"https:\/\/www.facebook.com\/Genofnotes","article_published_time":"2021-10-28T14:03:17+00:00","article_modified_time":"2021-10-28T14:03:20+00:00","og_image":[{"width":886,"height":348,"url":"https:\/\/i0.wp.com\/minutocerord.com\/wp-content\/uploads\/2021\/10\/Imagenes-captadas-por-mnedios-locales-sobre-el-incendio-en-La-Vega-este-miercoles-38-octubre-2021.jpg?fit=886%2C348&ssl=1","type":"image\/jpeg"}],"author":"Genof\u00f3ntes Urb\u00e1ez","twitter_card":"summary_large_image","twitter_misc":{"Written by":"Genof\u00f3ntes Urb\u00e1ez","Est. reading time":"2 minutos"},"schema":{"@context":"https:\/\/schema.org","@graph":[{"@type":"Article","@id":"https:\/\/minutocerord.com\/?p=6657#article","isPartOf":{"@id":"https:\/\/minutocerord.com\/?p=6657"},"author":{"name":"Genof\u00f3ntes Urb\u00e1ez","@id":"https:\/\/minutocerord.com\/#\/schema\/person\/60b5372d60aaa0a5171fb6488be9aee6"},"headline":"Mueren tres bomberos al tratar de sofocar un incendio en La Vega","datePublished":"2021-10-28T14:03:17+00:00","dateModified":"2021-10-28T14:03:20+00:00","mainEntityOfPage":{"@id":"https:\/\/minutocerord.com\/?p=6657"},"wordCount":392,"commentCount":0,"publisher":{"@id":"https:\/\/minutocerord.com\/#\/schema\/person\/60b5372d60aaa0a5171fb6488be9aee6"},"image":{"@id":"https:\/\/minutocerord.com\/?p=6657#primaryimage"},"thumbnailUrl":"https:\/\/i0.wp.com\/minutocerord.com\/wp-content\/uploads\/2021\/10\/Imagenes-captadas-por-mnedios-locales-sobre-el-incendio-en-La-Vega-este-miercoles-38-octubre-2021.jpg?fit=886%2C348&ssl=1","articleSection":["Municipio"],"inLanguage":"es-DO","potentialAction":[{"@type":"CommentAction","name":"Comment","target":["https:\/\/minutocerord.com\/?p=6657#respond"]}]},{"@type":"WebPage","@id":"https:\/\/minutocerord.com\/?p=6657","url":"https:\/\/minutocerord.com\/?p=6657","name":"Mueren tres bomberos al tratar de sofocar un incendio en La Vega - Minuto Cero RD","isPartOf":{"@id":"https:\/\/minutocerord.com\/#website"},"primaryImageOfPage":{"@id":"https:\/\/minutocerord.com\/?p=6657#primaryimage"},"image":{"@id":"https:\/\/minutocerord.com\/?p=6657#primaryimage"},"thumbnailUrl":"https:\/\/i0.wp.com\/minutocerord.com\/wp-content\/uploads\/2021\/10\/Imagenes-captadas-por-mnedios-locales-sobre-el-incendio-en-La-Vega-este-miercoles-38-octubre-2021.jpg?fit=886%2C348&ssl=1","datePublished":"2021-10-28T14:03:17+00:00","dateModified":"2021-10-28T14:03:20+00:00","breadcrumb":{"@id":"https:\/\/minutocerord.com\/?p=6657#breadcrumb"},"inLanguage":"es-DO","potentialAction":[{"@type":"ReadAction","target":["https:\/\/minutocerord.com\/?p=6657"]}]},{"@type":"ImageObject","inLanguage":"es-DO","@id":"https:\/\/minutocerord.com\/?p=6657#primaryimage","url":"https:\/\/i0.wp.com\/minutocerord.com\/wp-content\/uploads\/2021\/10\/Imagenes-captadas-por-mnedios-locales-sobre-el-incendio-en-La-Vega-este-miercoles-38-octubre-2021.jpg?fit=886%2C348&ssl=1","contentUrl":"https:\/\/i0.wp.com\/minutocerord.com\/wp-content\/uploads\/2021\/10\/Imagenes-captadas-por-mnedios-locales-sobre-el-incendio-en-La-Vega-este-miercoles-38-octubre-2021.jpg?fit=886%2C348&ssl=1","width":886,"height":348},{"@type":"BreadcrumbList","@id":"https:\/\/minutocerord.com\/?p=6657#breadcrumb","itemListElement":[{"@type":"ListItem","position":1,"name":"Home","item":"https:\/\/minutocerord.com\/"},{"@type":"ListItem","position":2,"name":"Mueren tres bomberos al tratar de sofocar un incendio en La Vega"}]},{"@type":"WebSite","@id":"https:\/\/minutocerord.com\/#website","url":"https:\/\/minutocerord.com\/","name":"Minuto Cero RD","description":"Periodismo serio y veraz","publisher":{"@id":"https:\/\/minutocerord.com\/#\/schema\/person\/60b5372d60aaa0a5171fb6488be9aee6"},"potentialAction":[{"@type":"SearchAction","target":{"@type":"EntryPoint","urlTemplate":"https:\/\/minutocerord.com\/?s={search_term_string}"},"query-input":{"@type":"PropertyValueSpecification","valueRequired":true,"valueName":"search_term_string"}}],"inLanguage":"es-DO"},{"@type":["Person","Organization"],"@id":"https:\/\/minutocerord.com\/#\/schema\/person\/60b5372d60aaa0a5171fb6488be9aee6","name":"Genof\u00f3ntes Urb\u00e1ez","image":{"@type":"ImageObject","inLanguage":"es-DO","@id":"https:\/\/secure.gravatar.com\/avatar\/a49ef3186a692098ac3e8a1612261e3ad70cf9e44553dff2929e67939a0ecb9d?s=96&d=identicon&r=g","url":"https:\/\/secure.gravatar.com\/avatar\/a49ef3186a692098ac3e8a1612261e3ad70cf9e44553dff2929e67939a0ecb9d?s=96&d=identicon&r=g","contentUrl":"https:\/\/secure.gravatar.com\/avatar\/a49ef3186a692098ac3e8a1612261e3ad70cf9e44553dff2929e67939a0ecb9d?s=96&d=identicon&r=g","caption":"Genof\u00f3ntes Urb\u00e1ez"},"logo":{"@id":"https:\/\/secure.gravatar.com\/avatar\/a49ef3186a692098ac3e8a1612261e3ad70cf9e44553dff2929e67939a0ecb9d?s=96&d=identicon&r=g"},"description":"Periodista \/ Locutor","sameAs":["https:\/\/www.facebook.com\/Genofnotes","https:\/\/www.instagram.com\/genofnotes\/"]}]}},"jetpack_publicize_connections":[],"jetpack_featured_media_url":"https:\/\/i0.wp.com\/minutocerord.com\/wp-content\/uploads\/2021\/10\/Imagenes-captadas-por-mnedios-locales-sobre-el-incendio-en-La-Vega-este-miercoles-38-octubre-2021.jpg?fit=886%2C348&ssl=1","jetpack-related-posts":[],"jetpack_sharing_enabled":true,"_links":{"self":[{"href":"https:\/\/minutocerord.com\/index.php?rest_route=\/wp\/v2\/posts\/6657","targetHints":{"allow":["GET"]}}],"collection":[{"href":"https:\/\/minutocerord.com\/index.php?rest_route=\/wp\/v2\/posts"}],"about":[{"href":"https:\/\/minutocerord.com\/index.php?rest_route=\/wp\/v2\/types\/post"}],"author":[{"embeddable":true,"href":"https:\/\/minutocerord.com\/index.php?rest_route=\/wp\/v2\/users\/1"}],"replies":[{"embeddable":true,"href":"https:\/\/minutocerord.com\/index.php?rest_route=%2Fwp%2Fv2%2Fcomments&post=6657"}],"version-history":[{"count":1,"href":"https:\/\/minutocerord.com\/index.php?rest_route=\/wp\/v2\/posts\/6657\/revisions"}],"predecessor-version":[{"id":6661,"href":"https:\/\/minutocerord.com\/index.php?rest_route=\/wp\/v2\/posts\/6657\/revisions\/6661"}],"wp:featuredmedia":[{"embeddable":true,"href":"https:\/\/minutocerord.com\/index.php?rest_route=\/wp\/v2\/media\/6660"}],"wp:attachment":[{"href":"https:\/\/minutocerord.com\/index.php?rest_route=%2Fwp%2Fv2%2Fmedia&parent=6657"}],"wp:term":[{"taxonomy":"category","embeddable":true,"href":"https:\/\/minutocerord.com\/index.php?rest_route=%2Fwp%2Fv2%2Fcategories&post=6657"},{"taxonomy":"post_tag","embeddable":true,"href":"https:\/\/minutocerord.com\/index.php?rest_route=%2Fwp%2Fv2%2Ftags&post=6657"}],"curies":[{"name":"wp","href":"https:\/\/api.w.org\/{rel}","templated":true}]}}