{"id":7350,"date":"2022-01-10T18:58:23","date_gmt":"2022-01-10T22:58:23","guid":{"rendered":"https:\/\/minutocerord.com\/?p=7350"},"modified":"2022-01-10T18:58:27","modified_gmt":"2022-01-10T22:58:27","slug":"adp-llama-a-sus-miembros-a-no-reintegrarse-a-clases-este-martes","status":"publish","type":"post","link":"https:\/\/minutocerord.com\/?p=7350","title":{"rendered":"ADP llama a sus miembros a no reintegrarse a clases este martes"},"content":{"rendered":"\n<figure class=\"wp-block-embed is-type-video is-provider-youtube wp-block-embed-youtube wp-embed-aspect-16-9 wp-has-aspect-ratio\"><div class=\"wp-block-embed__wrapper\">\n<iframe loading=\"lazy\" title=\"ADP llama a los profesores a no reintegrase a las aulas\" width=\"640\" height=\"360\" src=\"https:\/\/www.youtube.com\/embed\/4ojfQUW7bO8?feature=oembed\" frameborder=\"0\" allow=\"accelerometer; autoplay; clipboard-write; encrypted-media; gyroscope; picture-in-picture; web-share\" referrerpolicy=\"strict-origin-when-cross-origin\" allowfullscreen><\/iframe>\n<\/div><\/figure>\n\n\n\n<p><strong>SANTO DOMINGO.-\u00a0<\/strong>\u00a0La Asociaci\u00f3n Dominicana de Profesores (ADP) inst\u00f3 a sus miembros a no acatar el llamado del Ministerio de Educaci\u00f3n a reintegrarse a las aulas este martes.<\/p>\n\n\n\n<p>Aleg\u00f3 que en el pa\u00eds no hay condiciones m\u00ednimas para impartir docencia de manera presencial<\/p>\n\n\n\n<p>\u201cLlamamos a todos nuestros afiliados, directores, equipo de gesti\u00f3n, maestros y orientadores y&nbsp;sic\u00f3logos a no integrarse a las aulas antes del 31 de enero de 2022. En este espacio de tiempo, la ADP pone todas sus estructuras para una coordinaci\u00f3n entre el Minerd, Salud P\u00fablica, Colegio M\u00e9dico, sociedades especializadas y otras entidades especiales para contribuir y crear las condiciones para un retorno a clases de manera segura\u201d, dijo en rueda de Eduardo Hidalgo, presidente de la ADP.<\/p>\n\n\n\n<p>Denunci\u00f3 que \u00ab10,011 de nuestros educadores presentan s\u00edntomas del virus\u00bb.<\/p>\n\n\n\n<p>Revel\u00f3 que una encuesta&nbsp;realizada de manera digital entre docentes de los 122 distritos educativos arroj\u00f3 que&nbsp;&nbsp;3,370 (33.7%) presentan fiebre, 5,699 (57%) presentan tos, 4,991 (49.9%) presentan secreci\u00f3n nasal, 3,945 (39.5%) presentan malestar del cuerpo, 990 (9.9%) presentan p\u00e9rdida del gusto y del olfato y 1,475 (14.8%) tienen dificultad para respirar.<\/p>\n\n\n\n<p>\u00abDe igual manera, 1,954 (19.5%) maestros presentan dolor de pecho, 4,127 (41.3%) dolor de garganta, 5,385 (53.8%) fatiga, 2,433 (24.3%) tienen diarrea,1,281 (12.8%) erupci\u00f3n cut\u00e1nea, 182 (1.8%), presentan ojos rojos o irritados, 1,515 (15.2 %), presentan p\u00e9rdida de la movilidad, 2,052 (20.5%) y 250 (2.5%) presenta otros tipos de s\u00edntomas\u00bb, agreg\u00f3.<\/p>\n","protected":false},"excerpt":{"rendered":"<p>SANTO DOMINGO.-\u00a0\u00a0La Asociaci\u00f3n Dominicana de Profesores (ADP) inst\u00f3 a sus miembros a no acatar el llamado del Ministerio de Educaci\u00f3n a reintegrarse a las aulas este martes. Aleg\u00f3 que en el pa\u00eds no hay condiciones m\u00ednimas para impartir docencia de manera presencial \u201cLlamamos a todos nuestros afiliados, directores, equipo de gesti\u00f3n, maestros y orientadores y&nbsp;sic\u00f3logos [&hellip;]<\/p>\n","protected":false},"author":1,"featured_media":7351,"comment_status":"open","ping_status":"open","sticky":false,"template":"","format":"standard","meta":{"nf_dc_page":"","jetpack_post_was_ever_published":false,"_jetpack_newsletter_access":"","_jetpack_dont_email_post_to_subs":false,"_jetpack_newsletter_tier_id":0,"_jetpack_memberships_contains_paywalled_content":false,"_jetpack_memberships_contains_paid_content":false,"footnotes":"","jetpack_publicize_message":"","jetpack_publicize_feature_enabled":true,"jetpack_social_post_already_shared":false,"jetpack_social_options":{"image_generator_settings":{"template":"highway","default_image_id":0,"font":"","enabled":false},"version":2}},"categories":[65],"tags":[],"class_list":["post-7350","post","type-post","status-publish","format-standard","has-post-thumbnail","hentry","category-nacionales"],"yoast_head":"<!-- This site is optimized with the Yoast SEO plugin v27.4 - https:\/\/yoast.com\/product\/yoast-seo-wordpress\/ -->\n<title>ADP llama a sus miembros a no reintegrarse a clases este martes - Minuto Cero RD<\/title>\n<meta name=\"robots\" content=\"index, follow, max-snippet:-1, max-image-preview:large, max-video-preview:-1\" \/>\n<link rel=\"canonical\" href=\"http:\/\/minutocerord.com\/?p=7350\" \/>\n<meta property=\"og:locale\" content=\"es_ES\" \/>\n<meta property=\"og:type\" content=\"article\" \/>\n<meta property=\"og:title\" content=\"ADP llama a sus miembros a no reintegrarse a clases este martes - Minuto Cero RD\" \/>\n<meta property=\"og:description\" content=\"SANTO DOMINGO.-\u00a0\u00a0La Asociaci\u00f3n Dominicana de Profesores (ADP) inst\u00f3 a sus miembros a no acatar el llamado del Ministerio de Educaci\u00f3n a reintegrarse a las aulas este martes. Aleg\u00f3 que en el pa\u00eds no hay condiciones m\u00ednimas para impartir docencia de manera presencial \u201cLlamamos a todos nuestros afiliados, directores, equipo de gesti\u00f3n, maestros y orientadores y&nbsp;sic\u00f3logos [&hellip;]\" \/>\n<meta property=\"og:url\" content=\"http:\/\/minutocerord.com\/?p=7350\" \/>\n<meta property=\"og:site_name\" content=\"Minuto Cero RD\" \/>\n<meta property=\"article:publisher\" content=\"https:\/\/www.facebook.com\/Genofnotes\" \/>\n<meta property=\"article:author\" content=\"https:\/\/www.facebook.com\/Genofnotes\" \/>\n<meta property=\"article:published_time\" content=\"2022-01-10T22:58:23+00:00\" \/>\n<meta property=\"article:modified_time\" content=\"2022-01-10T22:58:27+00:00\" \/>\n<meta property=\"og:image\" content=\"https:\/\/i0.wp.com\/minutocerord.com\/wp-content\/uploads\/2022\/01\/adp.jpg?fit=469%2C231\" \/>\n\t<meta property=\"og:image:width\" content=\"469\" \/>\n\t<meta property=\"og:image:height\" content=\"231\" \/>\n\t<meta property=\"og:image:type\" content=\"image\/jpeg\" \/>\n<meta name=\"author\" content=\"Genof\u00f3ntes Urb\u00e1ez\" \/>\n<meta name=\"twitter:card\" content=\"summary_large_image\" \/>\n<meta name=\"twitter:label1\" content=\"Written by\" \/>\n\t<meta name=\"twitter:data1\" content=\"Genof\u00f3ntes Urb\u00e1ez\" \/>\n\t<meta name=\"twitter:label2\" content=\"Est. reading time\" \/>\n\t<meta name=\"twitter:data2\" content=\"2 minutos\" \/>\n<script type=\"application\/ld+json\" class=\"yoast-schema-graph\">{\"@context\":\"https:\\\/\\\/schema.org\",\"@graph\":[{\"@type\":\"Article\",\"@id\":\"http:\\\/\\\/minutocerord.com\\\/?p=7350#article\",\"isPartOf\":{\"@id\":\"http:\\\/\\\/minutocerord.com\\\/?p=7350\"},\"author\":{\"name\":\"Genof\u00f3ntes Urb\u00e1ez\",\"@id\":\"https:\\\/\\\/minutocerord.com\\\/#\\\/schema\\\/person\\\/60b5372d60aaa0a5171fb6488be9aee6\"},\"headline\":\"ADP llama a sus miembros a no reintegrarse a clases este martes\",\"datePublished\":\"2022-01-10T22:58:23+00:00\",\"dateModified\":\"2022-01-10T22:58:27+00:00\",\"mainEntityOfPage\":{\"@id\":\"http:\\\/\\\/minutocerord.com\\\/?p=7350\"},\"wordCount\":238,\"commentCount\":0,\"publisher\":{\"@id\":\"https:\\\/\\\/minutocerord.com\\\/#\\\/schema\\\/person\\\/60b5372d60aaa0a5171fb6488be9aee6\"},\"image\":{\"@id\":\"http:\\\/\\\/minutocerord.com\\\/?p=7350#primaryimage\"},\"thumbnailUrl\":\"https:\\\/\\\/i0.wp.com\\\/minutocerord.com\\\/wp-content\\\/uploads\\\/2022\\\/01\\\/adp.jpg?fit=469%2C231&ssl=1\",\"articleSection\":[\"Nacionales\"],\"inLanguage\":\"es-DO\",\"potentialAction\":[{\"@type\":\"CommentAction\",\"name\":\"Comment\",\"target\":[\"http:\\\/\\\/minutocerord.com\\\/?p=7350#respond\"]}]},{\"@type\":\"WebPage\",\"@id\":\"http:\\\/\\\/minutocerord.com\\\/?p=7350\",\"url\":\"http:\\\/\\\/minutocerord.com\\\/?p=7350\",\"name\":\"ADP llama a sus miembros a no reintegrarse a clases este martes - Minuto Cero RD\",\"isPartOf\":{\"@id\":\"https:\\\/\\\/minutocerord.com\\\/#website\"},\"primaryImageOfPage\":{\"@id\":\"http:\\\/\\\/minutocerord.com\\\/?p=7350#primaryimage\"},\"image\":{\"@id\":\"http:\\\/\\\/minutocerord.com\\\/?p=7350#primaryimage\"},\"thumbnailUrl\":\"https:\\\/\\\/i0.wp.com\\\/minutocerord.com\\\/wp-content\\\/uploads\\\/2022\\\/01\\\/adp.jpg?fit=469%2C231&ssl=1\",\"datePublished\":\"2022-01-10T22:58:23+00:00\",\"dateModified\":\"2022-01-10T22:58:27+00:00\",\"breadcrumb\":{\"@id\":\"http:\\\/\\\/minutocerord.com\\\/?p=7350#breadcrumb\"},\"inLanguage\":\"es-DO\",\"potentialAction\":[{\"@type\":\"ReadAction\",\"target\":[\"http:\\\/\\\/minutocerord.com\\\/?p=7350\"]}]},{\"@type\":\"ImageObject\",\"inLanguage\":\"es-DO\",\"@id\":\"http:\\\/\\\/minutocerord.com\\\/?p=7350#primaryimage\",\"url\":\"https:\\\/\\\/i0.wp.com\\\/minutocerord.com\\\/wp-content\\\/uploads\\\/2022\\\/01\\\/adp.jpg?fit=469%2C231&ssl=1\",\"contentUrl\":\"https:\\\/\\\/i0.wp.com\\\/minutocerord.com\\\/wp-content\\\/uploads\\\/2022\\\/01\\\/adp.jpg?fit=469%2C231&ssl=1\",\"width\":469,\"height\":231},{\"@type\":\"BreadcrumbList\",\"@id\":\"http:\\\/\\\/minutocerord.com\\\/?p=7350#breadcrumb\",\"itemListElement\":[{\"@type\":\"ListItem\",\"position\":1,\"name\":\"Home\",\"item\":\"https:\\\/\\\/minutocerord.com\\\/\"},{\"@type\":\"ListItem\",\"position\":2,\"name\":\"ADP llama a sus miembros a no reintegrarse a clases este martes\"}]},{\"@type\":\"WebSite\",\"@id\":\"https:\\\/\\\/minutocerord.com\\\/#website\",\"url\":\"https:\\\/\\\/minutocerord.com\\\/\",\"name\":\"Minuto Cero RD\",\"description\":\"Periodismo serio y veraz\",\"publisher\":{\"@id\":\"https:\\\/\\\/minutocerord.com\\\/#\\\/schema\\\/person\\\/60b5372d60aaa0a5171fb6488be9aee6\"},\"potentialAction\":[{\"@type\":\"SearchAction\",\"target\":{\"@type\":\"EntryPoint\",\"urlTemplate\":\"https:\\\/\\\/minutocerord.com\\\/?s={search_term_string}\"},\"query-input\":{\"@type\":\"PropertyValueSpecification\",\"valueRequired\":true,\"valueName\":\"search_term_string\"}}],\"inLanguage\":\"es-DO\"},{\"@type\":[\"Person\",\"Organization\"],\"@id\":\"https:\\\/\\\/minutocerord.com\\\/#\\\/schema\\\/person\\\/60b5372d60aaa0a5171fb6488be9aee6\",\"name\":\"Genof\u00f3ntes Urb\u00e1ez\",\"image\":{\"@type\":\"ImageObject\",\"inLanguage\":\"es-DO\",\"@id\":\"https:\\\/\\\/secure.gravatar.com\\\/avatar\\\/a49ef3186a692098ac3e8a1612261e3ad70cf9e44553dff2929e67939a0ecb9d?s=96&d=identicon&r=g\",\"url\":\"https:\\\/\\\/secure.gravatar.com\\\/avatar\\\/a49ef3186a692098ac3e8a1612261e3ad70cf9e44553dff2929e67939a0ecb9d?s=96&d=identicon&r=g\",\"contentUrl\":\"https:\\\/\\\/secure.gravatar.com\\\/avatar\\\/a49ef3186a692098ac3e8a1612261e3ad70cf9e44553dff2929e67939a0ecb9d?s=96&d=identicon&r=g\",\"caption\":\"Genof\u00f3ntes Urb\u00e1ez\"},\"logo\":{\"@id\":\"https:\\\/\\\/secure.gravatar.com\\\/avatar\\\/a49ef3186a692098ac3e8a1612261e3ad70cf9e44553dff2929e67939a0ecb9d?s=96&d=identicon&r=g\"},\"description\":\"Periodista \\\/ Locutor\",\"sameAs\":[\"https:\\\/\\\/www.facebook.com\\\/Genofnotes\",\"https:\\\/\\\/www.instagram.com\\\/genofnotes\\\/\"]}]}<\/script>\n<!-- \/ Yoast SEO plugin. -->","yoast_head_json":{"title":"ADP llama a sus miembros a no reintegrarse a clases este martes - Minuto Cero RD","robots":{"index":"index","follow":"follow","max-snippet":"max-snippet:-1","max-image-preview":"max-image-preview:large","max-video-preview":"max-video-preview:-1"},"canonical":"http:\/\/minutocerord.com\/?p=7350","og_locale":"es_ES","og_type":"article","og_title":"ADP llama a sus miembros a no reintegrarse a clases este martes - Minuto Cero RD","og_description":"SANTO DOMINGO.-\u00a0\u00a0La Asociaci\u00f3n Dominicana de Profesores (ADP) inst\u00f3 a sus miembros a no acatar el llamado del Ministerio de Educaci\u00f3n a reintegrarse a las aulas este martes. Aleg\u00f3 que en el pa\u00eds no hay condiciones m\u00ednimas para impartir docencia de manera presencial \u201cLlamamos a todos nuestros afiliados, directores, equipo de gesti\u00f3n, maestros y orientadores y&nbsp;sic\u00f3logos [&hellip;]","og_url":"http:\/\/minutocerord.com\/?p=7350","og_site_name":"Minuto Cero RD","article_publisher":"https:\/\/www.facebook.com\/Genofnotes","article_author":"https:\/\/www.facebook.com\/Genofnotes","article_published_time":"2022-01-10T22:58:23+00:00","article_modified_time":"2022-01-10T22:58:27+00:00","og_image":[{"width":469,"height":231,"url":"https:\/\/i0.wp.com\/minutocerord.com\/wp-content\/uploads\/2022\/01\/adp.jpg?fit=469%2C231","type":"image\/jpeg"}],"author":"Genof\u00f3ntes Urb\u00e1ez","twitter_card":"summary_large_image","twitter_misc":{"Written by":"Genof\u00f3ntes Urb\u00e1ez","Est. reading time":"2 minutos"},"schema":{"@context":"https:\/\/schema.org","@graph":[{"@type":"Article","@id":"http:\/\/minutocerord.com\/?p=7350#article","isPartOf":{"@id":"http:\/\/minutocerord.com\/?p=7350"},"author":{"name":"Genof\u00f3ntes Urb\u00e1ez","@id":"https:\/\/minutocerord.com\/#\/schema\/person\/60b5372d60aaa0a5171fb6488be9aee6"},"headline":"ADP llama a sus miembros a no reintegrarse a clases este martes","datePublished":"2022-01-10T22:58:23+00:00","dateModified":"2022-01-10T22:58:27+00:00","mainEntityOfPage":{"@id":"http:\/\/minutocerord.com\/?p=7350"},"wordCount":238,"commentCount":0,"publisher":{"@id":"https:\/\/minutocerord.com\/#\/schema\/person\/60b5372d60aaa0a5171fb6488be9aee6"},"image":{"@id":"http:\/\/minutocerord.com\/?p=7350#primaryimage"},"thumbnailUrl":"https:\/\/i0.wp.com\/minutocerord.com\/wp-content\/uploads\/2022\/01\/adp.jpg?fit=469%2C231&ssl=1","articleSection":["Nacionales"],"inLanguage":"es-DO","potentialAction":[{"@type":"CommentAction","name":"Comment","target":["http:\/\/minutocerord.com\/?p=7350#respond"]}]},{"@type":"WebPage","@id":"http:\/\/minutocerord.com\/?p=7350","url":"http:\/\/minutocerord.com\/?p=7350","name":"ADP llama a sus miembros a no reintegrarse a clases este martes - Minuto Cero RD","isPartOf":{"@id":"https:\/\/minutocerord.com\/#website"},"primaryImageOfPage":{"@id":"http:\/\/minutocerord.com\/?p=7350#primaryimage"},"image":{"@id":"http:\/\/minutocerord.com\/?p=7350#primaryimage"},"thumbnailUrl":"https:\/\/i0.wp.com\/minutocerord.com\/wp-content\/uploads\/2022\/01\/adp.jpg?fit=469%2C231&ssl=1","datePublished":"2022-01-10T22:58:23+00:00","dateModified":"2022-01-10T22:58:27+00:00","breadcrumb":{"@id":"http:\/\/minutocerord.com\/?p=7350#breadcrumb"},"inLanguage":"es-DO","potentialAction":[{"@type":"ReadAction","target":["http:\/\/minutocerord.com\/?p=7350"]}]},{"@type":"ImageObject","inLanguage":"es-DO","@id":"http:\/\/minutocerord.com\/?p=7350#primaryimage","url":"https:\/\/i0.wp.com\/minutocerord.com\/wp-content\/uploads\/2022\/01\/adp.jpg?fit=469%2C231&ssl=1","contentUrl":"https:\/\/i0.wp.com\/minutocerord.com\/wp-content\/uploads\/2022\/01\/adp.jpg?fit=469%2C231&ssl=1","width":469,"height":231},{"@type":"BreadcrumbList","@id":"http:\/\/minutocerord.com\/?p=7350#breadcrumb","itemListElement":[{"@type":"ListItem","position":1,"name":"Home","item":"https:\/\/minutocerord.com\/"},{"@type":"ListItem","position":2,"name":"ADP llama a sus miembros a no reintegrarse a clases este martes"}]},{"@type":"WebSite","@id":"https:\/\/minutocerord.com\/#website","url":"https:\/\/minutocerord.com\/","name":"Minuto Cero RD","description":"Periodismo serio y veraz","publisher":{"@id":"https:\/\/minutocerord.com\/#\/schema\/person\/60b5372d60aaa0a5171fb6488be9aee6"},"potentialAction":[{"@type":"SearchAction","target":{"@type":"EntryPoint","urlTemplate":"https:\/\/minutocerord.com\/?s={search_term_string}"},"query-input":{"@type":"PropertyValueSpecification","valueRequired":true,"valueName":"search_term_string"}}],"inLanguage":"es-DO"},{"@type":["Person","Organization"],"@id":"https:\/\/minutocerord.com\/#\/schema\/person\/60b5372d60aaa0a5171fb6488be9aee6","name":"Genof\u00f3ntes Urb\u00e1ez","image":{"@type":"ImageObject","inLanguage":"es-DO","@id":"https:\/\/secure.gravatar.com\/avatar\/a49ef3186a692098ac3e8a1612261e3ad70cf9e44553dff2929e67939a0ecb9d?s=96&d=identicon&r=g","url":"https:\/\/secure.gravatar.com\/avatar\/a49ef3186a692098ac3e8a1612261e3ad70cf9e44553dff2929e67939a0ecb9d?s=96&d=identicon&r=g","contentUrl":"https:\/\/secure.gravatar.com\/avatar\/a49ef3186a692098ac3e8a1612261e3ad70cf9e44553dff2929e67939a0ecb9d?s=96&d=identicon&r=g","caption":"Genof\u00f3ntes Urb\u00e1ez"},"logo":{"@id":"https:\/\/secure.gravatar.com\/avatar\/a49ef3186a692098ac3e8a1612261e3ad70cf9e44553dff2929e67939a0ecb9d?s=96&d=identicon&r=g"},"description":"Periodista \/ Locutor","sameAs":["https:\/\/www.facebook.com\/Genofnotes","https:\/\/www.instagram.com\/genofnotes\/"]}]}},"jetpack_publicize_connections":[],"jetpack_featured_media_url":"https:\/\/i0.wp.com\/minutocerord.com\/wp-content\/uploads\/2022\/01\/adp.jpg?fit=469%2C231&ssl=1","jetpack-related-posts":[],"jetpack_sharing_enabled":true,"_links":{"self":[{"href":"https:\/\/minutocerord.com\/index.php?rest_route=\/wp\/v2\/posts\/7350","targetHints":{"allow":["GET"]}}],"collection":[{"href":"https:\/\/minutocerord.com\/index.php?rest_route=\/wp\/v2\/posts"}],"about":[{"href":"https:\/\/minutocerord.com\/index.php?rest_route=\/wp\/v2\/types\/post"}],"author":[{"embeddable":true,"href":"https:\/\/minutocerord.com\/index.php?rest_route=\/wp\/v2\/users\/1"}],"replies":[{"embeddable":true,"href":"https:\/\/minutocerord.com\/index.php?rest_route=%2Fwp%2Fv2%2Fcomments&post=7350"}],"version-history":[{"count":1,"href":"https:\/\/minutocerord.com\/index.php?rest_route=\/wp\/v2\/posts\/7350\/revisions"}],"predecessor-version":[{"id":7352,"href":"https:\/\/minutocerord.com\/index.php?rest_route=\/wp\/v2\/posts\/7350\/revisions\/7352"}],"wp:featuredmedia":[{"embeddable":true,"href":"https:\/\/minutocerord.com\/index.php?rest_route=\/wp\/v2\/media\/7351"}],"wp:attachment":[{"href":"https:\/\/minutocerord.com\/index.php?rest_route=%2Fwp%2Fv2%2Fmedia&parent=7350"}],"wp:term":[{"taxonomy":"category","embeddable":true,"href":"https:\/\/minutocerord.com\/index.php?rest_route=%2Fwp%2Fv2%2Fcategories&post=7350"},{"taxonomy":"post_tag","embeddable":true,"href":"https:\/\/minutocerord.com\/index.php?rest_route=%2Fwp%2Fv2%2Ftags&post=7350"}],"curies":[{"name":"wp","href":"https:\/\/api.w.org\/{rel}","templated":true}]}}