{"id":7378,"date":"2022-01-12T13:44:42","date_gmt":"2022-01-12T17:44:42","guid":{"rendered":"https:\/\/minutocerord.com\/?p=7378"},"modified":"2022-01-12T13:44:46","modified_gmt":"2022-01-12T17:44:46","slug":"mayoria-maestros-y-estudiantes-rd-no-asistio-a-clases-segun-adp-2","status":"publish","type":"post","link":"https:\/\/minutocerord.com\/?p=7378","title":{"rendered":"Mayor\u00eda maestros y estudiantes RD no asisti\u00f3 a clases, seg\u00fan ADP"},"content":{"rendered":"\n<p><strong>SANTO DOMINGO.-<\/strong>&nbsp;La Asociaci\u00f3n Dominicana de Profesores (ADP) comunic\u00f3 que se ha cumplido&nbsp;\u201ccasi en su totalidad\u201d&nbsp;el llamado a no acudir a las aulas por parte del gremio magisterial.<\/p>\n\n\n\n<p>Eduardo Hidalgo, presidente del gremio, dijo tener informes de los presidentes de las seccionales municipales y zonales de que los maestros no acudieron este martes a la mayor\u00eda de las escuelas en todo el pa\u00eds y que los padres tampoco enviaron a sus hijos.<\/p>\n\n\n\n<p>\u00abEn Barahona, El Seibo, S\u00e1nchez Ram\u00edrez, San Pedro de Macor\u00eds, Hato Mayor, La Altagracia, Espaillat, Constanza, San Jos\u00e9 de Ocoa, Santiago Rodr\u00edguez, Espaillat, Saman\u00e1, Pedernales, Monte Plata, Valverde, Hermanas Mirabal, Dajab\u00f3n, Montecristi, Saman\u00e1, La Vega, Mar\u00eda Trinidad S\u00e1nchez, Monse\u00f1or Nouel, Pedernales y Bahoruco\u00bb, se ha cumplido al&nbsp;100 por ciento.<\/p>\n\n\n\n<p>Dijo que lo mismo ocurri\u00f3 en Santiago Rodr\u00edguez, Peravia, San Jos\u00e9 de Ocoa, Monte Plata, Duarte, Independencia.<\/p>\n\n\n\n<p>Mientras que un&nbsp;99 a 96%&nbsp;est\u00e1n San Crist\u00f3bal, El\u00edas Pi\u00f1a, Puerto Plata, Hato Mayor, Azua, Santo Domingo y el Distrito Nacional, seg\u00fan dijo.<\/p>\n\n\n\n<p>\u00abAclaramos que esto no es una lucha contra el Ministerio de Educaci\u00f3n, sino que estamos preocupados por la preservaci\u00f3n de la salud de la comunidad educativa, ll\u00e1mese estudiantes, maestros, padres, personal administrativo y que se evite que colapse el sistema sanitario\u00bb, se\u00f1al\u00f3 Hidalgo.Dijo que el Comit\u00e9 Ejecutivo Nacional de la ADP se mantiene en sesi\u00f3n permanente recibiendo m\u00e1s datos sobre la salud de los maestros ante el nuevo rebrote del covid-19.<\/p>\n\n\n\n<p>El pr\u00f3ximo jueves&nbsp;estos estar\u00e1n informando de las decisiones tomadas con relaci\u00f3n al retorno a clases.<\/p>\n","protected":false},"excerpt":{"rendered":"<p>SANTO DOMINGO.-&nbsp;La Asociaci\u00f3n Dominicana de Profesores (ADP) comunic\u00f3 que se ha cumplido&nbsp;\u201ccasi en su totalidad\u201d&nbsp;el llamado a no acudir a las aulas por parte del gremio magisterial. Eduardo Hidalgo, presidente del gremio, dijo tener informes de los presidentes de las seccionales municipales y zonales de que los maestros no acudieron este martes a la mayor\u00eda [&hellip;]<\/p>\n","protected":false},"author":1,"featured_media":7379,"comment_status":"open","ping_status":"open","sticky":false,"template":"","format":"standard","meta":{"nf_dc_page":"","jetpack_post_was_ever_published":false,"_jetpack_newsletter_access":"","_jetpack_dont_email_post_to_subs":false,"_jetpack_newsletter_tier_id":0,"_jetpack_memberships_contains_paywalled_content":false,"_jetpack_memberships_contains_paid_content":false,"footnotes":"","jetpack_publicize_message":"","jetpack_publicize_feature_enabled":true,"jetpack_social_post_already_shared":false,"jetpack_social_options":{"image_generator_settings":{"template":"highway","default_image_id":0,"font":"","enabled":false},"version":2}},"categories":[65],"tags":[],"class_list":["post-7378","post","type-post","status-publish","format-standard","has-post-thumbnail","hentry","category-nacionales"],"yoast_head":"<!-- This site is optimized with the Yoast SEO plugin v27.4 - https:\/\/yoast.com\/product\/yoast-seo-wordpress\/ -->\n<title>Mayor\u00eda maestros y estudiantes RD no asisti\u00f3 a clases, seg\u00fan ADP - Minuto Cero RD<\/title>\n<meta name=\"robots\" content=\"index, follow, max-snippet:-1, max-image-preview:large, max-video-preview:-1\" \/>\n<link rel=\"canonical\" href=\"https:\/\/minutocerord.com\/?p=7378\" \/>\n<meta property=\"og:locale\" content=\"es_ES\" \/>\n<meta property=\"og:type\" content=\"article\" \/>\n<meta property=\"og:title\" content=\"Mayor\u00eda maestros y estudiantes RD no asisti\u00f3 a clases, seg\u00fan ADP - Minuto Cero RD\" \/>\n<meta property=\"og:description\" content=\"SANTO DOMINGO.-&nbsp;La Asociaci\u00f3n Dominicana de Profesores (ADP) comunic\u00f3 que se ha cumplido&nbsp;\u201ccasi en su totalidad\u201d&nbsp;el llamado a no acudir a las aulas por parte del gremio magisterial. Eduardo Hidalgo, presidente del gremio, dijo tener informes de los presidentes de las seccionales municipales y zonales de que los maestros no acudieron este martes a la mayor\u00eda [&hellip;]\" \/>\n<meta property=\"og:url\" content=\"https:\/\/minutocerord.com\/?p=7378\" \/>\n<meta property=\"og:site_name\" content=\"Minuto Cero RD\" \/>\n<meta property=\"article:publisher\" content=\"https:\/\/www.facebook.com\/Genofnotes\" \/>\n<meta property=\"article:author\" content=\"https:\/\/www.facebook.com\/Genofnotes\" \/>\n<meta property=\"article:published_time\" content=\"2022-01-12T17:44:42+00:00\" \/>\n<meta property=\"article:modified_time\" content=\"2022-01-12T17:44:46+00:00\" \/>\n<meta property=\"og:image\" content=\"https:\/\/i0.wp.com\/minutocerord.com\/wp-content\/uploads\/2022\/01\/ESTUDIANTES-1.jpg?fit=600%2C332&ssl=1\" \/>\n\t<meta property=\"og:image:width\" content=\"600\" \/>\n\t<meta property=\"og:image:height\" content=\"332\" \/>\n\t<meta property=\"og:image:type\" content=\"image\/jpeg\" \/>\n<meta name=\"author\" content=\"Genof\u00f3ntes Urb\u00e1ez\" \/>\n<meta name=\"twitter:card\" content=\"summary_large_image\" \/>\n<meta name=\"twitter:label1\" content=\"Written by\" \/>\n\t<meta name=\"twitter:data1\" content=\"Genof\u00f3ntes Urb\u00e1ez\" \/>\n\t<meta name=\"twitter:label2\" content=\"Est. reading time\" \/>\n\t<meta name=\"twitter:data2\" content=\"2 minutos\" \/>\n<script type=\"application\/ld+json\" class=\"yoast-schema-graph\">{\"@context\":\"https:\\\/\\\/schema.org\",\"@graph\":[{\"@type\":\"Article\",\"@id\":\"https:\\\/\\\/minutocerord.com\\\/?p=7378#article\",\"isPartOf\":{\"@id\":\"https:\\\/\\\/minutocerord.com\\\/?p=7378\"},\"author\":{\"name\":\"Genof\u00f3ntes Urb\u00e1ez\",\"@id\":\"https:\\\/\\\/minutocerord.com\\\/#\\\/schema\\\/person\\\/60b5372d60aaa0a5171fb6488be9aee6\"},\"headline\":\"Mayor\u00eda maestros y estudiantes RD no asisti\u00f3 a clases, seg\u00fan ADP\",\"datePublished\":\"2022-01-12T17:44:42+00:00\",\"dateModified\":\"2022-01-12T17:44:46+00:00\",\"mainEntityOfPage\":{\"@id\":\"https:\\\/\\\/minutocerord.com\\\/?p=7378\"},\"wordCount\":297,\"commentCount\":0,\"publisher\":{\"@id\":\"https:\\\/\\\/minutocerord.com\\\/#\\\/schema\\\/person\\\/60b5372d60aaa0a5171fb6488be9aee6\"},\"image\":{\"@id\":\"https:\\\/\\\/minutocerord.com\\\/?p=7378#primaryimage\"},\"thumbnailUrl\":\"https:\\\/\\\/i0.wp.com\\\/minutocerord.com\\\/wp-content\\\/uploads\\\/2022\\\/01\\\/ESTUDIANTES-1.jpg?fit=600%2C332&ssl=1\",\"articleSection\":[\"Nacionales\"],\"inLanguage\":\"es-DO\",\"potentialAction\":[{\"@type\":\"CommentAction\",\"name\":\"Comment\",\"target\":[\"https:\\\/\\\/minutocerord.com\\\/?p=7378#respond\"]}]},{\"@type\":\"WebPage\",\"@id\":\"https:\\\/\\\/minutocerord.com\\\/?p=7378\",\"url\":\"https:\\\/\\\/minutocerord.com\\\/?p=7378\",\"name\":\"Mayor\u00eda maestros y estudiantes RD no asisti\u00f3 a clases, seg\u00fan ADP - Minuto Cero RD\",\"isPartOf\":{\"@id\":\"https:\\\/\\\/minutocerord.com\\\/#website\"},\"primaryImageOfPage\":{\"@id\":\"https:\\\/\\\/minutocerord.com\\\/?p=7378#primaryimage\"},\"image\":{\"@id\":\"https:\\\/\\\/minutocerord.com\\\/?p=7378#primaryimage\"},\"thumbnailUrl\":\"https:\\\/\\\/i0.wp.com\\\/minutocerord.com\\\/wp-content\\\/uploads\\\/2022\\\/01\\\/ESTUDIANTES-1.jpg?fit=600%2C332&ssl=1\",\"datePublished\":\"2022-01-12T17:44:42+00:00\",\"dateModified\":\"2022-01-12T17:44:46+00:00\",\"breadcrumb\":{\"@id\":\"https:\\\/\\\/minutocerord.com\\\/?p=7378#breadcrumb\"},\"inLanguage\":\"es-DO\",\"potentialAction\":[{\"@type\":\"ReadAction\",\"target\":[\"https:\\\/\\\/minutocerord.com\\\/?p=7378\"]}]},{\"@type\":\"ImageObject\",\"inLanguage\":\"es-DO\",\"@id\":\"https:\\\/\\\/minutocerord.com\\\/?p=7378#primaryimage\",\"url\":\"https:\\\/\\\/i0.wp.com\\\/minutocerord.com\\\/wp-content\\\/uploads\\\/2022\\\/01\\\/ESTUDIANTES-1.jpg?fit=600%2C332&ssl=1\",\"contentUrl\":\"https:\\\/\\\/i0.wp.com\\\/minutocerord.com\\\/wp-content\\\/uploads\\\/2022\\\/01\\\/ESTUDIANTES-1.jpg?fit=600%2C332&ssl=1\",\"width\":600,\"height\":332},{\"@type\":\"BreadcrumbList\",\"@id\":\"https:\\\/\\\/minutocerord.com\\\/?p=7378#breadcrumb\",\"itemListElement\":[{\"@type\":\"ListItem\",\"position\":1,\"name\":\"Home\",\"item\":\"https:\\\/\\\/minutocerord.com\\\/\"},{\"@type\":\"ListItem\",\"position\":2,\"name\":\"Mayor\u00eda maestros y estudiantes RD no asisti\u00f3 a clases, seg\u00fan ADP\"}]},{\"@type\":\"WebSite\",\"@id\":\"https:\\\/\\\/minutocerord.com\\\/#website\",\"url\":\"https:\\\/\\\/minutocerord.com\\\/\",\"name\":\"Minuto Cero RD\",\"description\":\"Periodismo serio y veraz\",\"publisher\":{\"@id\":\"https:\\\/\\\/minutocerord.com\\\/#\\\/schema\\\/person\\\/60b5372d60aaa0a5171fb6488be9aee6\"},\"potentialAction\":[{\"@type\":\"SearchAction\",\"target\":{\"@type\":\"EntryPoint\",\"urlTemplate\":\"https:\\\/\\\/minutocerord.com\\\/?s={search_term_string}\"},\"query-input\":{\"@type\":\"PropertyValueSpecification\",\"valueRequired\":true,\"valueName\":\"search_term_string\"}}],\"inLanguage\":\"es-DO\"},{\"@type\":[\"Person\",\"Organization\"],\"@id\":\"https:\\\/\\\/minutocerord.com\\\/#\\\/schema\\\/person\\\/60b5372d60aaa0a5171fb6488be9aee6\",\"name\":\"Genof\u00f3ntes Urb\u00e1ez\",\"image\":{\"@type\":\"ImageObject\",\"inLanguage\":\"es-DO\",\"@id\":\"https:\\\/\\\/secure.gravatar.com\\\/avatar\\\/a49ef3186a692098ac3e8a1612261e3ad70cf9e44553dff2929e67939a0ecb9d?s=96&d=identicon&r=g\",\"url\":\"https:\\\/\\\/secure.gravatar.com\\\/avatar\\\/a49ef3186a692098ac3e8a1612261e3ad70cf9e44553dff2929e67939a0ecb9d?s=96&d=identicon&r=g\",\"contentUrl\":\"https:\\\/\\\/secure.gravatar.com\\\/avatar\\\/a49ef3186a692098ac3e8a1612261e3ad70cf9e44553dff2929e67939a0ecb9d?s=96&d=identicon&r=g\",\"caption\":\"Genof\u00f3ntes Urb\u00e1ez\"},\"logo\":{\"@id\":\"https:\\\/\\\/secure.gravatar.com\\\/avatar\\\/a49ef3186a692098ac3e8a1612261e3ad70cf9e44553dff2929e67939a0ecb9d?s=96&d=identicon&r=g\"},\"description\":\"Periodista \\\/ Locutor\",\"sameAs\":[\"https:\\\/\\\/www.facebook.com\\\/Genofnotes\",\"https:\\\/\\\/www.instagram.com\\\/genofnotes\\\/\"]}]}<\/script>\n<!-- \/ Yoast SEO plugin. -->","yoast_head_json":{"title":"Mayor\u00eda maestros y estudiantes RD no asisti\u00f3 a clases, seg\u00fan ADP - Minuto Cero RD","robots":{"index":"index","follow":"follow","max-snippet":"max-snippet:-1","max-image-preview":"max-image-preview:large","max-video-preview":"max-video-preview:-1"},"canonical":"https:\/\/minutocerord.com\/?p=7378","og_locale":"es_ES","og_type":"article","og_title":"Mayor\u00eda maestros y estudiantes RD no asisti\u00f3 a clases, seg\u00fan ADP - Minuto Cero RD","og_description":"SANTO DOMINGO.-&nbsp;La Asociaci\u00f3n Dominicana de Profesores (ADP) comunic\u00f3 que se ha cumplido&nbsp;\u201ccasi en su totalidad\u201d&nbsp;el llamado a no acudir a las aulas por parte del gremio magisterial. Eduardo Hidalgo, presidente del gremio, dijo tener informes de los presidentes de las seccionales municipales y zonales de que los maestros no acudieron este martes a la mayor\u00eda [&hellip;]","og_url":"https:\/\/minutocerord.com\/?p=7378","og_site_name":"Minuto Cero RD","article_publisher":"https:\/\/www.facebook.com\/Genofnotes","article_author":"https:\/\/www.facebook.com\/Genofnotes","article_published_time":"2022-01-12T17:44:42+00:00","article_modified_time":"2022-01-12T17:44:46+00:00","og_image":[{"width":600,"height":332,"url":"https:\/\/i0.wp.com\/minutocerord.com\/wp-content\/uploads\/2022\/01\/ESTUDIANTES-1.jpg?fit=600%2C332&ssl=1","type":"image\/jpeg"}],"author":"Genof\u00f3ntes Urb\u00e1ez","twitter_card":"summary_large_image","twitter_misc":{"Written by":"Genof\u00f3ntes Urb\u00e1ez","Est. reading time":"2 minutos"},"schema":{"@context":"https:\/\/schema.org","@graph":[{"@type":"Article","@id":"https:\/\/minutocerord.com\/?p=7378#article","isPartOf":{"@id":"https:\/\/minutocerord.com\/?p=7378"},"author":{"name":"Genof\u00f3ntes Urb\u00e1ez","@id":"https:\/\/minutocerord.com\/#\/schema\/person\/60b5372d60aaa0a5171fb6488be9aee6"},"headline":"Mayor\u00eda maestros y estudiantes RD no asisti\u00f3 a clases, seg\u00fan ADP","datePublished":"2022-01-12T17:44:42+00:00","dateModified":"2022-01-12T17:44:46+00:00","mainEntityOfPage":{"@id":"https:\/\/minutocerord.com\/?p=7378"},"wordCount":297,"commentCount":0,"publisher":{"@id":"https:\/\/minutocerord.com\/#\/schema\/person\/60b5372d60aaa0a5171fb6488be9aee6"},"image":{"@id":"https:\/\/minutocerord.com\/?p=7378#primaryimage"},"thumbnailUrl":"https:\/\/i0.wp.com\/minutocerord.com\/wp-content\/uploads\/2022\/01\/ESTUDIANTES-1.jpg?fit=600%2C332&ssl=1","articleSection":["Nacionales"],"inLanguage":"es-DO","potentialAction":[{"@type":"CommentAction","name":"Comment","target":["https:\/\/minutocerord.com\/?p=7378#respond"]}]},{"@type":"WebPage","@id":"https:\/\/minutocerord.com\/?p=7378","url":"https:\/\/minutocerord.com\/?p=7378","name":"Mayor\u00eda maestros y estudiantes RD no asisti\u00f3 a clases, seg\u00fan ADP - Minuto Cero RD","isPartOf":{"@id":"https:\/\/minutocerord.com\/#website"},"primaryImageOfPage":{"@id":"https:\/\/minutocerord.com\/?p=7378#primaryimage"},"image":{"@id":"https:\/\/minutocerord.com\/?p=7378#primaryimage"},"thumbnailUrl":"https:\/\/i0.wp.com\/minutocerord.com\/wp-content\/uploads\/2022\/01\/ESTUDIANTES-1.jpg?fit=600%2C332&ssl=1","datePublished":"2022-01-12T17:44:42+00:00","dateModified":"2022-01-12T17:44:46+00:00","breadcrumb":{"@id":"https:\/\/minutocerord.com\/?p=7378#breadcrumb"},"inLanguage":"es-DO","potentialAction":[{"@type":"ReadAction","target":["https:\/\/minutocerord.com\/?p=7378"]}]},{"@type":"ImageObject","inLanguage":"es-DO","@id":"https:\/\/minutocerord.com\/?p=7378#primaryimage","url":"https:\/\/i0.wp.com\/minutocerord.com\/wp-content\/uploads\/2022\/01\/ESTUDIANTES-1.jpg?fit=600%2C332&ssl=1","contentUrl":"https:\/\/i0.wp.com\/minutocerord.com\/wp-content\/uploads\/2022\/01\/ESTUDIANTES-1.jpg?fit=600%2C332&ssl=1","width":600,"height":332},{"@type":"BreadcrumbList","@id":"https:\/\/minutocerord.com\/?p=7378#breadcrumb","itemListElement":[{"@type":"ListItem","position":1,"name":"Home","item":"https:\/\/minutocerord.com\/"},{"@type":"ListItem","position":2,"name":"Mayor\u00eda maestros y estudiantes RD no asisti\u00f3 a clases, seg\u00fan ADP"}]},{"@type":"WebSite","@id":"https:\/\/minutocerord.com\/#website","url":"https:\/\/minutocerord.com\/","name":"Minuto Cero RD","description":"Periodismo serio y veraz","publisher":{"@id":"https:\/\/minutocerord.com\/#\/schema\/person\/60b5372d60aaa0a5171fb6488be9aee6"},"potentialAction":[{"@type":"SearchAction","target":{"@type":"EntryPoint","urlTemplate":"https:\/\/minutocerord.com\/?s={search_term_string}"},"query-input":{"@type":"PropertyValueSpecification","valueRequired":true,"valueName":"search_term_string"}}],"inLanguage":"es-DO"},{"@type":["Person","Organization"],"@id":"https:\/\/minutocerord.com\/#\/schema\/person\/60b5372d60aaa0a5171fb6488be9aee6","name":"Genof\u00f3ntes Urb\u00e1ez","image":{"@type":"ImageObject","inLanguage":"es-DO","@id":"https:\/\/secure.gravatar.com\/avatar\/a49ef3186a692098ac3e8a1612261e3ad70cf9e44553dff2929e67939a0ecb9d?s=96&d=identicon&r=g","url":"https:\/\/secure.gravatar.com\/avatar\/a49ef3186a692098ac3e8a1612261e3ad70cf9e44553dff2929e67939a0ecb9d?s=96&d=identicon&r=g","contentUrl":"https:\/\/secure.gravatar.com\/avatar\/a49ef3186a692098ac3e8a1612261e3ad70cf9e44553dff2929e67939a0ecb9d?s=96&d=identicon&r=g","caption":"Genof\u00f3ntes Urb\u00e1ez"},"logo":{"@id":"https:\/\/secure.gravatar.com\/avatar\/a49ef3186a692098ac3e8a1612261e3ad70cf9e44553dff2929e67939a0ecb9d?s=96&d=identicon&r=g"},"description":"Periodista \/ Locutor","sameAs":["https:\/\/www.facebook.com\/Genofnotes","https:\/\/www.instagram.com\/genofnotes\/"]}]}},"jetpack_publicize_connections":[],"jetpack_featured_media_url":"https:\/\/i0.wp.com\/minutocerord.com\/wp-content\/uploads\/2022\/01\/ESTUDIANTES-1.jpg?fit=600%2C332&ssl=1","jetpack-related-posts":[],"jetpack_sharing_enabled":true,"_links":{"self":[{"href":"https:\/\/minutocerord.com\/index.php?rest_route=\/wp\/v2\/posts\/7378","targetHints":{"allow":["GET"]}}],"collection":[{"href":"https:\/\/minutocerord.com\/index.php?rest_route=\/wp\/v2\/posts"}],"about":[{"href":"https:\/\/minutocerord.com\/index.php?rest_route=\/wp\/v2\/types\/post"}],"author":[{"embeddable":true,"href":"https:\/\/minutocerord.com\/index.php?rest_route=\/wp\/v2\/users\/1"}],"replies":[{"embeddable":true,"href":"https:\/\/minutocerord.com\/index.php?rest_route=%2Fwp%2Fv2%2Fcomments&post=7378"}],"version-history":[{"count":1,"href":"https:\/\/minutocerord.com\/index.php?rest_route=\/wp\/v2\/posts\/7378\/revisions"}],"predecessor-version":[{"id":7380,"href":"https:\/\/minutocerord.com\/index.php?rest_route=\/wp\/v2\/posts\/7378\/revisions\/7380"}],"wp:featuredmedia":[{"embeddable":true,"href":"https:\/\/minutocerord.com\/index.php?rest_route=\/wp\/v2\/media\/7379"}],"wp:attachment":[{"href":"https:\/\/minutocerord.com\/index.php?rest_route=%2Fwp%2Fv2%2Fmedia&parent=7378"}],"wp:term":[{"taxonomy":"category","embeddable":true,"href":"https:\/\/minutocerord.com\/index.php?rest_route=%2Fwp%2Fv2%2Fcategories&post=7378"},{"taxonomy":"post_tag","embeddable":true,"href":"https:\/\/minutocerord.com\/index.php?rest_route=%2Fwp%2Fv2%2Ftags&post=7378"}],"curies":[{"name":"wp","href":"https:\/\/api.w.org\/{rel}","templated":true}]}}