{"id":7381,"date":"2022-01-13T12:55:35","date_gmt":"2022-01-13T16:55:35","guid":{"rendered":"https:\/\/minutocerord.com\/?p=7381"},"modified":"2022-01-13T12:55:39","modified_gmt":"2022-01-13T16:55:39","slug":"salud-notifica-1486-casos-menos-que-ayer-de-covid-y-cero-muertes","status":"publish","type":"post","link":"https:\/\/minutocerord.com\/?p=7381","title":{"rendered":"Salud notifica 1,486 casos menos que ayer de Covid y cero muertes"},"content":{"rendered":"\n<p><strong>SANTO DOMINGO.-<\/strong> Los casos diarios de covid-19 reflejaron una significativo disminuci\u00f3n este jueves en Rep\u00fablica Dominicana, cuando el Ministerio de Salud P\u00fablica notific\u00f3 5,953 nuevos contagios, 1,486 menos que los 7,439 de la v\u00edspera.<\/p>\n\n\n\n<p>Detall\u00f3 que en el pa\u00eds hay 39,986 casos activos y 438,212personas se han recuperado de la enfermedad.<\/p>\n\n\n\n<p><strong>PRUEBAS&nbsp;<\/strong><\/p>\n\n\n\n<p>Indic\u00f3 que entre las 9:00 de la ma\u00f1ana del martes e igual hora del mi\u00e9rcoles fueron procesadas 34,455 pruebas que detectaron 934 contagios en el Distrito Nacional, 1,054 en la provincia Santo Domingo, 515 en Santiago, 1,143 en Espaillat, 504 en Puerto Plata,&nbsp;303 en Monte Plata, 186 en Valverde, 118&nbsp;en San Crist\u00f3bal, 111 en&nbsp;Hermanas Mirabal,&nbsp;109 en Dajab\u00f3n, 107 en Baoruco y 95 en La Romana.<\/p>\n\n\n\n<p>El total de muertos por covid-19 en el pa\u00eds es de 4,259, el 23.81% de los cuales era hipertenso y el 14.86% diab\u00e9tico.<\/p>\n\n\n\n<p>Entre los infectados hay 2,115 trabajadores de la salud, 1,795 embarazadas y 53,159 menores de 20 a\u00f1os.<\/p>\n\n\n\n<p><strong>OCUPACION HOSPITALARIA<\/strong><\/p>\n\n\n\n<p>En Rep\u00fablica Dominicana hay disponibilidad de 2,261 camas para pacientes de COVID, 701 de las cuales (31%) est\u00e1n ocupadas.<\/p>\n\n\n\n<p>Hay 585 camas en unidades de cuidados intensivos, 170 de ellas ocupadas (29%). De 469 ventiladores disponibles en la red hospitalaria, 125 est\u00e1n ocupados (27%).<\/p>\n\n\n\n<p><strong>CIFRAS CONTAGIOS Y MUERTES<\/strong><\/p>\n\n\n\n<p>01 enero 1,149 contagios, cero defunciones<\/p>\n\n\n\n<p>02 enero 2,026 contagios, 2 defunciones<\/p>\n\n\n\n<p>03 enero 2,856 contagios, 2 defunciones<\/p>\n\n\n\n<p>04 enero 3,700 contagios, 1 defunciones<\/p>\n\n\n\n<p>05 enero 5,201 contagios, 0 defunciones<\/p>\n\n\n\n<p>06 enero 5,307 contagios, 0 defunciones<\/p>\n\n\n\n<p>07 enero 5,968 contagios, 1 defunciones<\/p>\n\n\n\n<p>08 enero 6,200 contagios, 2 defunciones<\/p>\n\n\n\n<p>09 enero 6,042 contagios, 0 defunciones<\/p>\n\n\n\n<p>10 enero 5,155 contagios, 0 defunciones<\/p>\n\n\n\n<p>11 enero 6,683 contagios, 0 defunciones<\/p>\n\n\n\n<p>12 enero 7,439 contagios, 4 defunciones<\/p>\n\n\n\n<p>13 enero 5,953 contagios, 0 defunciones<\/p>\n","protected":false},"excerpt":{"rendered":"<p>SANTO DOMINGO.- Los casos diarios de covid-19 reflejaron una significativo disminuci\u00f3n este jueves en Rep\u00fablica Dominicana, cuando el Ministerio de Salud P\u00fablica notific\u00f3 5,953 nuevos contagios, 1,486 menos que los 7,439 de la v\u00edspera. Detall\u00f3 que en el pa\u00eds hay 39,986 casos activos y 438,212personas se han recuperado de la enfermedad. PRUEBAS&nbsp; Indic\u00f3 que entre [&hellip;]<\/p>\n","protected":false},"author":1,"featured_media":7382,"comment_status":"open","ping_status":"open","sticky":false,"template":"","format":"standard","meta":{"nf_dc_page":"","jetpack_post_was_ever_published":false,"_jetpack_newsletter_access":"","_jetpack_dont_email_post_to_subs":false,"_jetpack_newsletter_tier_id":0,"_jetpack_memberships_contains_paywalled_content":false,"_jetpack_memberships_contains_paid_content":false,"footnotes":"","jetpack_publicize_message":"","jetpack_publicize_feature_enabled":true,"jetpack_social_post_already_shared":false,"jetpack_social_options":{"image_generator_settings":{"template":"highway","default_image_id":0,"font":"","enabled":false},"version":2}},"categories":[67],"tags":[],"class_list":["post-7381","post","type-post","status-publish","format-standard","has-post-thumbnail","hentry","category-salud"],"yoast_head":"<!-- This site is optimized with the Yoast SEO plugin v27.4 - https:\/\/yoast.com\/product\/yoast-seo-wordpress\/ -->\n<title>Salud notifica 1,486 casos menos que ayer de Covid y cero muertes - Minuto Cero RD<\/title>\n<meta name=\"robots\" content=\"index, follow, max-snippet:-1, max-image-preview:large, max-video-preview:-1\" \/>\n<link rel=\"canonical\" href=\"http:\/\/minutocerord.com\/?p=7381\" \/>\n<meta property=\"og:locale\" content=\"es_ES\" \/>\n<meta property=\"og:type\" content=\"article\" \/>\n<meta property=\"og:title\" content=\"Salud notifica 1,486 casos menos que ayer de Covid y cero muertes - Minuto Cero RD\" \/>\n<meta property=\"og:description\" content=\"SANTO DOMINGO.- Los casos diarios de covid-19 reflejaron una significativo disminuci\u00f3n este jueves en Rep\u00fablica Dominicana, cuando el Ministerio de Salud P\u00fablica notific\u00f3 5,953 nuevos contagios, 1,486 menos que los 7,439 de la v\u00edspera. Detall\u00f3 que en el pa\u00eds hay 39,986 casos activos y 438,212personas se han recuperado de la enfermedad. PRUEBAS&nbsp; Indic\u00f3 que entre [&hellip;]\" \/>\n<meta property=\"og:url\" content=\"http:\/\/minutocerord.com\/?p=7381\" \/>\n<meta property=\"og:site_name\" content=\"Minuto Cero RD\" \/>\n<meta property=\"article:publisher\" content=\"https:\/\/www.facebook.com\/Genofnotes\" \/>\n<meta property=\"article:author\" content=\"https:\/\/www.facebook.com\/Genofnotes\" \/>\n<meta property=\"article:published_time\" content=\"2022-01-13T16:55:35+00:00\" \/>\n<meta property=\"article:modified_time\" content=\"2022-01-13T16:55:39+00:00\" \/>\n<meta property=\"og:image\" content=\"https:\/\/i0.wp.com\/minutocerord.com\/wp-content\/uploads\/2022\/01\/3.jpg?fit=750%2C375\" \/>\n\t<meta property=\"og:image:width\" content=\"750\" \/>\n\t<meta property=\"og:image:height\" content=\"375\" \/>\n\t<meta property=\"og:image:type\" content=\"image\/jpeg\" \/>\n<meta name=\"author\" content=\"Genof\u00f3ntes Urb\u00e1ez\" \/>\n<meta name=\"twitter:card\" content=\"summary_large_image\" \/>\n<meta name=\"twitter:label1\" content=\"Written by\" \/>\n\t<meta name=\"twitter:data1\" content=\"Genof\u00f3ntes Urb\u00e1ez\" \/>\n\t<meta name=\"twitter:label2\" content=\"Est. reading time\" \/>\n\t<meta name=\"twitter:data2\" content=\"2 minutos\" \/>\n<script type=\"application\/ld+json\" class=\"yoast-schema-graph\">{\"@context\":\"https:\\\/\\\/schema.org\",\"@graph\":[{\"@type\":\"Article\",\"@id\":\"http:\\\/\\\/minutocerord.com\\\/?p=7381#article\",\"isPartOf\":{\"@id\":\"http:\\\/\\\/minutocerord.com\\\/?p=7381\"},\"author\":{\"name\":\"Genof\u00f3ntes Urb\u00e1ez\",\"@id\":\"https:\\\/\\\/minutocerord.com\\\/#\\\/schema\\\/person\\\/60b5372d60aaa0a5171fb6488be9aee6\"},\"headline\":\"Salud notifica 1,486 casos menos que ayer de Covid y cero muertes\",\"datePublished\":\"2022-01-13T16:55:35+00:00\",\"dateModified\":\"2022-01-13T16:55:39+00:00\",\"mainEntityOfPage\":{\"@id\":\"http:\\\/\\\/minutocerord.com\\\/?p=7381\"},\"wordCount\":249,\"commentCount\":0,\"publisher\":{\"@id\":\"https:\\\/\\\/minutocerord.com\\\/#\\\/schema\\\/person\\\/60b5372d60aaa0a5171fb6488be9aee6\"},\"image\":{\"@id\":\"http:\\\/\\\/minutocerord.com\\\/?p=7381#primaryimage\"},\"thumbnailUrl\":\"https:\\\/\\\/i0.wp.com\\\/minutocerord.com\\\/wp-content\\\/uploads\\\/2022\\\/01\\\/3.jpg?fit=750%2C375&ssl=1\",\"articleSection\":[\"Salud\"],\"inLanguage\":\"es-DO\",\"potentialAction\":[{\"@type\":\"CommentAction\",\"name\":\"Comment\",\"target\":[\"http:\\\/\\\/minutocerord.com\\\/?p=7381#respond\"]}]},{\"@type\":\"WebPage\",\"@id\":\"http:\\\/\\\/minutocerord.com\\\/?p=7381\",\"url\":\"http:\\\/\\\/minutocerord.com\\\/?p=7381\",\"name\":\"Salud notifica 1,486 casos menos que ayer de Covid y cero muertes - Minuto Cero RD\",\"isPartOf\":{\"@id\":\"https:\\\/\\\/minutocerord.com\\\/#website\"},\"primaryImageOfPage\":{\"@id\":\"http:\\\/\\\/minutocerord.com\\\/?p=7381#primaryimage\"},\"image\":{\"@id\":\"http:\\\/\\\/minutocerord.com\\\/?p=7381#primaryimage\"},\"thumbnailUrl\":\"https:\\\/\\\/i0.wp.com\\\/minutocerord.com\\\/wp-content\\\/uploads\\\/2022\\\/01\\\/3.jpg?fit=750%2C375&ssl=1\",\"datePublished\":\"2022-01-13T16:55:35+00:00\",\"dateModified\":\"2022-01-13T16:55:39+00:00\",\"breadcrumb\":{\"@id\":\"http:\\\/\\\/minutocerord.com\\\/?p=7381#breadcrumb\"},\"inLanguage\":\"es-DO\",\"potentialAction\":[{\"@type\":\"ReadAction\",\"target\":[\"http:\\\/\\\/minutocerord.com\\\/?p=7381\"]}]},{\"@type\":\"ImageObject\",\"inLanguage\":\"es-DO\",\"@id\":\"http:\\\/\\\/minutocerord.com\\\/?p=7381#primaryimage\",\"url\":\"https:\\\/\\\/i0.wp.com\\\/minutocerord.com\\\/wp-content\\\/uploads\\\/2022\\\/01\\\/3.jpg?fit=750%2C375&ssl=1\",\"contentUrl\":\"https:\\\/\\\/i0.wp.com\\\/minutocerord.com\\\/wp-content\\\/uploads\\\/2022\\\/01\\\/3.jpg?fit=750%2C375&ssl=1\",\"width\":750,\"height\":375},{\"@type\":\"BreadcrumbList\",\"@id\":\"http:\\\/\\\/minutocerord.com\\\/?p=7381#breadcrumb\",\"itemListElement\":[{\"@type\":\"ListItem\",\"position\":1,\"name\":\"Home\",\"item\":\"https:\\\/\\\/minutocerord.com\\\/\"},{\"@type\":\"ListItem\",\"position\":2,\"name\":\"Salud notifica 1,486 casos menos que ayer de Covid y cero muertes\"}]},{\"@type\":\"WebSite\",\"@id\":\"https:\\\/\\\/minutocerord.com\\\/#website\",\"url\":\"https:\\\/\\\/minutocerord.com\\\/\",\"name\":\"Minuto Cero RD\",\"description\":\"Periodismo serio y veraz\",\"publisher\":{\"@id\":\"https:\\\/\\\/minutocerord.com\\\/#\\\/schema\\\/person\\\/60b5372d60aaa0a5171fb6488be9aee6\"},\"potentialAction\":[{\"@type\":\"SearchAction\",\"target\":{\"@type\":\"EntryPoint\",\"urlTemplate\":\"https:\\\/\\\/minutocerord.com\\\/?s={search_term_string}\"},\"query-input\":{\"@type\":\"PropertyValueSpecification\",\"valueRequired\":true,\"valueName\":\"search_term_string\"}}],\"inLanguage\":\"es-DO\"},{\"@type\":[\"Person\",\"Organization\"],\"@id\":\"https:\\\/\\\/minutocerord.com\\\/#\\\/schema\\\/person\\\/60b5372d60aaa0a5171fb6488be9aee6\",\"name\":\"Genof\u00f3ntes Urb\u00e1ez\",\"image\":{\"@type\":\"ImageObject\",\"inLanguage\":\"es-DO\",\"@id\":\"https:\\\/\\\/secure.gravatar.com\\\/avatar\\\/a49ef3186a692098ac3e8a1612261e3ad70cf9e44553dff2929e67939a0ecb9d?s=96&d=identicon&r=g\",\"url\":\"https:\\\/\\\/secure.gravatar.com\\\/avatar\\\/a49ef3186a692098ac3e8a1612261e3ad70cf9e44553dff2929e67939a0ecb9d?s=96&d=identicon&r=g\",\"contentUrl\":\"https:\\\/\\\/secure.gravatar.com\\\/avatar\\\/a49ef3186a692098ac3e8a1612261e3ad70cf9e44553dff2929e67939a0ecb9d?s=96&d=identicon&r=g\",\"caption\":\"Genof\u00f3ntes Urb\u00e1ez\"},\"logo\":{\"@id\":\"https:\\\/\\\/secure.gravatar.com\\\/avatar\\\/a49ef3186a692098ac3e8a1612261e3ad70cf9e44553dff2929e67939a0ecb9d?s=96&d=identicon&r=g\"},\"description\":\"Periodista \\\/ Locutor\",\"sameAs\":[\"https:\\\/\\\/www.facebook.com\\\/Genofnotes\",\"https:\\\/\\\/www.instagram.com\\\/genofnotes\\\/\"]}]}<\/script>\n<!-- \/ Yoast SEO plugin. -->","yoast_head_json":{"title":"Salud notifica 1,486 casos menos que ayer de Covid y cero muertes - Minuto Cero RD","robots":{"index":"index","follow":"follow","max-snippet":"max-snippet:-1","max-image-preview":"max-image-preview:large","max-video-preview":"max-video-preview:-1"},"canonical":"http:\/\/minutocerord.com\/?p=7381","og_locale":"es_ES","og_type":"article","og_title":"Salud notifica 1,486 casos menos que ayer de Covid y cero muertes - Minuto Cero RD","og_description":"SANTO DOMINGO.- Los casos diarios de covid-19 reflejaron una significativo disminuci\u00f3n este jueves en Rep\u00fablica Dominicana, cuando el Ministerio de Salud P\u00fablica notific\u00f3 5,953 nuevos contagios, 1,486 menos que los 7,439 de la v\u00edspera. Detall\u00f3 que en el pa\u00eds hay 39,986 casos activos y 438,212personas se han recuperado de la enfermedad. PRUEBAS&nbsp; Indic\u00f3 que entre [&hellip;]","og_url":"http:\/\/minutocerord.com\/?p=7381","og_site_name":"Minuto Cero RD","article_publisher":"https:\/\/www.facebook.com\/Genofnotes","article_author":"https:\/\/www.facebook.com\/Genofnotes","article_published_time":"2022-01-13T16:55:35+00:00","article_modified_time":"2022-01-13T16:55:39+00:00","og_image":[{"width":750,"height":375,"url":"https:\/\/i0.wp.com\/minutocerord.com\/wp-content\/uploads\/2022\/01\/3.jpg?fit=750%2C375","type":"image\/jpeg"}],"author":"Genof\u00f3ntes Urb\u00e1ez","twitter_card":"summary_large_image","twitter_misc":{"Written by":"Genof\u00f3ntes Urb\u00e1ez","Est. reading time":"2 minutos"},"schema":{"@context":"https:\/\/schema.org","@graph":[{"@type":"Article","@id":"http:\/\/minutocerord.com\/?p=7381#article","isPartOf":{"@id":"http:\/\/minutocerord.com\/?p=7381"},"author":{"name":"Genof\u00f3ntes Urb\u00e1ez","@id":"https:\/\/minutocerord.com\/#\/schema\/person\/60b5372d60aaa0a5171fb6488be9aee6"},"headline":"Salud notifica 1,486 casos menos que ayer de Covid y cero muertes","datePublished":"2022-01-13T16:55:35+00:00","dateModified":"2022-01-13T16:55:39+00:00","mainEntityOfPage":{"@id":"http:\/\/minutocerord.com\/?p=7381"},"wordCount":249,"commentCount":0,"publisher":{"@id":"https:\/\/minutocerord.com\/#\/schema\/person\/60b5372d60aaa0a5171fb6488be9aee6"},"image":{"@id":"http:\/\/minutocerord.com\/?p=7381#primaryimage"},"thumbnailUrl":"https:\/\/i0.wp.com\/minutocerord.com\/wp-content\/uploads\/2022\/01\/3.jpg?fit=750%2C375&ssl=1","articleSection":["Salud"],"inLanguage":"es-DO","potentialAction":[{"@type":"CommentAction","name":"Comment","target":["http:\/\/minutocerord.com\/?p=7381#respond"]}]},{"@type":"WebPage","@id":"http:\/\/minutocerord.com\/?p=7381","url":"http:\/\/minutocerord.com\/?p=7381","name":"Salud notifica 1,486 casos menos que ayer de Covid y cero muertes - Minuto Cero RD","isPartOf":{"@id":"https:\/\/minutocerord.com\/#website"},"primaryImageOfPage":{"@id":"http:\/\/minutocerord.com\/?p=7381#primaryimage"},"image":{"@id":"http:\/\/minutocerord.com\/?p=7381#primaryimage"},"thumbnailUrl":"https:\/\/i0.wp.com\/minutocerord.com\/wp-content\/uploads\/2022\/01\/3.jpg?fit=750%2C375&ssl=1","datePublished":"2022-01-13T16:55:35+00:00","dateModified":"2022-01-13T16:55:39+00:00","breadcrumb":{"@id":"http:\/\/minutocerord.com\/?p=7381#breadcrumb"},"inLanguage":"es-DO","potentialAction":[{"@type":"ReadAction","target":["http:\/\/minutocerord.com\/?p=7381"]}]},{"@type":"ImageObject","inLanguage":"es-DO","@id":"http:\/\/minutocerord.com\/?p=7381#primaryimage","url":"https:\/\/i0.wp.com\/minutocerord.com\/wp-content\/uploads\/2022\/01\/3.jpg?fit=750%2C375&ssl=1","contentUrl":"https:\/\/i0.wp.com\/minutocerord.com\/wp-content\/uploads\/2022\/01\/3.jpg?fit=750%2C375&ssl=1","width":750,"height":375},{"@type":"BreadcrumbList","@id":"http:\/\/minutocerord.com\/?p=7381#breadcrumb","itemListElement":[{"@type":"ListItem","position":1,"name":"Home","item":"https:\/\/minutocerord.com\/"},{"@type":"ListItem","position":2,"name":"Salud notifica 1,486 casos menos que ayer de Covid y cero muertes"}]},{"@type":"WebSite","@id":"https:\/\/minutocerord.com\/#website","url":"https:\/\/minutocerord.com\/","name":"Minuto Cero RD","description":"Periodismo serio y veraz","publisher":{"@id":"https:\/\/minutocerord.com\/#\/schema\/person\/60b5372d60aaa0a5171fb6488be9aee6"},"potentialAction":[{"@type":"SearchAction","target":{"@type":"EntryPoint","urlTemplate":"https:\/\/minutocerord.com\/?s={search_term_string}"},"query-input":{"@type":"PropertyValueSpecification","valueRequired":true,"valueName":"search_term_string"}}],"inLanguage":"es-DO"},{"@type":["Person","Organization"],"@id":"https:\/\/minutocerord.com\/#\/schema\/person\/60b5372d60aaa0a5171fb6488be9aee6","name":"Genof\u00f3ntes Urb\u00e1ez","image":{"@type":"ImageObject","inLanguage":"es-DO","@id":"https:\/\/secure.gravatar.com\/avatar\/a49ef3186a692098ac3e8a1612261e3ad70cf9e44553dff2929e67939a0ecb9d?s=96&d=identicon&r=g","url":"https:\/\/secure.gravatar.com\/avatar\/a49ef3186a692098ac3e8a1612261e3ad70cf9e44553dff2929e67939a0ecb9d?s=96&d=identicon&r=g","contentUrl":"https:\/\/secure.gravatar.com\/avatar\/a49ef3186a692098ac3e8a1612261e3ad70cf9e44553dff2929e67939a0ecb9d?s=96&d=identicon&r=g","caption":"Genof\u00f3ntes Urb\u00e1ez"},"logo":{"@id":"https:\/\/secure.gravatar.com\/avatar\/a49ef3186a692098ac3e8a1612261e3ad70cf9e44553dff2929e67939a0ecb9d?s=96&d=identicon&r=g"},"description":"Periodista \/ Locutor","sameAs":["https:\/\/www.facebook.com\/Genofnotes","https:\/\/www.instagram.com\/genofnotes\/"]}]}},"jetpack_publicize_connections":[],"jetpack_featured_media_url":"https:\/\/i0.wp.com\/minutocerord.com\/wp-content\/uploads\/2022\/01\/3.jpg?fit=750%2C375&ssl=1","jetpack-related-posts":[],"jetpack_sharing_enabled":true,"_links":{"self":[{"href":"https:\/\/minutocerord.com\/index.php?rest_route=\/wp\/v2\/posts\/7381","targetHints":{"allow":["GET"]}}],"collection":[{"href":"https:\/\/minutocerord.com\/index.php?rest_route=\/wp\/v2\/posts"}],"about":[{"href":"https:\/\/minutocerord.com\/index.php?rest_route=\/wp\/v2\/types\/post"}],"author":[{"embeddable":true,"href":"https:\/\/minutocerord.com\/index.php?rest_route=\/wp\/v2\/users\/1"}],"replies":[{"embeddable":true,"href":"https:\/\/minutocerord.com\/index.php?rest_route=%2Fwp%2Fv2%2Fcomments&post=7381"}],"version-history":[{"count":1,"href":"https:\/\/minutocerord.com\/index.php?rest_route=\/wp\/v2\/posts\/7381\/revisions"}],"predecessor-version":[{"id":7383,"href":"https:\/\/minutocerord.com\/index.php?rest_route=\/wp\/v2\/posts\/7381\/revisions\/7383"}],"wp:featuredmedia":[{"embeddable":true,"href":"https:\/\/minutocerord.com\/index.php?rest_route=\/wp\/v2\/media\/7382"}],"wp:attachment":[{"href":"https:\/\/minutocerord.com\/index.php?rest_route=%2Fwp%2Fv2%2Fmedia&parent=7381"}],"wp:term":[{"taxonomy":"category","embeddable":true,"href":"https:\/\/minutocerord.com\/index.php?rest_route=%2Fwp%2Fv2%2Fcategories&post=7381"},{"taxonomy":"post_tag","embeddable":true,"href":"https:\/\/minutocerord.com\/index.php?rest_route=%2Fwp%2Fv2%2Ftags&post=7381"}],"curies":[{"name":"wp","href":"https:\/\/api.w.org\/{rel}","templated":true}]}}