{"id":7384,"date":"2022-01-13T12:57:41","date_gmt":"2022-01-13T16:57:41","guid":{"rendered":"https:\/\/minutocerord.com\/?p=7384"},"modified":"2022-01-13T12:57:44","modified_gmt":"2022-01-13T16:57:44","slug":"unicef-apoya-en-rd-docencia-presencial-objeta-cierre-escuelas","status":"publish","type":"post","link":"https:\/\/minutocerord.com\/?p=7384","title":{"rendered":"UNICEF apoya en RD docencia presencial, objeta cierre escuelas"},"content":{"rendered":"\n<p><strong>SANTO DOMINGO .\u2013<\/strong>El Fondo de las Naciones Unidas para la Infancia (UNICEF) aplaudi\u00f3 los esfuerzos que se realizan en la Rep\u00fablica Dominicana para reabrir las escuelas e impartir en ellas docencia presencial.<\/p>\n\n\n\n<p>\u201cCada vez existen pruebas m\u00e1s contundentes acerca de los efectos negativos del cierre de las escuelas en los ni\u00f1os, ni\u00f1as y adolescentes,&nbsp;y cada vez hay m\u00e1s evidencia de que las escuelas no incrementan las cifras de la pandemia\u201d, sostuvo el organismo internacional en un documento remitido a ALMOMENTO.NET firmado por su representante en el pa\u00eds, Rosa Elcarte.<\/p>\n\n\n\n<p><strong>DOS MILLONES DE ESTUDIANTES PERJUDICADOS<\/strong><\/p>\n\n\n\n<div id=\"attachment_760806\" class=\"wp-block-image\"><figure class=\"alignright\"><a href=\"https:\/\/i0.wp.com\/almomento.net\/wp-content\/uploads\/2022\/01\/ROSA-ELCARTE-Representante-de-UNICEF-en-RD.jpg?ssl=1\"><img data-recalc-dims=\"1\" decoding=\"async\" loading=\"lazy\" src=\"https:\/\/i0.wp.com\/almomento.net\/wp-content\/uploads\/2022\/01\/ROSA-ELCARTE-Representante-de-UNICEF-en-RD.jpg?w=640&#038;ssl=1\" alt=\"\" class=\"wp-image-760806\"\/><\/a><figcaption>Rosa Elcarte, representante de UNICEF en RD.<\/figcaption><\/figure><\/div>\n\n\n\n<p>Observ\u00f3 que un cierre de las escuelas en este momento ser\u00eda dejar sin acceso a la educaci\u00f3n a m\u00e1s de dos millones de estudiantes en la Rep\u00fablica&nbsp;Dominicana, en especial del sector p\u00fablico, lo cual ampliar\u00eda las brechas de inequidad con el sector privado.<\/p>\n\n\n\n<p>La entidad, dependiente de la Organizaci\u00f3n de las Naciones Unidas, destaca que para aprender bien, los estudiantes necesitan a su docente, pues \u201cest\u00e1 demostrado que los ni\u00f1os que no van a clases presenciales reducen en gran parte su aprendizaje\u201d.<\/p>\n\n\n\n<p>Indica que varios estudios han confirmado que la capacidad de los ni\u00f1os de leer, escribir y realizar operaciones matem\u00e1ticas b\u00e1sicas se ha deteriorado, y las habilidades que necesitan para salir adelante en la econom\u00eda del siglo XXI disminuyeron en el a\u00f1o escolar anterior.<\/p>\n\n\n\n<p><strong>SE AGRAVARON LOS PROBLEMAS TRADICIONALES<\/strong><\/p>\n\n\n\n<p>\u201cDesde marzo 2020 hasta septiembre 2021 las escuelas en el pa\u00eds estuvieron complemente cerradas y los estudiantes continuaron una educaci\u00f3n a distancia, complejizando una situaci\u00f3n previa a la pandemia de bajo aprendizaje de los estudiantes, teniendo mayor incidencia en los m\u00e1s pobres y en estudiantes con discapacidad\u201d, dice.<\/p>\n\n\n\n<p><strong>NO HUBO AUMENTO DE CONTAGIOS<\/strong><\/p>\n\n\n\n<p>En cambio, agrega, la mayor\u00eda de ellas estuvieron completamente abiertas de septiembre a diciembre del 2021, concluyendo un primer cuatrimestre con la valoraci\u00f3n positiva del Ministerio de Salud, quien estableci\u00f3 que la reapertura de las mismas &nbsp;no gener\u00f3 aumento de los contagios.<\/p>\n\n\n\n<p>\u201cEsto significa que la reapertura escolar, acompa\u00f1ada de cumplimiento estricto de protocolos de seguridad, ha sido efectiva en el Sistema Escolar Dominicano\u201d, concluye.<\/p>\n\n\n\n<p><strong>PIDE INTENSIFICAR ESFUERZOS DE VACUNACION<\/strong><\/p>\n\n\n\n<p>UNICEF solicita al gobierno, al sector educativo y a las familias a que intensifiquen los esfuerzos de vacunaci\u00f3n con las 3 dosis a todos los docentes y personal administrativo del sistema educativo, as\u00ed como a los adolescentes de 12 a 18 a\u00f1os.<\/p>\n\n\n\n<p>Agrega que si el gobierno mantiene el compromiso acordado en 2020, debe iniciar la vacunaci\u00f3n de los ni\u00f1os entre 5 y 12 a\u00f1os, especialmente los que tienen comorbilidades.<\/p>\n\n\n\n<p>UNICEF solicit\u00f3 al gobierno, al sector educativo y a las familias a que intensifiquen los esfuerzos de vacunaci\u00f3n con las 3 dosis a todos los docentes y personal administrativo del sistema educativo, as\u00ed como a los adolescentes de 12 a 18 a\u00f1os y, si el gobierno mantiene su compromiso acordado en 2020, que vaya iniciando la vacunaci\u00f3n de los ni\u00f1os entre 5 y 12 a\u00f1os, especialmente los ni\u00f1os con comorbilidades.<\/p>\n\n\n\n<p>\u201cApelamos al personal escolar, las familias y comunidades para que contin\u00faen poniendo todo su empe\u00f1o y compromiso en garantizar que los ni\u00f1os, ni\u00f1as y adolescentes tengan acceso a una educaci\u00f3n en las clases con su profesor, que favorezca su aprendizaje y los proteja de los efectos negativos de la educaci\u00f3n no presencial. Para ello, y dentro de las medidas de bioseguridad -ya por todos conocidas-, UNICEF quiere remarcar que es muy importante la ventilaci\u00f3n continua de las aulas de clases y el uso permanente de mascarillas por parte de ni\u00f1os, profesores y personal de apoyo\u201d , concluy\u00f3.<\/p>\n","protected":false},"excerpt":{"rendered":"<p>SANTO DOMINGO .\u2013El Fondo de las Naciones Unidas para la Infancia (UNICEF) aplaudi\u00f3 los esfuerzos que se realizan en la Rep\u00fablica Dominicana para reabrir las escuelas e impartir en ellas docencia presencial. \u201cCada vez existen pruebas m\u00e1s contundentes acerca de los efectos negativos del cierre de las escuelas en los ni\u00f1os, ni\u00f1as y adolescentes,&nbsp;y cada [&hellip;]<\/p>\n","protected":false},"author":1,"featured_media":7385,"comment_status":"open","ping_status":"open","sticky":false,"template":"","format":"standard","meta":{"nf_dc_page":"","jetpack_post_was_ever_published":false,"_jetpack_newsletter_access":"","_jetpack_dont_email_post_to_subs":false,"_jetpack_newsletter_tier_id":0,"_jetpack_memberships_contains_paywalled_content":false,"_jetpack_memberships_contains_paid_content":false,"footnotes":"","jetpack_publicize_message":"","jetpack_publicize_feature_enabled":true,"jetpack_social_post_already_shared":false,"jetpack_social_options":{"image_generator_settings":{"template":"highway","default_image_id":0,"font":"","enabled":false},"version":2}},"categories":[65],"tags":[],"class_list":["post-7384","post","type-post","status-publish","format-standard","has-post-thumbnail","hentry","category-nacionales"],"yoast_head":"<!-- This site is optimized with the Yoast SEO plugin v27.4 - https:\/\/yoast.com\/product\/yoast-seo-wordpress\/ -->\n<title>UNICEF apoya en RD docencia presencial, objeta cierre escuelas - Minuto Cero RD<\/title>\n<meta name=\"robots\" content=\"index, follow, max-snippet:-1, max-image-preview:large, max-video-preview:-1\" \/>\n<link rel=\"canonical\" href=\"http:\/\/minutocerord.com\/?p=7384\" \/>\n<meta property=\"og:locale\" content=\"es_ES\" \/>\n<meta property=\"og:type\" content=\"article\" \/>\n<meta property=\"og:title\" content=\"UNICEF apoya en RD docencia presencial, objeta cierre escuelas - Minuto Cero RD\" \/>\n<meta property=\"og:description\" content=\"SANTO DOMINGO .\u2013El Fondo de las Naciones Unidas para la Infancia (UNICEF) aplaudi\u00f3 los esfuerzos que se realizan en la Rep\u00fablica Dominicana para reabrir las escuelas e impartir en ellas docencia presencial. \u201cCada vez existen pruebas m\u00e1s contundentes acerca de los efectos negativos del cierre de las escuelas en los ni\u00f1os, ni\u00f1as y adolescentes,&nbsp;y cada [&hellip;]\" \/>\n<meta property=\"og:url\" content=\"http:\/\/minutocerord.com\/?p=7384\" \/>\n<meta property=\"og:site_name\" content=\"Minuto Cero RD\" \/>\n<meta property=\"article:publisher\" content=\"https:\/\/www.facebook.com\/Genofnotes\" \/>\n<meta property=\"article:author\" content=\"https:\/\/www.facebook.com\/Genofnotes\" \/>\n<meta property=\"article:published_time\" content=\"2022-01-13T16:57:41+00:00\" \/>\n<meta property=\"article:modified_time\" content=\"2022-01-13T16:57:44+00:00\" \/>\n<meta property=\"og:image\" content=\"https:\/\/i0.wp.com\/minutocerord.com\/wp-content\/uploads\/2022\/01\/Estudiantes-1-1.jpg?fit=577%2C347\" \/>\n\t<meta property=\"og:image:width\" content=\"577\" \/>\n\t<meta property=\"og:image:height\" content=\"347\" \/>\n\t<meta property=\"og:image:type\" content=\"image\/jpeg\" \/>\n<meta name=\"author\" content=\"Genof\u00f3ntes Urb\u00e1ez\" \/>\n<meta name=\"twitter:card\" content=\"summary_large_image\" \/>\n<meta name=\"twitter:label1\" content=\"Written by\" \/>\n\t<meta name=\"twitter:data1\" content=\"Genof\u00f3ntes Urb\u00e1ez\" \/>\n\t<meta name=\"twitter:label2\" content=\"Est. reading time\" \/>\n\t<meta name=\"twitter:data2\" content=\"3 minutos\" \/>\n<script type=\"application\/ld+json\" class=\"yoast-schema-graph\">{\"@context\":\"https:\\\/\\\/schema.org\",\"@graph\":[{\"@type\":\"Article\",\"@id\":\"http:\\\/\\\/minutocerord.com\\\/?p=7384#article\",\"isPartOf\":{\"@id\":\"http:\\\/\\\/minutocerord.com\\\/?p=7384\"},\"author\":{\"name\":\"Genof\u00f3ntes Urb\u00e1ez\",\"@id\":\"https:\\\/\\\/minutocerord.com\\\/#\\\/schema\\\/person\\\/60b5372d60aaa0a5171fb6488be9aee6\"},\"headline\":\"UNICEF apoya en RD docencia presencial, objeta cierre escuelas\",\"datePublished\":\"2022-01-13T16:57:41+00:00\",\"dateModified\":\"2022-01-13T16:57:44+00:00\",\"mainEntityOfPage\":{\"@id\":\"http:\\\/\\\/minutocerord.com\\\/?p=7384\"},\"wordCount\":635,\"commentCount\":0,\"publisher\":{\"@id\":\"https:\\\/\\\/minutocerord.com\\\/#\\\/schema\\\/person\\\/60b5372d60aaa0a5171fb6488be9aee6\"},\"image\":{\"@id\":\"http:\\\/\\\/minutocerord.com\\\/?p=7384#primaryimage\"},\"thumbnailUrl\":\"https:\\\/\\\/i0.wp.com\\\/minutocerord.com\\\/wp-content\\\/uploads\\\/2022\\\/01\\\/Estudiantes-1-1.jpg?fit=577%2C347&ssl=1\",\"articleSection\":[\"Nacionales\"],\"inLanguage\":\"es-DO\",\"potentialAction\":[{\"@type\":\"CommentAction\",\"name\":\"Comment\",\"target\":[\"http:\\\/\\\/minutocerord.com\\\/?p=7384#respond\"]}]},{\"@type\":\"WebPage\",\"@id\":\"http:\\\/\\\/minutocerord.com\\\/?p=7384\",\"url\":\"http:\\\/\\\/minutocerord.com\\\/?p=7384\",\"name\":\"UNICEF apoya en RD docencia presencial, objeta cierre escuelas - Minuto Cero RD\",\"isPartOf\":{\"@id\":\"https:\\\/\\\/minutocerord.com\\\/#website\"},\"primaryImageOfPage\":{\"@id\":\"http:\\\/\\\/minutocerord.com\\\/?p=7384#primaryimage\"},\"image\":{\"@id\":\"http:\\\/\\\/minutocerord.com\\\/?p=7384#primaryimage\"},\"thumbnailUrl\":\"https:\\\/\\\/i0.wp.com\\\/minutocerord.com\\\/wp-content\\\/uploads\\\/2022\\\/01\\\/Estudiantes-1-1.jpg?fit=577%2C347&ssl=1\",\"datePublished\":\"2022-01-13T16:57:41+00:00\",\"dateModified\":\"2022-01-13T16:57:44+00:00\",\"breadcrumb\":{\"@id\":\"http:\\\/\\\/minutocerord.com\\\/?p=7384#breadcrumb\"},\"inLanguage\":\"es-DO\",\"potentialAction\":[{\"@type\":\"ReadAction\",\"target\":[\"http:\\\/\\\/minutocerord.com\\\/?p=7384\"]}]},{\"@type\":\"ImageObject\",\"inLanguage\":\"es-DO\",\"@id\":\"http:\\\/\\\/minutocerord.com\\\/?p=7384#primaryimage\",\"url\":\"https:\\\/\\\/i0.wp.com\\\/minutocerord.com\\\/wp-content\\\/uploads\\\/2022\\\/01\\\/Estudiantes-1-1.jpg?fit=577%2C347&ssl=1\",\"contentUrl\":\"https:\\\/\\\/i0.wp.com\\\/minutocerord.com\\\/wp-content\\\/uploads\\\/2022\\\/01\\\/Estudiantes-1-1.jpg?fit=577%2C347&ssl=1\",\"width\":577,\"height\":347},{\"@type\":\"BreadcrumbList\",\"@id\":\"http:\\\/\\\/minutocerord.com\\\/?p=7384#breadcrumb\",\"itemListElement\":[{\"@type\":\"ListItem\",\"position\":1,\"name\":\"Home\",\"item\":\"https:\\\/\\\/minutocerord.com\\\/\"},{\"@type\":\"ListItem\",\"position\":2,\"name\":\"UNICEF apoya en RD docencia presencial, objeta cierre escuelas\"}]},{\"@type\":\"WebSite\",\"@id\":\"https:\\\/\\\/minutocerord.com\\\/#website\",\"url\":\"https:\\\/\\\/minutocerord.com\\\/\",\"name\":\"Minuto Cero RD\",\"description\":\"Periodismo serio y veraz\",\"publisher\":{\"@id\":\"https:\\\/\\\/minutocerord.com\\\/#\\\/schema\\\/person\\\/60b5372d60aaa0a5171fb6488be9aee6\"},\"potentialAction\":[{\"@type\":\"SearchAction\",\"target\":{\"@type\":\"EntryPoint\",\"urlTemplate\":\"https:\\\/\\\/minutocerord.com\\\/?s={search_term_string}\"},\"query-input\":{\"@type\":\"PropertyValueSpecification\",\"valueRequired\":true,\"valueName\":\"search_term_string\"}}],\"inLanguage\":\"es-DO\"},{\"@type\":[\"Person\",\"Organization\"],\"@id\":\"https:\\\/\\\/minutocerord.com\\\/#\\\/schema\\\/person\\\/60b5372d60aaa0a5171fb6488be9aee6\",\"name\":\"Genof\u00f3ntes Urb\u00e1ez\",\"image\":{\"@type\":\"ImageObject\",\"inLanguage\":\"es-DO\",\"@id\":\"https:\\\/\\\/secure.gravatar.com\\\/avatar\\\/a49ef3186a692098ac3e8a1612261e3ad70cf9e44553dff2929e67939a0ecb9d?s=96&d=identicon&r=g\",\"url\":\"https:\\\/\\\/secure.gravatar.com\\\/avatar\\\/a49ef3186a692098ac3e8a1612261e3ad70cf9e44553dff2929e67939a0ecb9d?s=96&d=identicon&r=g\",\"contentUrl\":\"https:\\\/\\\/secure.gravatar.com\\\/avatar\\\/a49ef3186a692098ac3e8a1612261e3ad70cf9e44553dff2929e67939a0ecb9d?s=96&d=identicon&r=g\",\"caption\":\"Genof\u00f3ntes Urb\u00e1ez\"},\"logo\":{\"@id\":\"https:\\\/\\\/secure.gravatar.com\\\/avatar\\\/a49ef3186a692098ac3e8a1612261e3ad70cf9e44553dff2929e67939a0ecb9d?s=96&d=identicon&r=g\"},\"description\":\"Periodista \\\/ Locutor\",\"sameAs\":[\"https:\\\/\\\/www.facebook.com\\\/Genofnotes\",\"https:\\\/\\\/www.instagram.com\\\/genofnotes\\\/\"]}]}<\/script>\n<!-- \/ Yoast SEO plugin. -->","yoast_head_json":{"title":"UNICEF apoya en RD docencia presencial, objeta cierre escuelas - Minuto Cero RD","robots":{"index":"index","follow":"follow","max-snippet":"max-snippet:-1","max-image-preview":"max-image-preview:large","max-video-preview":"max-video-preview:-1"},"canonical":"http:\/\/minutocerord.com\/?p=7384","og_locale":"es_ES","og_type":"article","og_title":"UNICEF apoya en RD docencia presencial, objeta cierre escuelas - Minuto Cero RD","og_description":"SANTO DOMINGO .\u2013El Fondo de las Naciones Unidas para la Infancia (UNICEF) aplaudi\u00f3 los esfuerzos que se realizan en la Rep\u00fablica Dominicana para reabrir las escuelas e impartir en ellas docencia presencial. \u201cCada vez existen pruebas m\u00e1s contundentes acerca de los efectos negativos del cierre de las escuelas en los ni\u00f1os, ni\u00f1as y adolescentes,&nbsp;y cada [&hellip;]","og_url":"http:\/\/minutocerord.com\/?p=7384","og_site_name":"Minuto Cero RD","article_publisher":"https:\/\/www.facebook.com\/Genofnotes","article_author":"https:\/\/www.facebook.com\/Genofnotes","article_published_time":"2022-01-13T16:57:41+00:00","article_modified_time":"2022-01-13T16:57:44+00:00","og_image":[{"width":577,"height":347,"url":"https:\/\/i0.wp.com\/minutocerord.com\/wp-content\/uploads\/2022\/01\/Estudiantes-1-1.jpg?fit=577%2C347","type":"image\/jpeg"}],"author":"Genof\u00f3ntes Urb\u00e1ez","twitter_card":"summary_large_image","twitter_misc":{"Written by":"Genof\u00f3ntes Urb\u00e1ez","Est. reading time":"3 minutos"},"schema":{"@context":"https:\/\/schema.org","@graph":[{"@type":"Article","@id":"http:\/\/minutocerord.com\/?p=7384#article","isPartOf":{"@id":"http:\/\/minutocerord.com\/?p=7384"},"author":{"name":"Genof\u00f3ntes Urb\u00e1ez","@id":"https:\/\/minutocerord.com\/#\/schema\/person\/60b5372d60aaa0a5171fb6488be9aee6"},"headline":"UNICEF apoya en RD docencia presencial, objeta cierre escuelas","datePublished":"2022-01-13T16:57:41+00:00","dateModified":"2022-01-13T16:57:44+00:00","mainEntityOfPage":{"@id":"http:\/\/minutocerord.com\/?p=7384"},"wordCount":635,"commentCount":0,"publisher":{"@id":"https:\/\/minutocerord.com\/#\/schema\/person\/60b5372d60aaa0a5171fb6488be9aee6"},"image":{"@id":"http:\/\/minutocerord.com\/?p=7384#primaryimage"},"thumbnailUrl":"https:\/\/i0.wp.com\/minutocerord.com\/wp-content\/uploads\/2022\/01\/Estudiantes-1-1.jpg?fit=577%2C347&ssl=1","articleSection":["Nacionales"],"inLanguage":"es-DO","potentialAction":[{"@type":"CommentAction","name":"Comment","target":["http:\/\/minutocerord.com\/?p=7384#respond"]}]},{"@type":"WebPage","@id":"http:\/\/minutocerord.com\/?p=7384","url":"http:\/\/minutocerord.com\/?p=7384","name":"UNICEF apoya en RD docencia presencial, objeta cierre escuelas - Minuto Cero RD","isPartOf":{"@id":"https:\/\/minutocerord.com\/#website"},"primaryImageOfPage":{"@id":"http:\/\/minutocerord.com\/?p=7384#primaryimage"},"image":{"@id":"http:\/\/minutocerord.com\/?p=7384#primaryimage"},"thumbnailUrl":"https:\/\/i0.wp.com\/minutocerord.com\/wp-content\/uploads\/2022\/01\/Estudiantes-1-1.jpg?fit=577%2C347&ssl=1","datePublished":"2022-01-13T16:57:41+00:00","dateModified":"2022-01-13T16:57:44+00:00","breadcrumb":{"@id":"http:\/\/minutocerord.com\/?p=7384#breadcrumb"},"inLanguage":"es-DO","potentialAction":[{"@type":"ReadAction","target":["http:\/\/minutocerord.com\/?p=7384"]}]},{"@type":"ImageObject","inLanguage":"es-DO","@id":"http:\/\/minutocerord.com\/?p=7384#primaryimage","url":"https:\/\/i0.wp.com\/minutocerord.com\/wp-content\/uploads\/2022\/01\/Estudiantes-1-1.jpg?fit=577%2C347&ssl=1","contentUrl":"https:\/\/i0.wp.com\/minutocerord.com\/wp-content\/uploads\/2022\/01\/Estudiantes-1-1.jpg?fit=577%2C347&ssl=1","width":577,"height":347},{"@type":"BreadcrumbList","@id":"http:\/\/minutocerord.com\/?p=7384#breadcrumb","itemListElement":[{"@type":"ListItem","position":1,"name":"Home","item":"https:\/\/minutocerord.com\/"},{"@type":"ListItem","position":2,"name":"UNICEF apoya en RD docencia presencial, objeta cierre escuelas"}]},{"@type":"WebSite","@id":"https:\/\/minutocerord.com\/#website","url":"https:\/\/minutocerord.com\/","name":"Minuto Cero RD","description":"Periodismo serio y veraz","publisher":{"@id":"https:\/\/minutocerord.com\/#\/schema\/person\/60b5372d60aaa0a5171fb6488be9aee6"},"potentialAction":[{"@type":"SearchAction","target":{"@type":"EntryPoint","urlTemplate":"https:\/\/minutocerord.com\/?s={search_term_string}"},"query-input":{"@type":"PropertyValueSpecification","valueRequired":true,"valueName":"search_term_string"}}],"inLanguage":"es-DO"},{"@type":["Person","Organization"],"@id":"https:\/\/minutocerord.com\/#\/schema\/person\/60b5372d60aaa0a5171fb6488be9aee6","name":"Genof\u00f3ntes Urb\u00e1ez","image":{"@type":"ImageObject","inLanguage":"es-DO","@id":"https:\/\/secure.gravatar.com\/avatar\/a49ef3186a692098ac3e8a1612261e3ad70cf9e44553dff2929e67939a0ecb9d?s=96&d=identicon&r=g","url":"https:\/\/secure.gravatar.com\/avatar\/a49ef3186a692098ac3e8a1612261e3ad70cf9e44553dff2929e67939a0ecb9d?s=96&d=identicon&r=g","contentUrl":"https:\/\/secure.gravatar.com\/avatar\/a49ef3186a692098ac3e8a1612261e3ad70cf9e44553dff2929e67939a0ecb9d?s=96&d=identicon&r=g","caption":"Genof\u00f3ntes Urb\u00e1ez"},"logo":{"@id":"https:\/\/secure.gravatar.com\/avatar\/a49ef3186a692098ac3e8a1612261e3ad70cf9e44553dff2929e67939a0ecb9d?s=96&d=identicon&r=g"},"description":"Periodista \/ Locutor","sameAs":["https:\/\/www.facebook.com\/Genofnotes","https:\/\/www.instagram.com\/genofnotes\/"]}]}},"jetpack_publicize_connections":[],"jetpack_featured_media_url":"https:\/\/i0.wp.com\/minutocerord.com\/wp-content\/uploads\/2022\/01\/Estudiantes-1-1.jpg?fit=577%2C347&ssl=1","jetpack-related-posts":[],"jetpack_sharing_enabled":true,"_links":{"self":[{"href":"https:\/\/minutocerord.com\/index.php?rest_route=\/wp\/v2\/posts\/7384","targetHints":{"allow":["GET"]}}],"collection":[{"href":"https:\/\/minutocerord.com\/index.php?rest_route=\/wp\/v2\/posts"}],"about":[{"href":"https:\/\/minutocerord.com\/index.php?rest_route=\/wp\/v2\/types\/post"}],"author":[{"embeddable":true,"href":"https:\/\/minutocerord.com\/index.php?rest_route=\/wp\/v2\/users\/1"}],"replies":[{"embeddable":true,"href":"https:\/\/minutocerord.com\/index.php?rest_route=%2Fwp%2Fv2%2Fcomments&post=7384"}],"version-history":[{"count":1,"href":"https:\/\/minutocerord.com\/index.php?rest_route=\/wp\/v2\/posts\/7384\/revisions"}],"predecessor-version":[{"id":7386,"href":"https:\/\/minutocerord.com\/index.php?rest_route=\/wp\/v2\/posts\/7384\/revisions\/7386"}],"wp:featuredmedia":[{"embeddable":true,"href":"https:\/\/minutocerord.com\/index.php?rest_route=\/wp\/v2\/media\/7385"}],"wp:attachment":[{"href":"https:\/\/minutocerord.com\/index.php?rest_route=%2Fwp%2Fv2%2Fmedia&parent=7384"}],"wp:term":[{"taxonomy":"category","embeddable":true,"href":"https:\/\/minutocerord.com\/index.php?rest_route=%2Fwp%2Fv2%2Fcategories&post=7384"},{"taxonomy":"post_tag","embeddable":true,"href":"https:\/\/minutocerord.com\/index.php?rest_route=%2Fwp%2Fv2%2Ftags&post=7384"}],"curies":[{"name":"wp","href":"https:\/\/api.w.org\/{rel}","templated":true}]}}