{"id":7396,"date":"2022-01-13T20:11:17","date_gmt":"2022-01-14T00:11:17","guid":{"rendered":"https:\/\/minutocerord.com\/?p=7396"},"modified":"2022-01-13T20:11:20","modified_gmt":"2022-01-14T00:11:20","slug":"adp-reitera-llamado-a-no-asistir-a-clases-pide-no-politizar-la-situacion","status":"publish","type":"post","link":"https:\/\/minutocerord.com\/?p=7396","title":{"rendered":"ADP reitera llamado a no asistir a clases; pide &#8220;no politizar&#8221; la situaci\u00f3n"},"content":{"rendered":"\n<p>Santo Domingo &#8211; La Asociaci\u00f3n Dominicana de Profesores(ADP) dijo este jueves que ese gremio acumula ya m\u00e1s de 10 mil maestros contagiados con covid-19 o influenza.<\/p>\n\n\n\n<p>\u201cAl proceso iniciado por la&nbsp;ADP, para preservar la salud de la familia dominicana, reafirma el hecho de los aumentos de los contagios de los maestros que, al d\u00eda de hoy, sobrepasa los 10 mil maestros contagiados con el COVID-19 o influenza\u201d,&nbsp; indic\u00f3 el presidente del gremio,&nbsp;Eduardo Hidalgo.<\/p>\n\n\n\n<p>De igual manera,&nbsp;&nbsp;<strong>ratific\u00f3 el llamado al magisterio nacional a no acudir a las escuelas a impartir clases presenciales<\/strong>, hasta que sea posible sostener un diaglogo \u201csincero\u201d con las autoridades de Salud y Educaci\u00f3n para buscarle salida a la situaci\u00f3n.<\/p>\n\n\n\n<p>En una rueda de prensa del&nbsp;Comit\u00e9 Ejecutivo de la ADP, que est\u00e1 en sesi\u00f3n permanente, dijo: &#8220;No podemos hacernos el gracioso para aceptar la obsesi\u00f3n del ministro (Roberto Fulcar) de mantener la&nbsp;docencia&nbsp;en estas condiciones\u201d.<\/p>\n\n\n\n<p>Hidalgo destac\u00f3 que miles de maestros han asumido, con sus propias iniciativas, hacer contactos con sus&nbsp;estudiantes&nbsp;a trav\u00e9s de grupos WhatsApp y otros m\u00e9todos que &#8220;reflejan el alto nivel de compromiso con la educaci\u00f3n dominicana&#8221; y respondiendo a la insinuaci\u00f3n de algunos sectores de que la&nbsp;ADP&nbsp;que han mandado a los maestros a no trabajar.<\/p>\n\n\n\n<p>En ese sentido, hizo menci\u00f3n a la gran inversi\u00f3n realizada por el Ministerio de Educaci\u00f3n en tabletas que en estos momentos \u201cno han sido \u00fatiles para situaciones como esta\u201d.<\/p>\n\n\n\n<p>Aprovech\u00f3 para hacer un llamado al ministro de Educaci\u00f3n, Roberto Fulcar, a sostener un dialogo y a no politizar la situaci\u00f3n.<\/p>\n","protected":false},"excerpt":{"rendered":"<p>Santo Domingo &#8211; La Asociaci\u00f3n Dominicana de Profesores(ADP) dijo este jueves que ese gremio acumula ya m\u00e1s de 10 mil maestros contagiados con covid-19 o influenza. \u201cAl proceso iniciado por la&nbsp;ADP, para preservar la salud de la familia dominicana, reafirma el hecho de los aumentos de los contagios de los maestros que, al d\u00eda de [&hellip;]<\/p>\n","protected":false},"author":1,"featured_media":7397,"comment_status":"open","ping_status":"open","sticky":false,"template":"","format":"standard","meta":{"nf_dc_page":"","jetpack_post_was_ever_published":false,"_jetpack_newsletter_access":"","_jetpack_dont_email_post_to_subs":false,"_jetpack_newsletter_tier_id":0,"_jetpack_memberships_contains_paywalled_content":false,"_jetpack_memberships_contains_paid_content":false,"footnotes":"","jetpack_publicize_message":"","jetpack_publicize_feature_enabled":true,"jetpack_social_post_already_shared":false,"jetpack_social_options":{"image_generator_settings":{"template":"highway","default_image_id":0,"font":"","enabled":false},"version":2}},"categories":[65],"tags":[],"class_list":["post-7396","post","type-post","status-publish","format-standard","has-post-thumbnail","hentry","category-nacionales"],"yoast_head":"<!-- This site is optimized with the Yoast SEO plugin v27.4 - https:\/\/yoast.com\/product\/yoast-seo-wordpress\/ -->\n<title>ADP reitera llamado a no asistir a clases; pide &quot;no politizar&quot; la situaci\u00f3n - Minuto Cero RD<\/title>\n<meta name=\"robots\" content=\"index, follow, max-snippet:-1, max-image-preview:large, max-video-preview:-1\" \/>\n<link rel=\"canonical\" href=\"http:\/\/minutocerord.com\/?p=7396\" \/>\n<meta property=\"og:locale\" content=\"es_ES\" \/>\n<meta property=\"og:type\" content=\"article\" \/>\n<meta property=\"og:title\" content=\"ADP reitera llamado a no asistir a clases; pide &quot;no politizar&quot; la situaci\u00f3n - Minuto Cero RD\" \/>\n<meta property=\"og:description\" content=\"Santo Domingo &#8211; La Asociaci\u00f3n Dominicana de Profesores(ADP) dijo este jueves que ese gremio acumula ya m\u00e1s de 10 mil maestros contagiados con covid-19 o influenza. \u201cAl proceso iniciado por la&nbsp;ADP, para preservar la salud de la familia dominicana, reafirma el hecho de los aumentos de los contagios de los maestros que, al d\u00eda de [&hellip;]\" \/>\n<meta property=\"og:url\" content=\"http:\/\/minutocerord.com\/?p=7396\" \/>\n<meta property=\"og:site_name\" content=\"Minuto Cero RD\" \/>\n<meta property=\"article:publisher\" content=\"https:\/\/www.facebook.com\/Genofnotes\" \/>\n<meta property=\"article:author\" content=\"https:\/\/www.facebook.com\/Genofnotes\" \/>\n<meta property=\"article:published_time\" content=\"2022-01-14T00:11:17+00:00\" \/>\n<meta property=\"article:modified_time\" content=\"2022-01-14T00:11:20+00:00\" \/>\n<meta property=\"og:image\" content=\"https:\/\/i0.wp.com\/minutocerord.com\/wp-content\/uploads\/2022\/01\/6865af83-whatsapp-image-2022-01-13-at-6-46-58-pm-61e0abecdbfcb.jpeg?fit=577%2C290\" \/>\n\t<meta property=\"og:image:width\" content=\"577\" \/>\n\t<meta property=\"og:image:height\" content=\"290\" \/>\n\t<meta property=\"og:image:type\" content=\"image\/jpeg\" \/>\n<meta name=\"author\" content=\"Genof\u00f3ntes Urb\u00e1ez\" \/>\n<meta name=\"twitter:card\" content=\"summary_large_image\" \/>\n<meta name=\"twitter:label1\" content=\"Written by\" \/>\n\t<meta name=\"twitter:data1\" content=\"Genof\u00f3ntes Urb\u00e1ez\" \/>\n\t<meta name=\"twitter:label2\" content=\"Est. reading time\" \/>\n\t<meta name=\"twitter:data2\" content=\"2 minutos\" \/>\n<script type=\"application\/ld+json\" class=\"yoast-schema-graph\">{\"@context\":\"https:\\\/\\\/schema.org\",\"@graph\":[{\"@type\":\"Article\",\"@id\":\"http:\\\/\\\/minutocerord.com\\\/?p=7396#article\",\"isPartOf\":{\"@id\":\"http:\\\/\\\/minutocerord.com\\\/?p=7396\"},\"author\":{\"name\":\"Genof\u00f3ntes Urb\u00e1ez\",\"@id\":\"https:\\\/\\\/minutocerord.com\\\/#\\\/schema\\\/person\\\/60b5372d60aaa0a5171fb6488be9aee6\"},\"headline\":\"ADP reitera llamado a no asistir a clases; pide &#8220;no politizar&#8221; la situaci\u00f3n\",\"datePublished\":\"2022-01-14T00:11:17+00:00\",\"dateModified\":\"2022-01-14T00:11:20+00:00\",\"mainEntityOfPage\":{\"@id\":\"http:\\\/\\\/minutocerord.com\\\/?p=7396\"},\"wordCount\":300,\"commentCount\":0,\"publisher\":{\"@id\":\"https:\\\/\\\/minutocerord.com\\\/#\\\/schema\\\/person\\\/60b5372d60aaa0a5171fb6488be9aee6\"},\"image\":{\"@id\":\"http:\\\/\\\/minutocerord.com\\\/?p=7396#primaryimage\"},\"thumbnailUrl\":\"https:\\\/\\\/i0.wp.com\\\/minutocerord.com\\\/wp-content\\\/uploads\\\/2022\\\/01\\\/6865af83-whatsapp-image-2022-01-13-at-6-46-58-pm-61e0abecdbfcb.jpeg?fit=577%2C290&ssl=1\",\"articleSection\":[\"Nacionales\"],\"inLanguage\":\"es-DO\",\"potentialAction\":[{\"@type\":\"CommentAction\",\"name\":\"Comment\",\"target\":[\"http:\\\/\\\/minutocerord.com\\\/?p=7396#respond\"]}]},{\"@type\":\"WebPage\",\"@id\":\"http:\\\/\\\/minutocerord.com\\\/?p=7396\",\"url\":\"http:\\\/\\\/minutocerord.com\\\/?p=7396\",\"name\":\"ADP reitera llamado a no asistir a clases; pide \\\"no politizar\\\" la situaci\u00f3n - Minuto Cero RD\",\"isPartOf\":{\"@id\":\"https:\\\/\\\/minutocerord.com\\\/#website\"},\"primaryImageOfPage\":{\"@id\":\"http:\\\/\\\/minutocerord.com\\\/?p=7396#primaryimage\"},\"image\":{\"@id\":\"http:\\\/\\\/minutocerord.com\\\/?p=7396#primaryimage\"},\"thumbnailUrl\":\"https:\\\/\\\/i0.wp.com\\\/minutocerord.com\\\/wp-content\\\/uploads\\\/2022\\\/01\\\/6865af83-whatsapp-image-2022-01-13-at-6-46-58-pm-61e0abecdbfcb.jpeg?fit=577%2C290&ssl=1\",\"datePublished\":\"2022-01-14T00:11:17+00:00\",\"dateModified\":\"2022-01-14T00:11:20+00:00\",\"breadcrumb\":{\"@id\":\"http:\\\/\\\/minutocerord.com\\\/?p=7396#breadcrumb\"},\"inLanguage\":\"es-DO\",\"potentialAction\":[{\"@type\":\"ReadAction\",\"target\":[\"http:\\\/\\\/minutocerord.com\\\/?p=7396\"]}]},{\"@type\":\"ImageObject\",\"inLanguage\":\"es-DO\",\"@id\":\"http:\\\/\\\/minutocerord.com\\\/?p=7396#primaryimage\",\"url\":\"https:\\\/\\\/i0.wp.com\\\/minutocerord.com\\\/wp-content\\\/uploads\\\/2022\\\/01\\\/6865af83-whatsapp-image-2022-01-13-at-6-46-58-pm-61e0abecdbfcb.jpeg?fit=577%2C290&ssl=1\",\"contentUrl\":\"https:\\\/\\\/i0.wp.com\\\/minutocerord.com\\\/wp-content\\\/uploads\\\/2022\\\/01\\\/6865af83-whatsapp-image-2022-01-13-at-6-46-58-pm-61e0abecdbfcb.jpeg?fit=577%2C290&ssl=1\",\"width\":577,\"height\":290},{\"@type\":\"BreadcrumbList\",\"@id\":\"http:\\\/\\\/minutocerord.com\\\/?p=7396#breadcrumb\",\"itemListElement\":[{\"@type\":\"ListItem\",\"position\":1,\"name\":\"Home\",\"item\":\"https:\\\/\\\/minutocerord.com\\\/\"},{\"@type\":\"ListItem\",\"position\":2,\"name\":\"ADP reitera llamado a no asistir a clases; pide &#8220;no politizar&#8221; la situaci\u00f3n\"}]},{\"@type\":\"WebSite\",\"@id\":\"https:\\\/\\\/minutocerord.com\\\/#website\",\"url\":\"https:\\\/\\\/minutocerord.com\\\/\",\"name\":\"Minuto Cero RD\",\"description\":\"Periodismo serio y veraz\",\"publisher\":{\"@id\":\"https:\\\/\\\/minutocerord.com\\\/#\\\/schema\\\/person\\\/60b5372d60aaa0a5171fb6488be9aee6\"},\"potentialAction\":[{\"@type\":\"SearchAction\",\"target\":{\"@type\":\"EntryPoint\",\"urlTemplate\":\"https:\\\/\\\/minutocerord.com\\\/?s={search_term_string}\"},\"query-input\":{\"@type\":\"PropertyValueSpecification\",\"valueRequired\":true,\"valueName\":\"search_term_string\"}}],\"inLanguage\":\"es-DO\"},{\"@type\":[\"Person\",\"Organization\"],\"@id\":\"https:\\\/\\\/minutocerord.com\\\/#\\\/schema\\\/person\\\/60b5372d60aaa0a5171fb6488be9aee6\",\"name\":\"Genof\u00f3ntes Urb\u00e1ez\",\"image\":{\"@type\":\"ImageObject\",\"inLanguage\":\"es-DO\",\"@id\":\"https:\\\/\\\/secure.gravatar.com\\\/avatar\\\/a49ef3186a692098ac3e8a1612261e3ad70cf9e44553dff2929e67939a0ecb9d?s=96&d=identicon&r=g\",\"url\":\"https:\\\/\\\/secure.gravatar.com\\\/avatar\\\/a49ef3186a692098ac3e8a1612261e3ad70cf9e44553dff2929e67939a0ecb9d?s=96&d=identicon&r=g\",\"contentUrl\":\"https:\\\/\\\/secure.gravatar.com\\\/avatar\\\/a49ef3186a692098ac3e8a1612261e3ad70cf9e44553dff2929e67939a0ecb9d?s=96&d=identicon&r=g\",\"caption\":\"Genof\u00f3ntes Urb\u00e1ez\"},\"logo\":{\"@id\":\"https:\\\/\\\/secure.gravatar.com\\\/avatar\\\/a49ef3186a692098ac3e8a1612261e3ad70cf9e44553dff2929e67939a0ecb9d?s=96&d=identicon&r=g\"},\"description\":\"Periodista \\\/ Locutor\",\"sameAs\":[\"https:\\\/\\\/www.facebook.com\\\/Genofnotes\",\"https:\\\/\\\/www.instagram.com\\\/genofnotes\\\/\"]}]}<\/script>\n<!-- \/ Yoast SEO plugin. -->","yoast_head_json":{"title":"ADP reitera llamado a no asistir a clases; pide \"no politizar\" la situaci\u00f3n - Minuto Cero RD","robots":{"index":"index","follow":"follow","max-snippet":"max-snippet:-1","max-image-preview":"max-image-preview:large","max-video-preview":"max-video-preview:-1"},"canonical":"http:\/\/minutocerord.com\/?p=7396","og_locale":"es_ES","og_type":"article","og_title":"ADP reitera llamado a no asistir a clases; pide \"no politizar\" la situaci\u00f3n - Minuto Cero RD","og_description":"Santo Domingo &#8211; La Asociaci\u00f3n Dominicana de Profesores(ADP) dijo este jueves que ese gremio acumula ya m\u00e1s de 10 mil maestros contagiados con covid-19 o influenza. \u201cAl proceso iniciado por la&nbsp;ADP, para preservar la salud de la familia dominicana, reafirma el hecho de los aumentos de los contagios de los maestros que, al d\u00eda de [&hellip;]","og_url":"http:\/\/minutocerord.com\/?p=7396","og_site_name":"Minuto Cero RD","article_publisher":"https:\/\/www.facebook.com\/Genofnotes","article_author":"https:\/\/www.facebook.com\/Genofnotes","article_published_time":"2022-01-14T00:11:17+00:00","article_modified_time":"2022-01-14T00:11:20+00:00","og_image":[{"width":577,"height":290,"url":"https:\/\/i0.wp.com\/minutocerord.com\/wp-content\/uploads\/2022\/01\/6865af83-whatsapp-image-2022-01-13-at-6-46-58-pm-61e0abecdbfcb.jpeg?fit=577%2C290","type":"image\/jpeg"}],"author":"Genof\u00f3ntes Urb\u00e1ez","twitter_card":"summary_large_image","twitter_misc":{"Written by":"Genof\u00f3ntes Urb\u00e1ez","Est. reading time":"2 minutos"},"schema":{"@context":"https:\/\/schema.org","@graph":[{"@type":"Article","@id":"http:\/\/minutocerord.com\/?p=7396#article","isPartOf":{"@id":"http:\/\/minutocerord.com\/?p=7396"},"author":{"name":"Genof\u00f3ntes Urb\u00e1ez","@id":"https:\/\/minutocerord.com\/#\/schema\/person\/60b5372d60aaa0a5171fb6488be9aee6"},"headline":"ADP reitera llamado a no asistir a clases; pide &#8220;no politizar&#8221; la situaci\u00f3n","datePublished":"2022-01-14T00:11:17+00:00","dateModified":"2022-01-14T00:11:20+00:00","mainEntityOfPage":{"@id":"http:\/\/minutocerord.com\/?p=7396"},"wordCount":300,"commentCount":0,"publisher":{"@id":"https:\/\/minutocerord.com\/#\/schema\/person\/60b5372d60aaa0a5171fb6488be9aee6"},"image":{"@id":"http:\/\/minutocerord.com\/?p=7396#primaryimage"},"thumbnailUrl":"https:\/\/i0.wp.com\/minutocerord.com\/wp-content\/uploads\/2022\/01\/6865af83-whatsapp-image-2022-01-13-at-6-46-58-pm-61e0abecdbfcb.jpeg?fit=577%2C290&ssl=1","articleSection":["Nacionales"],"inLanguage":"es-DO","potentialAction":[{"@type":"CommentAction","name":"Comment","target":["http:\/\/minutocerord.com\/?p=7396#respond"]}]},{"@type":"WebPage","@id":"http:\/\/minutocerord.com\/?p=7396","url":"http:\/\/minutocerord.com\/?p=7396","name":"ADP reitera llamado a no asistir a clases; pide \"no politizar\" la situaci\u00f3n - Minuto Cero RD","isPartOf":{"@id":"https:\/\/minutocerord.com\/#website"},"primaryImageOfPage":{"@id":"http:\/\/minutocerord.com\/?p=7396#primaryimage"},"image":{"@id":"http:\/\/minutocerord.com\/?p=7396#primaryimage"},"thumbnailUrl":"https:\/\/i0.wp.com\/minutocerord.com\/wp-content\/uploads\/2022\/01\/6865af83-whatsapp-image-2022-01-13-at-6-46-58-pm-61e0abecdbfcb.jpeg?fit=577%2C290&ssl=1","datePublished":"2022-01-14T00:11:17+00:00","dateModified":"2022-01-14T00:11:20+00:00","breadcrumb":{"@id":"http:\/\/minutocerord.com\/?p=7396#breadcrumb"},"inLanguage":"es-DO","potentialAction":[{"@type":"ReadAction","target":["http:\/\/minutocerord.com\/?p=7396"]}]},{"@type":"ImageObject","inLanguage":"es-DO","@id":"http:\/\/minutocerord.com\/?p=7396#primaryimage","url":"https:\/\/i0.wp.com\/minutocerord.com\/wp-content\/uploads\/2022\/01\/6865af83-whatsapp-image-2022-01-13-at-6-46-58-pm-61e0abecdbfcb.jpeg?fit=577%2C290&ssl=1","contentUrl":"https:\/\/i0.wp.com\/minutocerord.com\/wp-content\/uploads\/2022\/01\/6865af83-whatsapp-image-2022-01-13-at-6-46-58-pm-61e0abecdbfcb.jpeg?fit=577%2C290&ssl=1","width":577,"height":290},{"@type":"BreadcrumbList","@id":"http:\/\/minutocerord.com\/?p=7396#breadcrumb","itemListElement":[{"@type":"ListItem","position":1,"name":"Home","item":"https:\/\/minutocerord.com\/"},{"@type":"ListItem","position":2,"name":"ADP reitera llamado a no asistir a clases; pide &#8220;no politizar&#8221; la situaci\u00f3n"}]},{"@type":"WebSite","@id":"https:\/\/minutocerord.com\/#website","url":"https:\/\/minutocerord.com\/","name":"Minuto Cero RD","description":"Periodismo serio y veraz","publisher":{"@id":"https:\/\/minutocerord.com\/#\/schema\/person\/60b5372d60aaa0a5171fb6488be9aee6"},"potentialAction":[{"@type":"SearchAction","target":{"@type":"EntryPoint","urlTemplate":"https:\/\/minutocerord.com\/?s={search_term_string}"},"query-input":{"@type":"PropertyValueSpecification","valueRequired":true,"valueName":"search_term_string"}}],"inLanguage":"es-DO"},{"@type":["Person","Organization"],"@id":"https:\/\/minutocerord.com\/#\/schema\/person\/60b5372d60aaa0a5171fb6488be9aee6","name":"Genof\u00f3ntes Urb\u00e1ez","image":{"@type":"ImageObject","inLanguage":"es-DO","@id":"https:\/\/secure.gravatar.com\/avatar\/a49ef3186a692098ac3e8a1612261e3ad70cf9e44553dff2929e67939a0ecb9d?s=96&d=identicon&r=g","url":"https:\/\/secure.gravatar.com\/avatar\/a49ef3186a692098ac3e8a1612261e3ad70cf9e44553dff2929e67939a0ecb9d?s=96&d=identicon&r=g","contentUrl":"https:\/\/secure.gravatar.com\/avatar\/a49ef3186a692098ac3e8a1612261e3ad70cf9e44553dff2929e67939a0ecb9d?s=96&d=identicon&r=g","caption":"Genof\u00f3ntes Urb\u00e1ez"},"logo":{"@id":"https:\/\/secure.gravatar.com\/avatar\/a49ef3186a692098ac3e8a1612261e3ad70cf9e44553dff2929e67939a0ecb9d?s=96&d=identicon&r=g"},"description":"Periodista \/ Locutor","sameAs":["https:\/\/www.facebook.com\/Genofnotes","https:\/\/www.instagram.com\/genofnotes\/"]}]}},"jetpack_publicize_connections":[],"jetpack_featured_media_url":"https:\/\/i0.wp.com\/minutocerord.com\/wp-content\/uploads\/2022\/01\/6865af83-whatsapp-image-2022-01-13-at-6-46-58-pm-61e0abecdbfcb.jpeg?fit=577%2C290&ssl=1","jetpack-related-posts":[],"jetpack_sharing_enabled":true,"_links":{"self":[{"href":"https:\/\/minutocerord.com\/index.php?rest_route=\/wp\/v2\/posts\/7396","targetHints":{"allow":["GET"]}}],"collection":[{"href":"https:\/\/minutocerord.com\/index.php?rest_route=\/wp\/v2\/posts"}],"about":[{"href":"https:\/\/minutocerord.com\/index.php?rest_route=\/wp\/v2\/types\/post"}],"author":[{"embeddable":true,"href":"https:\/\/minutocerord.com\/index.php?rest_route=\/wp\/v2\/users\/1"}],"replies":[{"embeddable":true,"href":"https:\/\/minutocerord.com\/index.php?rest_route=%2Fwp%2Fv2%2Fcomments&post=7396"}],"version-history":[{"count":1,"href":"https:\/\/minutocerord.com\/index.php?rest_route=\/wp\/v2\/posts\/7396\/revisions"}],"predecessor-version":[{"id":7398,"href":"https:\/\/minutocerord.com\/index.php?rest_route=\/wp\/v2\/posts\/7396\/revisions\/7398"}],"wp:featuredmedia":[{"embeddable":true,"href":"https:\/\/minutocerord.com\/index.php?rest_route=\/wp\/v2\/media\/7397"}],"wp:attachment":[{"href":"https:\/\/minutocerord.com\/index.php?rest_route=%2Fwp%2Fv2%2Fmedia&parent=7396"}],"wp:term":[{"taxonomy":"category","embeddable":true,"href":"https:\/\/minutocerord.com\/index.php?rest_route=%2Fwp%2Fv2%2Fcategories&post=7396"},{"taxonomy":"post_tag","embeddable":true,"href":"https:\/\/minutocerord.com\/index.php?rest_route=%2Fwp%2Fv2%2Ftags&post=7396"}],"curies":[{"name":"wp","href":"https:\/\/api.w.org\/{rel}","templated":true}]}}