{"id":7399,"date":"2022-01-13T20:20:44","date_gmt":"2022-01-14T00:20:44","guid":{"rendered":"https:\/\/minutocerord.com\/?p=7399"},"modified":"2022-01-13T20:20:50","modified_gmt":"2022-01-14T00:20:50","slug":"roberto-fulcar-dice-que-esta-abierto-al-dialogo-sin-negociar-el-derecho-de-los-estudiantes","status":"publish","type":"post","link":"https:\/\/minutocerord.com\/?p=7399","title":{"rendered":"Roberto Fulcar dice que est\u00e1 abierto al di\u00e1logo &#8220;sin negociar el derecho de los estudiantes&#8221;"},"content":{"rendered":"\n<p><strong>Santo Domingo, RD<\/strong>.- El ministro de Educaci\u00f3n, Roberto Fulcar, asegur\u00f3 este jueves que su prioridad es garantizar el derecho a la educaci\u00f3n de los estudiantes por lo que no tomar\u00e1 su tiempo de trabajo para entrar en\u00a0<strong>pol\u00e9micas<\/strong>\u00a0ni forcejeos &#8220;con nadie&#8221;.<\/p>\n\n\n\n<p>&#8220;Yo no quiero tomar parte del tiempo que tengo que dedicar a trabajar a polemizar ni hacer forcejeo con nadie. El que quiera seguir alzado en su barco que lo haga y que su conciencia le dicte y que la sociedad eval\u00fae&#8221;, dijo el funcionario tras ser cuestionado sobre el llamado que hace la ADP a los docentes sobre no reintegrarse a las aulas hasta el\u00a0<strong>31 de este mes.<\/strong><\/p>\n\n\n\n<p>Adem\u00e1s enfatiz\u00f3 que su deber es acompa\u00f1ar a la comunidad educativa en el proceso de la ense\u00f1anza, velando por la necesidad en el acceso a la educaci\u00f3n.<\/p>\n\n\n\n<p>&#8220;Siempre hemos estado prestos al di\u00e1logo, pero sin negociar el&nbsp;<strong>derecho de los estudiantes<\/strong>&nbsp;a la educaci\u00f3n, lo cual es para nosotros sagrado&#8221;, declar\u00f3 el ministro.<\/p>\n\n\n\n<p>&#8220;Yo estoy donde est\u00e1 mi deber. Mi deber est\u00e1 en acompa\u00f1ar a la directora, acompa\u00f1ar a los profesores y acompa\u00f1ar a los estudiantes para que puedan tener garantizado su derecho a la educaci\u00f3n. Ese es mi compromiso, esa es mi responsabilidad y yo cumplo la m\u00eda&#8221;, dijo.<\/p>\n\n\n\n<p>Las declaraciones del funcionario se dan a ra\u00edz de la negativa de la&nbsp;<strong>ADP&nbsp;<\/strong>a que los maestros vuelvan a las aulas antes del 31 de enero por el rebrote de contagios por covid-19 y sus variantes tras las festividades navide\u00f1as.<\/p>\n\n\n\n<p>Ante los nuevos contagios, el Ministerio de Educaci\u00f3n y las autoridades de Salud P\u00fablica han reiterado la implementaci\u00f3n de&nbsp;<strong>protocolos de bioseguridad&nbsp;<\/strong>para la continuidad de la docencia presencial como se ha hecho en otros pa\u00edses alrededor del mundo, garantizando la seguridad de la comunidad educativa.<\/p>\n","protected":false},"excerpt":{"rendered":"<p>Santo Domingo, RD.- El ministro de Educaci\u00f3n, Roberto Fulcar, asegur\u00f3 este jueves que su prioridad es garantizar el derecho a la educaci\u00f3n de los estudiantes por lo que no tomar\u00e1 su tiempo de trabajo para entrar en\u00a0pol\u00e9micas\u00a0ni forcejeos &#8220;con nadie&#8221;. &#8220;Yo no quiero tomar parte del tiempo que tengo que dedicar a trabajar a polemizar [&hellip;]<\/p>\n","protected":false},"author":1,"featured_media":7400,"comment_status":"open","ping_status":"open","sticky":false,"template":"","format":"standard","meta":{"nf_dc_page":"","jetpack_post_was_ever_published":false,"_jetpack_newsletter_access":"","_jetpack_dont_email_post_to_subs":false,"_jetpack_newsletter_tier_id":0,"_jetpack_memberships_contains_paywalled_content":false,"_jetpack_memberships_contains_paid_content":false,"footnotes":"","jetpack_publicize_message":"","jetpack_publicize_feature_enabled":true,"jetpack_social_post_already_shared":false,"jetpack_social_options":{"image_generator_settings":{"template":"highway","default_image_id":0,"font":"","enabled":false},"version":2}},"categories":[65],"tags":[],"class_list":["post-7399","post","type-post","status-publish","format-standard","has-post-thumbnail","hentry","category-nacionales"],"yoast_head":"<!-- This site is optimized with the Yoast SEO plugin v27.4 - https:\/\/yoast.com\/product\/yoast-seo-wordpress\/ -->\n<title>Roberto Fulcar dice que est\u00e1 abierto al di\u00e1logo &quot;sin negociar el derecho de los estudiantes&quot; - Minuto Cero RD<\/title>\n<meta name=\"robots\" content=\"index, follow, max-snippet:-1, max-image-preview:large, max-video-preview:-1\" \/>\n<link rel=\"canonical\" href=\"https:\/\/minutocerord.com\/?p=7399\" \/>\n<meta property=\"og:locale\" content=\"es_ES\" \/>\n<meta property=\"og:type\" content=\"article\" \/>\n<meta property=\"og:title\" content=\"Roberto Fulcar dice que est\u00e1 abierto al di\u00e1logo &quot;sin negociar el derecho de los estudiantes&quot; - Minuto Cero RD\" \/>\n<meta property=\"og:description\" content=\"Santo Domingo, RD.- El ministro de Educaci\u00f3n, Roberto Fulcar, asegur\u00f3 este jueves que su prioridad es garantizar el derecho a la educaci\u00f3n de los estudiantes por lo que no tomar\u00e1 su tiempo de trabajo para entrar en\u00a0pol\u00e9micas\u00a0ni forcejeos &#8220;con nadie&#8221;. &#8220;Yo no quiero tomar parte del tiempo que tengo que dedicar a trabajar a polemizar [&hellip;]\" \/>\n<meta property=\"og:url\" content=\"https:\/\/minutocerord.com\/?p=7399\" \/>\n<meta property=\"og:site_name\" content=\"Minuto Cero RD\" \/>\n<meta property=\"article:publisher\" content=\"https:\/\/www.facebook.com\/Genofnotes\" \/>\n<meta property=\"article:author\" content=\"https:\/\/www.facebook.com\/Genofnotes\" \/>\n<meta property=\"article:published_time\" content=\"2022-01-14T00:20:44+00:00\" \/>\n<meta property=\"article:modified_time\" content=\"2022-01-14T00:20:50+00:00\" \/>\n<meta property=\"og:image\" content=\"https:\/\/i0.wp.com\/minutocerord.com\/wp-content\/uploads\/2022\/01\/furcal-1_14444389_20200728105718.jpg?fit=1280%2C854&ssl=1\" \/>\n\t<meta property=\"og:image:width\" content=\"1280\" \/>\n\t<meta property=\"og:image:height\" content=\"854\" \/>\n\t<meta property=\"og:image:type\" content=\"image\/jpeg\" \/>\n<meta name=\"author\" content=\"Genof\u00f3ntes Urb\u00e1ez\" \/>\n<meta name=\"twitter:card\" content=\"summary_large_image\" \/>\n<meta name=\"twitter:label1\" content=\"Written by\" \/>\n\t<meta name=\"twitter:data1\" content=\"Genof\u00f3ntes Urb\u00e1ez\" \/>\n\t<meta name=\"twitter:label2\" content=\"Est. reading time\" \/>\n\t<meta name=\"twitter:data2\" content=\"2 minutos\" \/>\n<script type=\"application\/ld+json\" class=\"yoast-schema-graph\">{\"@context\":\"https:\\\/\\\/schema.org\",\"@graph\":[{\"@type\":\"Article\",\"@id\":\"https:\\\/\\\/minutocerord.com\\\/?p=7399#article\",\"isPartOf\":{\"@id\":\"https:\\\/\\\/minutocerord.com\\\/?p=7399\"},\"author\":{\"name\":\"Genof\u00f3ntes Urb\u00e1ez\",\"@id\":\"https:\\\/\\\/minutocerord.com\\\/#\\\/schema\\\/person\\\/60b5372d60aaa0a5171fb6488be9aee6\"},\"headline\":\"Roberto Fulcar dice que est\u00e1 abierto al di\u00e1logo &#8220;sin negociar el derecho de los estudiantes&#8221;\",\"datePublished\":\"2022-01-14T00:20:44+00:00\",\"dateModified\":\"2022-01-14T00:20:50+00:00\",\"mainEntityOfPage\":{\"@id\":\"https:\\\/\\\/minutocerord.com\\\/?p=7399\"},\"wordCount\":341,\"commentCount\":0,\"publisher\":{\"@id\":\"https:\\\/\\\/minutocerord.com\\\/#\\\/schema\\\/person\\\/60b5372d60aaa0a5171fb6488be9aee6\"},\"image\":{\"@id\":\"https:\\\/\\\/minutocerord.com\\\/?p=7399#primaryimage\"},\"thumbnailUrl\":\"https:\\\/\\\/i0.wp.com\\\/minutocerord.com\\\/wp-content\\\/uploads\\\/2022\\\/01\\\/furcal-1_14444389_20200728105718.jpg?fit=1280%2C854&ssl=1\",\"articleSection\":[\"Nacionales\"],\"inLanguage\":\"es-DO\",\"potentialAction\":[{\"@type\":\"CommentAction\",\"name\":\"Comment\",\"target\":[\"https:\\\/\\\/minutocerord.com\\\/?p=7399#respond\"]}]},{\"@type\":\"WebPage\",\"@id\":\"https:\\\/\\\/minutocerord.com\\\/?p=7399\",\"url\":\"https:\\\/\\\/minutocerord.com\\\/?p=7399\",\"name\":\"Roberto Fulcar dice que est\u00e1 abierto al di\u00e1logo \\\"sin negociar el derecho de los estudiantes\\\" - Minuto Cero RD\",\"isPartOf\":{\"@id\":\"https:\\\/\\\/minutocerord.com\\\/#website\"},\"primaryImageOfPage\":{\"@id\":\"https:\\\/\\\/minutocerord.com\\\/?p=7399#primaryimage\"},\"image\":{\"@id\":\"https:\\\/\\\/minutocerord.com\\\/?p=7399#primaryimage\"},\"thumbnailUrl\":\"https:\\\/\\\/i0.wp.com\\\/minutocerord.com\\\/wp-content\\\/uploads\\\/2022\\\/01\\\/furcal-1_14444389_20200728105718.jpg?fit=1280%2C854&ssl=1\",\"datePublished\":\"2022-01-14T00:20:44+00:00\",\"dateModified\":\"2022-01-14T00:20:50+00:00\",\"breadcrumb\":{\"@id\":\"https:\\\/\\\/minutocerord.com\\\/?p=7399#breadcrumb\"},\"inLanguage\":\"es-DO\",\"potentialAction\":[{\"@type\":\"ReadAction\",\"target\":[\"https:\\\/\\\/minutocerord.com\\\/?p=7399\"]}]},{\"@type\":\"ImageObject\",\"inLanguage\":\"es-DO\",\"@id\":\"https:\\\/\\\/minutocerord.com\\\/?p=7399#primaryimage\",\"url\":\"https:\\\/\\\/i0.wp.com\\\/minutocerord.com\\\/wp-content\\\/uploads\\\/2022\\\/01\\\/furcal-1_14444389_20200728105718.jpg?fit=1280%2C854&ssl=1\",\"contentUrl\":\"https:\\\/\\\/i0.wp.com\\\/minutocerord.com\\\/wp-content\\\/uploads\\\/2022\\\/01\\\/furcal-1_14444389_20200728105718.jpg?fit=1280%2C854&ssl=1\",\"width\":1280,\"height\":854},{\"@type\":\"BreadcrumbList\",\"@id\":\"https:\\\/\\\/minutocerord.com\\\/?p=7399#breadcrumb\",\"itemListElement\":[{\"@type\":\"ListItem\",\"position\":1,\"name\":\"Home\",\"item\":\"https:\\\/\\\/minutocerord.com\\\/\"},{\"@type\":\"ListItem\",\"position\":2,\"name\":\"Roberto Fulcar dice que est\u00e1 abierto al di\u00e1logo &#8220;sin negociar el derecho de los estudiantes&#8221;\"}]},{\"@type\":\"WebSite\",\"@id\":\"https:\\\/\\\/minutocerord.com\\\/#website\",\"url\":\"https:\\\/\\\/minutocerord.com\\\/\",\"name\":\"Minuto Cero RD\",\"description\":\"Periodismo serio y veraz\",\"publisher\":{\"@id\":\"https:\\\/\\\/minutocerord.com\\\/#\\\/schema\\\/person\\\/60b5372d60aaa0a5171fb6488be9aee6\"},\"potentialAction\":[{\"@type\":\"SearchAction\",\"target\":{\"@type\":\"EntryPoint\",\"urlTemplate\":\"https:\\\/\\\/minutocerord.com\\\/?s={search_term_string}\"},\"query-input\":{\"@type\":\"PropertyValueSpecification\",\"valueRequired\":true,\"valueName\":\"search_term_string\"}}],\"inLanguage\":\"es-DO\"},{\"@type\":[\"Person\",\"Organization\"],\"@id\":\"https:\\\/\\\/minutocerord.com\\\/#\\\/schema\\\/person\\\/60b5372d60aaa0a5171fb6488be9aee6\",\"name\":\"Genof\u00f3ntes Urb\u00e1ez\",\"image\":{\"@type\":\"ImageObject\",\"inLanguage\":\"es-DO\",\"@id\":\"https:\\\/\\\/secure.gravatar.com\\\/avatar\\\/a49ef3186a692098ac3e8a1612261e3ad70cf9e44553dff2929e67939a0ecb9d?s=96&d=identicon&r=g\",\"url\":\"https:\\\/\\\/secure.gravatar.com\\\/avatar\\\/a49ef3186a692098ac3e8a1612261e3ad70cf9e44553dff2929e67939a0ecb9d?s=96&d=identicon&r=g\",\"contentUrl\":\"https:\\\/\\\/secure.gravatar.com\\\/avatar\\\/a49ef3186a692098ac3e8a1612261e3ad70cf9e44553dff2929e67939a0ecb9d?s=96&d=identicon&r=g\",\"caption\":\"Genof\u00f3ntes Urb\u00e1ez\"},\"logo\":{\"@id\":\"https:\\\/\\\/secure.gravatar.com\\\/avatar\\\/a49ef3186a692098ac3e8a1612261e3ad70cf9e44553dff2929e67939a0ecb9d?s=96&d=identicon&r=g\"},\"description\":\"Periodista \\\/ Locutor\",\"sameAs\":[\"https:\\\/\\\/www.facebook.com\\\/Genofnotes\",\"https:\\\/\\\/www.instagram.com\\\/genofnotes\\\/\"]}]}<\/script>\n<!-- \/ Yoast SEO plugin. -->","yoast_head_json":{"title":"Roberto Fulcar dice que est\u00e1 abierto al di\u00e1logo \"sin negociar el derecho de los estudiantes\" - Minuto Cero RD","robots":{"index":"index","follow":"follow","max-snippet":"max-snippet:-1","max-image-preview":"max-image-preview:large","max-video-preview":"max-video-preview:-1"},"canonical":"https:\/\/minutocerord.com\/?p=7399","og_locale":"es_ES","og_type":"article","og_title":"Roberto Fulcar dice que est\u00e1 abierto al di\u00e1logo \"sin negociar el derecho de los estudiantes\" - Minuto Cero RD","og_description":"Santo Domingo, RD.- El ministro de Educaci\u00f3n, Roberto Fulcar, asegur\u00f3 este jueves que su prioridad es garantizar el derecho a la educaci\u00f3n de los estudiantes por lo que no tomar\u00e1 su tiempo de trabajo para entrar en\u00a0pol\u00e9micas\u00a0ni forcejeos &#8220;con nadie&#8221;. &#8220;Yo no quiero tomar parte del tiempo que tengo que dedicar a trabajar a polemizar [&hellip;]","og_url":"https:\/\/minutocerord.com\/?p=7399","og_site_name":"Minuto Cero RD","article_publisher":"https:\/\/www.facebook.com\/Genofnotes","article_author":"https:\/\/www.facebook.com\/Genofnotes","article_published_time":"2022-01-14T00:20:44+00:00","article_modified_time":"2022-01-14T00:20:50+00:00","og_image":[{"width":1280,"height":854,"url":"https:\/\/i0.wp.com\/minutocerord.com\/wp-content\/uploads\/2022\/01\/furcal-1_14444389_20200728105718.jpg?fit=1280%2C854&ssl=1","type":"image\/jpeg"}],"author":"Genof\u00f3ntes Urb\u00e1ez","twitter_card":"summary_large_image","twitter_misc":{"Written by":"Genof\u00f3ntes Urb\u00e1ez","Est. reading time":"2 minutos"},"schema":{"@context":"https:\/\/schema.org","@graph":[{"@type":"Article","@id":"https:\/\/minutocerord.com\/?p=7399#article","isPartOf":{"@id":"https:\/\/minutocerord.com\/?p=7399"},"author":{"name":"Genof\u00f3ntes Urb\u00e1ez","@id":"https:\/\/minutocerord.com\/#\/schema\/person\/60b5372d60aaa0a5171fb6488be9aee6"},"headline":"Roberto Fulcar dice que est\u00e1 abierto al di\u00e1logo &#8220;sin negociar el derecho de los estudiantes&#8221;","datePublished":"2022-01-14T00:20:44+00:00","dateModified":"2022-01-14T00:20:50+00:00","mainEntityOfPage":{"@id":"https:\/\/minutocerord.com\/?p=7399"},"wordCount":341,"commentCount":0,"publisher":{"@id":"https:\/\/minutocerord.com\/#\/schema\/person\/60b5372d60aaa0a5171fb6488be9aee6"},"image":{"@id":"https:\/\/minutocerord.com\/?p=7399#primaryimage"},"thumbnailUrl":"https:\/\/i0.wp.com\/minutocerord.com\/wp-content\/uploads\/2022\/01\/furcal-1_14444389_20200728105718.jpg?fit=1280%2C854&ssl=1","articleSection":["Nacionales"],"inLanguage":"es-DO","potentialAction":[{"@type":"CommentAction","name":"Comment","target":["https:\/\/minutocerord.com\/?p=7399#respond"]}]},{"@type":"WebPage","@id":"https:\/\/minutocerord.com\/?p=7399","url":"https:\/\/minutocerord.com\/?p=7399","name":"Roberto Fulcar dice que est\u00e1 abierto al di\u00e1logo \"sin negociar el derecho de los estudiantes\" - Minuto Cero RD","isPartOf":{"@id":"https:\/\/minutocerord.com\/#website"},"primaryImageOfPage":{"@id":"https:\/\/minutocerord.com\/?p=7399#primaryimage"},"image":{"@id":"https:\/\/minutocerord.com\/?p=7399#primaryimage"},"thumbnailUrl":"https:\/\/i0.wp.com\/minutocerord.com\/wp-content\/uploads\/2022\/01\/furcal-1_14444389_20200728105718.jpg?fit=1280%2C854&ssl=1","datePublished":"2022-01-14T00:20:44+00:00","dateModified":"2022-01-14T00:20:50+00:00","breadcrumb":{"@id":"https:\/\/minutocerord.com\/?p=7399#breadcrumb"},"inLanguage":"es-DO","potentialAction":[{"@type":"ReadAction","target":["https:\/\/minutocerord.com\/?p=7399"]}]},{"@type":"ImageObject","inLanguage":"es-DO","@id":"https:\/\/minutocerord.com\/?p=7399#primaryimage","url":"https:\/\/i0.wp.com\/minutocerord.com\/wp-content\/uploads\/2022\/01\/furcal-1_14444389_20200728105718.jpg?fit=1280%2C854&ssl=1","contentUrl":"https:\/\/i0.wp.com\/minutocerord.com\/wp-content\/uploads\/2022\/01\/furcal-1_14444389_20200728105718.jpg?fit=1280%2C854&ssl=1","width":1280,"height":854},{"@type":"BreadcrumbList","@id":"https:\/\/minutocerord.com\/?p=7399#breadcrumb","itemListElement":[{"@type":"ListItem","position":1,"name":"Home","item":"https:\/\/minutocerord.com\/"},{"@type":"ListItem","position":2,"name":"Roberto Fulcar dice que est\u00e1 abierto al di\u00e1logo &#8220;sin negociar el derecho de los estudiantes&#8221;"}]},{"@type":"WebSite","@id":"https:\/\/minutocerord.com\/#website","url":"https:\/\/minutocerord.com\/","name":"Minuto Cero RD","description":"Periodismo serio y veraz","publisher":{"@id":"https:\/\/minutocerord.com\/#\/schema\/person\/60b5372d60aaa0a5171fb6488be9aee6"},"potentialAction":[{"@type":"SearchAction","target":{"@type":"EntryPoint","urlTemplate":"https:\/\/minutocerord.com\/?s={search_term_string}"},"query-input":{"@type":"PropertyValueSpecification","valueRequired":true,"valueName":"search_term_string"}}],"inLanguage":"es-DO"},{"@type":["Person","Organization"],"@id":"https:\/\/minutocerord.com\/#\/schema\/person\/60b5372d60aaa0a5171fb6488be9aee6","name":"Genof\u00f3ntes Urb\u00e1ez","image":{"@type":"ImageObject","inLanguage":"es-DO","@id":"https:\/\/secure.gravatar.com\/avatar\/a49ef3186a692098ac3e8a1612261e3ad70cf9e44553dff2929e67939a0ecb9d?s=96&d=identicon&r=g","url":"https:\/\/secure.gravatar.com\/avatar\/a49ef3186a692098ac3e8a1612261e3ad70cf9e44553dff2929e67939a0ecb9d?s=96&d=identicon&r=g","contentUrl":"https:\/\/secure.gravatar.com\/avatar\/a49ef3186a692098ac3e8a1612261e3ad70cf9e44553dff2929e67939a0ecb9d?s=96&d=identicon&r=g","caption":"Genof\u00f3ntes Urb\u00e1ez"},"logo":{"@id":"https:\/\/secure.gravatar.com\/avatar\/a49ef3186a692098ac3e8a1612261e3ad70cf9e44553dff2929e67939a0ecb9d?s=96&d=identicon&r=g"},"description":"Periodista \/ Locutor","sameAs":["https:\/\/www.facebook.com\/Genofnotes","https:\/\/www.instagram.com\/genofnotes\/"]}]}},"jetpack_publicize_connections":[],"jetpack_featured_media_url":"https:\/\/i0.wp.com\/minutocerord.com\/wp-content\/uploads\/2022\/01\/furcal-1_14444389_20200728105718.jpg?fit=1280%2C854&ssl=1","jetpack-related-posts":[],"jetpack_sharing_enabled":true,"_links":{"self":[{"href":"https:\/\/minutocerord.com\/index.php?rest_route=\/wp\/v2\/posts\/7399","targetHints":{"allow":["GET"]}}],"collection":[{"href":"https:\/\/minutocerord.com\/index.php?rest_route=\/wp\/v2\/posts"}],"about":[{"href":"https:\/\/minutocerord.com\/index.php?rest_route=\/wp\/v2\/types\/post"}],"author":[{"embeddable":true,"href":"https:\/\/minutocerord.com\/index.php?rest_route=\/wp\/v2\/users\/1"}],"replies":[{"embeddable":true,"href":"https:\/\/minutocerord.com\/index.php?rest_route=%2Fwp%2Fv2%2Fcomments&post=7399"}],"version-history":[{"count":1,"href":"https:\/\/minutocerord.com\/index.php?rest_route=\/wp\/v2\/posts\/7399\/revisions"}],"predecessor-version":[{"id":7401,"href":"https:\/\/minutocerord.com\/index.php?rest_route=\/wp\/v2\/posts\/7399\/revisions\/7401"}],"wp:featuredmedia":[{"embeddable":true,"href":"https:\/\/minutocerord.com\/index.php?rest_route=\/wp\/v2\/media\/7400"}],"wp:attachment":[{"href":"https:\/\/minutocerord.com\/index.php?rest_route=%2Fwp%2Fv2%2Fmedia&parent=7399"}],"wp:term":[{"taxonomy":"category","embeddable":true,"href":"https:\/\/minutocerord.com\/index.php?rest_route=%2Fwp%2Fv2%2Fcategories&post=7399"},{"taxonomy":"post_tag","embeddable":true,"href":"https:\/\/minutocerord.com\/index.php?rest_route=%2Fwp%2Fv2%2Ftags&post=7399"}],"curies":[{"name":"wp","href":"https:\/\/api.w.org\/{rel}","templated":true}]}}