{"id":7405,"date":"2022-01-14T12:26:34","date_gmt":"2022-01-14T16:26:34","guid":{"rendered":"https:\/\/minutocerord.com\/?p=7405"},"modified":"2022-01-14T12:26:37","modified_gmt":"2022-01-14T16:26:37","slug":"msp-notifica-1221-contagios-y-7-muertes-por-covid","status":"publish","type":"post","link":"https:\/\/minutocerord.com\/?p=7405","title":{"rendered":"MSP notifica 1,221 contagios y 7 muertes por covid"},"content":{"rendered":"\n<p><strong>SANTO DOMINGO.-<\/strong> Los casos diarios de covid-19 aumentaron este viernes en Rep\u00fablica Dominicana, cuando el Ministerio de Salud (MSP) notific\u00f3 7,174 \u00a0nuevos contagios, 1,221 m\u00e1s que los 5,953 del jueves.<\/p>\n\n\n\n<p>El bolet\u00edn de la Direcci\u00f3n General de Epidemiolog\u00eda (DIGEPI) notific\u00f3 que se produjeron siete defunciones, una de ellas en las \u00faltimas 24 horas.<\/p>\n\n\n\n<p><strong>LETALIDAD A LA BAJA<\/strong><\/p>\n\n\n\n<p>Sin embargo se\u00f1al\u00f3 que la letalidad sigue a la baja, situ\u00e1ndose en 0.87 por&nbsp; ciento.<\/p>\n\n\n\n<p><strong>PRUEBAS<\/strong><\/p>\n\n\n\n<p>Indic\u00f3 que hay 40,440 casos activos de la enfermedad y que el n\u00famero de pruebas realizadas durante las \u00faltimas 24 horas fue de 30,950\u00f3.<\/p>\n\n\n\n<p><strong>POSTIVIDAD 40%<\/strong><\/p>\n\n\n\n<p>La positividad diaria est\u00e1 en 39.90 por ciento y la de las \u00faltimas cuatro semanas en 28 por ciento, se\u00f1ala.<\/p>\n\n\n\n<p>Agrega que en el Distrito Nacional resultaron positivos 1,822; en la provincia Santo Domingo 1,354, Santiago 657, Puerto Plata 585, La Romana 359 y Espaillat 211.<\/p>\n\n\n\n<p><strong>OCUPACI\u00d3N HOSPITALARIA<\/strong><\/p>\n\n\n\n<p>La instituci\u00f3n informa que de las 2,261 camas COVID con las que cuenta la red hospitalaria, 740 est\u00e1n ocupadas, para un 33 por ciento.<\/p>\n\n\n\n<p>De las 585 camas de la Unidad de Cuidados Intensivos (UCI) disponibles para covid-19,&nbsp; 196 est\u00e1n ocupadas, lo que representa un 34 por ciento.<\/p>\n\n\n\n<p>En tanto que, de un total de 469 ventiladores, 128 est\u00e1n en uso, para un 27 por ciento.<\/p>\n\n\n\n<p>El reporte indica que un total de 2, 761,191 de muestras han sido tomadas desde que inici\u00f3 la pandemia, equivalentes a 264,267 por mill\u00f3n de personas.<\/p>\n\n\n\n<p><strong>CIFRAS CONTAGIOS Y MUERTES<\/strong><\/p>\n\n\n\n<p>01 enero 1,149 contagios, cero defunciones<\/p>\n\n\n\n<p>02 enero 2,026 contagios, 2 defunciones<\/p>\n\n\n\n<p>03 enero 2,856 contagios, 2 defunciones<\/p>\n\n\n\n<p>04 enero 3,700 contagios, 1 defunciones<\/p>\n\n\n\n<p>05 enero 5,201 contagios, 0 defunciones<\/p>\n\n\n\n<p>06 enero 5,307 contagios, 0 defunciones<\/p>\n\n\n\n<p>07 enero 5,968 contagios, 1 defunciones<\/p>\n\n\n\n<p>08 enero 6,200 contagios, 2 defunciones<\/p>\n\n\n\n<p>09 enero 6,042 contagios, 0 defunciones<\/p>\n\n\n\n<p>10 enero 5,155 contagios, 0 defunciones<\/p>\n\n\n\n<p>11 enero 6,683 contagios, 0 defunciones<\/p>\n\n\n\n<p>12 enero 7,439 contagios, 4 defunciones<\/p>\n\n\n\n<p>13 enero 5,953 contagios, 0 defunciones<\/p>\n\n\n\n<p>14 de enero 7,174 contagios, 7 defunciones<\/p>\n","protected":false},"excerpt":{"rendered":"<p>SANTO DOMINGO.- Los casos diarios de covid-19 aumentaron este viernes en Rep\u00fablica Dominicana, cuando el Ministerio de Salud (MSP) notific\u00f3 7,174 \u00a0nuevos contagios, 1,221 m\u00e1s que los 5,953 del jueves. El bolet\u00edn de la Direcci\u00f3n General de Epidemiolog\u00eda (DIGEPI) notific\u00f3 que se produjeron siete defunciones, una de ellas en las \u00faltimas 24 horas. LETALIDAD A [&hellip;]<\/p>\n","protected":false},"author":1,"featured_media":7406,"comment_status":"open","ping_status":"open","sticky":false,"template":"","format":"standard","meta":{"nf_dc_page":"","jetpack_post_was_ever_published":false,"_jetpack_newsletter_access":"","_jetpack_dont_email_post_to_subs":false,"_jetpack_newsletter_tier_id":0,"_jetpack_memberships_contains_paywalled_content":false,"_jetpack_memberships_contains_paid_content":false,"footnotes":"","jetpack_publicize_message":"","jetpack_publicize_feature_enabled":true,"jetpack_social_post_already_shared":false,"jetpack_social_options":{"image_generator_settings":{"template":"highway","default_image_id":0,"font":"","enabled":false},"version":2}},"categories":[67],"tags":[],"class_list":["post-7405","post","type-post","status-publish","format-standard","has-post-thumbnail","hentry","category-salud"],"yoast_head":"<!-- This site is optimized with the Yoast SEO plugin v27.4 - https:\/\/yoast.com\/product\/yoast-seo-wordpress\/ -->\n<title>MSP notifica 1,221 contagios y 7 muertes por covid - Minuto Cero RD<\/title>\n<meta name=\"robots\" content=\"index, follow, max-snippet:-1, max-image-preview:large, max-video-preview:-1\" \/>\n<link rel=\"canonical\" href=\"http:\/\/minutocerord.com\/?p=7405\" \/>\n<meta property=\"og:locale\" content=\"es_ES\" \/>\n<meta property=\"og:type\" content=\"article\" \/>\n<meta property=\"og:title\" content=\"MSP notifica 1,221 contagios y 7 muertes por covid - Minuto Cero RD\" \/>\n<meta property=\"og:description\" content=\"SANTO DOMINGO.- Los casos diarios de covid-19 aumentaron este viernes en Rep\u00fablica Dominicana, cuando el Ministerio de Salud (MSP) notific\u00f3 7,174 \u00a0nuevos contagios, 1,221 m\u00e1s que los 5,953 del jueves. El bolet\u00edn de la Direcci\u00f3n General de Epidemiolog\u00eda (DIGEPI) notific\u00f3 que se produjeron siete defunciones, una de ellas en las \u00faltimas 24 horas. LETALIDAD A [&hellip;]\" \/>\n<meta property=\"og:url\" content=\"http:\/\/minutocerord.com\/?p=7405\" \/>\n<meta property=\"og:site_name\" content=\"Minuto Cero RD\" \/>\n<meta property=\"article:publisher\" content=\"https:\/\/www.facebook.com\/Genofnotes\" \/>\n<meta property=\"article:author\" content=\"https:\/\/www.facebook.com\/Genofnotes\" \/>\n<meta property=\"article:published_time\" content=\"2022-01-14T16:26:34+00:00\" \/>\n<meta property=\"article:modified_time\" content=\"2022-01-14T16:26:37+00:00\" \/>\n<meta property=\"og:image\" content=\"https:\/\/i0.wp.com\/minutocerord.com\/wp-content\/uploads\/2022\/01\/Paciente-Covid-19-en-Republica-Dominicana.-LD-660x330-1.jpg?fit=660%2C330\" \/>\n\t<meta property=\"og:image:width\" content=\"660\" \/>\n\t<meta property=\"og:image:height\" content=\"330\" \/>\n\t<meta property=\"og:image:type\" content=\"image\/jpeg\" \/>\n<meta name=\"author\" content=\"Genof\u00f3ntes Urb\u00e1ez\" \/>\n<meta name=\"twitter:card\" content=\"summary_large_image\" \/>\n<meta name=\"twitter:label1\" content=\"Written by\" \/>\n\t<meta name=\"twitter:data1\" content=\"Genof\u00f3ntes Urb\u00e1ez\" \/>\n\t<meta name=\"twitter:label2\" content=\"Est. reading time\" \/>\n\t<meta name=\"twitter:data2\" content=\"2 minutos\" \/>\n<script type=\"application\/ld+json\" class=\"yoast-schema-graph\">{\"@context\":\"https:\\\/\\\/schema.org\",\"@graph\":[{\"@type\":\"Article\",\"@id\":\"http:\\\/\\\/minutocerord.com\\\/?p=7405#article\",\"isPartOf\":{\"@id\":\"http:\\\/\\\/minutocerord.com\\\/?p=7405\"},\"author\":{\"name\":\"Genof\u00f3ntes Urb\u00e1ez\",\"@id\":\"https:\\\/\\\/minutocerord.com\\\/#\\\/schema\\\/person\\\/60b5372d60aaa0a5171fb6488be9aee6\"},\"headline\":\"MSP notifica 1,221 contagios y 7 muertes por covid\",\"datePublished\":\"2022-01-14T16:26:34+00:00\",\"dateModified\":\"2022-01-14T16:26:37+00:00\",\"mainEntityOfPage\":{\"@id\":\"http:\\\/\\\/minutocerord.com\\\/?p=7405\"},\"wordCount\":283,\"commentCount\":0,\"publisher\":{\"@id\":\"https:\\\/\\\/minutocerord.com\\\/#\\\/schema\\\/person\\\/60b5372d60aaa0a5171fb6488be9aee6\"},\"image\":{\"@id\":\"http:\\\/\\\/minutocerord.com\\\/?p=7405#primaryimage\"},\"thumbnailUrl\":\"https:\\\/\\\/i0.wp.com\\\/minutocerord.com\\\/wp-content\\\/uploads\\\/2022\\\/01\\\/Paciente-Covid-19-en-Republica-Dominicana.-LD-660x330-1.jpg?fit=660%2C330&ssl=1\",\"articleSection\":[\"Salud\"],\"inLanguage\":\"es-DO\",\"potentialAction\":[{\"@type\":\"CommentAction\",\"name\":\"Comment\",\"target\":[\"http:\\\/\\\/minutocerord.com\\\/?p=7405#respond\"]}]},{\"@type\":\"WebPage\",\"@id\":\"http:\\\/\\\/minutocerord.com\\\/?p=7405\",\"url\":\"http:\\\/\\\/minutocerord.com\\\/?p=7405\",\"name\":\"MSP notifica 1,221 contagios y 7 muertes por covid - Minuto Cero RD\",\"isPartOf\":{\"@id\":\"https:\\\/\\\/minutocerord.com\\\/#website\"},\"primaryImageOfPage\":{\"@id\":\"http:\\\/\\\/minutocerord.com\\\/?p=7405#primaryimage\"},\"image\":{\"@id\":\"http:\\\/\\\/minutocerord.com\\\/?p=7405#primaryimage\"},\"thumbnailUrl\":\"https:\\\/\\\/i0.wp.com\\\/minutocerord.com\\\/wp-content\\\/uploads\\\/2022\\\/01\\\/Paciente-Covid-19-en-Republica-Dominicana.-LD-660x330-1.jpg?fit=660%2C330&ssl=1\",\"datePublished\":\"2022-01-14T16:26:34+00:00\",\"dateModified\":\"2022-01-14T16:26:37+00:00\",\"breadcrumb\":{\"@id\":\"http:\\\/\\\/minutocerord.com\\\/?p=7405#breadcrumb\"},\"inLanguage\":\"es-DO\",\"potentialAction\":[{\"@type\":\"ReadAction\",\"target\":[\"http:\\\/\\\/minutocerord.com\\\/?p=7405\"]}]},{\"@type\":\"ImageObject\",\"inLanguage\":\"es-DO\",\"@id\":\"http:\\\/\\\/minutocerord.com\\\/?p=7405#primaryimage\",\"url\":\"https:\\\/\\\/i0.wp.com\\\/minutocerord.com\\\/wp-content\\\/uploads\\\/2022\\\/01\\\/Paciente-Covid-19-en-Republica-Dominicana.-LD-660x330-1.jpg?fit=660%2C330&ssl=1\",\"contentUrl\":\"https:\\\/\\\/i0.wp.com\\\/minutocerord.com\\\/wp-content\\\/uploads\\\/2022\\\/01\\\/Paciente-Covid-19-en-Republica-Dominicana.-LD-660x330-1.jpg?fit=660%2C330&ssl=1\",\"width\":660,\"height\":330},{\"@type\":\"BreadcrumbList\",\"@id\":\"http:\\\/\\\/minutocerord.com\\\/?p=7405#breadcrumb\",\"itemListElement\":[{\"@type\":\"ListItem\",\"position\":1,\"name\":\"Home\",\"item\":\"https:\\\/\\\/minutocerord.com\\\/\"},{\"@type\":\"ListItem\",\"position\":2,\"name\":\"MSP notifica 1,221 contagios y 7 muertes por covid\"}]},{\"@type\":\"WebSite\",\"@id\":\"https:\\\/\\\/minutocerord.com\\\/#website\",\"url\":\"https:\\\/\\\/minutocerord.com\\\/\",\"name\":\"Minuto Cero RD\",\"description\":\"Periodismo serio y veraz\",\"publisher\":{\"@id\":\"https:\\\/\\\/minutocerord.com\\\/#\\\/schema\\\/person\\\/60b5372d60aaa0a5171fb6488be9aee6\"},\"potentialAction\":[{\"@type\":\"SearchAction\",\"target\":{\"@type\":\"EntryPoint\",\"urlTemplate\":\"https:\\\/\\\/minutocerord.com\\\/?s={search_term_string}\"},\"query-input\":{\"@type\":\"PropertyValueSpecification\",\"valueRequired\":true,\"valueName\":\"search_term_string\"}}],\"inLanguage\":\"es-DO\"},{\"@type\":[\"Person\",\"Organization\"],\"@id\":\"https:\\\/\\\/minutocerord.com\\\/#\\\/schema\\\/person\\\/60b5372d60aaa0a5171fb6488be9aee6\",\"name\":\"Genof\u00f3ntes Urb\u00e1ez\",\"image\":{\"@type\":\"ImageObject\",\"inLanguage\":\"es-DO\",\"@id\":\"https:\\\/\\\/secure.gravatar.com\\\/avatar\\\/a49ef3186a692098ac3e8a1612261e3ad70cf9e44553dff2929e67939a0ecb9d?s=96&d=identicon&r=g\",\"url\":\"https:\\\/\\\/secure.gravatar.com\\\/avatar\\\/a49ef3186a692098ac3e8a1612261e3ad70cf9e44553dff2929e67939a0ecb9d?s=96&d=identicon&r=g\",\"contentUrl\":\"https:\\\/\\\/secure.gravatar.com\\\/avatar\\\/a49ef3186a692098ac3e8a1612261e3ad70cf9e44553dff2929e67939a0ecb9d?s=96&d=identicon&r=g\",\"caption\":\"Genof\u00f3ntes Urb\u00e1ez\"},\"logo\":{\"@id\":\"https:\\\/\\\/secure.gravatar.com\\\/avatar\\\/a49ef3186a692098ac3e8a1612261e3ad70cf9e44553dff2929e67939a0ecb9d?s=96&d=identicon&r=g\"},\"description\":\"Periodista \\\/ Locutor\",\"sameAs\":[\"https:\\\/\\\/www.facebook.com\\\/Genofnotes\",\"https:\\\/\\\/www.instagram.com\\\/genofnotes\\\/\"]}]}<\/script>\n<!-- \/ Yoast SEO plugin. -->","yoast_head_json":{"title":"MSP notifica 1,221 contagios y 7 muertes por covid - Minuto Cero RD","robots":{"index":"index","follow":"follow","max-snippet":"max-snippet:-1","max-image-preview":"max-image-preview:large","max-video-preview":"max-video-preview:-1"},"canonical":"http:\/\/minutocerord.com\/?p=7405","og_locale":"es_ES","og_type":"article","og_title":"MSP notifica 1,221 contagios y 7 muertes por covid - Minuto Cero RD","og_description":"SANTO DOMINGO.- Los casos diarios de covid-19 aumentaron este viernes en Rep\u00fablica Dominicana, cuando el Ministerio de Salud (MSP) notific\u00f3 7,174 \u00a0nuevos contagios, 1,221 m\u00e1s que los 5,953 del jueves. El bolet\u00edn de la Direcci\u00f3n General de Epidemiolog\u00eda (DIGEPI) notific\u00f3 que se produjeron siete defunciones, una de ellas en las \u00faltimas 24 horas. LETALIDAD A [&hellip;]","og_url":"http:\/\/minutocerord.com\/?p=7405","og_site_name":"Minuto Cero RD","article_publisher":"https:\/\/www.facebook.com\/Genofnotes","article_author":"https:\/\/www.facebook.com\/Genofnotes","article_published_time":"2022-01-14T16:26:34+00:00","article_modified_time":"2022-01-14T16:26:37+00:00","og_image":[{"width":660,"height":330,"url":"https:\/\/i0.wp.com\/minutocerord.com\/wp-content\/uploads\/2022\/01\/Paciente-Covid-19-en-Republica-Dominicana.-LD-660x330-1.jpg?fit=660%2C330","type":"image\/jpeg"}],"author":"Genof\u00f3ntes Urb\u00e1ez","twitter_card":"summary_large_image","twitter_misc":{"Written by":"Genof\u00f3ntes Urb\u00e1ez","Est. reading time":"2 minutos"},"schema":{"@context":"https:\/\/schema.org","@graph":[{"@type":"Article","@id":"http:\/\/minutocerord.com\/?p=7405#article","isPartOf":{"@id":"http:\/\/minutocerord.com\/?p=7405"},"author":{"name":"Genof\u00f3ntes Urb\u00e1ez","@id":"https:\/\/minutocerord.com\/#\/schema\/person\/60b5372d60aaa0a5171fb6488be9aee6"},"headline":"MSP notifica 1,221 contagios y 7 muertes por covid","datePublished":"2022-01-14T16:26:34+00:00","dateModified":"2022-01-14T16:26:37+00:00","mainEntityOfPage":{"@id":"http:\/\/minutocerord.com\/?p=7405"},"wordCount":283,"commentCount":0,"publisher":{"@id":"https:\/\/minutocerord.com\/#\/schema\/person\/60b5372d60aaa0a5171fb6488be9aee6"},"image":{"@id":"http:\/\/minutocerord.com\/?p=7405#primaryimage"},"thumbnailUrl":"https:\/\/i0.wp.com\/minutocerord.com\/wp-content\/uploads\/2022\/01\/Paciente-Covid-19-en-Republica-Dominicana.-LD-660x330-1.jpg?fit=660%2C330&ssl=1","articleSection":["Salud"],"inLanguage":"es-DO","potentialAction":[{"@type":"CommentAction","name":"Comment","target":["http:\/\/minutocerord.com\/?p=7405#respond"]}]},{"@type":"WebPage","@id":"http:\/\/minutocerord.com\/?p=7405","url":"http:\/\/minutocerord.com\/?p=7405","name":"MSP notifica 1,221 contagios y 7 muertes por covid - Minuto Cero RD","isPartOf":{"@id":"https:\/\/minutocerord.com\/#website"},"primaryImageOfPage":{"@id":"http:\/\/minutocerord.com\/?p=7405#primaryimage"},"image":{"@id":"http:\/\/minutocerord.com\/?p=7405#primaryimage"},"thumbnailUrl":"https:\/\/i0.wp.com\/minutocerord.com\/wp-content\/uploads\/2022\/01\/Paciente-Covid-19-en-Republica-Dominicana.-LD-660x330-1.jpg?fit=660%2C330&ssl=1","datePublished":"2022-01-14T16:26:34+00:00","dateModified":"2022-01-14T16:26:37+00:00","breadcrumb":{"@id":"http:\/\/minutocerord.com\/?p=7405#breadcrumb"},"inLanguage":"es-DO","potentialAction":[{"@type":"ReadAction","target":["http:\/\/minutocerord.com\/?p=7405"]}]},{"@type":"ImageObject","inLanguage":"es-DO","@id":"http:\/\/minutocerord.com\/?p=7405#primaryimage","url":"https:\/\/i0.wp.com\/minutocerord.com\/wp-content\/uploads\/2022\/01\/Paciente-Covid-19-en-Republica-Dominicana.-LD-660x330-1.jpg?fit=660%2C330&ssl=1","contentUrl":"https:\/\/i0.wp.com\/minutocerord.com\/wp-content\/uploads\/2022\/01\/Paciente-Covid-19-en-Republica-Dominicana.-LD-660x330-1.jpg?fit=660%2C330&ssl=1","width":660,"height":330},{"@type":"BreadcrumbList","@id":"http:\/\/minutocerord.com\/?p=7405#breadcrumb","itemListElement":[{"@type":"ListItem","position":1,"name":"Home","item":"https:\/\/minutocerord.com\/"},{"@type":"ListItem","position":2,"name":"MSP notifica 1,221 contagios y 7 muertes por covid"}]},{"@type":"WebSite","@id":"https:\/\/minutocerord.com\/#website","url":"https:\/\/minutocerord.com\/","name":"Minuto Cero RD","description":"Periodismo serio y veraz","publisher":{"@id":"https:\/\/minutocerord.com\/#\/schema\/person\/60b5372d60aaa0a5171fb6488be9aee6"},"potentialAction":[{"@type":"SearchAction","target":{"@type":"EntryPoint","urlTemplate":"https:\/\/minutocerord.com\/?s={search_term_string}"},"query-input":{"@type":"PropertyValueSpecification","valueRequired":true,"valueName":"search_term_string"}}],"inLanguage":"es-DO"},{"@type":["Person","Organization"],"@id":"https:\/\/minutocerord.com\/#\/schema\/person\/60b5372d60aaa0a5171fb6488be9aee6","name":"Genof\u00f3ntes Urb\u00e1ez","image":{"@type":"ImageObject","inLanguage":"es-DO","@id":"https:\/\/secure.gravatar.com\/avatar\/a49ef3186a692098ac3e8a1612261e3ad70cf9e44553dff2929e67939a0ecb9d?s=96&d=identicon&r=g","url":"https:\/\/secure.gravatar.com\/avatar\/a49ef3186a692098ac3e8a1612261e3ad70cf9e44553dff2929e67939a0ecb9d?s=96&d=identicon&r=g","contentUrl":"https:\/\/secure.gravatar.com\/avatar\/a49ef3186a692098ac3e8a1612261e3ad70cf9e44553dff2929e67939a0ecb9d?s=96&d=identicon&r=g","caption":"Genof\u00f3ntes Urb\u00e1ez"},"logo":{"@id":"https:\/\/secure.gravatar.com\/avatar\/a49ef3186a692098ac3e8a1612261e3ad70cf9e44553dff2929e67939a0ecb9d?s=96&d=identicon&r=g"},"description":"Periodista \/ Locutor","sameAs":["https:\/\/www.facebook.com\/Genofnotes","https:\/\/www.instagram.com\/genofnotes\/"]}]}},"jetpack_publicize_connections":[],"jetpack_featured_media_url":"https:\/\/i0.wp.com\/minutocerord.com\/wp-content\/uploads\/2022\/01\/Paciente-Covid-19-en-Republica-Dominicana.-LD-660x330-1.jpg?fit=660%2C330&ssl=1","jetpack-related-posts":[],"jetpack_sharing_enabled":true,"_links":{"self":[{"href":"https:\/\/minutocerord.com\/index.php?rest_route=\/wp\/v2\/posts\/7405","targetHints":{"allow":["GET"]}}],"collection":[{"href":"https:\/\/minutocerord.com\/index.php?rest_route=\/wp\/v2\/posts"}],"about":[{"href":"https:\/\/minutocerord.com\/index.php?rest_route=\/wp\/v2\/types\/post"}],"author":[{"embeddable":true,"href":"https:\/\/minutocerord.com\/index.php?rest_route=\/wp\/v2\/users\/1"}],"replies":[{"embeddable":true,"href":"https:\/\/minutocerord.com\/index.php?rest_route=%2Fwp%2Fv2%2Fcomments&post=7405"}],"version-history":[{"count":1,"href":"https:\/\/minutocerord.com\/index.php?rest_route=\/wp\/v2\/posts\/7405\/revisions"}],"predecessor-version":[{"id":7407,"href":"https:\/\/minutocerord.com\/index.php?rest_route=\/wp\/v2\/posts\/7405\/revisions\/7407"}],"wp:featuredmedia":[{"embeddable":true,"href":"https:\/\/minutocerord.com\/index.php?rest_route=\/wp\/v2\/media\/7406"}],"wp:attachment":[{"href":"https:\/\/minutocerord.com\/index.php?rest_route=%2Fwp%2Fv2%2Fmedia&parent=7405"}],"wp:term":[{"taxonomy":"category","embeddable":true,"href":"https:\/\/minutocerord.com\/index.php?rest_route=%2Fwp%2Fv2%2Fcategories&post=7405"},{"taxonomy":"post_tag","embeddable":true,"href":"https:\/\/minutocerord.com\/index.php?rest_route=%2Fwp%2Fv2%2Ftags&post=7405"}],"curies":[{"name":"wp","href":"https:\/\/api.w.org\/{rel}","templated":true}]}}