{"id":7411,"date":"2022-01-14T12:46:18","date_gmt":"2022-01-14T16:46:18","guid":{"rendered":"https:\/\/minutocerord.com\/?p=7411"},"modified":"2022-01-14T12:46:22","modified_gmt":"2022-01-14T16:46:22","slug":"santa-arias-esta-recluida-en-una-casa-de-acogida-mientras-su-agresor-esta-libre","status":"publish","type":"post","link":"https:\/\/minutocerord.com\/?p=7411","title":{"rendered":"Santa Arias est\u00e1 recluida en una casa de acogida mientras su agresor est\u00e1 libre"},"content":{"rendered":"\n<p> <strong>Ban\u00ed.- Santa Arias<\/strong>, la mujer que fue agredida por\u00a0<strong>Alexis Villalona<\/strong>\u00a0la madrugada del primero de enero de este a\u00f1o en\u00a0<strong>Ban\u00ed<\/strong>, ha presentado constantes dolores de cabeza en los \u00faltimos d\u00edas que se presume son causados por los golpes recibidos.<\/p>\n\n\n\n<p>Seg\u00fan sus familiares la situaci\u00f3n ha provocado que haya sido traslada en varias ocasiones desde la casa de acogida en que permanece a centros de salud para realizarle estudios diagn\u00f3sticos de los que hasta el momento desconocen sus resultados.<\/p>\n\n\n\n<p>\u201cA ella la estuvieron sacando a m\u00e9dicos a ver si esos dolores de cabeza son por el golpe; no s\u00e9 en qu\u00e9 ha parado porque no hemos vuelto a saber\u201d, dijo el familiar cercano de Arias de cuya identidad hacemos reserva para proteger su integridad.<\/p>\n\n\n\n<p>\u201cNo podemos verla; no podemos estar ah\u00ed para saber a fondo que es lo que pasa\u201d, indic\u00f3 al manifestar que se sienten preocupados porque Santa padece complicaciones cardiacas por las que hace un tiempo fue sometida a una operaci\u00f3n de coraz\u00f3n abierto y est\u00e1 bajo tratamiento m\u00e9dico.<\/p>\n\n\n\n<p>Inform\u00f3 que en las frecuentes comunicaciones que sostienen con ella manifestado que extra\u00f1a a sus hijos y nietos, pese a que se encuentra con una de ellas en el lugar donde es resguardada, pero no quiere regresar a su residencia por temor a ser agredida nuevamente por Villalona, quien permanece pr\u00f3fugo de las autoridades.<\/p>\n\n\n\n<p>Se\u00f1ala que tambi\u00e9n sus allegados la extra\u00f1an, pero prefieren que no retorne hasta que su verdugo no est\u00e9 bajo control de las autoridades porque no saben si este tomar\u00e1 alguna represalia en su contra y asumen que anda armado.<\/p>\n\n\n\n<p>Sobre las ofertas econ\u00f3micas que ha recibido la familia para desistir de la acci\u00f3n legal que han inciado dice que solo se produjeron al principio y no han vuelto a ser contactados con esas propuestas.<\/p>\n\n\n\n<h2 class=\"wp-block-heading\"><strong>El accidente<\/strong><\/h2>\n\n\n\n<p>El accidente en que se vieron involucrados&nbsp;<strong>Santa Arias<\/strong>&nbsp;y&nbsp;<strong>Alexis Villalona<\/strong>&nbsp;se produjo alrededor de las 2:00 de la madrugada del primer d\u00eda de este a\u00f1o en la intersecci\u00f3n de las calles Santom\u00e9 y 27 de Febrero cuando chocaron la pasola en que se transportaba la mujer y la yipeta que conduc\u00eda el hombre que estaba acompa\u00f1ado por una mujer.<\/p>\n\n\n\n<p>A seguidas se origin\u00f3 un incidente en que Villalona termin\u00f3 golpeando a la dama, quien cay\u00f3 al pavimento y luego huy\u00f3 del lugar con la mujer que le acompa\u00f1aba, seg\u00fan se aprecia en varios videos de la escena que han circulado en las redes.<\/p>\n\n\n\n<h2 class=\"wp-block-heading\"><strong>La B\u00fasqueda<\/strong><\/h2>\n\n\n\n<p>Desde que se difundi\u00f3 el acontecimiento la Polic\u00eda Nacional inform\u00f3 que se hab\u00eda desplegado un amplio operativo para apresar a Villalona y le pidi\u00f3 entregarse por las v\u00edas que entendiera pertinentes.<\/p>\n\n\n\n<p>En medio de esos operativos fueron allanadas su vivienda y la de parientes, algunos de los cuales fueron detenidos por varias horas. En las pesquisas se ocuparon varias evidencias que est\u00e1n en poder de las autoridades.<\/p>\n\n\n\n<p>En las dos semanas que lleva pr\u00f3fugo Alexis en m\u00faltiples ocasiones su abogado ha dicho que todo est\u00e1 listo para una posible entrega, pero oficialmente no se tiene confirmaci\u00f3n de alguna negociaci\u00f3n al respecto.<\/p>\n\n\n\n<h2 class=\"wp-block-heading\"><strong>Sobre Santa<\/strong><\/h2>\n\n\n\n<p>Sus familiares la describen como una mujer luchadora y trabajadora, aunque actualmente se encuentra desempleada. Dicen que desde hace varios a\u00f1os conduce su pasola, en la que ha sido promotora de una empresa privada y en ning\u00fan momento se hab\u00eda accidentado. \u00a0<\/p>\n","protected":false},"excerpt":{"rendered":"<p>Ban\u00ed.- Santa Arias, la mujer que fue agredida por\u00a0Alexis Villalona\u00a0la madrugada del primero de enero de este a\u00f1o en\u00a0Ban\u00ed, ha presentado constantes dolores de cabeza en los \u00faltimos d\u00edas que se presume son causados por los golpes recibidos. Seg\u00fan sus familiares la situaci\u00f3n ha provocado que haya sido traslada en varias ocasiones desde la casa [&hellip;]<\/p>\n","protected":false},"author":1,"featured_media":7412,"comment_status":"open","ping_status":"open","sticky":false,"template":"","format":"standard","meta":{"nf_dc_page":"","jetpack_post_was_ever_published":false,"_jetpack_newsletter_access":"","_jetpack_dont_email_post_to_subs":false,"_jetpack_newsletter_tier_id":0,"_jetpack_memberships_contains_paywalled_content":false,"_jetpack_memberships_contains_paid_content":false,"footnotes":"","jetpack_publicize_message":"","jetpack_publicize_feature_enabled":true,"jetpack_social_post_already_shared":false,"jetpack_social_options":{"image_generator_settings":{"template":"highway","default_image_id":0,"font":"","enabled":false},"version":2}},"categories":[78],"tags":[],"class_list":["post-7411","post","type-post","status-publish","format-standard","has-post-thumbnail","hentry","category-bani"],"yoast_head":"<!-- This site is optimized with the Yoast SEO plugin v27.4 - https:\/\/yoast.com\/product\/yoast-seo-wordpress\/ -->\n<title>Santa Arias est\u00e1 recluida en una casa de acogida mientras su agresor est\u00e1 libre - Minuto Cero RD<\/title>\n<meta name=\"robots\" content=\"index, follow, max-snippet:-1, max-image-preview:large, max-video-preview:-1\" \/>\n<link rel=\"canonical\" href=\"https:\/\/minutocerord.com\/?p=7411\" \/>\n<meta property=\"og:locale\" content=\"es_ES\" \/>\n<meta property=\"og:type\" content=\"article\" \/>\n<meta property=\"og:title\" content=\"Santa Arias est\u00e1 recluida en una casa de acogida mientras su agresor est\u00e1 libre - Minuto Cero RD\" \/>\n<meta property=\"og:description\" content=\"Ban\u00ed.- Santa Arias, la mujer que fue agredida por\u00a0Alexis Villalona\u00a0la madrugada del primero de enero de este a\u00f1o en\u00a0Ban\u00ed, ha presentado constantes dolores de cabeza en los \u00faltimos d\u00edas que se presume son causados por los golpes recibidos. Seg\u00fan sus familiares la situaci\u00f3n ha provocado que haya sido traslada en varias ocasiones desde la casa [&hellip;]\" \/>\n<meta property=\"og:url\" content=\"https:\/\/minutocerord.com\/?p=7411\" \/>\n<meta property=\"og:site_name\" content=\"Minuto Cero RD\" \/>\n<meta property=\"article:publisher\" content=\"https:\/\/www.facebook.com\/Genofnotes\" \/>\n<meta property=\"article:author\" content=\"https:\/\/www.facebook.com\/Genofnotes\" \/>\n<meta property=\"article:published_time\" content=\"2022-01-14T16:46:18+00:00\" \/>\n<meta property=\"article:modified_time\" content=\"2022-01-14T16:46:22+00:00\" \/>\n<meta property=\"og:image\" content=\"https:\/\/i0.wp.com\/minutocerord.com\/wp-content\/uploads\/2022\/01\/bani-29f9ccdb-focus-0-0-895-573.jpg?fit=546%2C350&ssl=1\" \/>\n\t<meta property=\"og:image:width\" content=\"546\" \/>\n\t<meta property=\"og:image:height\" content=\"350\" \/>\n\t<meta property=\"og:image:type\" content=\"image\/jpeg\" \/>\n<meta name=\"author\" content=\"Genof\u00f3ntes Urb\u00e1ez\" \/>\n<meta name=\"twitter:card\" content=\"summary_large_image\" \/>\n<meta name=\"twitter:label1\" content=\"Written by\" \/>\n\t<meta name=\"twitter:data1\" content=\"Genof\u00f3ntes Urb\u00e1ez\" \/>\n\t<meta name=\"twitter:label2\" content=\"Est. reading time\" \/>\n\t<meta name=\"twitter:data2\" content=\"3 minutos\" \/>\n<script type=\"application\/ld+json\" class=\"yoast-schema-graph\">{\"@context\":\"https:\\\/\\\/schema.org\",\"@graph\":[{\"@type\":\"Article\",\"@id\":\"https:\\\/\\\/minutocerord.com\\\/?p=7411#article\",\"isPartOf\":{\"@id\":\"https:\\\/\\\/minutocerord.com\\\/?p=7411\"},\"author\":{\"name\":\"Genof\u00f3ntes Urb\u00e1ez\",\"@id\":\"https:\\\/\\\/minutocerord.com\\\/#\\\/schema\\\/person\\\/60b5372d60aaa0a5171fb6488be9aee6\"},\"headline\":\"Santa Arias est\u00e1 recluida en una casa de acogida mientras su agresor est\u00e1 libre\",\"datePublished\":\"2022-01-14T16:46:18+00:00\",\"dateModified\":\"2022-01-14T16:46:22+00:00\",\"mainEntityOfPage\":{\"@id\":\"https:\\\/\\\/minutocerord.com\\\/?p=7411\"},\"wordCount\":605,\"commentCount\":0,\"publisher\":{\"@id\":\"https:\\\/\\\/minutocerord.com\\\/#\\\/schema\\\/person\\\/60b5372d60aaa0a5171fb6488be9aee6\"},\"image\":{\"@id\":\"https:\\\/\\\/minutocerord.com\\\/?p=7411#primaryimage\"},\"thumbnailUrl\":\"https:\\\/\\\/i0.wp.com\\\/minutocerord.com\\\/wp-content\\\/uploads\\\/2022\\\/01\\\/bani-29f9ccdb-focus-0-0-895-573.jpg?fit=546%2C350&ssl=1\",\"articleSection\":[\"Ban\u00ed\"],\"inLanguage\":\"es-DO\",\"potentialAction\":[{\"@type\":\"CommentAction\",\"name\":\"Comment\",\"target\":[\"https:\\\/\\\/minutocerord.com\\\/?p=7411#respond\"]}]},{\"@type\":\"WebPage\",\"@id\":\"https:\\\/\\\/minutocerord.com\\\/?p=7411\",\"url\":\"https:\\\/\\\/minutocerord.com\\\/?p=7411\",\"name\":\"Santa Arias est\u00e1 recluida en una casa de acogida mientras su agresor est\u00e1 libre - Minuto Cero RD\",\"isPartOf\":{\"@id\":\"https:\\\/\\\/minutocerord.com\\\/#website\"},\"primaryImageOfPage\":{\"@id\":\"https:\\\/\\\/minutocerord.com\\\/?p=7411#primaryimage\"},\"image\":{\"@id\":\"https:\\\/\\\/minutocerord.com\\\/?p=7411#primaryimage\"},\"thumbnailUrl\":\"https:\\\/\\\/i0.wp.com\\\/minutocerord.com\\\/wp-content\\\/uploads\\\/2022\\\/01\\\/bani-29f9ccdb-focus-0-0-895-573.jpg?fit=546%2C350&ssl=1\",\"datePublished\":\"2022-01-14T16:46:18+00:00\",\"dateModified\":\"2022-01-14T16:46:22+00:00\",\"breadcrumb\":{\"@id\":\"https:\\\/\\\/minutocerord.com\\\/?p=7411#breadcrumb\"},\"inLanguage\":\"es-DO\",\"potentialAction\":[{\"@type\":\"ReadAction\",\"target\":[\"https:\\\/\\\/minutocerord.com\\\/?p=7411\"]}]},{\"@type\":\"ImageObject\",\"inLanguage\":\"es-DO\",\"@id\":\"https:\\\/\\\/minutocerord.com\\\/?p=7411#primaryimage\",\"url\":\"https:\\\/\\\/i0.wp.com\\\/minutocerord.com\\\/wp-content\\\/uploads\\\/2022\\\/01\\\/bani-29f9ccdb-focus-0-0-895-573.jpg?fit=546%2C350&ssl=1\",\"contentUrl\":\"https:\\\/\\\/i0.wp.com\\\/minutocerord.com\\\/wp-content\\\/uploads\\\/2022\\\/01\\\/bani-29f9ccdb-focus-0-0-895-573.jpg?fit=546%2C350&ssl=1\",\"width\":546,\"height\":350},{\"@type\":\"BreadcrumbList\",\"@id\":\"https:\\\/\\\/minutocerord.com\\\/?p=7411#breadcrumb\",\"itemListElement\":[{\"@type\":\"ListItem\",\"position\":1,\"name\":\"Home\",\"item\":\"https:\\\/\\\/minutocerord.com\\\/\"},{\"@type\":\"ListItem\",\"position\":2,\"name\":\"Santa Arias est\u00e1 recluida en una casa de acogida mientras su agresor est\u00e1 libre\"}]},{\"@type\":\"WebSite\",\"@id\":\"https:\\\/\\\/minutocerord.com\\\/#website\",\"url\":\"https:\\\/\\\/minutocerord.com\\\/\",\"name\":\"Minuto Cero RD\",\"description\":\"Periodismo serio y veraz\",\"publisher\":{\"@id\":\"https:\\\/\\\/minutocerord.com\\\/#\\\/schema\\\/person\\\/60b5372d60aaa0a5171fb6488be9aee6\"},\"potentialAction\":[{\"@type\":\"SearchAction\",\"target\":{\"@type\":\"EntryPoint\",\"urlTemplate\":\"https:\\\/\\\/minutocerord.com\\\/?s={search_term_string}\"},\"query-input\":{\"@type\":\"PropertyValueSpecification\",\"valueRequired\":true,\"valueName\":\"search_term_string\"}}],\"inLanguage\":\"es-DO\"},{\"@type\":[\"Person\",\"Organization\"],\"@id\":\"https:\\\/\\\/minutocerord.com\\\/#\\\/schema\\\/person\\\/60b5372d60aaa0a5171fb6488be9aee6\",\"name\":\"Genof\u00f3ntes Urb\u00e1ez\",\"image\":{\"@type\":\"ImageObject\",\"inLanguage\":\"es-DO\",\"@id\":\"https:\\\/\\\/secure.gravatar.com\\\/avatar\\\/a49ef3186a692098ac3e8a1612261e3ad70cf9e44553dff2929e67939a0ecb9d?s=96&d=identicon&r=g\",\"url\":\"https:\\\/\\\/secure.gravatar.com\\\/avatar\\\/a49ef3186a692098ac3e8a1612261e3ad70cf9e44553dff2929e67939a0ecb9d?s=96&d=identicon&r=g\",\"contentUrl\":\"https:\\\/\\\/secure.gravatar.com\\\/avatar\\\/a49ef3186a692098ac3e8a1612261e3ad70cf9e44553dff2929e67939a0ecb9d?s=96&d=identicon&r=g\",\"caption\":\"Genof\u00f3ntes Urb\u00e1ez\"},\"logo\":{\"@id\":\"https:\\\/\\\/secure.gravatar.com\\\/avatar\\\/a49ef3186a692098ac3e8a1612261e3ad70cf9e44553dff2929e67939a0ecb9d?s=96&d=identicon&r=g\"},\"description\":\"Periodista \\\/ Locutor\",\"sameAs\":[\"https:\\\/\\\/www.facebook.com\\\/Genofnotes\",\"https:\\\/\\\/www.instagram.com\\\/genofnotes\\\/\"]}]}<\/script>\n<!-- \/ Yoast SEO plugin. -->","yoast_head_json":{"title":"Santa Arias est\u00e1 recluida en una casa de acogida mientras su agresor est\u00e1 libre - Minuto Cero RD","robots":{"index":"index","follow":"follow","max-snippet":"max-snippet:-1","max-image-preview":"max-image-preview:large","max-video-preview":"max-video-preview:-1"},"canonical":"https:\/\/minutocerord.com\/?p=7411","og_locale":"es_ES","og_type":"article","og_title":"Santa Arias est\u00e1 recluida en una casa de acogida mientras su agresor est\u00e1 libre - Minuto Cero RD","og_description":"Ban\u00ed.- Santa Arias, la mujer que fue agredida por\u00a0Alexis Villalona\u00a0la madrugada del primero de enero de este a\u00f1o en\u00a0Ban\u00ed, ha presentado constantes dolores de cabeza en los \u00faltimos d\u00edas que se presume son causados por los golpes recibidos. Seg\u00fan sus familiares la situaci\u00f3n ha provocado que haya sido traslada en varias ocasiones desde la casa [&hellip;]","og_url":"https:\/\/minutocerord.com\/?p=7411","og_site_name":"Minuto Cero RD","article_publisher":"https:\/\/www.facebook.com\/Genofnotes","article_author":"https:\/\/www.facebook.com\/Genofnotes","article_published_time":"2022-01-14T16:46:18+00:00","article_modified_time":"2022-01-14T16:46:22+00:00","og_image":[{"width":546,"height":350,"url":"https:\/\/i0.wp.com\/minutocerord.com\/wp-content\/uploads\/2022\/01\/bani-29f9ccdb-focus-0-0-895-573.jpg?fit=546%2C350&ssl=1","type":"image\/jpeg"}],"author":"Genof\u00f3ntes Urb\u00e1ez","twitter_card":"summary_large_image","twitter_misc":{"Written by":"Genof\u00f3ntes Urb\u00e1ez","Est. reading time":"3 minutos"},"schema":{"@context":"https:\/\/schema.org","@graph":[{"@type":"Article","@id":"https:\/\/minutocerord.com\/?p=7411#article","isPartOf":{"@id":"https:\/\/minutocerord.com\/?p=7411"},"author":{"name":"Genof\u00f3ntes Urb\u00e1ez","@id":"https:\/\/minutocerord.com\/#\/schema\/person\/60b5372d60aaa0a5171fb6488be9aee6"},"headline":"Santa Arias est\u00e1 recluida en una casa de acogida mientras su agresor est\u00e1 libre","datePublished":"2022-01-14T16:46:18+00:00","dateModified":"2022-01-14T16:46:22+00:00","mainEntityOfPage":{"@id":"https:\/\/minutocerord.com\/?p=7411"},"wordCount":605,"commentCount":0,"publisher":{"@id":"https:\/\/minutocerord.com\/#\/schema\/person\/60b5372d60aaa0a5171fb6488be9aee6"},"image":{"@id":"https:\/\/minutocerord.com\/?p=7411#primaryimage"},"thumbnailUrl":"https:\/\/i0.wp.com\/minutocerord.com\/wp-content\/uploads\/2022\/01\/bani-29f9ccdb-focus-0-0-895-573.jpg?fit=546%2C350&ssl=1","articleSection":["Ban\u00ed"],"inLanguage":"es-DO","potentialAction":[{"@type":"CommentAction","name":"Comment","target":["https:\/\/minutocerord.com\/?p=7411#respond"]}]},{"@type":"WebPage","@id":"https:\/\/minutocerord.com\/?p=7411","url":"https:\/\/minutocerord.com\/?p=7411","name":"Santa Arias est\u00e1 recluida en una casa de acogida mientras su agresor est\u00e1 libre - Minuto Cero RD","isPartOf":{"@id":"https:\/\/minutocerord.com\/#website"},"primaryImageOfPage":{"@id":"https:\/\/minutocerord.com\/?p=7411#primaryimage"},"image":{"@id":"https:\/\/minutocerord.com\/?p=7411#primaryimage"},"thumbnailUrl":"https:\/\/i0.wp.com\/minutocerord.com\/wp-content\/uploads\/2022\/01\/bani-29f9ccdb-focus-0-0-895-573.jpg?fit=546%2C350&ssl=1","datePublished":"2022-01-14T16:46:18+00:00","dateModified":"2022-01-14T16:46:22+00:00","breadcrumb":{"@id":"https:\/\/minutocerord.com\/?p=7411#breadcrumb"},"inLanguage":"es-DO","potentialAction":[{"@type":"ReadAction","target":["https:\/\/minutocerord.com\/?p=7411"]}]},{"@type":"ImageObject","inLanguage":"es-DO","@id":"https:\/\/minutocerord.com\/?p=7411#primaryimage","url":"https:\/\/i0.wp.com\/minutocerord.com\/wp-content\/uploads\/2022\/01\/bani-29f9ccdb-focus-0-0-895-573.jpg?fit=546%2C350&ssl=1","contentUrl":"https:\/\/i0.wp.com\/minutocerord.com\/wp-content\/uploads\/2022\/01\/bani-29f9ccdb-focus-0-0-895-573.jpg?fit=546%2C350&ssl=1","width":546,"height":350},{"@type":"BreadcrumbList","@id":"https:\/\/minutocerord.com\/?p=7411#breadcrumb","itemListElement":[{"@type":"ListItem","position":1,"name":"Home","item":"https:\/\/minutocerord.com\/"},{"@type":"ListItem","position":2,"name":"Santa Arias est\u00e1 recluida en una casa de acogida mientras su agresor est\u00e1 libre"}]},{"@type":"WebSite","@id":"https:\/\/minutocerord.com\/#website","url":"https:\/\/minutocerord.com\/","name":"Minuto Cero RD","description":"Periodismo serio y veraz","publisher":{"@id":"https:\/\/minutocerord.com\/#\/schema\/person\/60b5372d60aaa0a5171fb6488be9aee6"},"potentialAction":[{"@type":"SearchAction","target":{"@type":"EntryPoint","urlTemplate":"https:\/\/minutocerord.com\/?s={search_term_string}"},"query-input":{"@type":"PropertyValueSpecification","valueRequired":true,"valueName":"search_term_string"}}],"inLanguage":"es-DO"},{"@type":["Person","Organization"],"@id":"https:\/\/minutocerord.com\/#\/schema\/person\/60b5372d60aaa0a5171fb6488be9aee6","name":"Genof\u00f3ntes Urb\u00e1ez","image":{"@type":"ImageObject","inLanguage":"es-DO","@id":"https:\/\/secure.gravatar.com\/avatar\/a49ef3186a692098ac3e8a1612261e3ad70cf9e44553dff2929e67939a0ecb9d?s=96&d=identicon&r=g","url":"https:\/\/secure.gravatar.com\/avatar\/a49ef3186a692098ac3e8a1612261e3ad70cf9e44553dff2929e67939a0ecb9d?s=96&d=identicon&r=g","contentUrl":"https:\/\/secure.gravatar.com\/avatar\/a49ef3186a692098ac3e8a1612261e3ad70cf9e44553dff2929e67939a0ecb9d?s=96&d=identicon&r=g","caption":"Genof\u00f3ntes Urb\u00e1ez"},"logo":{"@id":"https:\/\/secure.gravatar.com\/avatar\/a49ef3186a692098ac3e8a1612261e3ad70cf9e44553dff2929e67939a0ecb9d?s=96&d=identicon&r=g"},"description":"Periodista \/ Locutor","sameAs":["https:\/\/www.facebook.com\/Genofnotes","https:\/\/www.instagram.com\/genofnotes\/"]}]}},"jetpack_publicize_connections":[],"jetpack_featured_media_url":"https:\/\/i0.wp.com\/minutocerord.com\/wp-content\/uploads\/2022\/01\/bani-29f9ccdb-focus-0-0-895-573.jpg?fit=546%2C350&ssl=1","jetpack-related-posts":[],"jetpack_sharing_enabled":true,"_links":{"self":[{"href":"https:\/\/minutocerord.com\/index.php?rest_route=\/wp\/v2\/posts\/7411","targetHints":{"allow":["GET"]}}],"collection":[{"href":"https:\/\/minutocerord.com\/index.php?rest_route=\/wp\/v2\/posts"}],"about":[{"href":"https:\/\/minutocerord.com\/index.php?rest_route=\/wp\/v2\/types\/post"}],"author":[{"embeddable":true,"href":"https:\/\/minutocerord.com\/index.php?rest_route=\/wp\/v2\/users\/1"}],"replies":[{"embeddable":true,"href":"https:\/\/minutocerord.com\/index.php?rest_route=%2Fwp%2Fv2%2Fcomments&post=7411"}],"version-history":[{"count":1,"href":"https:\/\/minutocerord.com\/index.php?rest_route=\/wp\/v2\/posts\/7411\/revisions"}],"predecessor-version":[{"id":7413,"href":"https:\/\/minutocerord.com\/index.php?rest_route=\/wp\/v2\/posts\/7411\/revisions\/7413"}],"wp:featuredmedia":[{"embeddable":true,"href":"https:\/\/minutocerord.com\/index.php?rest_route=\/wp\/v2\/media\/7412"}],"wp:attachment":[{"href":"https:\/\/minutocerord.com\/index.php?rest_route=%2Fwp%2Fv2%2Fmedia&parent=7411"}],"wp:term":[{"taxonomy":"category","embeddable":true,"href":"https:\/\/minutocerord.com\/index.php?rest_route=%2Fwp%2Fv2%2Fcategories&post=7411"},{"taxonomy":"post_tag","embeddable":true,"href":"https:\/\/minutocerord.com\/index.php?rest_route=%2Fwp%2Fv2%2Ftags&post=7411"}],"curies":[{"name":"wp","href":"https:\/\/api.w.org\/{rel}","templated":true}]}}