{"id":7418,"date":"2022-01-14T13:40:21","date_gmt":"2022-01-14T17:40:21","guid":{"rendered":"https:\/\/minutocerord.com\/?p=7418"},"modified":"2022-01-14T13:40:25","modified_gmt":"2022-01-14T17:40:25","slug":"italia-ocupan-412-kilos-cocaina-procedentes-de-la-r-dominicana","status":"publish","type":"post","link":"https:\/\/minutocerord.com\/?p=7418","title":{"rendered":"ITALIA: Ocupan 412 kilos coca\u00edna procedentes de la R. Dominicana"},"content":{"rendered":"\n<p><strong>Roma.-<\/strong> Las fuerzas del orden italianas se incautaron en el puerto de La Spezia, en el noroeste del pa\u00eds, de 412 kilogramos de coca\u00edna escondidos en un contenedor procedente de la Rep\u00fablica Dominicana con destino al puerto espa\u00f1ol de Valencia.<\/p>\n\n\n\n<p>El resultado se debi\u00f3 a una operaci\u00f3n conjunta realizada por la agencia de Aduanas, la guardia de Finanza y los Carabineros tras una \u201cinvestigaci\u00f3n transnacional compleja y articulada llevada a cabo bajo la coordinaci\u00f3n de la lucha contra la mafia de G\u00e9nova\u201d, se explica en un comunicado conjunto.<\/p>\n\n\n\n<p>La droga, \u201ccoca\u00edna de elevad\u00edsima calidad y pureza\u201d, estaba escondida en un contenedor procedente de la Rep\u00fablica Dominicana con sello falsificado y entre bloques de papel para reciclar.<\/p>\n\n\n\n<p>Consist\u00eda en 359 paquetes de droga por un total de 412 kilogramos que ten\u00edan como destino Valencia y que habr\u00edan valido en el mercado cerca de 100 millones de euros.<\/p>\n\n\n\n<p>La operaci\u00f3n se enmarca en la constante vigilancia por las fuerzas del orden italianas de las mercanc\u00edas procedentes de Sudam\u00e9rica y que ya hab\u00eda dado como fruto la incautaci\u00f3n de droga como la de hace dos a\u00f1os, cuando se descubrieron 338 kilos de coca\u00edna escondidos en paneles de granito procedentes de Brasil. EFE<\/p>\n","protected":false},"excerpt":{"rendered":"<p>Roma.- Las fuerzas del orden italianas se incautaron en el puerto de La Spezia, en el noroeste del pa\u00eds, de 412 kilogramos de coca\u00edna escondidos en un contenedor procedente de la Rep\u00fablica Dominicana con destino al puerto espa\u00f1ol de Valencia. El resultado se debi\u00f3 a una operaci\u00f3n conjunta realizada por la agencia de Aduanas, la [&hellip;]<\/p>\n","protected":false},"author":1,"featured_media":7419,"comment_status":"open","ping_status":"open","sticky":false,"template":"","format":"standard","meta":{"nf_dc_page":"","jetpack_post_was_ever_published":false,"_jetpack_newsletter_access":"","_jetpack_dont_email_post_to_subs":false,"_jetpack_newsletter_tier_id":0,"_jetpack_memberships_contains_paywalled_content":false,"_jetpack_memberships_contains_paid_content":false,"footnotes":"","jetpack_publicize_message":"","jetpack_publicize_feature_enabled":true,"jetpack_social_post_already_shared":false,"jetpack_social_options":{"image_generator_settings":{"template":"highway","default_image_id":0,"font":"","enabled":false},"version":2}},"categories":[77],"tags":[],"class_list":["post-7418","post","type-post","status-publish","format-standard","has-post-thumbnail","hentry","category-italia"],"yoast_head":"<!-- This site is optimized with the Yoast SEO plugin v27.4 - https:\/\/yoast.com\/product\/yoast-seo-wordpress\/ -->\n<title>ITALIA: Ocupan 412 kilos coca\u00edna procedentes de la R. Dominicana - Minuto Cero RD<\/title>\n<meta name=\"robots\" content=\"index, follow, max-snippet:-1, max-image-preview:large, max-video-preview:-1\" \/>\n<link rel=\"canonical\" href=\"https:\/\/minutocerord.com\/?p=7418\" \/>\n<meta property=\"og:locale\" content=\"es_ES\" \/>\n<meta property=\"og:type\" content=\"article\" \/>\n<meta property=\"og:title\" content=\"ITALIA: Ocupan 412 kilos coca\u00edna procedentes de la R. Dominicana - Minuto Cero RD\" \/>\n<meta property=\"og:description\" content=\"Roma.- Las fuerzas del orden italianas se incautaron en el puerto de La Spezia, en el noroeste del pa\u00eds, de 412 kilogramos de coca\u00edna escondidos en un contenedor procedente de la Rep\u00fablica Dominicana con destino al puerto espa\u00f1ol de Valencia. El resultado se debi\u00f3 a una operaci\u00f3n conjunta realizada por la agencia de Aduanas, la [&hellip;]\" \/>\n<meta property=\"og:url\" content=\"https:\/\/minutocerord.com\/?p=7418\" \/>\n<meta property=\"og:site_name\" content=\"Minuto Cero RD\" \/>\n<meta property=\"article:publisher\" content=\"https:\/\/www.facebook.com\/Genofnotes\" \/>\n<meta property=\"article:author\" content=\"https:\/\/www.facebook.com\/Genofnotes\" \/>\n<meta property=\"article:published_time\" content=\"2022-01-14T17:40:21+00:00\" \/>\n<meta property=\"article:modified_time\" content=\"2022-01-14T17:40:25+00:00\" \/>\n<meta property=\"og:image\" content=\"https:\/\/i0.wp.com\/minutocerord.com\/wp-content\/uploads\/2022\/01\/cocaina-e1543691985826.jpg?fit=500%2C315&ssl=1\" \/>\n\t<meta property=\"og:image:width\" content=\"500\" \/>\n\t<meta property=\"og:image:height\" content=\"315\" \/>\n\t<meta property=\"og:image:type\" content=\"image\/jpeg\" \/>\n<meta name=\"author\" content=\"Genof\u00f3ntes Urb\u00e1ez\" \/>\n<meta name=\"twitter:card\" content=\"summary_large_image\" \/>\n<meta name=\"twitter:label1\" content=\"Written by\" \/>\n\t<meta name=\"twitter:data1\" content=\"Genof\u00f3ntes Urb\u00e1ez\" \/>\n\t<meta name=\"twitter:label2\" content=\"Est. reading time\" \/>\n\t<meta name=\"twitter:data2\" content=\"1 minuto\" \/>\n<script type=\"application\/ld+json\" class=\"yoast-schema-graph\">{\"@context\":\"https:\\\/\\\/schema.org\",\"@graph\":[{\"@type\":\"Article\",\"@id\":\"https:\\\/\\\/minutocerord.com\\\/?p=7418#article\",\"isPartOf\":{\"@id\":\"https:\\\/\\\/minutocerord.com\\\/?p=7418\"},\"author\":{\"name\":\"Genof\u00f3ntes Urb\u00e1ez\",\"@id\":\"https:\\\/\\\/minutocerord.com\\\/#\\\/schema\\\/person\\\/60b5372d60aaa0a5171fb6488be9aee6\"},\"headline\":\"ITALIA: Ocupan 412 kilos coca\u00edna procedentes de la R. Dominicana\",\"datePublished\":\"2022-01-14T17:40:21+00:00\",\"dateModified\":\"2022-01-14T17:40:25+00:00\",\"mainEntityOfPage\":{\"@id\":\"https:\\\/\\\/minutocerord.com\\\/?p=7418\"},\"wordCount\":226,\"commentCount\":0,\"publisher\":{\"@id\":\"https:\\\/\\\/minutocerord.com\\\/#\\\/schema\\\/person\\\/60b5372d60aaa0a5171fb6488be9aee6\"},\"image\":{\"@id\":\"https:\\\/\\\/minutocerord.com\\\/?p=7418#primaryimage\"},\"thumbnailUrl\":\"https:\\\/\\\/i0.wp.com\\\/minutocerord.com\\\/wp-content\\\/uploads\\\/2022\\\/01\\\/cocaina-e1543691985826.jpg?fit=500%2C315&ssl=1\",\"articleSection\":[\"Italia\"],\"inLanguage\":\"es-DO\",\"potentialAction\":[{\"@type\":\"CommentAction\",\"name\":\"Comment\",\"target\":[\"https:\\\/\\\/minutocerord.com\\\/?p=7418#respond\"]}]},{\"@type\":\"WebPage\",\"@id\":\"https:\\\/\\\/minutocerord.com\\\/?p=7418\",\"url\":\"https:\\\/\\\/minutocerord.com\\\/?p=7418\",\"name\":\"ITALIA: Ocupan 412 kilos coca\u00edna procedentes de la R. Dominicana - Minuto Cero RD\",\"isPartOf\":{\"@id\":\"https:\\\/\\\/minutocerord.com\\\/#website\"},\"primaryImageOfPage\":{\"@id\":\"https:\\\/\\\/minutocerord.com\\\/?p=7418#primaryimage\"},\"image\":{\"@id\":\"https:\\\/\\\/minutocerord.com\\\/?p=7418#primaryimage\"},\"thumbnailUrl\":\"https:\\\/\\\/i0.wp.com\\\/minutocerord.com\\\/wp-content\\\/uploads\\\/2022\\\/01\\\/cocaina-e1543691985826.jpg?fit=500%2C315&ssl=1\",\"datePublished\":\"2022-01-14T17:40:21+00:00\",\"dateModified\":\"2022-01-14T17:40:25+00:00\",\"breadcrumb\":{\"@id\":\"https:\\\/\\\/minutocerord.com\\\/?p=7418#breadcrumb\"},\"inLanguage\":\"es-DO\",\"potentialAction\":[{\"@type\":\"ReadAction\",\"target\":[\"https:\\\/\\\/minutocerord.com\\\/?p=7418\"]}]},{\"@type\":\"ImageObject\",\"inLanguage\":\"es-DO\",\"@id\":\"https:\\\/\\\/minutocerord.com\\\/?p=7418#primaryimage\",\"url\":\"https:\\\/\\\/i0.wp.com\\\/minutocerord.com\\\/wp-content\\\/uploads\\\/2022\\\/01\\\/cocaina-e1543691985826.jpg?fit=500%2C315&ssl=1\",\"contentUrl\":\"https:\\\/\\\/i0.wp.com\\\/minutocerord.com\\\/wp-content\\\/uploads\\\/2022\\\/01\\\/cocaina-e1543691985826.jpg?fit=500%2C315&ssl=1\",\"width\":500,\"height\":315},{\"@type\":\"BreadcrumbList\",\"@id\":\"https:\\\/\\\/minutocerord.com\\\/?p=7418#breadcrumb\",\"itemListElement\":[{\"@type\":\"ListItem\",\"position\":1,\"name\":\"Home\",\"item\":\"https:\\\/\\\/minutocerord.com\\\/\"},{\"@type\":\"ListItem\",\"position\":2,\"name\":\"ITALIA: Ocupan 412 kilos coca\u00edna procedentes de la R. Dominicana\"}]},{\"@type\":\"WebSite\",\"@id\":\"https:\\\/\\\/minutocerord.com\\\/#website\",\"url\":\"https:\\\/\\\/minutocerord.com\\\/\",\"name\":\"Minuto Cero RD\",\"description\":\"Periodismo serio y veraz\",\"publisher\":{\"@id\":\"https:\\\/\\\/minutocerord.com\\\/#\\\/schema\\\/person\\\/60b5372d60aaa0a5171fb6488be9aee6\"},\"potentialAction\":[{\"@type\":\"SearchAction\",\"target\":{\"@type\":\"EntryPoint\",\"urlTemplate\":\"https:\\\/\\\/minutocerord.com\\\/?s={search_term_string}\"},\"query-input\":{\"@type\":\"PropertyValueSpecification\",\"valueRequired\":true,\"valueName\":\"search_term_string\"}}],\"inLanguage\":\"es-DO\"},{\"@type\":[\"Person\",\"Organization\"],\"@id\":\"https:\\\/\\\/minutocerord.com\\\/#\\\/schema\\\/person\\\/60b5372d60aaa0a5171fb6488be9aee6\",\"name\":\"Genof\u00f3ntes Urb\u00e1ez\",\"image\":{\"@type\":\"ImageObject\",\"inLanguage\":\"es-DO\",\"@id\":\"https:\\\/\\\/secure.gravatar.com\\\/avatar\\\/a49ef3186a692098ac3e8a1612261e3ad70cf9e44553dff2929e67939a0ecb9d?s=96&d=identicon&r=g\",\"url\":\"https:\\\/\\\/secure.gravatar.com\\\/avatar\\\/a49ef3186a692098ac3e8a1612261e3ad70cf9e44553dff2929e67939a0ecb9d?s=96&d=identicon&r=g\",\"contentUrl\":\"https:\\\/\\\/secure.gravatar.com\\\/avatar\\\/a49ef3186a692098ac3e8a1612261e3ad70cf9e44553dff2929e67939a0ecb9d?s=96&d=identicon&r=g\",\"caption\":\"Genof\u00f3ntes Urb\u00e1ez\"},\"logo\":{\"@id\":\"https:\\\/\\\/secure.gravatar.com\\\/avatar\\\/a49ef3186a692098ac3e8a1612261e3ad70cf9e44553dff2929e67939a0ecb9d?s=96&d=identicon&r=g\"},\"description\":\"Periodista \\\/ Locutor\",\"sameAs\":[\"https:\\\/\\\/www.facebook.com\\\/Genofnotes\",\"https:\\\/\\\/www.instagram.com\\\/genofnotes\\\/\"]}]}<\/script>\n<!-- \/ Yoast SEO plugin. -->","yoast_head_json":{"title":"ITALIA: Ocupan 412 kilos coca\u00edna procedentes de la R. Dominicana - Minuto Cero RD","robots":{"index":"index","follow":"follow","max-snippet":"max-snippet:-1","max-image-preview":"max-image-preview:large","max-video-preview":"max-video-preview:-1"},"canonical":"https:\/\/minutocerord.com\/?p=7418","og_locale":"es_ES","og_type":"article","og_title":"ITALIA: Ocupan 412 kilos coca\u00edna procedentes de la R. Dominicana - Minuto Cero RD","og_description":"Roma.- Las fuerzas del orden italianas se incautaron en el puerto de La Spezia, en el noroeste del pa\u00eds, de 412 kilogramos de coca\u00edna escondidos en un contenedor procedente de la Rep\u00fablica Dominicana con destino al puerto espa\u00f1ol de Valencia. El resultado se debi\u00f3 a una operaci\u00f3n conjunta realizada por la agencia de Aduanas, la [&hellip;]","og_url":"https:\/\/minutocerord.com\/?p=7418","og_site_name":"Minuto Cero RD","article_publisher":"https:\/\/www.facebook.com\/Genofnotes","article_author":"https:\/\/www.facebook.com\/Genofnotes","article_published_time":"2022-01-14T17:40:21+00:00","article_modified_time":"2022-01-14T17:40:25+00:00","og_image":[{"width":500,"height":315,"url":"https:\/\/i0.wp.com\/minutocerord.com\/wp-content\/uploads\/2022\/01\/cocaina-e1543691985826.jpg?fit=500%2C315&ssl=1","type":"image\/jpeg"}],"author":"Genof\u00f3ntes Urb\u00e1ez","twitter_card":"summary_large_image","twitter_misc":{"Written by":"Genof\u00f3ntes Urb\u00e1ez","Est. reading time":"1 minuto"},"schema":{"@context":"https:\/\/schema.org","@graph":[{"@type":"Article","@id":"https:\/\/minutocerord.com\/?p=7418#article","isPartOf":{"@id":"https:\/\/minutocerord.com\/?p=7418"},"author":{"name":"Genof\u00f3ntes Urb\u00e1ez","@id":"https:\/\/minutocerord.com\/#\/schema\/person\/60b5372d60aaa0a5171fb6488be9aee6"},"headline":"ITALIA: Ocupan 412 kilos coca\u00edna procedentes de la R. Dominicana","datePublished":"2022-01-14T17:40:21+00:00","dateModified":"2022-01-14T17:40:25+00:00","mainEntityOfPage":{"@id":"https:\/\/minutocerord.com\/?p=7418"},"wordCount":226,"commentCount":0,"publisher":{"@id":"https:\/\/minutocerord.com\/#\/schema\/person\/60b5372d60aaa0a5171fb6488be9aee6"},"image":{"@id":"https:\/\/minutocerord.com\/?p=7418#primaryimage"},"thumbnailUrl":"https:\/\/i0.wp.com\/minutocerord.com\/wp-content\/uploads\/2022\/01\/cocaina-e1543691985826.jpg?fit=500%2C315&ssl=1","articleSection":["Italia"],"inLanguage":"es-DO","potentialAction":[{"@type":"CommentAction","name":"Comment","target":["https:\/\/minutocerord.com\/?p=7418#respond"]}]},{"@type":"WebPage","@id":"https:\/\/minutocerord.com\/?p=7418","url":"https:\/\/minutocerord.com\/?p=7418","name":"ITALIA: Ocupan 412 kilos coca\u00edna procedentes de la R. Dominicana - Minuto Cero RD","isPartOf":{"@id":"https:\/\/minutocerord.com\/#website"},"primaryImageOfPage":{"@id":"https:\/\/minutocerord.com\/?p=7418#primaryimage"},"image":{"@id":"https:\/\/minutocerord.com\/?p=7418#primaryimage"},"thumbnailUrl":"https:\/\/i0.wp.com\/minutocerord.com\/wp-content\/uploads\/2022\/01\/cocaina-e1543691985826.jpg?fit=500%2C315&ssl=1","datePublished":"2022-01-14T17:40:21+00:00","dateModified":"2022-01-14T17:40:25+00:00","breadcrumb":{"@id":"https:\/\/minutocerord.com\/?p=7418#breadcrumb"},"inLanguage":"es-DO","potentialAction":[{"@type":"ReadAction","target":["https:\/\/minutocerord.com\/?p=7418"]}]},{"@type":"ImageObject","inLanguage":"es-DO","@id":"https:\/\/minutocerord.com\/?p=7418#primaryimage","url":"https:\/\/i0.wp.com\/minutocerord.com\/wp-content\/uploads\/2022\/01\/cocaina-e1543691985826.jpg?fit=500%2C315&ssl=1","contentUrl":"https:\/\/i0.wp.com\/minutocerord.com\/wp-content\/uploads\/2022\/01\/cocaina-e1543691985826.jpg?fit=500%2C315&ssl=1","width":500,"height":315},{"@type":"BreadcrumbList","@id":"https:\/\/minutocerord.com\/?p=7418#breadcrumb","itemListElement":[{"@type":"ListItem","position":1,"name":"Home","item":"https:\/\/minutocerord.com\/"},{"@type":"ListItem","position":2,"name":"ITALIA: Ocupan 412 kilos coca\u00edna procedentes de la R. Dominicana"}]},{"@type":"WebSite","@id":"https:\/\/minutocerord.com\/#website","url":"https:\/\/minutocerord.com\/","name":"Minuto Cero RD","description":"Periodismo serio y veraz","publisher":{"@id":"https:\/\/minutocerord.com\/#\/schema\/person\/60b5372d60aaa0a5171fb6488be9aee6"},"potentialAction":[{"@type":"SearchAction","target":{"@type":"EntryPoint","urlTemplate":"https:\/\/minutocerord.com\/?s={search_term_string}"},"query-input":{"@type":"PropertyValueSpecification","valueRequired":true,"valueName":"search_term_string"}}],"inLanguage":"es-DO"},{"@type":["Person","Organization"],"@id":"https:\/\/minutocerord.com\/#\/schema\/person\/60b5372d60aaa0a5171fb6488be9aee6","name":"Genof\u00f3ntes Urb\u00e1ez","image":{"@type":"ImageObject","inLanguage":"es-DO","@id":"https:\/\/secure.gravatar.com\/avatar\/a49ef3186a692098ac3e8a1612261e3ad70cf9e44553dff2929e67939a0ecb9d?s=96&d=identicon&r=g","url":"https:\/\/secure.gravatar.com\/avatar\/a49ef3186a692098ac3e8a1612261e3ad70cf9e44553dff2929e67939a0ecb9d?s=96&d=identicon&r=g","contentUrl":"https:\/\/secure.gravatar.com\/avatar\/a49ef3186a692098ac3e8a1612261e3ad70cf9e44553dff2929e67939a0ecb9d?s=96&d=identicon&r=g","caption":"Genof\u00f3ntes Urb\u00e1ez"},"logo":{"@id":"https:\/\/secure.gravatar.com\/avatar\/a49ef3186a692098ac3e8a1612261e3ad70cf9e44553dff2929e67939a0ecb9d?s=96&d=identicon&r=g"},"description":"Periodista \/ Locutor","sameAs":["https:\/\/www.facebook.com\/Genofnotes","https:\/\/www.instagram.com\/genofnotes\/"]}]}},"jetpack_publicize_connections":[],"jetpack_featured_media_url":"https:\/\/i0.wp.com\/minutocerord.com\/wp-content\/uploads\/2022\/01\/cocaina-e1543691985826.jpg?fit=500%2C315&ssl=1","jetpack-related-posts":[],"jetpack_sharing_enabled":true,"_links":{"self":[{"href":"https:\/\/minutocerord.com\/index.php?rest_route=\/wp\/v2\/posts\/7418","targetHints":{"allow":["GET"]}}],"collection":[{"href":"https:\/\/minutocerord.com\/index.php?rest_route=\/wp\/v2\/posts"}],"about":[{"href":"https:\/\/minutocerord.com\/index.php?rest_route=\/wp\/v2\/types\/post"}],"author":[{"embeddable":true,"href":"https:\/\/minutocerord.com\/index.php?rest_route=\/wp\/v2\/users\/1"}],"replies":[{"embeddable":true,"href":"https:\/\/minutocerord.com\/index.php?rest_route=%2Fwp%2Fv2%2Fcomments&post=7418"}],"version-history":[{"count":1,"href":"https:\/\/minutocerord.com\/index.php?rest_route=\/wp\/v2\/posts\/7418\/revisions"}],"predecessor-version":[{"id":7420,"href":"https:\/\/minutocerord.com\/index.php?rest_route=\/wp\/v2\/posts\/7418\/revisions\/7420"}],"wp:featuredmedia":[{"embeddable":true,"href":"https:\/\/minutocerord.com\/index.php?rest_route=\/wp\/v2\/media\/7419"}],"wp:attachment":[{"href":"https:\/\/minutocerord.com\/index.php?rest_route=%2Fwp%2Fv2%2Fmedia&parent=7418"}],"wp:term":[{"taxonomy":"category","embeddable":true,"href":"https:\/\/minutocerord.com\/index.php?rest_route=%2Fwp%2Fv2%2Fcategories&post=7418"},{"taxonomy":"post_tag","embeddable":true,"href":"https:\/\/minutocerord.com\/index.php?rest_route=%2Fwp%2Fv2%2Ftags&post=7418"}],"curies":[{"name":"wp","href":"https:\/\/api.w.org\/{rel}","templated":true}]}}