{"id":7434,"date":"2022-01-15T13:06:26","date_gmt":"2022-01-15T17:06:26","guid":{"rendered":"https:\/\/minutocerord.com\/?p=7434"},"modified":"2022-01-15T13:06:29","modified_gmt":"2022-01-15T17:06:29","slug":"los-ninos-quemados-en-higuey-fueron-encerrados-con-candado-por-su-madre","status":"publish","type":"post","link":"https:\/\/minutocerord.com\/?p=7434","title":{"rendered":"Los ni\u00f1os quemados en Hig\u00fcey fueron encerrados con candado por su madre"},"content":{"rendered":"\n<p><strong>HIG\u00dcEY.-<\/strong> Gritos ensordecedores, gente cargando agua para apagar las llamas y\u00a0 hasta realizando filmes, matizaron escenas de dolor e impotencia en el fuego que consumi\u00f3 ayer viernes, una vivienda con tres hermanos menores en su interior en el sector La Gallera del municipio Savale\u00f3n de Hig\u00fcey, provincia La Altagracia.<\/p>\n\n\n\n<p>En un v\u00eddeo que circula en las redes sociales,&nbsp; se escuchan los gritos desesperados de los infantes pidiendo auxilio para no ser devorados por el fuego consumidor, que al parecer se origin\u00f3 por una estufa encendida que hizo explosionar un cilindro de gas.<\/p>\n\n\n\n<p>Las personas corr\u00edan con cubetas de agua que lanzaban a puertas y ventanas de la vivienda en llamas, pero todos fue in\u00fatil,&nbsp; las llamas consumieron maderas, ajuares y los cuerpos de los ni\u00f1os, que fueron encontrados abrazados debajo de los escombros de una cama en la habitaci\u00f3n de la madre.<\/p>\n\n\n\n<p>Se dijo que la madre&nbsp; acostumbraba a dejarlo a solas, para irse a trabajar y llevar el sustento a la casa.<\/p>\n\n\n\n<p>Los ni\u00f1os, de origen haitiano, quienes no han sido identificados,&nbsp; gritaban una y otra vez auxilio, pero nadie pudo romper el candado que los manten\u00eda preso en el hogar.<\/p>\n\n\n\n<p>Versiones de vecinos, indican que la madre habr\u00eda salido a su trabajo como empleada dom\u00e9stica y dej\u00f3 los ni\u00f1os trancados con candado en la vivienda, la cual fue reducida a cenizas con todos sus ajuares.<\/p>\n\n\n\n<p>A la llegada de los bomberos, ya la vivienda hab\u00eda sido consumida en su totalidad, cobrando la vida de los tres ni\u00f1os, que lamentablemente no pudieron salir, para salvar sus vidas.<\/p>\n","protected":false},"excerpt":{"rendered":"<p>HIG\u00dcEY.- Gritos ensordecedores, gente cargando agua para apagar las llamas y\u00a0 hasta realizando filmes, matizaron escenas de dolor e impotencia en el fuego que consumi\u00f3 ayer viernes, una vivienda con tres hermanos menores en su interior en el sector La Gallera del municipio Savale\u00f3n de Hig\u00fcey, provincia La Altagracia. En un v\u00eddeo que circula en [&hellip;]<\/p>\n","protected":false},"author":1,"featured_media":7435,"comment_status":"open","ping_status":"open","sticky":false,"template":"","format":"standard","meta":{"nf_dc_page":"","jetpack_post_was_ever_published":false,"_jetpack_newsletter_access":"","_jetpack_dont_email_post_to_subs":false,"_jetpack_newsletter_tier_id":0,"_jetpack_memberships_contains_paywalled_content":false,"_jetpack_memberships_contains_paid_content":false,"footnotes":"","jetpack_publicize_message":"","jetpack_publicize_feature_enabled":true,"jetpack_social_post_already_shared":false,"jetpack_social_options":{"image_generator_settings":{"template":"highway","default_image_id":0,"font":"","enabled":false},"version":2}},"categories":[91],"tags":[],"class_list":["post-7434","post","type-post","status-publish","format-standard","has-post-thumbnail","hentry","category-provincia"],"yoast_head":"<!-- This site is optimized with the Yoast SEO plugin v27.4 - https:\/\/yoast.com\/product\/yoast-seo-wordpress\/ -->\n<title>Los ni\u00f1os quemados en Hig\u00fcey fueron encerrados con candado por su madre - Minuto Cero RD<\/title>\n<meta name=\"robots\" content=\"index, follow, max-snippet:-1, max-image-preview:large, max-video-preview:-1\" \/>\n<link rel=\"canonical\" href=\"http:\/\/minutocerord.com\/?p=7434\" \/>\n<meta property=\"og:locale\" content=\"es_ES\" \/>\n<meta property=\"og:type\" content=\"article\" \/>\n<meta property=\"og:title\" content=\"Los ni\u00f1os quemados en Hig\u00fcey fueron encerrados con candado por su madre - Minuto Cero RD\" \/>\n<meta property=\"og:description\" content=\"HIG\u00dcEY.- Gritos ensordecedores, gente cargando agua para apagar las llamas y\u00a0 hasta realizando filmes, matizaron escenas de dolor e impotencia en el fuego que consumi\u00f3 ayer viernes, una vivienda con tres hermanos menores en su interior en el sector La Gallera del municipio Savale\u00f3n de Hig\u00fcey, provincia La Altagracia. En un v\u00eddeo que circula en [&hellip;]\" \/>\n<meta property=\"og:url\" content=\"http:\/\/minutocerord.com\/?p=7434\" \/>\n<meta property=\"og:site_name\" content=\"Minuto Cero RD\" \/>\n<meta property=\"article:publisher\" content=\"https:\/\/www.facebook.com\/Genofnotes\" \/>\n<meta property=\"article:author\" content=\"https:\/\/www.facebook.com\/Genofnotes\" \/>\n<meta property=\"article:published_time\" content=\"2022-01-15T17:06:26+00:00\" \/>\n<meta property=\"article:modified_time\" content=\"2022-01-15T17:06:29+00:00\" \/>\n<meta property=\"og:image\" content=\"https:\/\/i0.wp.com\/minutocerord.com\/wp-content\/uploads\/2022\/01\/1e71eb11-whatsapp-image-2022-01-14-at-8-36-57-pm-1-61e2d1df0a2ce-640x853-1.jpeg?fit=640%2C853\" \/>\n\t<meta property=\"og:image:width\" content=\"640\" \/>\n\t<meta property=\"og:image:height\" content=\"853\" \/>\n\t<meta property=\"og:image:type\" content=\"image\/jpeg\" \/>\n<meta name=\"author\" content=\"Genof\u00f3ntes Urb\u00e1ez\" \/>\n<meta name=\"twitter:card\" content=\"summary_large_image\" \/>\n<meta name=\"twitter:label1\" content=\"Written by\" \/>\n\t<meta name=\"twitter:data1\" content=\"Genof\u00f3ntes Urb\u00e1ez\" \/>\n\t<meta name=\"twitter:label2\" content=\"Est. reading time\" \/>\n\t<meta name=\"twitter:data2\" content=\"2 minutos\" \/>\n<script type=\"application\/ld+json\" class=\"yoast-schema-graph\">{\"@context\":\"https:\\\/\\\/schema.org\",\"@graph\":[{\"@type\":\"Article\",\"@id\":\"http:\\\/\\\/minutocerord.com\\\/?p=7434#article\",\"isPartOf\":{\"@id\":\"http:\\\/\\\/minutocerord.com\\\/?p=7434\"},\"author\":{\"name\":\"Genof\u00f3ntes Urb\u00e1ez\",\"@id\":\"https:\\\/\\\/minutocerord.com\\\/#\\\/schema\\\/person\\\/60b5372d60aaa0a5171fb6488be9aee6\"},\"headline\":\"Los ni\u00f1os quemados en Hig\u00fcey fueron encerrados con candado por su madre\",\"datePublished\":\"2022-01-15T17:06:26+00:00\",\"dateModified\":\"2022-01-15T17:06:29+00:00\",\"mainEntityOfPage\":{\"@id\":\"http:\\\/\\\/minutocerord.com\\\/?p=7434\"},\"wordCount\":292,\"commentCount\":0,\"publisher\":{\"@id\":\"https:\\\/\\\/minutocerord.com\\\/#\\\/schema\\\/person\\\/60b5372d60aaa0a5171fb6488be9aee6\"},\"image\":{\"@id\":\"http:\\\/\\\/minutocerord.com\\\/?p=7434#primaryimage\"},\"thumbnailUrl\":\"https:\\\/\\\/i0.wp.com\\\/minutocerord.com\\\/wp-content\\\/uploads\\\/2022\\\/01\\\/1e71eb11-whatsapp-image-2022-01-14-at-8-36-57-pm-1-61e2d1df0a2ce-640x853-1.jpeg?fit=640%2C853&ssl=1\",\"articleSection\":[\"Provincia\"],\"inLanguage\":\"es-DO\",\"potentialAction\":[{\"@type\":\"CommentAction\",\"name\":\"Comment\",\"target\":[\"http:\\\/\\\/minutocerord.com\\\/?p=7434#respond\"]}]},{\"@type\":\"WebPage\",\"@id\":\"http:\\\/\\\/minutocerord.com\\\/?p=7434\",\"url\":\"http:\\\/\\\/minutocerord.com\\\/?p=7434\",\"name\":\"Los ni\u00f1os quemados en Hig\u00fcey fueron encerrados con candado por su madre - Minuto Cero RD\",\"isPartOf\":{\"@id\":\"https:\\\/\\\/minutocerord.com\\\/#website\"},\"primaryImageOfPage\":{\"@id\":\"http:\\\/\\\/minutocerord.com\\\/?p=7434#primaryimage\"},\"image\":{\"@id\":\"http:\\\/\\\/minutocerord.com\\\/?p=7434#primaryimage\"},\"thumbnailUrl\":\"https:\\\/\\\/i0.wp.com\\\/minutocerord.com\\\/wp-content\\\/uploads\\\/2022\\\/01\\\/1e71eb11-whatsapp-image-2022-01-14-at-8-36-57-pm-1-61e2d1df0a2ce-640x853-1.jpeg?fit=640%2C853&ssl=1\",\"datePublished\":\"2022-01-15T17:06:26+00:00\",\"dateModified\":\"2022-01-15T17:06:29+00:00\",\"breadcrumb\":{\"@id\":\"http:\\\/\\\/minutocerord.com\\\/?p=7434#breadcrumb\"},\"inLanguage\":\"es-DO\",\"potentialAction\":[{\"@type\":\"ReadAction\",\"target\":[\"http:\\\/\\\/minutocerord.com\\\/?p=7434\"]}]},{\"@type\":\"ImageObject\",\"inLanguage\":\"es-DO\",\"@id\":\"http:\\\/\\\/minutocerord.com\\\/?p=7434#primaryimage\",\"url\":\"https:\\\/\\\/i0.wp.com\\\/minutocerord.com\\\/wp-content\\\/uploads\\\/2022\\\/01\\\/1e71eb11-whatsapp-image-2022-01-14-at-8-36-57-pm-1-61e2d1df0a2ce-640x853-1.jpeg?fit=640%2C853&ssl=1\",\"contentUrl\":\"https:\\\/\\\/i0.wp.com\\\/minutocerord.com\\\/wp-content\\\/uploads\\\/2022\\\/01\\\/1e71eb11-whatsapp-image-2022-01-14-at-8-36-57-pm-1-61e2d1df0a2ce-640x853-1.jpeg?fit=640%2C853&ssl=1\",\"width\":640,\"height\":853},{\"@type\":\"BreadcrumbList\",\"@id\":\"http:\\\/\\\/minutocerord.com\\\/?p=7434#breadcrumb\",\"itemListElement\":[{\"@type\":\"ListItem\",\"position\":1,\"name\":\"Home\",\"item\":\"https:\\\/\\\/minutocerord.com\\\/\"},{\"@type\":\"ListItem\",\"position\":2,\"name\":\"Los ni\u00f1os quemados en Hig\u00fcey fueron encerrados con candado por su madre\"}]},{\"@type\":\"WebSite\",\"@id\":\"https:\\\/\\\/minutocerord.com\\\/#website\",\"url\":\"https:\\\/\\\/minutocerord.com\\\/\",\"name\":\"Minuto Cero RD\",\"description\":\"Periodismo serio y veraz\",\"publisher\":{\"@id\":\"https:\\\/\\\/minutocerord.com\\\/#\\\/schema\\\/person\\\/60b5372d60aaa0a5171fb6488be9aee6\"},\"potentialAction\":[{\"@type\":\"SearchAction\",\"target\":{\"@type\":\"EntryPoint\",\"urlTemplate\":\"https:\\\/\\\/minutocerord.com\\\/?s={search_term_string}\"},\"query-input\":{\"@type\":\"PropertyValueSpecification\",\"valueRequired\":true,\"valueName\":\"search_term_string\"}}],\"inLanguage\":\"es-DO\"},{\"@type\":[\"Person\",\"Organization\"],\"@id\":\"https:\\\/\\\/minutocerord.com\\\/#\\\/schema\\\/person\\\/60b5372d60aaa0a5171fb6488be9aee6\",\"name\":\"Genof\u00f3ntes Urb\u00e1ez\",\"image\":{\"@type\":\"ImageObject\",\"inLanguage\":\"es-DO\",\"@id\":\"https:\\\/\\\/secure.gravatar.com\\\/avatar\\\/a49ef3186a692098ac3e8a1612261e3ad70cf9e44553dff2929e67939a0ecb9d?s=96&d=identicon&r=g\",\"url\":\"https:\\\/\\\/secure.gravatar.com\\\/avatar\\\/a49ef3186a692098ac3e8a1612261e3ad70cf9e44553dff2929e67939a0ecb9d?s=96&d=identicon&r=g\",\"contentUrl\":\"https:\\\/\\\/secure.gravatar.com\\\/avatar\\\/a49ef3186a692098ac3e8a1612261e3ad70cf9e44553dff2929e67939a0ecb9d?s=96&d=identicon&r=g\",\"caption\":\"Genof\u00f3ntes Urb\u00e1ez\"},\"logo\":{\"@id\":\"https:\\\/\\\/secure.gravatar.com\\\/avatar\\\/a49ef3186a692098ac3e8a1612261e3ad70cf9e44553dff2929e67939a0ecb9d?s=96&d=identicon&r=g\"},\"description\":\"Periodista \\\/ Locutor\",\"sameAs\":[\"https:\\\/\\\/www.facebook.com\\\/Genofnotes\",\"https:\\\/\\\/www.instagram.com\\\/genofnotes\\\/\"]}]}<\/script>\n<!-- \/ Yoast SEO plugin. -->","yoast_head_json":{"title":"Los ni\u00f1os quemados en Hig\u00fcey fueron encerrados con candado por su madre - Minuto Cero RD","robots":{"index":"index","follow":"follow","max-snippet":"max-snippet:-1","max-image-preview":"max-image-preview:large","max-video-preview":"max-video-preview:-1"},"canonical":"http:\/\/minutocerord.com\/?p=7434","og_locale":"es_ES","og_type":"article","og_title":"Los ni\u00f1os quemados en Hig\u00fcey fueron encerrados con candado por su madre - Minuto Cero RD","og_description":"HIG\u00dcEY.- Gritos ensordecedores, gente cargando agua para apagar las llamas y\u00a0 hasta realizando filmes, matizaron escenas de dolor e impotencia en el fuego que consumi\u00f3 ayer viernes, una vivienda con tres hermanos menores en su interior en el sector La Gallera del municipio Savale\u00f3n de Hig\u00fcey, provincia La Altagracia. En un v\u00eddeo que circula en [&hellip;]","og_url":"http:\/\/minutocerord.com\/?p=7434","og_site_name":"Minuto Cero RD","article_publisher":"https:\/\/www.facebook.com\/Genofnotes","article_author":"https:\/\/www.facebook.com\/Genofnotes","article_published_time":"2022-01-15T17:06:26+00:00","article_modified_time":"2022-01-15T17:06:29+00:00","og_image":[{"width":640,"height":853,"url":"https:\/\/i0.wp.com\/minutocerord.com\/wp-content\/uploads\/2022\/01\/1e71eb11-whatsapp-image-2022-01-14-at-8-36-57-pm-1-61e2d1df0a2ce-640x853-1.jpeg?fit=640%2C853","type":"image\/jpeg"}],"author":"Genof\u00f3ntes Urb\u00e1ez","twitter_card":"summary_large_image","twitter_misc":{"Written by":"Genof\u00f3ntes Urb\u00e1ez","Est. reading time":"2 minutos"},"schema":{"@context":"https:\/\/schema.org","@graph":[{"@type":"Article","@id":"http:\/\/minutocerord.com\/?p=7434#article","isPartOf":{"@id":"http:\/\/minutocerord.com\/?p=7434"},"author":{"name":"Genof\u00f3ntes Urb\u00e1ez","@id":"https:\/\/minutocerord.com\/#\/schema\/person\/60b5372d60aaa0a5171fb6488be9aee6"},"headline":"Los ni\u00f1os quemados en Hig\u00fcey fueron encerrados con candado por su madre","datePublished":"2022-01-15T17:06:26+00:00","dateModified":"2022-01-15T17:06:29+00:00","mainEntityOfPage":{"@id":"http:\/\/minutocerord.com\/?p=7434"},"wordCount":292,"commentCount":0,"publisher":{"@id":"https:\/\/minutocerord.com\/#\/schema\/person\/60b5372d60aaa0a5171fb6488be9aee6"},"image":{"@id":"http:\/\/minutocerord.com\/?p=7434#primaryimage"},"thumbnailUrl":"https:\/\/i0.wp.com\/minutocerord.com\/wp-content\/uploads\/2022\/01\/1e71eb11-whatsapp-image-2022-01-14-at-8-36-57-pm-1-61e2d1df0a2ce-640x853-1.jpeg?fit=640%2C853&ssl=1","articleSection":["Provincia"],"inLanguage":"es-DO","potentialAction":[{"@type":"CommentAction","name":"Comment","target":["http:\/\/minutocerord.com\/?p=7434#respond"]}]},{"@type":"WebPage","@id":"http:\/\/minutocerord.com\/?p=7434","url":"http:\/\/minutocerord.com\/?p=7434","name":"Los ni\u00f1os quemados en Hig\u00fcey fueron encerrados con candado por su madre - Minuto Cero RD","isPartOf":{"@id":"https:\/\/minutocerord.com\/#website"},"primaryImageOfPage":{"@id":"http:\/\/minutocerord.com\/?p=7434#primaryimage"},"image":{"@id":"http:\/\/minutocerord.com\/?p=7434#primaryimage"},"thumbnailUrl":"https:\/\/i0.wp.com\/minutocerord.com\/wp-content\/uploads\/2022\/01\/1e71eb11-whatsapp-image-2022-01-14-at-8-36-57-pm-1-61e2d1df0a2ce-640x853-1.jpeg?fit=640%2C853&ssl=1","datePublished":"2022-01-15T17:06:26+00:00","dateModified":"2022-01-15T17:06:29+00:00","breadcrumb":{"@id":"http:\/\/minutocerord.com\/?p=7434#breadcrumb"},"inLanguage":"es-DO","potentialAction":[{"@type":"ReadAction","target":["http:\/\/minutocerord.com\/?p=7434"]}]},{"@type":"ImageObject","inLanguage":"es-DO","@id":"http:\/\/minutocerord.com\/?p=7434#primaryimage","url":"https:\/\/i0.wp.com\/minutocerord.com\/wp-content\/uploads\/2022\/01\/1e71eb11-whatsapp-image-2022-01-14-at-8-36-57-pm-1-61e2d1df0a2ce-640x853-1.jpeg?fit=640%2C853&ssl=1","contentUrl":"https:\/\/i0.wp.com\/minutocerord.com\/wp-content\/uploads\/2022\/01\/1e71eb11-whatsapp-image-2022-01-14-at-8-36-57-pm-1-61e2d1df0a2ce-640x853-1.jpeg?fit=640%2C853&ssl=1","width":640,"height":853},{"@type":"BreadcrumbList","@id":"http:\/\/minutocerord.com\/?p=7434#breadcrumb","itemListElement":[{"@type":"ListItem","position":1,"name":"Home","item":"https:\/\/minutocerord.com\/"},{"@type":"ListItem","position":2,"name":"Los ni\u00f1os quemados en Hig\u00fcey fueron encerrados con candado por su madre"}]},{"@type":"WebSite","@id":"https:\/\/minutocerord.com\/#website","url":"https:\/\/minutocerord.com\/","name":"Minuto Cero RD","description":"Periodismo serio y veraz","publisher":{"@id":"https:\/\/minutocerord.com\/#\/schema\/person\/60b5372d60aaa0a5171fb6488be9aee6"},"potentialAction":[{"@type":"SearchAction","target":{"@type":"EntryPoint","urlTemplate":"https:\/\/minutocerord.com\/?s={search_term_string}"},"query-input":{"@type":"PropertyValueSpecification","valueRequired":true,"valueName":"search_term_string"}}],"inLanguage":"es-DO"},{"@type":["Person","Organization"],"@id":"https:\/\/minutocerord.com\/#\/schema\/person\/60b5372d60aaa0a5171fb6488be9aee6","name":"Genof\u00f3ntes Urb\u00e1ez","image":{"@type":"ImageObject","inLanguage":"es-DO","@id":"https:\/\/secure.gravatar.com\/avatar\/a49ef3186a692098ac3e8a1612261e3ad70cf9e44553dff2929e67939a0ecb9d?s=96&d=identicon&r=g","url":"https:\/\/secure.gravatar.com\/avatar\/a49ef3186a692098ac3e8a1612261e3ad70cf9e44553dff2929e67939a0ecb9d?s=96&d=identicon&r=g","contentUrl":"https:\/\/secure.gravatar.com\/avatar\/a49ef3186a692098ac3e8a1612261e3ad70cf9e44553dff2929e67939a0ecb9d?s=96&d=identicon&r=g","caption":"Genof\u00f3ntes Urb\u00e1ez"},"logo":{"@id":"https:\/\/secure.gravatar.com\/avatar\/a49ef3186a692098ac3e8a1612261e3ad70cf9e44553dff2929e67939a0ecb9d?s=96&d=identicon&r=g"},"description":"Periodista \/ Locutor","sameAs":["https:\/\/www.facebook.com\/Genofnotes","https:\/\/www.instagram.com\/genofnotes\/"]}]}},"jetpack_publicize_connections":[],"jetpack_featured_media_url":"https:\/\/i0.wp.com\/minutocerord.com\/wp-content\/uploads\/2022\/01\/1e71eb11-whatsapp-image-2022-01-14-at-8-36-57-pm-1-61e2d1df0a2ce-640x853-1.jpeg?fit=640%2C853&ssl=1","jetpack-related-posts":[],"jetpack_sharing_enabled":true,"_links":{"self":[{"href":"https:\/\/minutocerord.com\/index.php?rest_route=\/wp\/v2\/posts\/7434","targetHints":{"allow":["GET"]}}],"collection":[{"href":"https:\/\/minutocerord.com\/index.php?rest_route=\/wp\/v2\/posts"}],"about":[{"href":"https:\/\/minutocerord.com\/index.php?rest_route=\/wp\/v2\/types\/post"}],"author":[{"embeddable":true,"href":"https:\/\/minutocerord.com\/index.php?rest_route=\/wp\/v2\/users\/1"}],"replies":[{"embeddable":true,"href":"https:\/\/minutocerord.com\/index.php?rest_route=%2Fwp%2Fv2%2Fcomments&post=7434"}],"version-history":[{"count":1,"href":"https:\/\/minutocerord.com\/index.php?rest_route=\/wp\/v2\/posts\/7434\/revisions"}],"predecessor-version":[{"id":7436,"href":"https:\/\/minutocerord.com\/index.php?rest_route=\/wp\/v2\/posts\/7434\/revisions\/7436"}],"wp:featuredmedia":[{"embeddable":true,"href":"https:\/\/minutocerord.com\/index.php?rest_route=\/wp\/v2\/media\/7435"}],"wp:attachment":[{"href":"https:\/\/minutocerord.com\/index.php?rest_route=%2Fwp%2Fv2%2Fmedia&parent=7434"}],"wp:term":[{"taxonomy":"category","embeddable":true,"href":"https:\/\/minutocerord.com\/index.php?rest_route=%2Fwp%2Fv2%2Fcategories&post=7434"},{"taxonomy":"post_tag","embeddable":true,"href":"https:\/\/minutocerord.com\/index.php?rest_route=%2Fwp%2Fv2%2Ftags&post=7434"}],"curies":[{"name":"wp","href":"https:\/\/api.w.org\/{rel}","templated":true}]}}