{"id":7437,"date":"2022-01-15T13:21:47","date_gmt":"2022-01-15T17:21:47","guid":{"rendered":"https:\/\/minutocerord.com\/?p=7437"},"modified":"2022-01-15T13:21:51","modified_gmt":"2022-01-15T17:21:51","slug":"no-se-conoceria-hoy-imputacion-contra-alexis-villalona","status":"publish","type":"post","link":"https:\/\/minutocerord.com\/?p=7437","title":{"rendered":"No se conocer\u00eda hoy imputaci\u00f3n contra Alexis Villalona"},"content":{"rendered":"\n<p><strong>Supuestamente el acusado ha cambiado de abogado y aun no se presenta acusaci\u00f3n en su contra<\/strong><\/p>\n\n\n\n<p><strong>Santo Domingo.- <\/strong>A casi 24 horas\u00a0del apresamiento\u00a0de\u00a0Alexis Villalona, las autoridades del\u00a0Ministerio P\u00fablico\u00a0a\u00fan no han depositados solicitud de medida de coerci\u00f3n en contra del agresor.<\/p>\n\n\n\n<p>Por lo que\u00a0Jorge De los Santos, a quien hasta el momento se hab\u00eda identificado como abogado de\u00a0Villalona, entiende que el\u00a0Ministerio P\u00fablico\u00a0no cumple con el tiempo para realizar material y depositar la instancia.<\/p>\n\n\n\n<p>El\u00a0procurador fiscal\u00a0de\u00a0Peravia, \u00c1ngel Dar\u00edo Tejeda, inform\u00f3 ayer viernes que el\u00a0Ministerio P\u00fablico\u00a0podr\u00eda presentar cargos en contra de familiares y allegados que trataron de ocultar a\u00a0Alexis Villalona.<\/p>\n\n\n\n<p>Indic\u00f3 que durante la investigaci\u00f3n por el caso identificaron a varias personas que intentaron ayudar al detenido a mantenerse escondido, quienes ser\u00edan sometidos por ocultamiento y complicidad del acusado de agredir a&nbsp;Santa Arias&nbsp;tras un accidente de tr\u00e1nsito en Ban\u00ed.<\/p>\n\n\n\n<p><strong>\u00bfCambio de abogado?<\/strong><\/p>\n\n\n\n<p>El abogado que hasta este momento era conocido para llevar el caso de\u00a0Alexis Villalona,\u00a0Jorge de los Santos, no pudo ver al detenido porque supuestamente el agresor manifest\u00f3 que el jurista no llevar\u00eda su caso.<\/p>\n\n\n\n<p>Corintio Torres, fiscal de turno del\u00a0Ministerio P\u00fablico\u00a0en la Direcci\u00f3n Regional Sur Central de la Polic\u00eda Nacional indic\u00f3 que\u00a0Villalona\u00a0le precis\u00f3 &#8220;no dejar pasar a Jorge&#8221; ya que el abogado no llevar\u00e1 su caso.<\/p>\n\n\n\n<p>Torres manifest\u00f3 que el detenido le inform\u00f3 que los familiares estar\u00e1n a cargo de buscarle un abogado<\/p>\n\n\n\n<p><strong>El&nbsp;apresamiento<\/strong><\/p>\n\n\n\n<p>La\u00a0Polic\u00eda Nacional\u00a0indic\u00f3 que la captura de\u00a0Alexis Villalona\u00a0se produjo alrededor de las 12:30 del mediod\u00eda, cuando miembros policiales de las Direcciones Centrales de Prevenci\u00f3n, Investigaci\u00f3n (Dicrim) y de Inteligencia (Dintel), rodearon una vivienda localizada en el sector El Fundo de Ban\u00ed, luego de una labor policial que dio con su detenci\u00f3n.<\/p>\n\n\n\n<p>Cuando el detenido se percat\u00f3 de la presencia de los agentes policiales, intent\u00f3 emprender la huida por la parte trasera de la vivienda, &#8220;pero no pudo lograr su objetivo por la r\u00e1pida y oportuna intervenci\u00f3n de los polic\u00edas que en ning\u00fan momento lo perdieron de vista&#8221;.<\/p>\n\n\n\n<p><strong>La agresi\u00f3n<\/strong><\/p>\n\n\n\n<p>A\u00a0Villalona\u00a0se le acusa de haber agredido f\u00edsicamente a una mujer, Santa Arias, tras un accidente de tr\u00e1nsito ocurrido la madrugada del pasado 1 de enero. La c\u00e1mara de un local ubicado en la esquina donde sucedi\u00f3 el hecho en Ban\u00ed,\u00a0Peravia, muestra el choque frontal entre la pasola y la yipeta que iba a doblar.<\/p>\n\n\n\n<p>Villalona\u00a0se baj\u00f3 de forma calmada y ambos intercambian palabras, pero a seguidas, le propin\u00f3 dos patadas a la pasola y un empuj\u00f3n a Arias que la mand\u00f3 al pavimento.<\/p>\n\n\n\n<p>La acompa\u00f1ante de\u00a0Villalona\u00a0intenta mediar en el conflicto.<\/p>\n\n\n\n<p>Arias le reclama, pero el hombre le responde con m\u00e1s patadas a la pasola y tres empujones m\u00e1s.<\/p>\n\n\n\n<p>Agresi\u00f3n hacia mujer en Ban\u00ed conmociona a los dominicanos<\/p>\n\n\n\n<p>Cuando \u00e9l se iba, la mujer intenta reclamarle de nuevo, pero el hombre la lanza de nuevo al suelo.<\/p>\n\n\n\n<p>La pareja de Arias intenta ayudarla, pero\u00a0Villalona\u00a0tambi\u00e9n la empuj\u00f3 a ella.<\/p>\n\n\n\n<p>Y en los \u00faltimos segundos y cuando ya hab\u00eda dos veh\u00edculos observando, el hombre sac\u00f3 una pistola y le propin\u00f3 un pu\u00f1etazo que la mand\u00f3 al suelo por \u00faltima vez.<\/p>\n\n\n\n<p>El hecho ocurrido la semana pasada provoc\u00f3 la indignaci\u00f3n en todos los que vieron el video, mientras que la Polic\u00eda todav\u00eda no da con el paradero de\u00a0Villalona, pese a los allanamientos realizados en la vivienda de \u00e9l y de su familia.<\/p>\n\n\n\n<p>La mujer est\u00e1 bajo protecci\u00f3n de las autoridades, y seg\u00fan el\u00a0Ministerio P\u00fablico\u00a0de Ban\u00ed, el azotador podr\u00eda pasar hasta cinco a\u00f1os de prisi\u00f3n.<\/p>\n","protected":false},"excerpt":{"rendered":"<p>Supuestamente el acusado ha cambiado de abogado y aun no se presenta acusaci\u00f3n en su contra Santo Domingo.- A casi 24 horas\u00a0del apresamiento\u00a0de\u00a0Alexis Villalona, las autoridades del\u00a0Ministerio P\u00fablico\u00a0a\u00fan no han depositados solicitud de medida de coerci\u00f3n en contra del agresor. Por lo que\u00a0Jorge De los Santos, a quien hasta el momento se hab\u00eda identificado como [&hellip;]<\/p>\n","protected":false},"author":1,"featured_media":7438,"comment_status":"open","ping_status":"open","sticky":false,"template":"","format":"standard","meta":{"nf_dc_page":"","jetpack_post_was_ever_published":false,"_jetpack_newsletter_access":"","_jetpack_dont_email_post_to_subs":false,"_jetpack_newsletter_tier_id":0,"_jetpack_memberships_contains_paywalled_content":false,"_jetpack_memberships_contains_paid_content":false,"footnotes":"","jetpack_publicize_message":"","jetpack_publicize_feature_enabled":true,"jetpack_social_post_already_shared":false,"jetpack_social_options":{"image_generator_settings":{"template":"highway","default_image_id":0,"font":"","enabled":false},"version":2}},"categories":[93],"tags":[],"class_list":["post-7437","post","type-post","status-publish","format-standard","has-post-thumbnail","hentry","category-justicia"],"yoast_head":"<!-- This site is optimized with the Yoast SEO plugin v27.4 - https:\/\/yoast.com\/product\/yoast-seo-wordpress\/ -->\n<title>No se conocer\u00eda hoy imputaci\u00f3n contra Alexis Villalona - Minuto Cero RD<\/title>\n<meta name=\"robots\" content=\"index, follow, max-snippet:-1, max-image-preview:large, max-video-preview:-1\" \/>\n<link rel=\"canonical\" href=\"http:\/\/minutocerord.com\/?p=7437\" \/>\n<meta property=\"og:locale\" content=\"es_ES\" \/>\n<meta property=\"og:type\" content=\"article\" \/>\n<meta property=\"og:title\" content=\"No se conocer\u00eda hoy imputaci\u00f3n contra Alexis Villalona - Minuto Cero RD\" \/>\n<meta property=\"og:description\" content=\"Supuestamente el acusado ha cambiado de abogado y aun no se presenta acusaci\u00f3n en su contra Santo Domingo.- A casi 24 horas\u00a0del apresamiento\u00a0de\u00a0Alexis Villalona, las autoridades del\u00a0Ministerio P\u00fablico\u00a0a\u00fan no han depositados solicitud de medida de coerci\u00f3n en contra del agresor. Por lo que\u00a0Jorge De los Santos, a quien hasta el momento se hab\u00eda identificado como [&hellip;]\" \/>\n<meta property=\"og:url\" content=\"http:\/\/minutocerord.com\/?p=7437\" \/>\n<meta property=\"og:site_name\" content=\"Minuto Cero RD\" \/>\n<meta property=\"article:publisher\" content=\"https:\/\/www.facebook.com\/Genofnotes\" \/>\n<meta property=\"article:author\" content=\"https:\/\/www.facebook.com\/Genofnotes\" \/>\n<meta property=\"article:published_time\" content=\"2022-01-15T17:21:47+00:00\" \/>\n<meta property=\"article:modified_time\" content=\"2022-01-15T17:21:51+00:00\" \/>\n<meta property=\"og:image\" content=\"https:\/\/i0.wp.com\/minutocerord.com\/wp-content\/uploads\/2022\/01\/whatsapp-image-2022-01-14-at-52029-pm-353d89df-focus-0-0-895-573.jpg?fit=895%2C573\" \/>\n\t<meta property=\"og:image:width\" content=\"895\" \/>\n\t<meta property=\"og:image:height\" content=\"573\" \/>\n\t<meta property=\"og:image:type\" content=\"image\/jpeg\" \/>\n<meta name=\"author\" content=\"Genof\u00f3ntes Urb\u00e1ez\" \/>\n<meta name=\"twitter:card\" content=\"summary_large_image\" \/>\n<meta name=\"twitter:label1\" content=\"Written by\" \/>\n\t<meta name=\"twitter:data1\" content=\"Genof\u00f3ntes Urb\u00e1ez\" \/>\n\t<meta name=\"twitter:label2\" content=\"Est. reading time\" \/>\n\t<meta name=\"twitter:data2\" content=\"3 minutos\" \/>\n<script type=\"application\/ld+json\" class=\"yoast-schema-graph\">{\"@context\":\"https:\\\/\\\/schema.org\",\"@graph\":[{\"@type\":\"Article\",\"@id\":\"http:\\\/\\\/minutocerord.com\\\/?p=7437#article\",\"isPartOf\":{\"@id\":\"http:\\\/\\\/minutocerord.com\\\/?p=7437\"},\"author\":{\"name\":\"Genof\u00f3ntes Urb\u00e1ez\",\"@id\":\"https:\\\/\\\/minutocerord.com\\\/#\\\/schema\\\/person\\\/60b5372d60aaa0a5171fb6488be9aee6\"},\"headline\":\"No se conocer\u00eda hoy imputaci\u00f3n contra Alexis Villalona\",\"datePublished\":\"2022-01-15T17:21:47+00:00\",\"dateModified\":\"2022-01-15T17:21:51+00:00\",\"mainEntityOfPage\":{\"@id\":\"http:\\\/\\\/minutocerord.com\\\/?p=7437\"},\"wordCount\":659,\"commentCount\":0,\"publisher\":{\"@id\":\"https:\\\/\\\/minutocerord.com\\\/#\\\/schema\\\/person\\\/60b5372d60aaa0a5171fb6488be9aee6\"},\"image\":{\"@id\":\"http:\\\/\\\/minutocerord.com\\\/?p=7437#primaryimage\"},\"thumbnailUrl\":\"https:\\\/\\\/i0.wp.com\\\/minutocerord.com\\\/wp-content\\\/uploads\\\/2022\\\/01\\\/whatsapp-image-2022-01-14-at-52029-pm-353d89df-focus-0-0-895-573.jpg?fit=895%2C573&ssl=1\",\"articleSection\":[\"Justicia\"],\"inLanguage\":\"es-DO\",\"potentialAction\":[{\"@type\":\"CommentAction\",\"name\":\"Comment\",\"target\":[\"http:\\\/\\\/minutocerord.com\\\/?p=7437#respond\"]}]},{\"@type\":\"WebPage\",\"@id\":\"http:\\\/\\\/minutocerord.com\\\/?p=7437\",\"url\":\"http:\\\/\\\/minutocerord.com\\\/?p=7437\",\"name\":\"No se conocer\u00eda hoy imputaci\u00f3n contra Alexis Villalona - Minuto Cero RD\",\"isPartOf\":{\"@id\":\"https:\\\/\\\/minutocerord.com\\\/#website\"},\"primaryImageOfPage\":{\"@id\":\"http:\\\/\\\/minutocerord.com\\\/?p=7437#primaryimage\"},\"image\":{\"@id\":\"http:\\\/\\\/minutocerord.com\\\/?p=7437#primaryimage\"},\"thumbnailUrl\":\"https:\\\/\\\/i0.wp.com\\\/minutocerord.com\\\/wp-content\\\/uploads\\\/2022\\\/01\\\/whatsapp-image-2022-01-14-at-52029-pm-353d89df-focus-0-0-895-573.jpg?fit=895%2C573&ssl=1\",\"datePublished\":\"2022-01-15T17:21:47+00:00\",\"dateModified\":\"2022-01-15T17:21:51+00:00\",\"breadcrumb\":{\"@id\":\"http:\\\/\\\/minutocerord.com\\\/?p=7437#breadcrumb\"},\"inLanguage\":\"es-DO\",\"potentialAction\":[{\"@type\":\"ReadAction\",\"target\":[\"http:\\\/\\\/minutocerord.com\\\/?p=7437\"]}]},{\"@type\":\"ImageObject\",\"inLanguage\":\"es-DO\",\"@id\":\"http:\\\/\\\/minutocerord.com\\\/?p=7437#primaryimage\",\"url\":\"https:\\\/\\\/i0.wp.com\\\/minutocerord.com\\\/wp-content\\\/uploads\\\/2022\\\/01\\\/whatsapp-image-2022-01-14-at-52029-pm-353d89df-focus-0-0-895-573.jpg?fit=895%2C573&ssl=1\",\"contentUrl\":\"https:\\\/\\\/i0.wp.com\\\/minutocerord.com\\\/wp-content\\\/uploads\\\/2022\\\/01\\\/whatsapp-image-2022-01-14-at-52029-pm-353d89df-focus-0-0-895-573.jpg?fit=895%2C573&ssl=1\",\"width\":895,\"height\":573},{\"@type\":\"BreadcrumbList\",\"@id\":\"http:\\\/\\\/minutocerord.com\\\/?p=7437#breadcrumb\",\"itemListElement\":[{\"@type\":\"ListItem\",\"position\":1,\"name\":\"Home\",\"item\":\"https:\\\/\\\/minutocerord.com\\\/\"},{\"@type\":\"ListItem\",\"position\":2,\"name\":\"No se conocer\u00eda hoy imputaci\u00f3n contra Alexis Villalona\"}]},{\"@type\":\"WebSite\",\"@id\":\"https:\\\/\\\/minutocerord.com\\\/#website\",\"url\":\"https:\\\/\\\/minutocerord.com\\\/\",\"name\":\"Minuto Cero RD\",\"description\":\"Periodismo serio y veraz\",\"publisher\":{\"@id\":\"https:\\\/\\\/minutocerord.com\\\/#\\\/schema\\\/person\\\/60b5372d60aaa0a5171fb6488be9aee6\"},\"potentialAction\":[{\"@type\":\"SearchAction\",\"target\":{\"@type\":\"EntryPoint\",\"urlTemplate\":\"https:\\\/\\\/minutocerord.com\\\/?s={search_term_string}\"},\"query-input\":{\"@type\":\"PropertyValueSpecification\",\"valueRequired\":true,\"valueName\":\"search_term_string\"}}],\"inLanguage\":\"es-DO\"},{\"@type\":[\"Person\",\"Organization\"],\"@id\":\"https:\\\/\\\/minutocerord.com\\\/#\\\/schema\\\/person\\\/60b5372d60aaa0a5171fb6488be9aee6\",\"name\":\"Genof\u00f3ntes Urb\u00e1ez\",\"image\":{\"@type\":\"ImageObject\",\"inLanguage\":\"es-DO\",\"@id\":\"https:\\\/\\\/secure.gravatar.com\\\/avatar\\\/a49ef3186a692098ac3e8a1612261e3ad70cf9e44553dff2929e67939a0ecb9d?s=96&d=identicon&r=g\",\"url\":\"https:\\\/\\\/secure.gravatar.com\\\/avatar\\\/a49ef3186a692098ac3e8a1612261e3ad70cf9e44553dff2929e67939a0ecb9d?s=96&d=identicon&r=g\",\"contentUrl\":\"https:\\\/\\\/secure.gravatar.com\\\/avatar\\\/a49ef3186a692098ac3e8a1612261e3ad70cf9e44553dff2929e67939a0ecb9d?s=96&d=identicon&r=g\",\"caption\":\"Genof\u00f3ntes Urb\u00e1ez\"},\"logo\":{\"@id\":\"https:\\\/\\\/secure.gravatar.com\\\/avatar\\\/a49ef3186a692098ac3e8a1612261e3ad70cf9e44553dff2929e67939a0ecb9d?s=96&d=identicon&r=g\"},\"description\":\"Periodista \\\/ Locutor\",\"sameAs\":[\"https:\\\/\\\/www.facebook.com\\\/Genofnotes\",\"https:\\\/\\\/www.instagram.com\\\/genofnotes\\\/\"]}]}<\/script>\n<!-- \/ Yoast SEO plugin. -->","yoast_head_json":{"title":"No se conocer\u00eda hoy imputaci\u00f3n contra Alexis Villalona - Minuto Cero RD","robots":{"index":"index","follow":"follow","max-snippet":"max-snippet:-1","max-image-preview":"max-image-preview:large","max-video-preview":"max-video-preview:-1"},"canonical":"http:\/\/minutocerord.com\/?p=7437","og_locale":"es_ES","og_type":"article","og_title":"No se conocer\u00eda hoy imputaci\u00f3n contra Alexis Villalona - Minuto Cero RD","og_description":"Supuestamente el acusado ha cambiado de abogado y aun no se presenta acusaci\u00f3n en su contra Santo Domingo.- A casi 24 horas\u00a0del apresamiento\u00a0de\u00a0Alexis Villalona, las autoridades del\u00a0Ministerio P\u00fablico\u00a0a\u00fan no han depositados solicitud de medida de coerci\u00f3n en contra del agresor. Por lo que\u00a0Jorge De los Santos, a quien hasta el momento se hab\u00eda identificado como [&hellip;]","og_url":"http:\/\/minutocerord.com\/?p=7437","og_site_name":"Minuto Cero RD","article_publisher":"https:\/\/www.facebook.com\/Genofnotes","article_author":"https:\/\/www.facebook.com\/Genofnotes","article_published_time":"2022-01-15T17:21:47+00:00","article_modified_time":"2022-01-15T17:21:51+00:00","og_image":[{"width":895,"height":573,"url":"https:\/\/i0.wp.com\/minutocerord.com\/wp-content\/uploads\/2022\/01\/whatsapp-image-2022-01-14-at-52029-pm-353d89df-focus-0-0-895-573.jpg?fit=895%2C573","type":"image\/jpeg"}],"author":"Genof\u00f3ntes Urb\u00e1ez","twitter_card":"summary_large_image","twitter_misc":{"Written by":"Genof\u00f3ntes Urb\u00e1ez","Est. reading time":"3 minutos"},"schema":{"@context":"https:\/\/schema.org","@graph":[{"@type":"Article","@id":"http:\/\/minutocerord.com\/?p=7437#article","isPartOf":{"@id":"http:\/\/minutocerord.com\/?p=7437"},"author":{"name":"Genof\u00f3ntes Urb\u00e1ez","@id":"https:\/\/minutocerord.com\/#\/schema\/person\/60b5372d60aaa0a5171fb6488be9aee6"},"headline":"No se conocer\u00eda hoy imputaci\u00f3n contra Alexis Villalona","datePublished":"2022-01-15T17:21:47+00:00","dateModified":"2022-01-15T17:21:51+00:00","mainEntityOfPage":{"@id":"http:\/\/minutocerord.com\/?p=7437"},"wordCount":659,"commentCount":0,"publisher":{"@id":"https:\/\/minutocerord.com\/#\/schema\/person\/60b5372d60aaa0a5171fb6488be9aee6"},"image":{"@id":"http:\/\/minutocerord.com\/?p=7437#primaryimage"},"thumbnailUrl":"https:\/\/i0.wp.com\/minutocerord.com\/wp-content\/uploads\/2022\/01\/whatsapp-image-2022-01-14-at-52029-pm-353d89df-focus-0-0-895-573.jpg?fit=895%2C573&ssl=1","articleSection":["Justicia"],"inLanguage":"es-DO","potentialAction":[{"@type":"CommentAction","name":"Comment","target":["http:\/\/minutocerord.com\/?p=7437#respond"]}]},{"@type":"WebPage","@id":"http:\/\/minutocerord.com\/?p=7437","url":"http:\/\/minutocerord.com\/?p=7437","name":"No se conocer\u00eda hoy imputaci\u00f3n contra Alexis Villalona - Minuto Cero RD","isPartOf":{"@id":"https:\/\/minutocerord.com\/#website"},"primaryImageOfPage":{"@id":"http:\/\/minutocerord.com\/?p=7437#primaryimage"},"image":{"@id":"http:\/\/minutocerord.com\/?p=7437#primaryimage"},"thumbnailUrl":"https:\/\/i0.wp.com\/minutocerord.com\/wp-content\/uploads\/2022\/01\/whatsapp-image-2022-01-14-at-52029-pm-353d89df-focus-0-0-895-573.jpg?fit=895%2C573&ssl=1","datePublished":"2022-01-15T17:21:47+00:00","dateModified":"2022-01-15T17:21:51+00:00","breadcrumb":{"@id":"http:\/\/minutocerord.com\/?p=7437#breadcrumb"},"inLanguage":"es-DO","potentialAction":[{"@type":"ReadAction","target":["http:\/\/minutocerord.com\/?p=7437"]}]},{"@type":"ImageObject","inLanguage":"es-DO","@id":"http:\/\/minutocerord.com\/?p=7437#primaryimage","url":"https:\/\/i0.wp.com\/minutocerord.com\/wp-content\/uploads\/2022\/01\/whatsapp-image-2022-01-14-at-52029-pm-353d89df-focus-0-0-895-573.jpg?fit=895%2C573&ssl=1","contentUrl":"https:\/\/i0.wp.com\/minutocerord.com\/wp-content\/uploads\/2022\/01\/whatsapp-image-2022-01-14-at-52029-pm-353d89df-focus-0-0-895-573.jpg?fit=895%2C573&ssl=1","width":895,"height":573},{"@type":"BreadcrumbList","@id":"http:\/\/minutocerord.com\/?p=7437#breadcrumb","itemListElement":[{"@type":"ListItem","position":1,"name":"Home","item":"https:\/\/minutocerord.com\/"},{"@type":"ListItem","position":2,"name":"No se conocer\u00eda hoy imputaci\u00f3n contra Alexis Villalona"}]},{"@type":"WebSite","@id":"https:\/\/minutocerord.com\/#website","url":"https:\/\/minutocerord.com\/","name":"Minuto Cero RD","description":"Periodismo serio y veraz","publisher":{"@id":"https:\/\/minutocerord.com\/#\/schema\/person\/60b5372d60aaa0a5171fb6488be9aee6"},"potentialAction":[{"@type":"SearchAction","target":{"@type":"EntryPoint","urlTemplate":"https:\/\/minutocerord.com\/?s={search_term_string}"},"query-input":{"@type":"PropertyValueSpecification","valueRequired":true,"valueName":"search_term_string"}}],"inLanguage":"es-DO"},{"@type":["Person","Organization"],"@id":"https:\/\/minutocerord.com\/#\/schema\/person\/60b5372d60aaa0a5171fb6488be9aee6","name":"Genof\u00f3ntes Urb\u00e1ez","image":{"@type":"ImageObject","inLanguage":"es-DO","@id":"https:\/\/secure.gravatar.com\/avatar\/a49ef3186a692098ac3e8a1612261e3ad70cf9e44553dff2929e67939a0ecb9d?s=96&d=identicon&r=g","url":"https:\/\/secure.gravatar.com\/avatar\/a49ef3186a692098ac3e8a1612261e3ad70cf9e44553dff2929e67939a0ecb9d?s=96&d=identicon&r=g","contentUrl":"https:\/\/secure.gravatar.com\/avatar\/a49ef3186a692098ac3e8a1612261e3ad70cf9e44553dff2929e67939a0ecb9d?s=96&d=identicon&r=g","caption":"Genof\u00f3ntes Urb\u00e1ez"},"logo":{"@id":"https:\/\/secure.gravatar.com\/avatar\/a49ef3186a692098ac3e8a1612261e3ad70cf9e44553dff2929e67939a0ecb9d?s=96&d=identicon&r=g"},"description":"Periodista \/ Locutor","sameAs":["https:\/\/www.facebook.com\/Genofnotes","https:\/\/www.instagram.com\/genofnotes\/"]}]}},"jetpack_publicize_connections":[],"jetpack_featured_media_url":"https:\/\/i0.wp.com\/minutocerord.com\/wp-content\/uploads\/2022\/01\/whatsapp-image-2022-01-14-at-52029-pm-353d89df-focus-0-0-895-573.jpg?fit=895%2C573&ssl=1","jetpack-related-posts":[],"jetpack_sharing_enabled":true,"_links":{"self":[{"href":"https:\/\/minutocerord.com\/index.php?rest_route=\/wp\/v2\/posts\/7437","targetHints":{"allow":["GET"]}}],"collection":[{"href":"https:\/\/minutocerord.com\/index.php?rest_route=\/wp\/v2\/posts"}],"about":[{"href":"https:\/\/minutocerord.com\/index.php?rest_route=\/wp\/v2\/types\/post"}],"author":[{"embeddable":true,"href":"https:\/\/minutocerord.com\/index.php?rest_route=\/wp\/v2\/users\/1"}],"replies":[{"embeddable":true,"href":"https:\/\/minutocerord.com\/index.php?rest_route=%2Fwp%2Fv2%2Fcomments&post=7437"}],"version-history":[{"count":1,"href":"https:\/\/minutocerord.com\/index.php?rest_route=\/wp\/v2\/posts\/7437\/revisions"}],"predecessor-version":[{"id":7439,"href":"https:\/\/minutocerord.com\/index.php?rest_route=\/wp\/v2\/posts\/7437\/revisions\/7439"}],"wp:featuredmedia":[{"embeddable":true,"href":"https:\/\/minutocerord.com\/index.php?rest_route=\/wp\/v2\/media\/7438"}],"wp:attachment":[{"href":"https:\/\/minutocerord.com\/index.php?rest_route=%2Fwp%2Fv2%2Fmedia&parent=7437"}],"wp:term":[{"taxonomy":"category","embeddable":true,"href":"https:\/\/minutocerord.com\/index.php?rest_route=%2Fwp%2Fv2%2Fcategories&post=7437"},{"taxonomy":"post_tag","embeddable":true,"href":"https:\/\/minutocerord.com\/index.php?rest_route=%2Fwp%2Fv2%2Ftags&post=7437"}],"curies":[{"name":"wp","href":"https:\/\/api.w.org\/{rel}","templated":true}]}}