{"id":7440,"date":"2022-01-15T13:38:47","date_gmt":"2022-01-15T17:38:47","guid":{"rendered":"https:\/\/minutocerord.com\/?p=7440"},"modified":"2022-01-15T13:41:19","modified_gmt":"2022-01-15T17:41:19","slug":"publican-segunda-edicion-del-libro-sobre-crimen-de-lucrecia-perez-en-espana","status":"publish","type":"post","link":"https:\/\/minutocerord.com\/?p=7440","title":{"rendered":"Publican segunda edici\u00f3n del libro sobre crimen de Lucrecia P\u00e9rez en Espa\u00f1a"},"content":{"rendered":"\n<p><strong>Santo Domingo.&nbsp;<\/strong>La escritora Bernarda Jim\u00e9nez, puso en circulaci\u00f3n la segunda edici\u00f3n de su libro \u201cLucrecia\u201d, obra que relata el asesinato de la dominicana Lucrecia P\u00e9rez en Espa\u00f1a y los maltratos que la misma recibi\u00f3 como inmigrante en esa naci\u00f3n europea.<\/p>\n\n\n\n<p>El libro, que cuenta con unas 240 p\u00e1ginas, aborda adem\u00e1s c\u00f3mo se origina el flujo migratorio desde la Rep\u00fablica Dominicana hacia Espa\u00f1a, las mafias de tr\u00e1fico de personas a ese pa\u00eds y los aporte de Lucrecia a tanto a la sociedad dominicana como a la espa\u00f1ola.<\/p>\n\n\n\n<p>\u201cCon este libro buscamos presentar a la sociedad dominicana una herramienta para el desarrollo de la cultura de paz a trav\u00e9s de la vigencia y memoria hist\u00f3rica de los inmigrantes dominicanos y los conflictos vividos por estos en playas extranjeras\u201d revel\u00f3 Bernarda Jim\u00e9nez al presentar la segunda edici\u00f3n de su libro.<\/p>\n\n\n\n<p>La segunda parte de esta obra cont\u00f3 con el apoyo del Defensor del Pueblo, Pablo Ulloa, con el inter\u00e9s de usar este libro como una evidencia de los hechos que debemos superar y que no puede volver a repetirse.<\/p>\n\n\n\n<p>\u201cDesde el Defensor del Pueblo buscando contribuir con el desarrollo sostenible de la cultura de paz como un activo regulador de conflictos y un elemento esencial para construir una sociedad pac\u00edfica y libre de violencia\u201d, se\u00f1al\u00f3 Pablo Ulloa.<\/p>\n\n\n\n<p>La puesta en circulaci\u00f3n de este libro se realiz\u00f3 en el Centro Cultura de Espa\u00f1a en la Zona Colonial y en el mismo participaron Franklin Garc\u00eda Ferm\u00edn, ministro de Educaci\u00f3n Superior, Ciencia y Tecnolog\u00eda y Francisco L\u00f3pez Lorenza, ministro Consejero Cultura de la Embajada de Espa\u00f1a, como tambi\u00e9n distinguidas figuras del \u00e1mbito de la cultura y la comunicaci\u00f3n as\u00ed como el arte y la pol\u00edtica.<\/p>\n","protected":false},"excerpt":{"rendered":"<p>Santo Domingo.&nbsp;La escritora Bernarda Jim\u00e9nez, puso en circulaci\u00f3n la segunda edici\u00f3n de su libro \u201cLucrecia\u201d, obra que relata el asesinato de la dominicana Lucrecia P\u00e9rez en Espa\u00f1a y los maltratos que la misma recibi\u00f3 como inmigrante en esa naci\u00f3n europea. El libro, que cuenta con unas 240 p\u00e1ginas, aborda adem\u00e1s c\u00f3mo se origina el flujo [&hellip;]<\/p>\n","protected":false},"author":1,"featured_media":7441,"comment_status":"open","ping_status":"open","sticky":false,"template":"","format":"standard","meta":{"nf_dc_page":"","jetpack_post_was_ever_published":false,"_jetpack_newsletter_access":"","_jetpack_dont_email_post_to_subs":false,"_jetpack_newsletter_tier_id":0,"_jetpack_memberships_contains_paywalled_content":false,"_jetpack_memberships_contains_paid_content":false,"footnotes":"","jetpack_publicize_message":"","jetpack_publicize_feature_enabled":true,"jetpack_social_post_already_shared":false,"jetpack_social_options":{"image_generator_settings":{"template":"highway","default_image_id":0,"font":"","enabled":false},"version":2}},"categories":[71],"tags":[],"class_list":["post-7440","post","type-post","status-publish","format-standard","has-post-thumbnail","hentry","category-cultura"],"yoast_head":"<!-- This site is optimized with the Yoast SEO plugin v27.4 - https:\/\/yoast.com\/product\/yoast-seo-wordpress\/ -->\n<title>Publican segunda edici\u00f3n del libro sobre crimen de Lucrecia P\u00e9rez en Espa\u00f1a - Minuto Cero RD<\/title>\n<meta name=\"robots\" content=\"index, follow, max-snippet:-1, max-image-preview:large, max-video-preview:-1\" \/>\n<link rel=\"canonical\" href=\"http:\/\/minutocerord.com\/?p=7440\" \/>\n<meta property=\"og:locale\" content=\"es_ES\" \/>\n<meta property=\"og:type\" content=\"article\" \/>\n<meta property=\"og:title\" content=\"Publican segunda edici\u00f3n del libro sobre crimen de Lucrecia P\u00e9rez en Espa\u00f1a - Minuto Cero RD\" \/>\n<meta property=\"og:description\" content=\"Santo Domingo.&nbsp;La escritora Bernarda Jim\u00e9nez, puso en circulaci\u00f3n la segunda edici\u00f3n de su libro \u201cLucrecia\u201d, obra que relata el asesinato de la dominicana Lucrecia P\u00e9rez en Espa\u00f1a y los maltratos que la misma recibi\u00f3 como inmigrante en esa naci\u00f3n europea. El libro, que cuenta con unas 240 p\u00e1ginas, aborda adem\u00e1s c\u00f3mo se origina el flujo [&hellip;]\" \/>\n<meta property=\"og:url\" content=\"http:\/\/minutocerord.com\/?p=7440\" \/>\n<meta property=\"og:site_name\" content=\"Minuto Cero RD\" \/>\n<meta property=\"article:publisher\" content=\"https:\/\/www.facebook.com\/Genofnotes\" \/>\n<meta property=\"article:author\" content=\"https:\/\/www.facebook.com\/Genofnotes\" \/>\n<meta property=\"article:published_time\" content=\"2022-01-15T17:38:47+00:00\" \/>\n<meta property=\"article:modified_time\" content=\"2022-01-15T17:41:19+00:00\" \/>\n<meta property=\"og:image\" content=\"https:\/\/i0.wp.com\/minutocerord.com\/wp-content\/uploads\/2022\/01\/WhatsApp-Image-2022-01-15-at-12.47.54-PM-770x540-1.jpeg?fit=770%2C540\" \/>\n\t<meta property=\"og:image:width\" content=\"770\" \/>\n\t<meta property=\"og:image:height\" content=\"540\" \/>\n\t<meta property=\"og:image:type\" content=\"image\/jpeg\" \/>\n<meta name=\"author\" content=\"Genof\u00f3ntes Urb\u00e1ez\" \/>\n<meta name=\"twitter:card\" content=\"summary_large_image\" \/>\n<meta name=\"twitter:label1\" content=\"Written by\" \/>\n\t<meta name=\"twitter:data1\" content=\"Genof\u00f3ntes Urb\u00e1ez\" \/>\n\t<meta name=\"twitter:label2\" content=\"Est. reading time\" \/>\n\t<meta name=\"twitter:data2\" content=\"2 minutos\" \/>\n<script type=\"application\/ld+json\" class=\"yoast-schema-graph\">{\"@context\":\"https:\\\/\\\/schema.org\",\"@graph\":[{\"@type\":\"Article\",\"@id\":\"http:\\\/\\\/minutocerord.com\\\/?p=7440#article\",\"isPartOf\":{\"@id\":\"http:\\\/\\\/minutocerord.com\\\/?p=7440\"},\"author\":{\"name\":\"Genof\u00f3ntes Urb\u00e1ez\",\"@id\":\"https:\\\/\\\/minutocerord.com\\\/#\\\/schema\\\/person\\\/60b5372d60aaa0a5171fb6488be9aee6\"},\"headline\":\"Publican segunda edici\u00f3n del libro sobre crimen de Lucrecia P\u00e9rez en Espa\u00f1a\",\"datePublished\":\"2022-01-15T17:38:47+00:00\",\"dateModified\":\"2022-01-15T17:41:19+00:00\",\"mainEntityOfPage\":{\"@id\":\"http:\\\/\\\/minutocerord.com\\\/?p=7440\"},\"wordCount\":327,\"commentCount\":0,\"publisher\":{\"@id\":\"https:\\\/\\\/minutocerord.com\\\/#\\\/schema\\\/person\\\/60b5372d60aaa0a5171fb6488be9aee6\"},\"image\":{\"@id\":\"http:\\\/\\\/minutocerord.com\\\/?p=7440#primaryimage\"},\"thumbnailUrl\":\"https:\\\/\\\/i0.wp.com\\\/minutocerord.com\\\/wp-content\\\/uploads\\\/2022\\\/01\\\/WhatsApp-Image-2022-01-15-at-12.47.54-PM-770x540-1.jpeg?fit=770%2C540&ssl=1\",\"articleSection\":[\"Cultura\"],\"inLanguage\":\"es-DO\",\"potentialAction\":[{\"@type\":\"CommentAction\",\"name\":\"Comment\",\"target\":[\"http:\\\/\\\/minutocerord.com\\\/?p=7440#respond\"]}]},{\"@type\":\"WebPage\",\"@id\":\"http:\\\/\\\/minutocerord.com\\\/?p=7440\",\"url\":\"http:\\\/\\\/minutocerord.com\\\/?p=7440\",\"name\":\"Publican segunda edici\u00f3n del libro sobre crimen de Lucrecia P\u00e9rez en Espa\u00f1a - Minuto Cero RD\",\"isPartOf\":{\"@id\":\"https:\\\/\\\/minutocerord.com\\\/#website\"},\"primaryImageOfPage\":{\"@id\":\"http:\\\/\\\/minutocerord.com\\\/?p=7440#primaryimage\"},\"image\":{\"@id\":\"http:\\\/\\\/minutocerord.com\\\/?p=7440#primaryimage\"},\"thumbnailUrl\":\"https:\\\/\\\/i0.wp.com\\\/minutocerord.com\\\/wp-content\\\/uploads\\\/2022\\\/01\\\/WhatsApp-Image-2022-01-15-at-12.47.54-PM-770x540-1.jpeg?fit=770%2C540&ssl=1\",\"datePublished\":\"2022-01-15T17:38:47+00:00\",\"dateModified\":\"2022-01-15T17:41:19+00:00\",\"breadcrumb\":{\"@id\":\"http:\\\/\\\/minutocerord.com\\\/?p=7440#breadcrumb\"},\"inLanguage\":\"es-DO\",\"potentialAction\":[{\"@type\":\"ReadAction\",\"target\":[\"http:\\\/\\\/minutocerord.com\\\/?p=7440\"]}]},{\"@type\":\"ImageObject\",\"inLanguage\":\"es-DO\",\"@id\":\"http:\\\/\\\/minutocerord.com\\\/?p=7440#primaryimage\",\"url\":\"https:\\\/\\\/i0.wp.com\\\/minutocerord.com\\\/wp-content\\\/uploads\\\/2022\\\/01\\\/WhatsApp-Image-2022-01-15-at-12.47.54-PM-770x540-1.jpeg?fit=770%2C540&ssl=1\",\"contentUrl\":\"https:\\\/\\\/i0.wp.com\\\/minutocerord.com\\\/wp-content\\\/uploads\\\/2022\\\/01\\\/WhatsApp-Image-2022-01-15-at-12.47.54-PM-770x540-1.jpeg?fit=770%2C540&ssl=1\",\"width\":770,\"height\":540},{\"@type\":\"BreadcrumbList\",\"@id\":\"http:\\\/\\\/minutocerord.com\\\/?p=7440#breadcrumb\",\"itemListElement\":[{\"@type\":\"ListItem\",\"position\":1,\"name\":\"Home\",\"item\":\"https:\\\/\\\/minutocerord.com\\\/\"},{\"@type\":\"ListItem\",\"position\":2,\"name\":\"Publican segunda edici\u00f3n del libro sobre crimen de Lucrecia P\u00e9rez en Espa\u00f1a\"}]},{\"@type\":\"WebSite\",\"@id\":\"https:\\\/\\\/minutocerord.com\\\/#website\",\"url\":\"https:\\\/\\\/minutocerord.com\\\/\",\"name\":\"Minuto Cero RD\",\"description\":\"Periodismo serio y veraz\",\"publisher\":{\"@id\":\"https:\\\/\\\/minutocerord.com\\\/#\\\/schema\\\/person\\\/60b5372d60aaa0a5171fb6488be9aee6\"},\"potentialAction\":[{\"@type\":\"SearchAction\",\"target\":{\"@type\":\"EntryPoint\",\"urlTemplate\":\"https:\\\/\\\/minutocerord.com\\\/?s={search_term_string}\"},\"query-input\":{\"@type\":\"PropertyValueSpecification\",\"valueRequired\":true,\"valueName\":\"search_term_string\"}}],\"inLanguage\":\"es-DO\"},{\"@type\":[\"Person\",\"Organization\"],\"@id\":\"https:\\\/\\\/minutocerord.com\\\/#\\\/schema\\\/person\\\/60b5372d60aaa0a5171fb6488be9aee6\",\"name\":\"Genof\u00f3ntes Urb\u00e1ez\",\"image\":{\"@type\":\"ImageObject\",\"inLanguage\":\"es-DO\",\"@id\":\"https:\\\/\\\/secure.gravatar.com\\\/avatar\\\/a49ef3186a692098ac3e8a1612261e3ad70cf9e44553dff2929e67939a0ecb9d?s=96&d=identicon&r=g\",\"url\":\"https:\\\/\\\/secure.gravatar.com\\\/avatar\\\/a49ef3186a692098ac3e8a1612261e3ad70cf9e44553dff2929e67939a0ecb9d?s=96&d=identicon&r=g\",\"contentUrl\":\"https:\\\/\\\/secure.gravatar.com\\\/avatar\\\/a49ef3186a692098ac3e8a1612261e3ad70cf9e44553dff2929e67939a0ecb9d?s=96&d=identicon&r=g\",\"caption\":\"Genof\u00f3ntes Urb\u00e1ez\"},\"logo\":{\"@id\":\"https:\\\/\\\/secure.gravatar.com\\\/avatar\\\/a49ef3186a692098ac3e8a1612261e3ad70cf9e44553dff2929e67939a0ecb9d?s=96&d=identicon&r=g\"},\"description\":\"Periodista \\\/ Locutor\",\"sameAs\":[\"https:\\\/\\\/www.facebook.com\\\/Genofnotes\",\"https:\\\/\\\/www.instagram.com\\\/genofnotes\\\/\"]}]}<\/script>\n<!-- \/ Yoast SEO plugin. -->","yoast_head_json":{"title":"Publican segunda edici\u00f3n del libro sobre crimen de Lucrecia P\u00e9rez en Espa\u00f1a - Minuto Cero RD","robots":{"index":"index","follow":"follow","max-snippet":"max-snippet:-1","max-image-preview":"max-image-preview:large","max-video-preview":"max-video-preview:-1"},"canonical":"http:\/\/minutocerord.com\/?p=7440","og_locale":"es_ES","og_type":"article","og_title":"Publican segunda edici\u00f3n del libro sobre crimen de Lucrecia P\u00e9rez en Espa\u00f1a - Minuto Cero RD","og_description":"Santo Domingo.&nbsp;La escritora Bernarda Jim\u00e9nez, puso en circulaci\u00f3n la segunda edici\u00f3n de su libro \u201cLucrecia\u201d, obra que relata el asesinato de la dominicana Lucrecia P\u00e9rez en Espa\u00f1a y los maltratos que la misma recibi\u00f3 como inmigrante en esa naci\u00f3n europea. El libro, que cuenta con unas 240 p\u00e1ginas, aborda adem\u00e1s c\u00f3mo se origina el flujo [&hellip;]","og_url":"http:\/\/minutocerord.com\/?p=7440","og_site_name":"Minuto Cero RD","article_publisher":"https:\/\/www.facebook.com\/Genofnotes","article_author":"https:\/\/www.facebook.com\/Genofnotes","article_published_time":"2022-01-15T17:38:47+00:00","article_modified_time":"2022-01-15T17:41:19+00:00","og_image":[{"width":770,"height":540,"url":"https:\/\/i0.wp.com\/minutocerord.com\/wp-content\/uploads\/2022\/01\/WhatsApp-Image-2022-01-15-at-12.47.54-PM-770x540-1.jpeg?fit=770%2C540","type":"image\/jpeg"}],"author":"Genof\u00f3ntes Urb\u00e1ez","twitter_card":"summary_large_image","twitter_misc":{"Written by":"Genof\u00f3ntes Urb\u00e1ez","Est. reading time":"2 minutos"},"schema":{"@context":"https:\/\/schema.org","@graph":[{"@type":"Article","@id":"http:\/\/minutocerord.com\/?p=7440#article","isPartOf":{"@id":"http:\/\/minutocerord.com\/?p=7440"},"author":{"name":"Genof\u00f3ntes Urb\u00e1ez","@id":"https:\/\/minutocerord.com\/#\/schema\/person\/60b5372d60aaa0a5171fb6488be9aee6"},"headline":"Publican segunda edici\u00f3n del libro sobre crimen de Lucrecia P\u00e9rez en Espa\u00f1a","datePublished":"2022-01-15T17:38:47+00:00","dateModified":"2022-01-15T17:41:19+00:00","mainEntityOfPage":{"@id":"http:\/\/minutocerord.com\/?p=7440"},"wordCount":327,"commentCount":0,"publisher":{"@id":"https:\/\/minutocerord.com\/#\/schema\/person\/60b5372d60aaa0a5171fb6488be9aee6"},"image":{"@id":"http:\/\/minutocerord.com\/?p=7440#primaryimage"},"thumbnailUrl":"https:\/\/i0.wp.com\/minutocerord.com\/wp-content\/uploads\/2022\/01\/WhatsApp-Image-2022-01-15-at-12.47.54-PM-770x540-1.jpeg?fit=770%2C540&ssl=1","articleSection":["Cultura"],"inLanguage":"es-DO","potentialAction":[{"@type":"CommentAction","name":"Comment","target":["http:\/\/minutocerord.com\/?p=7440#respond"]}]},{"@type":"WebPage","@id":"http:\/\/minutocerord.com\/?p=7440","url":"http:\/\/minutocerord.com\/?p=7440","name":"Publican segunda edici\u00f3n del libro sobre crimen de Lucrecia P\u00e9rez en Espa\u00f1a - Minuto Cero RD","isPartOf":{"@id":"https:\/\/minutocerord.com\/#website"},"primaryImageOfPage":{"@id":"http:\/\/minutocerord.com\/?p=7440#primaryimage"},"image":{"@id":"http:\/\/minutocerord.com\/?p=7440#primaryimage"},"thumbnailUrl":"https:\/\/i0.wp.com\/minutocerord.com\/wp-content\/uploads\/2022\/01\/WhatsApp-Image-2022-01-15-at-12.47.54-PM-770x540-1.jpeg?fit=770%2C540&ssl=1","datePublished":"2022-01-15T17:38:47+00:00","dateModified":"2022-01-15T17:41:19+00:00","breadcrumb":{"@id":"http:\/\/minutocerord.com\/?p=7440#breadcrumb"},"inLanguage":"es-DO","potentialAction":[{"@type":"ReadAction","target":["http:\/\/minutocerord.com\/?p=7440"]}]},{"@type":"ImageObject","inLanguage":"es-DO","@id":"http:\/\/minutocerord.com\/?p=7440#primaryimage","url":"https:\/\/i0.wp.com\/minutocerord.com\/wp-content\/uploads\/2022\/01\/WhatsApp-Image-2022-01-15-at-12.47.54-PM-770x540-1.jpeg?fit=770%2C540&ssl=1","contentUrl":"https:\/\/i0.wp.com\/minutocerord.com\/wp-content\/uploads\/2022\/01\/WhatsApp-Image-2022-01-15-at-12.47.54-PM-770x540-1.jpeg?fit=770%2C540&ssl=1","width":770,"height":540},{"@type":"BreadcrumbList","@id":"http:\/\/minutocerord.com\/?p=7440#breadcrumb","itemListElement":[{"@type":"ListItem","position":1,"name":"Home","item":"https:\/\/minutocerord.com\/"},{"@type":"ListItem","position":2,"name":"Publican segunda edici\u00f3n del libro sobre crimen de Lucrecia P\u00e9rez en Espa\u00f1a"}]},{"@type":"WebSite","@id":"https:\/\/minutocerord.com\/#website","url":"https:\/\/minutocerord.com\/","name":"Minuto Cero RD","description":"Periodismo serio y veraz","publisher":{"@id":"https:\/\/minutocerord.com\/#\/schema\/person\/60b5372d60aaa0a5171fb6488be9aee6"},"potentialAction":[{"@type":"SearchAction","target":{"@type":"EntryPoint","urlTemplate":"https:\/\/minutocerord.com\/?s={search_term_string}"},"query-input":{"@type":"PropertyValueSpecification","valueRequired":true,"valueName":"search_term_string"}}],"inLanguage":"es-DO"},{"@type":["Person","Organization"],"@id":"https:\/\/minutocerord.com\/#\/schema\/person\/60b5372d60aaa0a5171fb6488be9aee6","name":"Genof\u00f3ntes Urb\u00e1ez","image":{"@type":"ImageObject","inLanguage":"es-DO","@id":"https:\/\/secure.gravatar.com\/avatar\/a49ef3186a692098ac3e8a1612261e3ad70cf9e44553dff2929e67939a0ecb9d?s=96&d=identicon&r=g","url":"https:\/\/secure.gravatar.com\/avatar\/a49ef3186a692098ac3e8a1612261e3ad70cf9e44553dff2929e67939a0ecb9d?s=96&d=identicon&r=g","contentUrl":"https:\/\/secure.gravatar.com\/avatar\/a49ef3186a692098ac3e8a1612261e3ad70cf9e44553dff2929e67939a0ecb9d?s=96&d=identicon&r=g","caption":"Genof\u00f3ntes Urb\u00e1ez"},"logo":{"@id":"https:\/\/secure.gravatar.com\/avatar\/a49ef3186a692098ac3e8a1612261e3ad70cf9e44553dff2929e67939a0ecb9d?s=96&d=identicon&r=g"},"description":"Periodista \/ Locutor","sameAs":["https:\/\/www.facebook.com\/Genofnotes","https:\/\/www.instagram.com\/genofnotes\/"]}]}},"jetpack_publicize_connections":[],"jetpack_featured_media_url":"https:\/\/i0.wp.com\/minutocerord.com\/wp-content\/uploads\/2022\/01\/WhatsApp-Image-2022-01-15-at-12.47.54-PM-770x540-1.jpeg?fit=770%2C540&ssl=1","jetpack-related-posts":[],"jetpack_sharing_enabled":true,"_links":{"self":[{"href":"https:\/\/minutocerord.com\/index.php?rest_route=\/wp\/v2\/posts\/7440","targetHints":{"allow":["GET"]}}],"collection":[{"href":"https:\/\/minutocerord.com\/index.php?rest_route=\/wp\/v2\/posts"}],"about":[{"href":"https:\/\/minutocerord.com\/index.php?rest_route=\/wp\/v2\/types\/post"}],"author":[{"embeddable":true,"href":"https:\/\/minutocerord.com\/index.php?rest_route=\/wp\/v2\/users\/1"}],"replies":[{"embeddable":true,"href":"https:\/\/minutocerord.com\/index.php?rest_route=%2Fwp%2Fv2%2Fcomments&post=7440"}],"version-history":[{"count":1,"href":"https:\/\/minutocerord.com\/index.php?rest_route=\/wp\/v2\/posts\/7440\/revisions"}],"predecessor-version":[{"id":7442,"href":"https:\/\/minutocerord.com\/index.php?rest_route=\/wp\/v2\/posts\/7440\/revisions\/7442"}],"wp:featuredmedia":[{"embeddable":true,"href":"https:\/\/minutocerord.com\/index.php?rest_route=\/wp\/v2\/media\/7441"}],"wp:attachment":[{"href":"https:\/\/minutocerord.com\/index.php?rest_route=%2Fwp%2Fv2%2Fmedia&parent=7440"}],"wp:term":[{"taxonomy":"category","embeddable":true,"href":"https:\/\/minutocerord.com\/index.php?rest_route=%2Fwp%2Fv2%2Fcategories&post=7440"},{"taxonomy":"post_tag","embeddable":true,"href":"https:\/\/minutocerord.com\/index.php?rest_route=%2Fwp%2Fv2%2Ftags&post=7440"}],"curies":[{"name":"wp","href":"https:\/\/api.w.org\/{rel}","templated":true}]}}