{"id":7443,"date":"2022-01-15T13:52:12","date_gmt":"2022-01-15T17:52:12","guid":{"rendered":"https:\/\/minutocerord.com\/?p=7443"},"modified":"2022-01-15T13:52:15","modified_gmt":"2022-01-15T17:52:15","slug":"dos-fallecidos-y-4964-contagios-de-covid-19-en-la-ultima-jornada","status":"publish","type":"post","link":"https:\/\/minutocerord.com\/?p=7443","title":{"rendered":"Dos fallecidos y 4,964 contagios de covid-19 en la \u00faltima jornada"},"content":{"rendered":"\n<p><strong>Santo Domingo.-<\/strong> El Ministerio de Salud P\u00fablica notific\u00f3 4,964 casos de covid-19 en las \u00faltimas 24 horas, en las que se notificaron dos defunciones, con lo que el total de casos confirmados en el pa\u00eds desde el inicio de la pandemia asciende a 494,595 y el de fallecidos a 4,268.<\/p>\n\n\n\n<p>Seg\u00fan el \u00faltimo bolet\u00edn epidemiol\u00f3gico, los casos activos se sit\u00faan en 34,878, de los que 778 reciben atenci\u00f3n hospitalaria en camas covid, que est\u00e1n al 34 % de su capacidad, que es de 2,261 plazas.<\/p>\n\n\n\n<p>Un total de 215 pacientes est\u00e1n ingresados en unidades de cuidados intensivos (UCI), ocupando el 37 % de las 585 disponibles, mientras que hay 138 respiradores en uso, un 29 % de los 469 dispositivos existentes.<\/p>\n\n\n\n<p>La positividad diaria es del 39.98 %, despu\u00e9s de haber tomado 19,995 muestras en la \u00faltima jornada, y la positividad de las \u00faltimas cuatro semanas alcanza el 28.73 %.<\/p>\n\n\n\n<p>La letalidad es del 0.86 %, y la mortalidad es de 408.48 por mill\u00f3n de habitantes, con la hipertensi\u00f3n y la diabetes como principales comorbilidades, que sufr\u00eda el 23.76 % y el 14.83 % de los pacientes fallecidos, respectivamente.<\/p>\n\n\n\n<p><strong>CIFRAS CONTAGIOS Y MUERTES<\/strong><\/p>\n\n\n\n<p>01 enero 1,149 contagios, cero defunciones<\/p>\n\n\n\n<p>02 enero 2,026 contagios, 2 defunciones<\/p>\n\n\n\n<p>03 enero 2,856 contagios, 2 defunciones<\/p>\n\n\n\n<p>04 enero 3,700 contagios, 1 defunciones<\/p>\n\n\n\n<p>05 enero 5,201 contagios, 0 defunciones<\/p>\n\n\n\n<p>06 enero 5,307 contagios, 0 defunciones<\/p>\n\n\n\n<p>07 enero 5,968 contagios, 1 defunciones<\/p>\n\n\n\n<p>08 enero 6,200 contagios, 2 defunciones<\/p>\n\n\n\n<p>09 enero 6,042 contagios, 0 defunciones<\/p>\n\n\n\n<p>10 enero 5,155 contagios, 0 defunciones<\/p>\n\n\n\n<p>11 enero 6,683 contagios, 0 defunciones<\/p>\n\n\n\n<p>12 enero 7,439 contagios, 4 defunciones<\/p>\n\n\n\n<p>13 enero 5,953 contagios, 0 defunciones<\/p>\n\n\n\n<p>14 de enero 7,174 contagios, 7 defunciones<\/p>\n\n\n\n<p>15 enero&nbsp;&nbsp;&nbsp;4,964&nbsp; contagios,&nbsp; 2&nbsp;defunciones<\/p>\n","protected":false},"excerpt":{"rendered":"<p>Santo Domingo.- El Ministerio de Salud P\u00fablica notific\u00f3 4,964 casos de covid-19 en las \u00faltimas 24 horas, en las que se notificaron dos defunciones, con lo que el total de casos confirmados en el pa\u00eds desde el inicio de la pandemia asciende a 494,595 y el de fallecidos a 4,268. Seg\u00fan el \u00faltimo bolet\u00edn epidemiol\u00f3gico, [&hellip;]<\/p>\n","protected":false},"author":1,"featured_media":7444,"comment_status":"open","ping_status":"open","sticky":false,"template":"","format":"standard","meta":{"nf_dc_page":"","jetpack_post_was_ever_published":false,"_jetpack_newsletter_access":"","_jetpack_dont_email_post_to_subs":false,"_jetpack_newsletter_tier_id":0,"_jetpack_memberships_contains_paywalled_content":false,"_jetpack_memberships_contains_paid_content":false,"footnotes":"","jetpack_publicize_message":"","jetpack_publicize_feature_enabled":true,"jetpack_social_post_already_shared":false,"jetpack_social_options":{"image_generator_settings":{"template":"highway","default_image_id":0,"font":"","enabled":false},"version":2}},"categories":[67],"tags":[],"class_list":["post-7443","post","type-post","status-publish","format-standard","has-post-thumbnail","hentry","category-salud"],"yoast_head":"<!-- This site is optimized with the Yoast SEO plugin v27.4 - https:\/\/yoast.com\/product\/yoast-seo-wordpress\/ -->\n<title>Dos fallecidos y 4,964 contagios de covid-19 en la \u00faltima jornada - Minuto Cero RD<\/title>\n<meta name=\"robots\" content=\"index, follow, max-snippet:-1, max-image-preview:large, max-video-preview:-1\" \/>\n<link rel=\"canonical\" href=\"http:\/\/minutocerord.com\/?p=7443\" \/>\n<meta property=\"og:locale\" content=\"es_ES\" \/>\n<meta property=\"og:type\" content=\"article\" \/>\n<meta property=\"og:title\" content=\"Dos fallecidos y 4,964 contagios de covid-19 en la \u00faltima jornada - Minuto Cero RD\" \/>\n<meta property=\"og:description\" content=\"Santo Domingo.- El Ministerio de Salud P\u00fablica notific\u00f3 4,964 casos de covid-19 en las \u00faltimas 24 horas, en las que se notificaron dos defunciones, con lo que el total de casos confirmados en el pa\u00eds desde el inicio de la pandemia asciende a 494,595 y el de fallecidos a 4,268. Seg\u00fan el \u00faltimo bolet\u00edn epidemiol\u00f3gico, [&hellip;]\" \/>\n<meta property=\"og:url\" content=\"http:\/\/minutocerord.com\/?p=7443\" \/>\n<meta property=\"og:site_name\" content=\"Minuto Cero RD\" \/>\n<meta property=\"article:publisher\" content=\"https:\/\/www.facebook.com\/Genofnotes\" \/>\n<meta property=\"article:author\" content=\"https:\/\/www.facebook.com\/Genofnotes\" \/>\n<meta property=\"article:published_time\" content=\"2022-01-15T17:52:12+00:00\" \/>\n<meta property=\"article:modified_time\" content=\"2022-01-15T17:52:15+00:00\" \/>\n<meta property=\"og:image\" content=\"https:\/\/i0.wp.com\/minutocerord.com\/wp-content\/uploads\/2022\/01\/COVID-3.jpg?fit=839%2C441\" \/>\n\t<meta property=\"og:image:width\" content=\"839\" \/>\n\t<meta property=\"og:image:height\" content=\"441\" \/>\n\t<meta property=\"og:image:type\" content=\"image\/jpeg\" \/>\n<meta name=\"author\" content=\"Genof\u00f3ntes Urb\u00e1ez\" \/>\n<meta name=\"twitter:card\" content=\"summary_large_image\" \/>\n<meta name=\"twitter:label1\" content=\"Written by\" \/>\n\t<meta name=\"twitter:data1\" content=\"Genof\u00f3ntes Urb\u00e1ez\" \/>\n\t<meta name=\"twitter:label2\" content=\"Est. reading time\" \/>\n\t<meta name=\"twitter:data2\" content=\"2 minutos\" \/>\n<script type=\"application\/ld+json\" class=\"yoast-schema-graph\">{\"@context\":\"https:\\\/\\\/schema.org\",\"@graph\":[{\"@type\":\"Article\",\"@id\":\"http:\\\/\\\/minutocerord.com\\\/?p=7443#article\",\"isPartOf\":{\"@id\":\"http:\\\/\\\/minutocerord.com\\\/?p=7443\"},\"author\":{\"name\":\"Genof\u00f3ntes Urb\u00e1ez\",\"@id\":\"https:\\\/\\\/minutocerord.com\\\/#\\\/schema\\\/person\\\/60b5372d60aaa0a5171fb6488be9aee6\"},\"headline\":\"Dos fallecidos y 4,964 contagios de covid-19 en la \u00faltima jornada\",\"datePublished\":\"2022-01-15T17:52:12+00:00\",\"dateModified\":\"2022-01-15T17:52:15+00:00\",\"mainEntityOfPage\":{\"@id\":\"http:\\\/\\\/minutocerord.com\\\/?p=7443\"},\"wordCount\":241,\"commentCount\":0,\"publisher\":{\"@id\":\"https:\\\/\\\/minutocerord.com\\\/#\\\/schema\\\/person\\\/60b5372d60aaa0a5171fb6488be9aee6\"},\"image\":{\"@id\":\"http:\\\/\\\/minutocerord.com\\\/?p=7443#primaryimage\"},\"thumbnailUrl\":\"https:\\\/\\\/i0.wp.com\\\/minutocerord.com\\\/wp-content\\\/uploads\\\/2022\\\/01\\\/COVID-3.jpg?fit=839%2C441&ssl=1\",\"articleSection\":[\"Salud\"],\"inLanguage\":\"es-DO\",\"potentialAction\":[{\"@type\":\"CommentAction\",\"name\":\"Comment\",\"target\":[\"http:\\\/\\\/minutocerord.com\\\/?p=7443#respond\"]}]},{\"@type\":\"WebPage\",\"@id\":\"http:\\\/\\\/minutocerord.com\\\/?p=7443\",\"url\":\"http:\\\/\\\/minutocerord.com\\\/?p=7443\",\"name\":\"Dos fallecidos y 4,964 contagios de covid-19 en la \u00faltima jornada - Minuto Cero RD\",\"isPartOf\":{\"@id\":\"https:\\\/\\\/minutocerord.com\\\/#website\"},\"primaryImageOfPage\":{\"@id\":\"http:\\\/\\\/minutocerord.com\\\/?p=7443#primaryimage\"},\"image\":{\"@id\":\"http:\\\/\\\/minutocerord.com\\\/?p=7443#primaryimage\"},\"thumbnailUrl\":\"https:\\\/\\\/i0.wp.com\\\/minutocerord.com\\\/wp-content\\\/uploads\\\/2022\\\/01\\\/COVID-3.jpg?fit=839%2C441&ssl=1\",\"datePublished\":\"2022-01-15T17:52:12+00:00\",\"dateModified\":\"2022-01-15T17:52:15+00:00\",\"breadcrumb\":{\"@id\":\"http:\\\/\\\/minutocerord.com\\\/?p=7443#breadcrumb\"},\"inLanguage\":\"es-DO\",\"potentialAction\":[{\"@type\":\"ReadAction\",\"target\":[\"http:\\\/\\\/minutocerord.com\\\/?p=7443\"]}]},{\"@type\":\"ImageObject\",\"inLanguage\":\"es-DO\",\"@id\":\"http:\\\/\\\/minutocerord.com\\\/?p=7443#primaryimage\",\"url\":\"https:\\\/\\\/i0.wp.com\\\/minutocerord.com\\\/wp-content\\\/uploads\\\/2022\\\/01\\\/COVID-3.jpg?fit=839%2C441&ssl=1\",\"contentUrl\":\"https:\\\/\\\/i0.wp.com\\\/minutocerord.com\\\/wp-content\\\/uploads\\\/2022\\\/01\\\/COVID-3.jpg?fit=839%2C441&ssl=1\",\"width\":839,\"height\":441},{\"@type\":\"BreadcrumbList\",\"@id\":\"http:\\\/\\\/minutocerord.com\\\/?p=7443#breadcrumb\",\"itemListElement\":[{\"@type\":\"ListItem\",\"position\":1,\"name\":\"Home\",\"item\":\"https:\\\/\\\/minutocerord.com\\\/\"},{\"@type\":\"ListItem\",\"position\":2,\"name\":\"Dos fallecidos y 4,964 contagios de covid-19 en la \u00faltima jornada\"}]},{\"@type\":\"WebSite\",\"@id\":\"https:\\\/\\\/minutocerord.com\\\/#website\",\"url\":\"https:\\\/\\\/minutocerord.com\\\/\",\"name\":\"Minuto Cero RD\",\"description\":\"Periodismo serio y veraz\",\"publisher\":{\"@id\":\"https:\\\/\\\/minutocerord.com\\\/#\\\/schema\\\/person\\\/60b5372d60aaa0a5171fb6488be9aee6\"},\"potentialAction\":[{\"@type\":\"SearchAction\",\"target\":{\"@type\":\"EntryPoint\",\"urlTemplate\":\"https:\\\/\\\/minutocerord.com\\\/?s={search_term_string}\"},\"query-input\":{\"@type\":\"PropertyValueSpecification\",\"valueRequired\":true,\"valueName\":\"search_term_string\"}}],\"inLanguage\":\"es-DO\"},{\"@type\":[\"Person\",\"Organization\"],\"@id\":\"https:\\\/\\\/minutocerord.com\\\/#\\\/schema\\\/person\\\/60b5372d60aaa0a5171fb6488be9aee6\",\"name\":\"Genof\u00f3ntes Urb\u00e1ez\",\"image\":{\"@type\":\"ImageObject\",\"inLanguage\":\"es-DO\",\"@id\":\"https:\\\/\\\/secure.gravatar.com\\\/avatar\\\/a49ef3186a692098ac3e8a1612261e3ad70cf9e44553dff2929e67939a0ecb9d?s=96&d=identicon&r=g\",\"url\":\"https:\\\/\\\/secure.gravatar.com\\\/avatar\\\/a49ef3186a692098ac3e8a1612261e3ad70cf9e44553dff2929e67939a0ecb9d?s=96&d=identicon&r=g\",\"contentUrl\":\"https:\\\/\\\/secure.gravatar.com\\\/avatar\\\/a49ef3186a692098ac3e8a1612261e3ad70cf9e44553dff2929e67939a0ecb9d?s=96&d=identicon&r=g\",\"caption\":\"Genof\u00f3ntes Urb\u00e1ez\"},\"logo\":{\"@id\":\"https:\\\/\\\/secure.gravatar.com\\\/avatar\\\/a49ef3186a692098ac3e8a1612261e3ad70cf9e44553dff2929e67939a0ecb9d?s=96&d=identicon&r=g\"},\"description\":\"Periodista \\\/ Locutor\",\"sameAs\":[\"https:\\\/\\\/www.facebook.com\\\/Genofnotes\",\"https:\\\/\\\/www.instagram.com\\\/genofnotes\\\/\"]}]}<\/script>\n<!-- \/ Yoast SEO plugin. -->","yoast_head_json":{"title":"Dos fallecidos y 4,964 contagios de covid-19 en la \u00faltima jornada - Minuto Cero RD","robots":{"index":"index","follow":"follow","max-snippet":"max-snippet:-1","max-image-preview":"max-image-preview:large","max-video-preview":"max-video-preview:-1"},"canonical":"http:\/\/minutocerord.com\/?p=7443","og_locale":"es_ES","og_type":"article","og_title":"Dos fallecidos y 4,964 contagios de covid-19 en la \u00faltima jornada - Minuto Cero RD","og_description":"Santo Domingo.- El Ministerio de Salud P\u00fablica notific\u00f3 4,964 casos de covid-19 en las \u00faltimas 24 horas, en las que se notificaron dos defunciones, con lo que el total de casos confirmados en el pa\u00eds desde el inicio de la pandemia asciende a 494,595 y el de fallecidos a 4,268. Seg\u00fan el \u00faltimo bolet\u00edn epidemiol\u00f3gico, [&hellip;]","og_url":"http:\/\/minutocerord.com\/?p=7443","og_site_name":"Minuto Cero RD","article_publisher":"https:\/\/www.facebook.com\/Genofnotes","article_author":"https:\/\/www.facebook.com\/Genofnotes","article_published_time":"2022-01-15T17:52:12+00:00","article_modified_time":"2022-01-15T17:52:15+00:00","og_image":[{"width":839,"height":441,"url":"https:\/\/i0.wp.com\/minutocerord.com\/wp-content\/uploads\/2022\/01\/COVID-3.jpg?fit=839%2C441","type":"image\/jpeg"}],"author":"Genof\u00f3ntes Urb\u00e1ez","twitter_card":"summary_large_image","twitter_misc":{"Written by":"Genof\u00f3ntes Urb\u00e1ez","Est. reading time":"2 minutos"},"schema":{"@context":"https:\/\/schema.org","@graph":[{"@type":"Article","@id":"http:\/\/minutocerord.com\/?p=7443#article","isPartOf":{"@id":"http:\/\/minutocerord.com\/?p=7443"},"author":{"name":"Genof\u00f3ntes Urb\u00e1ez","@id":"https:\/\/minutocerord.com\/#\/schema\/person\/60b5372d60aaa0a5171fb6488be9aee6"},"headline":"Dos fallecidos y 4,964 contagios de covid-19 en la \u00faltima jornada","datePublished":"2022-01-15T17:52:12+00:00","dateModified":"2022-01-15T17:52:15+00:00","mainEntityOfPage":{"@id":"http:\/\/minutocerord.com\/?p=7443"},"wordCount":241,"commentCount":0,"publisher":{"@id":"https:\/\/minutocerord.com\/#\/schema\/person\/60b5372d60aaa0a5171fb6488be9aee6"},"image":{"@id":"http:\/\/minutocerord.com\/?p=7443#primaryimage"},"thumbnailUrl":"https:\/\/i0.wp.com\/minutocerord.com\/wp-content\/uploads\/2022\/01\/COVID-3.jpg?fit=839%2C441&ssl=1","articleSection":["Salud"],"inLanguage":"es-DO","potentialAction":[{"@type":"CommentAction","name":"Comment","target":["http:\/\/minutocerord.com\/?p=7443#respond"]}]},{"@type":"WebPage","@id":"http:\/\/minutocerord.com\/?p=7443","url":"http:\/\/minutocerord.com\/?p=7443","name":"Dos fallecidos y 4,964 contagios de covid-19 en la \u00faltima jornada - Minuto Cero RD","isPartOf":{"@id":"https:\/\/minutocerord.com\/#website"},"primaryImageOfPage":{"@id":"http:\/\/minutocerord.com\/?p=7443#primaryimage"},"image":{"@id":"http:\/\/minutocerord.com\/?p=7443#primaryimage"},"thumbnailUrl":"https:\/\/i0.wp.com\/minutocerord.com\/wp-content\/uploads\/2022\/01\/COVID-3.jpg?fit=839%2C441&ssl=1","datePublished":"2022-01-15T17:52:12+00:00","dateModified":"2022-01-15T17:52:15+00:00","breadcrumb":{"@id":"http:\/\/minutocerord.com\/?p=7443#breadcrumb"},"inLanguage":"es-DO","potentialAction":[{"@type":"ReadAction","target":["http:\/\/minutocerord.com\/?p=7443"]}]},{"@type":"ImageObject","inLanguage":"es-DO","@id":"http:\/\/minutocerord.com\/?p=7443#primaryimage","url":"https:\/\/i0.wp.com\/minutocerord.com\/wp-content\/uploads\/2022\/01\/COVID-3.jpg?fit=839%2C441&ssl=1","contentUrl":"https:\/\/i0.wp.com\/minutocerord.com\/wp-content\/uploads\/2022\/01\/COVID-3.jpg?fit=839%2C441&ssl=1","width":839,"height":441},{"@type":"BreadcrumbList","@id":"http:\/\/minutocerord.com\/?p=7443#breadcrumb","itemListElement":[{"@type":"ListItem","position":1,"name":"Home","item":"https:\/\/minutocerord.com\/"},{"@type":"ListItem","position":2,"name":"Dos fallecidos y 4,964 contagios de covid-19 en la \u00faltima jornada"}]},{"@type":"WebSite","@id":"https:\/\/minutocerord.com\/#website","url":"https:\/\/minutocerord.com\/","name":"Minuto Cero RD","description":"Periodismo serio y veraz","publisher":{"@id":"https:\/\/minutocerord.com\/#\/schema\/person\/60b5372d60aaa0a5171fb6488be9aee6"},"potentialAction":[{"@type":"SearchAction","target":{"@type":"EntryPoint","urlTemplate":"https:\/\/minutocerord.com\/?s={search_term_string}"},"query-input":{"@type":"PropertyValueSpecification","valueRequired":true,"valueName":"search_term_string"}}],"inLanguage":"es-DO"},{"@type":["Person","Organization"],"@id":"https:\/\/minutocerord.com\/#\/schema\/person\/60b5372d60aaa0a5171fb6488be9aee6","name":"Genof\u00f3ntes Urb\u00e1ez","image":{"@type":"ImageObject","inLanguage":"es-DO","@id":"https:\/\/secure.gravatar.com\/avatar\/a49ef3186a692098ac3e8a1612261e3ad70cf9e44553dff2929e67939a0ecb9d?s=96&d=identicon&r=g","url":"https:\/\/secure.gravatar.com\/avatar\/a49ef3186a692098ac3e8a1612261e3ad70cf9e44553dff2929e67939a0ecb9d?s=96&d=identicon&r=g","contentUrl":"https:\/\/secure.gravatar.com\/avatar\/a49ef3186a692098ac3e8a1612261e3ad70cf9e44553dff2929e67939a0ecb9d?s=96&d=identicon&r=g","caption":"Genof\u00f3ntes Urb\u00e1ez"},"logo":{"@id":"https:\/\/secure.gravatar.com\/avatar\/a49ef3186a692098ac3e8a1612261e3ad70cf9e44553dff2929e67939a0ecb9d?s=96&d=identicon&r=g"},"description":"Periodista \/ Locutor","sameAs":["https:\/\/www.facebook.com\/Genofnotes","https:\/\/www.instagram.com\/genofnotes\/"]}]}},"jetpack_publicize_connections":[],"jetpack_featured_media_url":"https:\/\/i0.wp.com\/minutocerord.com\/wp-content\/uploads\/2022\/01\/COVID-3.jpg?fit=839%2C441&ssl=1","jetpack-related-posts":[],"jetpack_sharing_enabled":true,"_links":{"self":[{"href":"https:\/\/minutocerord.com\/index.php?rest_route=\/wp\/v2\/posts\/7443","targetHints":{"allow":["GET"]}}],"collection":[{"href":"https:\/\/minutocerord.com\/index.php?rest_route=\/wp\/v2\/posts"}],"about":[{"href":"https:\/\/minutocerord.com\/index.php?rest_route=\/wp\/v2\/types\/post"}],"author":[{"embeddable":true,"href":"https:\/\/minutocerord.com\/index.php?rest_route=\/wp\/v2\/users\/1"}],"replies":[{"embeddable":true,"href":"https:\/\/minutocerord.com\/index.php?rest_route=%2Fwp%2Fv2%2Fcomments&post=7443"}],"version-history":[{"count":1,"href":"https:\/\/minutocerord.com\/index.php?rest_route=\/wp\/v2\/posts\/7443\/revisions"}],"predecessor-version":[{"id":7445,"href":"https:\/\/minutocerord.com\/index.php?rest_route=\/wp\/v2\/posts\/7443\/revisions\/7445"}],"wp:featuredmedia":[{"embeddable":true,"href":"https:\/\/minutocerord.com\/index.php?rest_route=\/wp\/v2\/media\/7444"}],"wp:attachment":[{"href":"https:\/\/minutocerord.com\/index.php?rest_route=%2Fwp%2Fv2%2Fmedia&parent=7443"}],"wp:term":[{"taxonomy":"category","embeddable":true,"href":"https:\/\/minutocerord.com\/index.php?rest_route=%2Fwp%2Fv2%2Fcategories&post=7443"},{"taxonomy":"post_tag","embeddable":true,"href":"https:\/\/minutocerord.com\/index.php?rest_route=%2Fwp%2Fv2%2Ftags&post=7443"}],"curies":[{"name":"wp","href":"https:\/\/api.w.org\/{rel}","templated":true}]}}