{"id":7462,"date":"2022-01-15T21:36:45","date_gmt":"2022-01-16T01:36:45","guid":{"rendered":"https:\/\/minutocerord.com\/?p=7462"},"modified":"2022-01-15T21:36:48","modified_gmt":"2022-01-16T01:36:48","slug":"mexico-denuncian-uso-excesivo-fuerza-en-detenciones-migrantes","status":"publish","type":"post","link":"https:\/\/minutocerord.com\/?p=7462","title":{"rendered":"MEXICO: Denuncian \u00abuso excesivo fuerza\u00bb en detenciones migrantes"},"content":{"rendered":"\n<p><strong>MEXICO.-<\/strong>\u00a0Las detenciones de migrantes en M\u00e9xico siguen ocurriendo con \u00abun uso excesivo de fuerza\u00bb y con \u00abmuy poca o nula orientaci\u00f3n jur\u00eddica\u00bb hacia los migrantes, seg\u00fan han denunciado en un informe el Instituto de Derechos Humanos Ignacio Ellacur\u00eda S.J. (IDHIE) y la Universidad Iberoamericana de Puebla.<\/p>\n\n\n\n<p>La investigaci\u00f3n est\u00e1 basada en testimonios de migrantes detenidos en Puebla y en Tlaxcala recabados entre agosto y septiembre del 2021 que revelan que los migrantes son \u00abhacinados en espacios precarios, insalubres o de alto riesgo de contagio al COVID-19 que pueden ser considerados tambi\u00e9n como entornos torturantes en donde diariamente se vulneran sus derechos humanos y su dignidad como personas\u00bb.<\/p>\n\n\n\n<p>El texto, titulado \u2018Vidas en contenci\u00f3n\u2019, expone que durante las o detenciones los agentes no cumplen con el debido proceso y el respeto a los derechos humanos. Un 60 por ciento de las 45 personas entrevistadas aseguran que en la detenci\u00f3n los agentes del Instituto Nacional de Migraci\u00f3n (INM) \u00abno mostraron su identificaci\u00f3n oficial con fotograf\u00eda ni un documento que autorizara el operativo\u00bb.<\/p>\n\n\n\n<p>Adem\u00e1s, \u00aben la mayor\u00eda de los casos, las detenciones se llevaron a cabo con un uso excesivo de fuerza y malos tratos: golpes, jalones, malas palabras, amenazas, robos y extorsiones por parte de las autoridades\u00bb, seg\u00fan el estudio, recogido por el diario mexicano \u2018La Jornada\u2019.<\/p>\n\n\n\n<p>Por otra parte, pese a que el INM es el organismo con la competencia exclusiva para ejecutar deportaciones, al menos una docena de testimonios reflejan \u00abla creciente y preocupante participaci\u00f3n de polic\u00edas estatales y municipales o bien de la Guardia Nacional, en ocasiones sin estar actuando de manera coordinada con agentes migratorios\u00bb.<\/p>\n\n\n\n<p>En cuanto al tiempo de detenci\u00f3n, el IDHIE y el Departamento de Ciencias Sociales de la Ibero Puebla ha rese\u00f1ado que si bien el instituto est\u00e1 obligado a resolver la situaci\u00f3n migratoria en un plazo no mayor a 15 d\u00edas h\u00e1biles y el alojamiento puede extenderse hasta 60 d\u00edas, se han documentado casos en los que rebasan este tiempo.<\/p>\n\n\n\n<p>Europa Press<\/p>\n","protected":false},"excerpt":{"rendered":"<p>MEXICO.-\u00a0Las detenciones de migrantes en M\u00e9xico siguen ocurriendo con \u00abun uso excesivo de fuerza\u00bb y con \u00abmuy poca o nula orientaci\u00f3n jur\u00eddica\u00bb hacia los migrantes, seg\u00fan han denunciado en un informe el Instituto de Derechos Humanos Ignacio Ellacur\u00eda S.J. (IDHIE) y la Universidad Iberoamericana de Puebla. La investigaci\u00f3n est\u00e1 basada en testimonios de migrantes detenidos [&hellip;]<\/p>\n","protected":false},"author":1,"featured_media":7463,"comment_status":"open","ping_status":"open","sticky":false,"template":"","format":"standard","meta":{"nf_dc_page":"","jetpack_post_was_ever_published":false,"_jetpack_newsletter_access":"","_jetpack_dont_email_post_to_subs":false,"_jetpack_newsletter_tier_id":0,"_jetpack_memberships_contains_paywalled_content":false,"_jetpack_memberships_contains_paid_content":false,"footnotes":"","jetpack_publicize_message":"","jetpack_publicize_feature_enabled":true,"jetpack_social_post_already_shared":false,"jetpack_social_options":{"image_generator_settings":{"template":"highway","default_image_id":0,"font":"","enabled":false},"version":2}},"categories":[66],"tags":[],"class_list":["post-7462","post","type-post","status-publish","format-standard","has-post-thumbnail","hentry","category-internacionales"],"yoast_head":"<!-- This site is optimized with the Yoast SEO plugin v27.4 - https:\/\/yoast.com\/product\/yoast-seo-wordpress\/ -->\n<title>MEXICO: Denuncian \u00abuso excesivo fuerza\u00bb en detenciones migrantes - Minuto Cero RD<\/title>\n<meta name=\"robots\" content=\"index, follow, max-snippet:-1, max-image-preview:large, max-video-preview:-1\" \/>\n<link rel=\"canonical\" href=\"http:\/\/minutocerord.com\/?p=7462\" \/>\n<meta property=\"og:locale\" content=\"es_ES\" \/>\n<meta property=\"og:type\" content=\"article\" \/>\n<meta property=\"og:title\" content=\"MEXICO: Denuncian \u00abuso excesivo fuerza\u00bb en detenciones migrantes - Minuto Cero RD\" \/>\n<meta property=\"og:description\" content=\"MEXICO.-\u00a0Las detenciones de migrantes en M\u00e9xico siguen ocurriendo con \u00abun uso excesivo de fuerza\u00bb y con \u00abmuy poca o nula orientaci\u00f3n jur\u00eddica\u00bb hacia los migrantes, seg\u00fan han denunciado en un informe el Instituto de Derechos Humanos Ignacio Ellacur\u00eda S.J. (IDHIE) y la Universidad Iberoamericana de Puebla. La investigaci\u00f3n est\u00e1 basada en testimonios de migrantes detenidos [&hellip;]\" \/>\n<meta property=\"og:url\" content=\"http:\/\/minutocerord.com\/?p=7462\" \/>\n<meta property=\"og:site_name\" content=\"Minuto Cero RD\" \/>\n<meta property=\"article:publisher\" content=\"https:\/\/www.facebook.com\/Genofnotes\" \/>\n<meta property=\"article:author\" content=\"https:\/\/www.facebook.com\/Genofnotes\" \/>\n<meta property=\"article:published_time\" content=\"2022-01-16T01:36:45+00:00\" \/>\n<meta property=\"article:modified_time\" content=\"2022-01-16T01:36:48+00:00\" \/>\n<meta property=\"og:image\" content=\"https:\/\/i0.wp.com\/minutocerord.com\/wp-content\/uploads\/2022\/01\/CLHE2S5ZNRCNTHALEHHDLESI2Y.jpg?fit=620%2C399\" \/>\n\t<meta property=\"og:image:width\" content=\"620\" \/>\n\t<meta property=\"og:image:height\" content=\"399\" \/>\n\t<meta property=\"og:image:type\" content=\"image\/jpeg\" \/>\n<meta name=\"author\" content=\"Genof\u00f3ntes Urb\u00e1ez\" \/>\n<meta name=\"twitter:card\" content=\"summary_large_image\" \/>\n<meta name=\"twitter:label1\" content=\"Written by\" \/>\n\t<meta name=\"twitter:data1\" content=\"Genof\u00f3ntes Urb\u00e1ez\" \/>\n\t<meta name=\"twitter:label2\" content=\"Est. reading time\" \/>\n\t<meta name=\"twitter:data2\" content=\"2 minutos\" \/>\n<script type=\"application\/ld+json\" class=\"yoast-schema-graph\">{\"@context\":\"https:\\\/\\\/schema.org\",\"@graph\":[{\"@type\":\"Article\",\"@id\":\"http:\\\/\\\/minutocerord.com\\\/?p=7462#article\",\"isPartOf\":{\"@id\":\"http:\\\/\\\/minutocerord.com\\\/?p=7462\"},\"author\":{\"name\":\"Genof\u00f3ntes Urb\u00e1ez\",\"@id\":\"https:\\\/\\\/minutocerord.com\\\/#\\\/schema\\\/person\\\/60b5372d60aaa0a5171fb6488be9aee6\"},\"headline\":\"MEXICO: Denuncian \u00abuso excesivo fuerza\u00bb en detenciones migrantes\",\"datePublished\":\"2022-01-16T01:36:45+00:00\",\"dateModified\":\"2022-01-16T01:36:48+00:00\",\"mainEntityOfPage\":{\"@id\":\"http:\\\/\\\/minutocerord.com\\\/?p=7462\"},\"wordCount\":357,\"commentCount\":0,\"publisher\":{\"@id\":\"https:\\\/\\\/minutocerord.com\\\/#\\\/schema\\\/person\\\/60b5372d60aaa0a5171fb6488be9aee6\"},\"image\":{\"@id\":\"http:\\\/\\\/minutocerord.com\\\/?p=7462#primaryimage\"},\"thumbnailUrl\":\"https:\\\/\\\/i0.wp.com\\\/minutocerord.com\\\/wp-content\\\/uploads\\\/2022\\\/01\\\/CLHE2S5ZNRCNTHALEHHDLESI2Y.jpg?fit=620%2C399&ssl=1\",\"articleSection\":[\"Internacionales\"],\"inLanguage\":\"es-DO\",\"potentialAction\":[{\"@type\":\"CommentAction\",\"name\":\"Comment\",\"target\":[\"http:\\\/\\\/minutocerord.com\\\/?p=7462#respond\"]}]},{\"@type\":\"WebPage\",\"@id\":\"http:\\\/\\\/minutocerord.com\\\/?p=7462\",\"url\":\"http:\\\/\\\/minutocerord.com\\\/?p=7462\",\"name\":\"MEXICO: Denuncian \u00abuso excesivo fuerza\u00bb en detenciones migrantes - Minuto Cero RD\",\"isPartOf\":{\"@id\":\"https:\\\/\\\/minutocerord.com\\\/#website\"},\"primaryImageOfPage\":{\"@id\":\"http:\\\/\\\/minutocerord.com\\\/?p=7462#primaryimage\"},\"image\":{\"@id\":\"http:\\\/\\\/minutocerord.com\\\/?p=7462#primaryimage\"},\"thumbnailUrl\":\"https:\\\/\\\/i0.wp.com\\\/minutocerord.com\\\/wp-content\\\/uploads\\\/2022\\\/01\\\/CLHE2S5ZNRCNTHALEHHDLESI2Y.jpg?fit=620%2C399&ssl=1\",\"datePublished\":\"2022-01-16T01:36:45+00:00\",\"dateModified\":\"2022-01-16T01:36:48+00:00\",\"breadcrumb\":{\"@id\":\"http:\\\/\\\/minutocerord.com\\\/?p=7462#breadcrumb\"},\"inLanguage\":\"es-DO\",\"potentialAction\":[{\"@type\":\"ReadAction\",\"target\":[\"http:\\\/\\\/minutocerord.com\\\/?p=7462\"]}]},{\"@type\":\"ImageObject\",\"inLanguage\":\"es-DO\",\"@id\":\"http:\\\/\\\/minutocerord.com\\\/?p=7462#primaryimage\",\"url\":\"https:\\\/\\\/i0.wp.com\\\/minutocerord.com\\\/wp-content\\\/uploads\\\/2022\\\/01\\\/CLHE2S5ZNRCNTHALEHHDLESI2Y.jpg?fit=620%2C399&ssl=1\",\"contentUrl\":\"https:\\\/\\\/i0.wp.com\\\/minutocerord.com\\\/wp-content\\\/uploads\\\/2022\\\/01\\\/CLHE2S5ZNRCNTHALEHHDLESI2Y.jpg?fit=620%2C399&ssl=1\",\"width\":620,\"height\":399},{\"@type\":\"BreadcrumbList\",\"@id\":\"http:\\\/\\\/minutocerord.com\\\/?p=7462#breadcrumb\",\"itemListElement\":[{\"@type\":\"ListItem\",\"position\":1,\"name\":\"Home\",\"item\":\"https:\\\/\\\/minutocerord.com\\\/\"},{\"@type\":\"ListItem\",\"position\":2,\"name\":\"MEXICO: Denuncian \u00abuso excesivo fuerza\u00bb en detenciones migrantes\"}]},{\"@type\":\"WebSite\",\"@id\":\"https:\\\/\\\/minutocerord.com\\\/#website\",\"url\":\"https:\\\/\\\/minutocerord.com\\\/\",\"name\":\"Minuto Cero RD\",\"description\":\"Periodismo serio y veraz\",\"publisher\":{\"@id\":\"https:\\\/\\\/minutocerord.com\\\/#\\\/schema\\\/person\\\/60b5372d60aaa0a5171fb6488be9aee6\"},\"potentialAction\":[{\"@type\":\"SearchAction\",\"target\":{\"@type\":\"EntryPoint\",\"urlTemplate\":\"https:\\\/\\\/minutocerord.com\\\/?s={search_term_string}\"},\"query-input\":{\"@type\":\"PropertyValueSpecification\",\"valueRequired\":true,\"valueName\":\"search_term_string\"}}],\"inLanguage\":\"es-DO\"},{\"@type\":[\"Person\",\"Organization\"],\"@id\":\"https:\\\/\\\/minutocerord.com\\\/#\\\/schema\\\/person\\\/60b5372d60aaa0a5171fb6488be9aee6\",\"name\":\"Genof\u00f3ntes Urb\u00e1ez\",\"image\":{\"@type\":\"ImageObject\",\"inLanguage\":\"es-DO\",\"@id\":\"https:\\\/\\\/secure.gravatar.com\\\/avatar\\\/a49ef3186a692098ac3e8a1612261e3ad70cf9e44553dff2929e67939a0ecb9d?s=96&d=identicon&r=g\",\"url\":\"https:\\\/\\\/secure.gravatar.com\\\/avatar\\\/a49ef3186a692098ac3e8a1612261e3ad70cf9e44553dff2929e67939a0ecb9d?s=96&d=identicon&r=g\",\"contentUrl\":\"https:\\\/\\\/secure.gravatar.com\\\/avatar\\\/a49ef3186a692098ac3e8a1612261e3ad70cf9e44553dff2929e67939a0ecb9d?s=96&d=identicon&r=g\",\"caption\":\"Genof\u00f3ntes Urb\u00e1ez\"},\"logo\":{\"@id\":\"https:\\\/\\\/secure.gravatar.com\\\/avatar\\\/a49ef3186a692098ac3e8a1612261e3ad70cf9e44553dff2929e67939a0ecb9d?s=96&d=identicon&r=g\"},\"description\":\"Periodista \\\/ Locutor\",\"sameAs\":[\"https:\\\/\\\/www.facebook.com\\\/Genofnotes\",\"https:\\\/\\\/www.instagram.com\\\/genofnotes\\\/\"]}]}<\/script>\n<!-- \/ Yoast SEO plugin. -->","yoast_head_json":{"title":"MEXICO: Denuncian \u00abuso excesivo fuerza\u00bb en detenciones migrantes - Minuto Cero RD","robots":{"index":"index","follow":"follow","max-snippet":"max-snippet:-1","max-image-preview":"max-image-preview:large","max-video-preview":"max-video-preview:-1"},"canonical":"http:\/\/minutocerord.com\/?p=7462","og_locale":"es_ES","og_type":"article","og_title":"MEXICO: Denuncian \u00abuso excesivo fuerza\u00bb en detenciones migrantes - Minuto Cero RD","og_description":"MEXICO.-\u00a0Las detenciones de migrantes en M\u00e9xico siguen ocurriendo con \u00abun uso excesivo de fuerza\u00bb y con \u00abmuy poca o nula orientaci\u00f3n jur\u00eddica\u00bb hacia los migrantes, seg\u00fan han denunciado en un informe el Instituto de Derechos Humanos Ignacio Ellacur\u00eda S.J. (IDHIE) y la Universidad Iberoamericana de Puebla. La investigaci\u00f3n est\u00e1 basada en testimonios de migrantes detenidos [&hellip;]","og_url":"http:\/\/minutocerord.com\/?p=7462","og_site_name":"Minuto Cero RD","article_publisher":"https:\/\/www.facebook.com\/Genofnotes","article_author":"https:\/\/www.facebook.com\/Genofnotes","article_published_time":"2022-01-16T01:36:45+00:00","article_modified_time":"2022-01-16T01:36:48+00:00","og_image":[{"width":620,"height":399,"url":"https:\/\/i0.wp.com\/minutocerord.com\/wp-content\/uploads\/2022\/01\/CLHE2S5ZNRCNTHALEHHDLESI2Y.jpg?fit=620%2C399","type":"image\/jpeg"}],"author":"Genof\u00f3ntes Urb\u00e1ez","twitter_card":"summary_large_image","twitter_misc":{"Written by":"Genof\u00f3ntes Urb\u00e1ez","Est. reading time":"2 minutos"},"schema":{"@context":"https:\/\/schema.org","@graph":[{"@type":"Article","@id":"http:\/\/minutocerord.com\/?p=7462#article","isPartOf":{"@id":"http:\/\/minutocerord.com\/?p=7462"},"author":{"name":"Genof\u00f3ntes Urb\u00e1ez","@id":"https:\/\/minutocerord.com\/#\/schema\/person\/60b5372d60aaa0a5171fb6488be9aee6"},"headline":"MEXICO: Denuncian \u00abuso excesivo fuerza\u00bb en detenciones migrantes","datePublished":"2022-01-16T01:36:45+00:00","dateModified":"2022-01-16T01:36:48+00:00","mainEntityOfPage":{"@id":"http:\/\/minutocerord.com\/?p=7462"},"wordCount":357,"commentCount":0,"publisher":{"@id":"https:\/\/minutocerord.com\/#\/schema\/person\/60b5372d60aaa0a5171fb6488be9aee6"},"image":{"@id":"http:\/\/minutocerord.com\/?p=7462#primaryimage"},"thumbnailUrl":"https:\/\/i0.wp.com\/minutocerord.com\/wp-content\/uploads\/2022\/01\/CLHE2S5ZNRCNTHALEHHDLESI2Y.jpg?fit=620%2C399&ssl=1","articleSection":["Internacionales"],"inLanguage":"es-DO","potentialAction":[{"@type":"CommentAction","name":"Comment","target":["http:\/\/minutocerord.com\/?p=7462#respond"]}]},{"@type":"WebPage","@id":"http:\/\/minutocerord.com\/?p=7462","url":"http:\/\/minutocerord.com\/?p=7462","name":"MEXICO: Denuncian \u00abuso excesivo fuerza\u00bb en detenciones migrantes - Minuto Cero RD","isPartOf":{"@id":"https:\/\/minutocerord.com\/#website"},"primaryImageOfPage":{"@id":"http:\/\/minutocerord.com\/?p=7462#primaryimage"},"image":{"@id":"http:\/\/minutocerord.com\/?p=7462#primaryimage"},"thumbnailUrl":"https:\/\/i0.wp.com\/minutocerord.com\/wp-content\/uploads\/2022\/01\/CLHE2S5ZNRCNTHALEHHDLESI2Y.jpg?fit=620%2C399&ssl=1","datePublished":"2022-01-16T01:36:45+00:00","dateModified":"2022-01-16T01:36:48+00:00","breadcrumb":{"@id":"http:\/\/minutocerord.com\/?p=7462#breadcrumb"},"inLanguage":"es-DO","potentialAction":[{"@type":"ReadAction","target":["http:\/\/minutocerord.com\/?p=7462"]}]},{"@type":"ImageObject","inLanguage":"es-DO","@id":"http:\/\/minutocerord.com\/?p=7462#primaryimage","url":"https:\/\/i0.wp.com\/minutocerord.com\/wp-content\/uploads\/2022\/01\/CLHE2S5ZNRCNTHALEHHDLESI2Y.jpg?fit=620%2C399&ssl=1","contentUrl":"https:\/\/i0.wp.com\/minutocerord.com\/wp-content\/uploads\/2022\/01\/CLHE2S5ZNRCNTHALEHHDLESI2Y.jpg?fit=620%2C399&ssl=1","width":620,"height":399},{"@type":"BreadcrumbList","@id":"http:\/\/minutocerord.com\/?p=7462#breadcrumb","itemListElement":[{"@type":"ListItem","position":1,"name":"Home","item":"https:\/\/minutocerord.com\/"},{"@type":"ListItem","position":2,"name":"MEXICO: Denuncian \u00abuso excesivo fuerza\u00bb en detenciones migrantes"}]},{"@type":"WebSite","@id":"https:\/\/minutocerord.com\/#website","url":"https:\/\/minutocerord.com\/","name":"Minuto Cero RD","description":"Periodismo serio y veraz","publisher":{"@id":"https:\/\/minutocerord.com\/#\/schema\/person\/60b5372d60aaa0a5171fb6488be9aee6"},"potentialAction":[{"@type":"SearchAction","target":{"@type":"EntryPoint","urlTemplate":"https:\/\/minutocerord.com\/?s={search_term_string}"},"query-input":{"@type":"PropertyValueSpecification","valueRequired":true,"valueName":"search_term_string"}}],"inLanguage":"es-DO"},{"@type":["Person","Organization"],"@id":"https:\/\/minutocerord.com\/#\/schema\/person\/60b5372d60aaa0a5171fb6488be9aee6","name":"Genof\u00f3ntes Urb\u00e1ez","image":{"@type":"ImageObject","inLanguage":"es-DO","@id":"https:\/\/secure.gravatar.com\/avatar\/a49ef3186a692098ac3e8a1612261e3ad70cf9e44553dff2929e67939a0ecb9d?s=96&d=identicon&r=g","url":"https:\/\/secure.gravatar.com\/avatar\/a49ef3186a692098ac3e8a1612261e3ad70cf9e44553dff2929e67939a0ecb9d?s=96&d=identicon&r=g","contentUrl":"https:\/\/secure.gravatar.com\/avatar\/a49ef3186a692098ac3e8a1612261e3ad70cf9e44553dff2929e67939a0ecb9d?s=96&d=identicon&r=g","caption":"Genof\u00f3ntes Urb\u00e1ez"},"logo":{"@id":"https:\/\/secure.gravatar.com\/avatar\/a49ef3186a692098ac3e8a1612261e3ad70cf9e44553dff2929e67939a0ecb9d?s=96&d=identicon&r=g"},"description":"Periodista \/ Locutor","sameAs":["https:\/\/www.facebook.com\/Genofnotes","https:\/\/www.instagram.com\/genofnotes\/"]}]}},"jetpack_publicize_connections":[],"jetpack_featured_media_url":"https:\/\/i0.wp.com\/minutocerord.com\/wp-content\/uploads\/2022\/01\/CLHE2S5ZNRCNTHALEHHDLESI2Y.jpg?fit=620%2C399&ssl=1","jetpack-related-posts":[],"jetpack_sharing_enabled":true,"_links":{"self":[{"href":"https:\/\/minutocerord.com\/index.php?rest_route=\/wp\/v2\/posts\/7462","targetHints":{"allow":["GET"]}}],"collection":[{"href":"https:\/\/minutocerord.com\/index.php?rest_route=\/wp\/v2\/posts"}],"about":[{"href":"https:\/\/minutocerord.com\/index.php?rest_route=\/wp\/v2\/types\/post"}],"author":[{"embeddable":true,"href":"https:\/\/minutocerord.com\/index.php?rest_route=\/wp\/v2\/users\/1"}],"replies":[{"embeddable":true,"href":"https:\/\/minutocerord.com\/index.php?rest_route=%2Fwp%2Fv2%2Fcomments&post=7462"}],"version-history":[{"count":1,"href":"https:\/\/minutocerord.com\/index.php?rest_route=\/wp\/v2\/posts\/7462\/revisions"}],"predecessor-version":[{"id":7464,"href":"https:\/\/minutocerord.com\/index.php?rest_route=\/wp\/v2\/posts\/7462\/revisions\/7464"}],"wp:featuredmedia":[{"embeddable":true,"href":"https:\/\/minutocerord.com\/index.php?rest_route=\/wp\/v2\/media\/7463"}],"wp:attachment":[{"href":"https:\/\/minutocerord.com\/index.php?rest_route=%2Fwp%2Fv2%2Fmedia&parent=7462"}],"wp:term":[{"taxonomy":"category","embeddable":true,"href":"https:\/\/minutocerord.com\/index.php?rest_route=%2Fwp%2Fv2%2Fcategories&post=7462"},{"taxonomy":"post_tag","embeddable":true,"href":"https:\/\/minutocerord.com\/index.php?rest_route=%2Fwp%2Fv2%2Ftags&post=7462"}],"curies":[{"name":"wp","href":"https:\/\/api.w.org\/{rel}","templated":true}]}}