{"id":7475,"date":"2022-01-16T02:07:43","date_gmt":"2022-01-16T06:07:43","guid":{"rendered":"https:\/\/minutocerord.com\/?p=7475"},"modified":"2022-01-16T02:18:37","modified_gmt":"2022-01-16T06:18:37","slug":"quien-es-peter-federico","status":"publish","type":"post","link":"https:\/\/minutocerord.com\/?p=7475","title":{"rendered":"\u00bfQui\u00e9n es Peter Federico?"},"content":{"rendered":"\n<figure class=\"wp-block-embed is-type-video is-provider-youtube wp-block-embed-youtube wp-embed-aspect-16-9 wp-has-aspect-ratio\"><div class=\"wp-block-embed__wrapper\">\n<iframe loading=\"lazy\" title=\"GEARING UP for C\u00c1DIZ | Real Madrid training\" width=\"640\" height=\"360\" src=\"https:\/\/www.youtube.com\/embed\/wpJfv8OlQmQ?feature=oembed\" frameborder=\"0\" allow=\"accelerometer; autoplay; clipboard-write; encrypted-media; gyroscope; picture-in-picture; web-share\" referrerpolicy=\"strict-origin-when-cross-origin\" allowfullscreen><\/iframe>\n<\/div><\/figure>\n\n\n\n<p><strong>MADRID.- <\/strong>Peter Federico Carmona Gonz\u00e1lez fue llamado por Carlo Ancelotti para tener su estreno entre los convocados para el partido ante C\u00e1diz de este domingo por LaLiga. Aqu\u00ed puedes conocer m\u00e1s detalles sobre este joven hispano-dominicano.<\/p>\n\n\n\n<p>Los\u00a0casos de Coronavirus en Real Madrid\u00a0obligan a\u00a0Carlos Ancelotti\u00a0a tener que recurrir a los j\u00f3venes que vienen de atr\u00e1s. Y uno de los que tendr\u00e1 su oportunidad en este primer equipo es\u00a0Peter Federico. La\u00a0&#8216;joya&#8217; de &#8216;La F\u00e1brica&#8217; y un protegido de Ra\u00fal Gonz\u00e1lez\u00a0(t\u00e9cnico del Castilla) tiene su\u00a0primera convocatoria\u00a0y podr\u00eda debutar ante\u00a0C\u00e1diz por \u00a0LaLiga.<\/p>\n\n\n\n<p>Carlo Ancelotti no cuenta con varios futbolistas por los casos de COVID-19 como\u00a0Gareth Bale,\u00a0Marco Asensio\u00a0y\u00a0Rodrygo Goes, quienes son tres futbolistas que juegan por el extremo derecho. Ante esto, la respuesta del t\u00e9cnico italiano es la convocatoria de\u00a0Peter Federico Carmona Gonz\u00e1lez, joven de 19 a\u00f1os, zurdo, pero que puede jugar en el ataque por el sector derecho.<\/p>\n\n\n\n<h2 class=\"wp-block-heading\"><strong>\u00bfQui\u00e9n es Peter Federico?<\/strong><\/h2>\n\n\n\n<p>De los futbolistas que m\u00e1s han explotado esta temporada en &#8216;La F\u00e1brica&#8217; y, sobre todo, en el\u00a0Real Madrid Castilla. A sus 19 a\u00f1os, este joven hispano-dominicano es una fija en el equipo de\u00a0Ra\u00fal, con quien tiene algo en com\u00fan. Ambos son del mismo barrio,\u00a0Colonia Marconi,\u00a0una de las zonas m\u00e1s pobres de la Comunidad de Madrid,\u00a0cerca de Getafe.\u00a0<\/p>\n\n\n\n<p>No es un dato menor que ambos sean del mismo lugar, ya que Ra\u00fal es gran gestor del crecimiento de Peter Federico en esta temporada. Ha jugado 22 partidos donde ha anotado\u00a0seis goles\u00a0y ha dado\u00a0ocho asistencias. Buenos n\u00fameros para este joven que se destaca como extremo por la derecha, pero tambi\u00e9n es un\u00a0polifuncional\u00a0que puede jugar en el sector izquierdo como carrilero o como lateral.<\/p>\n\n\n\n<p>Su futuro en Real Madrid est\u00e1 asegurado, ya que\u00a0ha renovado hasta 2024, pero si explota en el primer equipo, es probable que se gane un mejor contrato. Por lo pronto, primero tiene que debutar y su oportunidad puede ser este domingo ante C\u00e1diz. Su sue\u00f1o de jugar en el Santiago Bernab\u00e9u se puede hacer realidad.<\/p>\n\n\n\n<p>Extraido de: VOLAVIP Y LIGA ESPA\u00d1OLA<\/p>\n","protected":false},"excerpt":{"rendered":"<p>MADRID.- Peter Federico Carmona Gonz\u00e1lez fue llamado por Carlo Ancelotti para tener su estreno entre los convocados para el partido ante C\u00e1diz de este domingo por LaLiga. Aqu\u00ed puedes conocer m\u00e1s detalles sobre este joven hispano-dominicano. Los\u00a0casos de Coronavirus en Real Madrid\u00a0obligan a\u00a0Carlos Ancelotti\u00a0a tener que recurrir a los j\u00f3venes que vienen de atr\u00e1s. Y [&hellip;]<\/p>\n","protected":false},"author":1,"featured_media":7476,"comment_status":"open","ping_status":"open","sticky":false,"template":"","format":"standard","meta":{"nf_dc_page":"","jetpack_post_was_ever_published":false,"_jetpack_newsletter_access":"","_jetpack_dont_email_post_to_subs":false,"_jetpack_newsletter_tier_id":0,"_jetpack_memberships_contains_paywalled_content":false,"_jetpack_memberships_contains_paid_content":false,"footnotes":"","jetpack_publicize_message":"","jetpack_publicize_feature_enabled":true,"jetpack_social_post_already_shared":false,"jetpack_social_options":{"image_generator_settings":{"template":"highway","default_image_id":0,"font":"","enabled":false},"version":2}},"categories":[73],"tags":[],"class_list":["post-7475","post","type-post","status-publish","format-standard","has-post-thumbnail","hentry","category-deportes"],"yoast_head":"<!-- This site is optimized with the Yoast SEO plugin v27.4 - https:\/\/yoast.com\/product\/yoast-seo-wordpress\/ -->\n<title>\u00bfQui\u00e9n es Peter Federico? - Minuto Cero RD<\/title>\n<meta name=\"robots\" content=\"index, follow, max-snippet:-1, max-image-preview:large, max-video-preview:-1\" \/>\n<link rel=\"canonical\" href=\"http:\/\/minutocerord.com\/?p=7475\" \/>\n<meta property=\"og:locale\" content=\"es_ES\" \/>\n<meta property=\"og:type\" content=\"article\" \/>\n<meta property=\"og:title\" content=\"\u00bfQui\u00e9n es Peter Federico? - Minuto Cero RD\" \/>\n<meta property=\"og:description\" content=\"MADRID.- Peter Federico Carmona Gonz\u00e1lez fue llamado por Carlo Ancelotti para tener su estreno entre los convocados para el partido ante C\u00e1diz de este domingo por LaLiga. Aqu\u00ed puedes conocer m\u00e1s detalles sobre este joven hispano-dominicano. Los\u00a0casos de Coronavirus en Real Madrid\u00a0obligan a\u00a0Carlos Ancelotti\u00a0a tener que recurrir a los j\u00f3venes que vienen de atr\u00e1s. Y [&hellip;]\" \/>\n<meta property=\"og:url\" content=\"http:\/\/minutocerord.com\/?p=7475\" \/>\n<meta property=\"og:site_name\" content=\"Minuto Cero RD\" \/>\n<meta property=\"article:publisher\" content=\"https:\/\/www.facebook.com\/Genofnotes\" \/>\n<meta property=\"article:author\" content=\"https:\/\/www.facebook.com\/Genofnotes\" \/>\n<meta property=\"article:published_time\" content=\"2022-01-16T06:07:43+00:00\" \/>\n<meta property=\"article:modified_time\" content=\"2022-01-16T06:18:37+00:00\" \/>\n<meta property=\"og:image\" content=\"https:\/\/i0.wp.com\/minutocerord.com\/wp-content\/uploads\/2022\/01\/whatsapp-image-2021-12-23-at-95530-am-1024x615-1.jpeg?fit=1024%2C615\" \/>\n\t<meta property=\"og:image:width\" content=\"1024\" \/>\n\t<meta property=\"og:image:height\" content=\"615\" \/>\n\t<meta property=\"og:image:type\" content=\"image\/jpeg\" \/>\n<meta name=\"author\" content=\"Genof\u00f3ntes Urb\u00e1ez\" \/>\n<meta name=\"twitter:card\" content=\"summary_large_image\" \/>\n<meta name=\"twitter:label1\" content=\"Written by\" \/>\n\t<meta name=\"twitter:data1\" content=\"Genof\u00f3ntes Urb\u00e1ez\" \/>\n\t<meta name=\"twitter:label2\" content=\"Est. reading time\" \/>\n\t<meta name=\"twitter:data2\" content=\"2 minutos\" \/>\n<script type=\"application\/ld+json\" class=\"yoast-schema-graph\">{\"@context\":\"https:\\\/\\\/schema.org\",\"@graph\":[{\"@type\":\"Article\",\"@id\":\"http:\\\/\\\/minutocerord.com\\\/?p=7475#article\",\"isPartOf\":{\"@id\":\"http:\\\/\\\/minutocerord.com\\\/?p=7475\"},\"author\":{\"name\":\"Genof\u00f3ntes Urb\u00e1ez\",\"@id\":\"https:\\\/\\\/minutocerord.com\\\/#\\\/schema\\\/person\\\/60b5372d60aaa0a5171fb6488be9aee6\"},\"headline\":\"\u00bfQui\u00e9n es Peter Federico?\",\"datePublished\":\"2022-01-16T06:07:43+00:00\",\"dateModified\":\"2022-01-16T06:18:37+00:00\",\"mainEntityOfPage\":{\"@id\":\"http:\\\/\\\/minutocerord.com\\\/?p=7475\"},\"wordCount\":391,\"commentCount\":0,\"publisher\":{\"@id\":\"https:\\\/\\\/minutocerord.com\\\/#\\\/schema\\\/person\\\/60b5372d60aaa0a5171fb6488be9aee6\"},\"image\":{\"@id\":\"http:\\\/\\\/minutocerord.com\\\/?p=7475#primaryimage\"},\"thumbnailUrl\":\"https:\\\/\\\/i0.wp.com\\\/minutocerord.com\\\/wp-content\\\/uploads\\\/2022\\\/01\\\/whatsapp-image-2021-12-23-at-95530-am-1024x615-1.jpeg?fit=1024%2C615&ssl=1\",\"articleSection\":[\"Deportes\"],\"inLanguage\":\"es-DO\",\"potentialAction\":[{\"@type\":\"CommentAction\",\"name\":\"Comment\",\"target\":[\"http:\\\/\\\/minutocerord.com\\\/?p=7475#respond\"]}]},{\"@type\":\"WebPage\",\"@id\":\"http:\\\/\\\/minutocerord.com\\\/?p=7475\",\"url\":\"http:\\\/\\\/minutocerord.com\\\/?p=7475\",\"name\":\"\u00bfQui\u00e9n es Peter Federico? - Minuto Cero RD\",\"isPartOf\":{\"@id\":\"https:\\\/\\\/minutocerord.com\\\/#website\"},\"primaryImageOfPage\":{\"@id\":\"http:\\\/\\\/minutocerord.com\\\/?p=7475#primaryimage\"},\"image\":{\"@id\":\"http:\\\/\\\/minutocerord.com\\\/?p=7475#primaryimage\"},\"thumbnailUrl\":\"https:\\\/\\\/i0.wp.com\\\/minutocerord.com\\\/wp-content\\\/uploads\\\/2022\\\/01\\\/whatsapp-image-2021-12-23-at-95530-am-1024x615-1.jpeg?fit=1024%2C615&ssl=1\",\"datePublished\":\"2022-01-16T06:07:43+00:00\",\"dateModified\":\"2022-01-16T06:18:37+00:00\",\"breadcrumb\":{\"@id\":\"http:\\\/\\\/minutocerord.com\\\/?p=7475#breadcrumb\"},\"inLanguage\":\"es-DO\",\"potentialAction\":[{\"@type\":\"ReadAction\",\"target\":[\"http:\\\/\\\/minutocerord.com\\\/?p=7475\"]}]},{\"@type\":\"ImageObject\",\"inLanguage\":\"es-DO\",\"@id\":\"http:\\\/\\\/minutocerord.com\\\/?p=7475#primaryimage\",\"url\":\"https:\\\/\\\/i0.wp.com\\\/minutocerord.com\\\/wp-content\\\/uploads\\\/2022\\\/01\\\/whatsapp-image-2021-12-23-at-95530-am-1024x615-1.jpeg?fit=1024%2C615&ssl=1\",\"contentUrl\":\"https:\\\/\\\/i0.wp.com\\\/minutocerord.com\\\/wp-content\\\/uploads\\\/2022\\\/01\\\/whatsapp-image-2021-12-23-at-95530-am-1024x615-1.jpeg?fit=1024%2C615&ssl=1\",\"width\":1024,\"height\":615},{\"@type\":\"BreadcrumbList\",\"@id\":\"http:\\\/\\\/minutocerord.com\\\/?p=7475#breadcrumb\",\"itemListElement\":[{\"@type\":\"ListItem\",\"position\":1,\"name\":\"Home\",\"item\":\"https:\\\/\\\/minutocerord.com\\\/\"},{\"@type\":\"ListItem\",\"position\":2,\"name\":\"\u00bfQui\u00e9n es Peter Federico?\"}]},{\"@type\":\"WebSite\",\"@id\":\"https:\\\/\\\/minutocerord.com\\\/#website\",\"url\":\"https:\\\/\\\/minutocerord.com\\\/\",\"name\":\"Minuto Cero RD\",\"description\":\"Periodismo serio y veraz\",\"publisher\":{\"@id\":\"https:\\\/\\\/minutocerord.com\\\/#\\\/schema\\\/person\\\/60b5372d60aaa0a5171fb6488be9aee6\"},\"potentialAction\":[{\"@type\":\"SearchAction\",\"target\":{\"@type\":\"EntryPoint\",\"urlTemplate\":\"https:\\\/\\\/minutocerord.com\\\/?s={search_term_string}\"},\"query-input\":{\"@type\":\"PropertyValueSpecification\",\"valueRequired\":true,\"valueName\":\"search_term_string\"}}],\"inLanguage\":\"es-DO\"},{\"@type\":[\"Person\",\"Organization\"],\"@id\":\"https:\\\/\\\/minutocerord.com\\\/#\\\/schema\\\/person\\\/60b5372d60aaa0a5171fb6488be9aee6\",\"name\":\"Genof\u00f3ntes Urb\u00e1ez\",\"image\":{\"@type\":\"ImageObject\",\"inLanguage\":\"es-DO\",\"@id\":\"https:\\\/\\\/secure.gravatar.com\\\/avatar\\\/a49ef3186a692098ac3e8a1612261e3ad70cf9e44553dff2929e67939a0ecb9d?s=96&d=identicon&r=g\",\"url\":\"https:\\\/\\\/secure.gravatar.com\\\/avatar\\\/a49ef3186a692098ac3e8a1612261e3ad70cf9e44553dff2929e67939a0ecb9d?s=96&d=identicon&r=g\",\"contentUrl\":\"https:\\\/\\\/secure.gravatar.com\\\/avatar\\\/a49ef3186a692098ac3e8a1612261e3ad70cf9e44553dff2929e67939a0ecb9d?s=96&d=identicon&r=g\",\"caption\":\"Genof\u00f3ntes Urb\u00e1ez\"},\"logo\":{\"@id\":\"https:\\\/\\\/secure.gravatar.com\\\/avatar\\\/a49ef3186a692098ac3e8a1612261e3ad70cf9e44553dff2929e67939a0ecb9d?s=96&d=identicon&r=g\"},\"description\":\"Periodista \\\/ Locutor\",\"sameAs\":[\"https:\\\/\\\/www.facebook.com\\\/Genofnotes\",\"https:\\\/\\\/www.instagram.com\\\/genofnotes\\\/\"]}]}<\/script>\n<!-- \/ Yoast SEO plugin. -->","yoast_head_json":{"title":"\u00bfQui\u00e9n es Peter Federico? - Minuto Cero RD","robots":{"index":"index","follow":"follow","max-snippet":"max-snippet:-1","max-image-preview":"max-image-preview:large","max-video-preview":"max-video-preview:-1"},"canonical":"http:\/\/minutocerord.com\/?p=7475","og_locale":"es_ES","og_type":"article","og_title":"\u00bfQui\u00e9n es Peter Federico? - Minuto Cero RD","og_description":"MADRID.- Peter Federico Carmona Gonz\u00e1lez fue llamado por Carlo Ancelotti para tener su estreno entre los convocados para el partido ante C\u00e1diz de este domingo por LaLiga. Aqu\u00ed puedes conocer m\u00e1s detalles sobre este joven hispano-dominicano. Los\u00a0casos de Coronavirus en Real Madrid\u00a0obligan a\u00a0Carlos Ancelotti\u00a0a tener que recurrir a los j\u00f3venes que vienen de atr\u00e1s. Y [&hellip;]","og_url":"http:\/\/minutocerord.com\/?p=7475","og_site_name":"Minuto Cero RD","article_publisher":"https:\/\/www.facebook.com\/Genofnotes","article_author":"https:\/\/www.facebook.com\/Genofnotes","article_published_time":"2022-01-16T06:07:43+00:00","article_modified_time":"2022-01-16T06:18:37+00:00","og_image":[{"width":1024,"height":615,"url":"https:\/\/i0.wp.com\/minutocerord.com\/wp-content\/uploads\/2022\/01\/whatsapp-image-2021-12-23-at-95530-am-1024x615-1.jpeg?fit=1024%2C615","type":"image\/jpeg"}],"author":"Genof\u00f3ntes Urb\u00e1ez","twitter_card":"summary_large_image","twitter_misc":{"Written by":"Genof\u00f3ntes Urb\u00e1ez","Est. reading time":"2 minutos"},"schema":{"@context":"https:\/\/schema.org","@graph":[{"@type":"Article","@id":"http:\/\/minutocerord.com\/?p=7475#article","isPartOf":{"@id":"http:\/\/minutocerord.com\/?p=7475"},"author":{"name":"Genof\u00f3ntes Urb\u00e1ez","@id":"https:\/\/minutocerord.com\/#\/schema\/person\/60b5372d60aaa0a5171fb6488be9aee6"},"headline":"\u00bfQui\u00e9n es Peter Federico?","datePublished":"2022-01-16T06:07:43+00:00","dateModified":"2022-01-16T06:18:37+00:00","mainEntityOfPage":{"@id":"http:\/\/minutocerord.com\/?p=7475"},"wordCount":391,"commentCount":0,"publisher":{"@id":"https:\/\/minutocerord.com\/#\/schema\/person\/60b5372d60aaa0a5171fb6488be9aee6"},"image":{"@id":"http:\/\/minutocerord.com\/?p=7475#primaryimage"},"thumbnailUrl":"https:\/\/i0.wp.com\/minutocerord.com\/wp-content\/uploads\/2022\/01\/whatsapp-image-2021-12-23-at-95530-am-1024x615-1.jpeg?fit=1024%2C615&ssl=1","articleSection":["Deportes"],"inLanguage":"es-DO","potentialAction":[{"@type":"CommentAction","name":"Comment","target":["http:\/\/minutocerord.com\/?p=7475#respond"]}]},{"@type":"WebPage","@id":"http:\/\/minutocerord.com\/?p=7475","url":"http:\/\/minutocerord.com\/?p=7475","name":"\u00bfQui\u00e9n es Peter Federico? - Minuto Cero RD","isPartOf":{"@id":"https:\/\/minutocerord.com\/#website"},"primaryImageOfPage":{"@id":"http:\/\/minutocerord.com\/?p=7475#primaryimage"},"image":{"@id":"http:\/\/minutocerord.com\/?p=7475#primaryimage"},"thumbnailUrl":"https:\/\/i0.wp.com\/minutocerord.com\/wp-content\/uploads\/2022\/01\/whatsapp-image-2021-12-23-at-95530-am-1024x615-1.jpeg?fit=1024%2C615&ssl=1","datePublished":"2022-01-16T06:07:43+00:00","dateModified":"2022-01-16T06:18:37+00:00","breadcrumb":{"@id":"http:\/\/minutocerord.com\/?p=7475#breadcrumb"},"inLanguage":"es-DO","potentialAction":[{"@type":"ReadAction","target":["http:\/\/minutocerord.com\/?p=7475"]}]},{"@type":"ImageObject","inLanguage":"es-DO","@id":"http:\/\/minutocerord.com\/?p=7475#primaryimage","url":"https:\/\/i0.wp.com\/minutocerord.com\/wp-content\/uploads\/2022\/01\/whatsapp-image-2021-12-23-at-95530-am-1024x615-1.jpeg?fit=1024%2C615&ssl=1","contentUrl":"https:\/\/i0.wp.com\/minutocerord.com\/wp-content\/uploads\/2022\/01\/whatsapp-image-2021-12-23-at-95530-am-1024x615-1.jpeg?fit=1024%2C615&ssl=1","width":1024,"height":615},{"@type":"BreadcrumbList","@id":"http:\/\/minutocerord.com\/?p=7475#breadcrumb","itemListElement":[{"@type":"ListItem","position":1,"name":"Home","item":"https:\/\/minutocerord.com\/"},{"@type":"ListItem","position":2,"name":"\u00bfQui\u00e9n es Peter Federico?"}]},{"@type":"WebSite","@id":"https:\/\/minutocerord.com\/#website","url":"https:\/\/minutocerord.com\/","name":"Minuto Cero RD","description":"Periodismo serio y veraz","publisher":{"@id":"https:\/\/minutocerord.com\/#\/schema\/person\/60b5372d60aaa0a5171fb6488be9aee6"},"potentialAction":[{"@type":"SearchAction","target":{"@type":"EntryPoint","urlTemplate":"https:\/\/minutocerord.com\/?s={search_term_string}"},"query-input":{"@type":"PropertyValueSpecification","valueRequired":true,"valueName":"search_term_string"}}],"inLanguage":"es-DO"},{"@type":["Person","Organization"],"@id":"https:\/\/minutocerord.com\/#\/schema\/person\/60b5372d60aaa0a5171fb6488be9aee6","name":"Genof\u00f3ntes Urb\u00e1ez","image":{"@type":"ImageObject","inLanguage":"es-DO","@id":"https:\/\/secure.gravatar.com\/avatar\/a49ef3186a692098ac3e8a1612261e3ad70cf9e44553dff2929e67939a0ecb9d?s=96&d=identicon&r=g","url":"https:\/\/secure.gravatar.com\/avatar\/a49ef3186a692098ac3e8a1612261e3ad70cf9e44553dff2929e67939a0ecb9d?s=96&d=identicon&r=g","contentUrl":"https:\/\/secure.gravatar.com\/avatar\/a49ef3186a692098ac3e8a1612261e3ad70cf9e44553dff2929e67939a0ecb9d?s=96&d=identicon&r=g","caption":"Genof\u00f3ntes Urb\u00e1ez"},"logo":{"@id":"https:\/\/secure.gravatar.com\/avatar\/a49ef3186a692098ac3e8a1612261e3ad70cf9e44553dff2929e67939a0ecb9d?s=96&d=identicon&r=g"},"description":"Periodista \/ Locutor","sameAs":["https:\/\/www.facebook.com\/Genofnotes","https:\/\/www.instagram.com\/genofnotes\/"]}]}},"jetpack_publicize_connections":[],"jetpack_featured_media_url":"https:\/\/i0.wp.com\/minutocerord.com\/wp-content\/uploads\/2022\/01\/whatsapp-image-2021-12-23-at-95530-am-1024x615-1.jpeg?fit=1024%2C615&ssl=1","jetpack-related-posts":[],"jetpack_sharing_enabled":true,"_links":{"self":[{"href":"https:\/\/minutocerord.com\/index.php?rest_route=\/wp\/v2\/posts\/7475","targetHints":{"allow":["GET"]}}],"collection":[{"href":"https:\/\/minutocerord.com\/index.php?rest_route=\/wp\/v2\/posts"}],"about":[{"href":"https:\/\/minutocerord.com\/index.php?rest_route=\/wp\/v2\/types\/post"}],"author":[{"embeddable":true,"href":"https:\/\/minutocerord.com\/index.php?rest_route=\/wp\/v2\/users\/1"}],"replies":[{"embeddable":true,"href":"https:\/\/minutocerord.com\/index.php?rest_route=%2Fwp%2Fv2%2Fcomments&post=7475"}],"version-history":[{"count":2,"href":"https:\/\/minutocerord.com\/index.php?rest_route=\/wp\/v2\/posts\/7475\/revisions"}],"predecessor-version":[{"id":7479,"href":"https:\/\/minutocerord.com\/index.php?rest_route=\/wp\/v2\/posts\/7475\/revisions\/7479"}],"wp:featuredmedia":[{"embeddable":true,"href":"https:\/\/minutocerord.com\/index.php?rest_route=\/wp\/v2\/media\/7476"}],"wp:attachment":[{"href":"https:\/\/minutocerord.com\/index.php?rest_route=%2Fwp%2Fv2%2Fmedia&parent=7475"}],"wp:term":[{"taxonomy":"category","embeddable":true,"href":"https:\/\/minutocerord.com\/index.php?rest_route=%2Fwp%2Fv2%2Fcategories&post=7475"},{"taxonomy":"post_tag","embeddable":true,"href":"https:\/\/minutocerord.com\/index.php?rest_route=%2Fwp%2Fv2%2Ftags&post=7475"}],"curies":[{"name":"wp","href":"https:\/\/api.w.org\/{rel}","templated":true}]}}