{"id":7489,"date":"2022-01-18T19:38:19","date_gmt":"2022-01-18T23:38:19","guid":{"rendered":"https:\/\/minutocerord.com\/?p=7489"},"modified":"2022-01-18T19:38:22","modified_gmt":"2022-01-18T23:38:22","slug":"candidato-a-gobierno-interino-de-haiti-denuncia-intimidacion","status":"publish","type":"post","link":"https:\/\/minutocerord.com\/?p=7489","title":{"rendered":"Candidato a Gobierno interino de Hait\u00ed denuncia intimidaci\u00f3n"},"content":{"rendered":"\n<p><strong>Puerto Pr\u00edncipe.-\u00a0<\/strong> El economista Fritz Alphonse Jean asegur\u00f3 hoy que es objeto de una campa\u00f1a de intimidaci\u00f3n, tras las cr\u00edticas por la presencia de hombres armados durante la presentaci\u00f3n de su candidatura a presidente provisional.<\/p>\n\n\n\n<p>En un comunicado firmado por el tambi\u00e9n exgobernador del Banco Central, denunci\u00f3 la burda \u00abmaquinaci\u00f3n pol\u00edtica\u00bb y el deseo de obstaculizar la marcha del pueblo haitiano, en su b\u00fasqueda de la libertad, asegur\u00f3.<\/p>\n\n\n\n<p>La v\u00edspera Jean present\u00f3 los documentos correspondientes para postularse al cargo de presidente provisional como parte del Acuerdo Montana, firmado por cientos de organizaciones sociopol\u00edticas.<\/p>\n\n\n\n<p>Decenas de personas acompa\u00f1aron al tambi\u00e9n pol\u00edtico, entre ellos hombres fuertemente armados, lo que motiv\u00f3 numerosas cr\u00edticas.<\/p>\n\n\n\n<p>En una declaraci\u00f3n la Oficina de Seguimiento del Acuerdo Montana deplor\u00f3 la presencia de armas junto al candidato y pidi\u00f3 retirar su postulaci\u00f3n, mientras subray\u00f3 que el gobierno interino debe ofrecer paz y confianza a la poblaci\u00f3n.<\/p>\n\n\n\n<p>Jean sostuvo que los hombres armados formaban parte del cuerpo policial, y velaban por su seguridad y la de los simpatizantes, al tiempo que llam\u00f3 a la poblaci\u00f3n a la calma y la vigilancia, y asegur\u00f3 que su postulaci\u00f3n asusta a los gobernantes y a otros candidatos.<\/p>\n\n\n\n<p>Por su parte, Edmonde Supplice, presidenta del partido Fusi\u00f3n de los Socialdem\u00f3cratas cuestion\u00f3 la presencia de armas de guerra junto a quien aspira al mayor puesto del pa\u00eds, y pidi\u00f3 la intervenci\u00f3n de la Polic\u00eda y la justicia.<\/p>\n\n\n\n<p>Poco despu\u00e9s el comisionado de Gobierno de Puerto Pr\u00edncipe pidi\u00f3 a la Direcci\u00f3n Central de la Polic\u00eda Judicial buscar y detener a todos los individuos que portaban armas de guerra en compa\u00f1\u00eda de Fritz Alphonse Jean.<\/p>\n","protected":false},"excerpt":{"rendered":"<p>Puerto Pr\u00edncipe.-\u00a0 El economista Fritz Alphonse Jean asegur\u00f3 hoy que es objeto de una campa\u00f1a de intimidaci\u00f3n, tras las cr\u00edticas por la presencia de hombres armados durante la presentaci\u00f3n de su candidatura a presidente provisional. En un comunicado firmado por el tambi\u00e9n exgobernador del Banco Central, denunci\u00f3 la burda \u00abmaquinaci\u00f3n pol\u00edtica\u00bb y el deseo de [&hellip;]<\/p>\n","protected":false},"author":1,"featured_media":7490,"comment_status":"open","ping_status":"open","sticky":false,"template":"","format":"standard","meta":{"nf_dc_page":"","jetpack_post_was_ever_published":false,"_jetpack_newsletter_access":"","_jetpack_dont_email_post_to_subs":false,"_jetpack_newsletter_tier_id":0,"_jetpack_memberships_contains_paywalled_content":false,"_jetpack_memberships_contains_paid_content":false,"footnotes":"","jetpack_publicize_message":"","jetpack_publicize_feature_enabled":true,"jetpack_social_post_already_shared":false,"jetpack_social_options":{"image_generator_settings":{"template":"highway","default_image_id":0,"font":"","enabled":false},"version":2}},"categories":[75],"tags":[],"class_list":["post-7489","post","type-post","status-publish","format-standard","has-post-thumbnail","hentry","category-haiti"],"yoast_head":"<!-- This site is optimized with the Yoast SEO plugin v27.4 - https:\/\/yoast.com\/product\/yoast-seo-wordpress\/ -->\n<title>Candidato a Gobierno interino de Hait\u00ed denuncia intimidaci\u00f3n - Minuto Cero RD<\/title>\n<meta name=\"robots\" content=\"index, follow, max-snippet:-1, max-image-preview:large, max-video-preview:-1\" \/>\n<link rel=\"canonical\" href=\"http:\/\/minutocerord.com\/?p=7489\" \/>\n<meta property=\"og:locale\" content=\"es_ES\" \/>\n<meta property=\"og:type\" content=\"article\" \/>\n<meta property=\"og:title\" content=\"Candidato a Gobierno interino de Hait\u00ed denuncia intimidaci\u00f3n - Minuto Cero RD\" \/>\n<meta property=\"og:description\" content=\"Puerto Pr\u00edncipe.-\u00a0 El economista Fritz Alphonse Jean asegur\u00f3 hoy que es objeto de una campa\u00f1a de intimidaci\u00f3n, tras las cr\u00edticas por la presencia de hombres armados durante la presentaci\u00f3n de su candidatura a presidente provisional. En un comunicado firmado por el tambi\u00e9n exgobernador del Banco Central, denunci\u00f3 la burda \u00abmaquinaci\u00f3n pol\u00edtica\u00bb y el deseo de [&hellip;]\" \/>\n<meta property=\"og:url\" content=\"http:\/\/minutocerord.com\/?p=7489\" \/>\n<meta property=\"og:site_name\" content=\"Minuto Cero RD\" \/>\n<meta property=\"article:publisher\" content=\"https:\/\/www.facebook.com\/Genofnotes\" \/>\n<meta property=\"article:author\" content=\"https:\/\/www.facebook.com\/Genofnotes\" \/>\n<meta property=\"article:published_time\" content=\"2022-01-18T23:38:19+00:00\" \/>\n<meta property=\"article:modified_time\" content=\"2022-01-18T23:38:22+00:00\" \/>\n<meta property=\"og:image\" content=\"https:\/\/i0.wp.com\/minutocerord.com\/wp-content\/uploads\/2022\/01\/Fritz-Alphonse-Jean..jpg?fit=563%2C381\" \/>\n\t<meta property=\"og:image:width\" content=\"563\" \/>\n\t<meta property=\"og:image:height\" content=\"381\" \/>\n\t<meta property=\"og:image:type\" content=\"image\/jpeg\" \/>\n<meta name=\"author\" content=\"Genof\u00f3ntes Urb\u00e1ez\" \/>\n<meta name=\"twitter:card\" content=\"summary_large_image\" \/>\n<meta name=\"twitter:label1\" content=\"Written by\" \/>\n\t<meta name=\"twitter:data1\" content=\"Genof\u00f3ntes Urb\u00e1ez\" \/>\n\t<meta name=\"twitter:label2\" content=\"Est. reading time\" \/>\n\t<meta name=\"twitter:data2\" content=\"2 minutos\" \/>\n<script type=\"application\/ld+json\" class=\"yoast-schema-graph\">{\"@context\":\"https:\\\/\\\/schema.org\",\"@graph\":[{\"@type\":\"Article\",\"@id\":\"http:\\\/\\\/minutocerord.com\\\/?p=7489#article\",\"isPartOf\":{\"@id\":\"http:\\\/\\\/minutocerord.com\\\/?p=7489\"},\"author\":{\"name\":\"Genof\u00f3ntes Urb\u00e1ez\",\"@id\":\"https:\\\/\\\/minutocerord.com\\\/#\\\/schema\\\/person\\\/60b5372d60aaa0a5171fb6488be9aee6\"},\"headline\":\"Candidato a Gobierno interino de Hait\u00ed denuncia intimidaci\u00f3n\",\"datePublished\":\"2022-01-18T23:38:19+00:00\",\"dateModified\":\"2022-01-18T23:38:22+00:00\",\"mainEntityOfPage\":{\"@id\":\"http:\\\/\\\/minutocerord.com\\\/?p=7489\"},\"wordCount\":308,\"commentCount\":0,\"publisher\":{\"@id\":\"https:\\\/\\\/minutocerord.com\\\/#\\\/schema\\\/person\\\/60b5372d60aaa0a5171fb6488be9aee6\"},\"image\":{\"@id\":\"http:\\\/\\\/minutocerord.com\\\/?p=7489#primaryimage\"},\"thumbnailUrl\":\"https:\\\/\\\/i0.wp.com\\\/minutocerord.com\\\/wp-content\\\/uploads\\\/2022\\\/01\\\/Fritz-Alphonse-Jean..jpg?fit=563%2C381&ssl=1\",\"articleSection\":[\"Hait\u00ed\"],\"inLanguage\":\"es-DO\",\"potentialAction\":[{\"@type\":\"CommentAction\",\"name\":\"Comment\",\"target\":[\"http:\\\/\\\/minutocerord.com\\\/?p=7489#respond\"]}]},{\"@type\":\"WebPage\",\"@id\":\"http:\\\/\\\/minutocerord.com\\\/?p=7489\",\"url\":\"http:\\\/\\\/minutocerord.com\\\/?p=7489\",\"name\":\"Candidato a Gobierno interino de Hait\u00ed denuncia intimidaci\u00f3n - Minuto Cero RD\",\"isPartOf\":{\"@id\":\"https:\\\/\\\/minutocerord.com\\\/#website\"},\"primaryImageOfPage\":{\"@id\":\"http:\\\/\\\/minutocerord.com\\\/?p=7489#primaryimage\"},\"image\":{\"@id\":\"http:\\\/\\\/minutocerord.com\\\/?p=7489#primaryimage\"},\"thumbnailUrl\":\"https:\\\/\\\/i0.wp.com\\\/minutocerord.com\\\/wp-content\\\/uploads\\\/2022\\\/01\\\/Fritz-Alphonse-Jean..jpg?fit=563%2C381&ssl=1\",\"datePublished\":\"2022-01-18T23:38:19+00:00\",\"dateModified\":\"2022-01-18T23:38:22+00:00\",\"breadcrumb\":{\"@id\":\"http:\\\/\\\/minutocerord.com\\\/?p=7489#breadcrumb\"},\"inLanguage\":\"es-DO\",\"potentialAction\":[{\"@type\":\"ReadAction\",\"target\":[\"http:\\\/\\\/minutocerord.com\\\/?p=7489\"]}]},{\"@type\":\"ImageObject\",\"inLanguage\":\"es-DO\",\"@id\":\"http:\\\/\\\/minutocerord.com\\\/?p=7489#primaryimage\",\"url\":\"https:\\\/\\\/i0.wp.com\\\/minutocerord.com\\\/wp-content\\\/uploads\\\/2022\\\/01\\\/Fritz-Alphonse-Jean..jpg?fit=563%2C381&ssl=1\",\"contentUrl\":\"https:\\\/\\\/i0.wp.com\\\/minutocerord.com\\\/wp-content\\\/uploads\\\/2022\\\/01\\\/Fritz-Alphonse-Jean..jpg?fit=563%2C381&ssl=1\",\"width\":563,\"height\":381},{\"@type\":\"BreadcrumbList\",\"@id\":\"http:\\\/\\\/minutocerord.com\\\/?p=7489#breadcrumb\",\"itemListElement\":[{\"@type\":\"ListItem\",\"position\":1,\"name\":\"Home\",\"item\":\"https:\\\/\\\/minutocerord.com\\\/\"},{\"@type\":\"ListItem\",\"position\":2,\"name\":\"Candidato a Gobierno interino de Hait\u00ed denuncia intimidaci\u00f3n\"}]},{\"@type\":\"WebSite\",\"@id\":\"https:\\\/\\\/minutocerord.com\\\/#website\",\"url\":\"https:\\\/\\\/minutocerord.com\\\/\",\"name\":\"Minuto Cero RD\",\"description\":\"Periodismo serio y veraz\",\"publisher\":{\"@id\":\"https:\\\/\\\/minutocerord.com\\\/#\\\/schema\\\/person\\\/60b5372d60aaa0a5171fb6488be9aee6\"},\"potentialAction\":[{\"@type\":\"SearchAction\",\"target\":{\"@type\":\"EntryPoint\",\"urlTemplate\":\"https:\\\/\\\/minutocerord.com\\\/?s={search_term_string}\"},\"query-input\":{\"@type\":\"PropertyValueSpecification\",\"valueRequired\":true,\"valueName\":\"search_term_string\"}}],\"inLanguage\":\"es-DO\"},{\"@type\":[\"Person\",\"Organization\"],\"@id\":\"https:\\\/\\\/minutocerord.com\\\/#\\\/schema\\\/person\\\/60b5372d60aaa0a5171fb6488be9aee6\",\"name\":\"Genof\u00f3ntes Urb\u00e1ez\",\"image\":{\"@type\":\"ImageObject\",\"inLanguage\":\"es-DO\",\"@id\":\"https:\\\/\\\/secure.gravatar.com\\\/avatar\\\/a49ef3186a692098ac3e8a1612261e3ad70cf9e44553dff2929e67939a0ecb9d?s=96&d=identicon&r=g\",\"url\":\"https:\\\/\\\/secure.gravatar.com\\\/avatar\\\/a49ef3186a692098ac3e8a1612261e3ad70cf9e44553dff2929e67939a0ecb9d?s=96&d=identicon&r=g\",\"contentUrl\":\"https:\\\/\\\/secure.gravatar.com\\\/avatar\\\/a49ef3186a692098ac3e8a1612261e3ad70cf9e44553dff2929e67939a0ecb9d?s=96&d=identicon&r=g\",\"caption\":\"Genof\u00f3ntes Urb\u00e1ez\"},\"logo\":{\"@id\":\"https:\\\/\\\/secure.gravatar.com\\\/avatar\\\/a49ef3186a692098ac3e8a1612261e3ad70cf9e44553dff2929e67939a0ecb9d?s=96&d=identicon&r=g\"},\"description\":\"Periodista \\\/ Locutor\",\"sameAs\":[\"https:\\\/\\\/www.facebook.com\\\/Genofnotes\",\"https:\\\/\\\/www.instagram.com\\\/genofnotes\\\/\"]}]}<\/script>\n<!-- \/ Yoast SEO plugin. -->","yoast_head_json":{"title":"Candidato a Gobierno interino de Hait\u00ed denuncia intimidaci\u00f3n - Minuto Cero RD","robots":{"index":"index","follow":"follow","max-snippet":"max-snippet:-1","max-image-preview":"max-image-preview:large","max-video-preview":"max-video-preview:-1"},"canonical":"http:\/\/minutocerord.com\/?p=7489","og_locale":"es_ES","og_type":"article","og_title":"Candidato a Gobierno interino de Hait\u00ed denuncia intimidaci\u00f3n - Minuto Cero RD","og_description":"Puerto Pr\u00edncipe.-\u00a0 El economista Fritz Alphonse Jean asegur\u00f3 hoy que es objeto de una campa\u00f1a de intimidaci\u00f3n, tras las cr\u00edticas por la presencia de hombres armados durante la presentaci\u00f3n de su candidatura a presidente provisional. En un comunicado firmado por el tambi\u00e9n exgobernador del Banco Central, denunci\u00f3 la burda \u00abmaquinaci\u00f3n pol\u00edtica\u00bb y el deseo de [&hellip;]","og_url":"http:\/\/minutocerord.com\/?p=7489","og_site_name":"Minuto Cero RD","article_publisher":"https:\/\/www.facebook.com\/Genofnotes","article_author":"https:\/\/www.facebook.com\/Genofnotes","article_published_time":"2022-01-18T23:38:19+00:00","article_modified_time":"2022-01-18T23:38:22+00:00","og_image":[{"width":563,"height":381,"url":"https:\/\/i0.wp.com\/minutocerord.com\/wp-content\/uploads\/2022\/01\/Fritz-Alphonse-Jean..jpg?fit=563%2C381","type":"image\/jpeg"}],"author":"Genof\u00f3ntes Urb\u00e1ez","twitter_card":"summary_large_image","twitter_misc":{"Written by":"Genof\u00f3ntes Urb\u00e1ez","Est. reading time":"2 minutos"},"schema":{"@context":"https:\/\/schema.org","@graph":[{"@type":"Article","@id":"http:\/\/minutocerord.com\/?p=7489#article","isPartOf":{"@id":"http:\/\/minutocerord.com\/?p=7489"},"author":{"name":"Genof\u00f3ntes Urb\u00e1ez","@id":"https:\/\/minutocerord.com\/#\/schema\/person\/60b5372d60aaa0a5171fb6488be9aee6"},"headline":"Candidato a Gobierno interino de Hait\u00ed denuncia intimidaci\u00f3n","datePublished":"2022-01-18T23:38:19+00:00","dateModified":"2022-01-18T23:38:22+00:00","mainEntityOfPage":{"@id":"http:\/\/minutocerord.com\/?p=7489"},"wordCount":308,"commentCount":0,"publisher":{"@id":"https:\/\/minutocerord.com\/#\/schema\/person\/60b5372d60aaa0a5171fb6488be9aee6"},"image":{"@id":"http:\/\/minutocerord.com\/?p=7489#primaryimage"},"thumbnailUrl":"https:\/\/i0.wp.com\/minutocerord.com\/wp-content\/uploads\/2022\/01\/Fritz-Alphonse-Jean..jpg?fit=563%2C381&ssl=1","articleSection":["Hait\u00ed"],"inLanguage":"es-DO","potentialAction":[{"@type":"CommentAction","name":"Comment","target":["http:\/\/minutocerord.com\/?p=7489#respond"]}]},{"@type":"WebPage","@id":"http:\/\/minutocerord.com\/?p=7489","url":"http:\/\/minutocerord.com\/?p=7489","name":"Candidato a Gobierno interino de Hait\u00ed denuncia intimidaci\u00f3n - Minuto Cero RD","isPartOf":{"@id":"https:\/\/minutocerord.com\/#website"},"primaryImageOfPage":{"@id":"http:\/\/minutocerord.com\/?p=7489#primaryimage"},"image":{"@id":"http:\/\/minutocerord.com\/?p=7489#primaryimage"},"thumbnailUrl":"https:\/\/i0.wp.com\/minutocerord.com\/wp-content\/uploads\/2022\/01\/Fritz-Alphonse-Jean..jpg?fit=563%2C381&ssl=1","datePublished":"2022-01-18T23:38:19+00:00","dateModified":"2022-01-18T23:38:22+00:00","breadcrumb":{"@id":"http:\/\/minutocerord.com\/?p=7489#breadcrumb"},"inLanguage":"es-DO","potentialAction":[{"@type":"ReadAction","target":["http:\/\/minutocerord.com\/?p=7489"]}]},{"@type":"ImageObject","inLanguage":"es-DO","@id":"http:\/\/minutocerord.com\/?p=7489#primaryimage","url":"https:\/\/i0.wp.com\/minutocerord.com\/wp-content\/uploads\/2022\/01\/Fritz-Alphonse-Jean..jpg?fit=563%2C381&ssl=1","contentUrl":"https:\/\/i0.wp.com\/minutocerord.com\/wp-content\/uploads\/2022\/01\/Fritz-Alphonse-Jean..jpg?fit=563%2C381&ssl=1","width":563,"height":381},{"@type":"BreadcrumbList","@id":"http:\/\/minutocerord.com\/?p=7489#breadcrumb","itemListElement":[{"@type":"ListItem","position":1,"name":"Home","item":"https:\/\/minutocerord.com\/"},{"@type":"ListItem","position":2,"name":"Candidato a Gobierno interino de Hait\u00ed denuncia intimidaci\u00f3n"}]},{"@type":"WebSite","@id":"https:\/\/minutocerord.com\/#website","url":"https:\/\/minutocerord.com\/","name":"Minuto Cero RD","description":"Periodismo serio y veraz","publisher":{"@id":"https:\/\/minutocerord.com\/#\/schema\/person\/60b5372d60aaa0a5171fb6488be9aee6"},"potentialAction":[{"@type":"SearchAction","target":{"@type":"EntryPoint","urlTemplate":"https:\/\/minutocerord.com\/?s={search_term_string}"},"query-input":{"@type":"PropertyValueSpecification","valueRequired":true,"valueName":"search_term_string"}}],"inLanguage":"es-DO"},{"@type":["Person","Organization"],"@id":"https:\/\/minutocerord.com\/#\/schema\/person\/60b5372d60aaa0a5171fb6488be9aee6","name":"Genof\u00f3ntes Urb\u00e1ez","image":{"@type":"ImageObject","inLanguage":"es-DO","@id":"https:\/\/secure.gravatar.com\/avatar\/a49ef3186a692098ac3e8a1612261e3ad70cf9e44553dff2929e67939a0ecb9d?s=96&d=identicon&r=g","url":"https:\/\/secure.gravatar.com\/avatar\/a49ef3186a692098ac3e8a1612261e3ad70cf9e44553dff2929e67939a0ecb9d?s=96&d=identicon&r=g","contentUrl":"https:\/\/secure.gravatar.com\/avatar\/a49ef3186a692098ac3e8a1612261e3ad70cf9e44553dff2929e67939a0ecb9d?s=96&d=identicon&r=g","caption":"Genof\u00f3ntes Urb\u00e1ez"},"logo":{"@id":"https:\/\/secure.gravatar.com\/avatar\/a49ef3186a692098ac3e8a1612261e3ad70cf9e44553dff2929e67939a0ecb9d?s=96&d=identicon&r=g"},"description":"Periodista \/ Locutor","sameAs":["https:\/\/www.facebook.com\/Genofnotes","https:\/\/www.instagram.com\/genofnotes\/"]}]}},"jetpack_publicize_connections":[],"jetpack_featured_media_url":"https:\/\/i0.wp.com\/minutocerord.com\/wp-content\/uploads\/2022\/01\/Fritz-Alphonse-Jean..jpg?fit=563%2C381&ssl=1","jetpack-related-posts":[],"jetpack_sharing_enabled":true,"_links":{"self":[{"href":"https:\/\/minutocerord.com\/index.php?rest_route=\/wp\/v2\/posts\/7489","targetHints":{"allow":["GET"]}}],"collection":[{"href":"https:\/\/minutocerord.com\/index.php?rest_route=\/wp\/v2\/posts"}],"about":[{"href":"https:\/\/minutocerord.com\/index.php?rest_route=\/wp\/v2\/types\/post"}],"author":[{"embeddable":true,"href":"https:\/\/minutocerord.com\/index.php?rest_route=\/wp\/v2\/users\/1"}],"replies":[{"embeddable":true,"href":"https:\/\/minutocerord.com\/index.php?rest_route=%2Fwp%2Fv2%2Fcomments&post=7489"}],"version-history":[{"count":1,"href":"https:\/\/minutocerord.com\/index.php?rest_route=\/wp\/v2\/posts\/7489\/revisions"}],"predecessor-version":[{"id":7491,"href":"https:\/\/minutocerord.com\/index.php?rest_route=\/wp\/v2\/posts\/7489\/revisions\/7491"}],"wp:featuredmedia":[{"embeddable":true,"href":"https:\/\/minutocerord.com\/index.php?rest_route=\/wp\/v2\/media\/7490"}],"wp:attachment":[{"href":"https:\/\/minutocerord.com\/index.php?rest_route=%2Fwp%2Fv2%2Fmedia&parent=7489"}],"wp:term":[{"taxonomy":"category","embeddable":true,"href":"https:\/\/minutocerord.com\/index.php?rest_route=%2Fwp%2Fv2%2Fcategories&post=7489"},{"taxonomy":"post_tag","embeddable":true,"href":"https:\/\/minutocerord.com\/index.php?rest_route=%2Fwp%2Fv2%2Ftags&post=7489"}],"curies":[{"name":"wp","href":"https:\/\/api.w.org\/{rel}","templated":true}]}}